{"id":90425,"date":"2022-03-07T17:36:42","date_gmt":"2022-03-07T17:36:42","guid":{"rendered":"https:\/\/quehacerpolitico.mx\/?p=90425"},"modified":"2022-03-07T17:36:54","modified_gmt":"2022-03-07T17:36:54","slug":"dobleces-israel-mendoza-perez-la-psicosis-del-poder","status":"publish","type":"post","link":"https:\/\/quehacerpolitico.mx\/?p=90425","title":{"rendered":"Dobleces\/\/\/Israel Mendoza Perez\/\/\/La psicosis del poder"},"content":{"rendered":"\n<p>Por Israel Mendoza Perez<\/p>\n\n\n\n<p>Con una desesperaci\u00f3n inaudita, Morena y su socio el Partido del Trabajo desbordan a sus huestes por conseguir firmas para la revocaci\u00f3n del mandato. La desesperaci\u00f3n lleg\u00f3 a las dirigencias de los partidos al grado de distorsionar revocaci\u00f3n con ratificaci\u00f3n.<\/p>\n\n\n\n<p>Mover la maquinaria electoral para un ejercicio democr\u00e1tico, impulsado por el presidente Andr\u00e9s Manuel L\u00f3pez Obrador es caer en una psicosis y perder de vista el juego natural de la democracia. La consulta para la Revocaci\u00f3n de Mandato es un mecanismo conveniente y existente en la Constituci\u00f3n, pero a\u00fan es susceptible a perfeccionarla y fortalecer los mecanismos para llevarla a cabo y en qu\u00e9 momento se debe aplicar este ejercicio de llamar a una revocaci\u00f3n. Este \u00faltimo punto es el m\u00e1s sensible para mejorar la reglamentaci\u00f3n de este ejercicio de participaci\u00f3n ciudadana.<\/p>\n\n\n\n<p>Alberto Anaya, diputado y dirigente del PT, ya comenz\u00f3 a intensificar y presionar a las redes clientelares orbitantes a su partido. L\u00edderes sociales de calles y barrios \u201cpepenan\u201d por conseguir firmas para un ejercicio innecesario. El bono democr\u00e1tico de 30 millones de votos obtenidos en 2018 evita un riesgo para el proyecto de la cuatrot\u00e9, pero Mario Delgado y Alberto Anaya tienen la consigna de dar n\u00fameros favorables, aunque sean nimios; al tiempo est\u00e1n enredados en dar resultados, a trav\u00e9s de la movilizaci\u00f3n y el clientelismo.<\/p>\n\n\n\n<p>El mal entendido en el que se encuentran los partidos afines a la Cuarta Transformaci\u00f3n aumenta vac\u00edos de informaci\u00f3n y sesga todo debate pol\u00edtico. La tergiversaci\u00f3n de conceptos surge desde el momento en que quienes pidan la revocaci\u00f3n del mandato, entendi\u00e9ndose como remover del puesto a un funcionario, tendr\u00edan que ser los que quisieran quitarlo, en este caso, en esta revocaci\u00f3n son justamente los que no quieren la revocaci\u00f3n los que la piden.<\/p>\n\n\n\n<p>Y es que la figura de participaci\u00f3n ciudadana debe ser mejorada ya que es muy alto el porcentaje de ciudadanos \u2014el 10%\u2014 para iniciar la revocaci\u00f3n. Punto que no se ve complicado alcanzar. Adem\u00e1s, que la consulta sobre revocaci\u00f3n de mandato no procede en cualquier tiempo, sino s\u00f3lo una vez, cuando haya transcurrido la mitad del mandato y resultan excesivos los porcentajes para considerar vinculante al procedimiento de revocaci\u00f3n.<\/p>\n\n\n\n<p>En Am\u00e9rica Latina est\u00e1 prevista la revocaci\u00f3n de mandato a nivel nacional o subnacional en pa\u00edses como Argentina, Colombia, Ecuador, Bolivia, Panam\u00e1, Per\u00fa y Venezuela. En Bolivia, Ecuador y Venezuela se encuentra reconocida tambi\u00e9n para el presidente de la Rep\u00fablica.<\/p>\n\n\n\n<p>Revocar el mandato debe ser aplicado a ciertos funcionarios, incluidos legisladores. Por la malinterpretaci\u00f3n hecha por los dirigentes del partido en el poder de revocaci\u00f3n\/ratificaci\u00f3n se estropea el concepto. Incluso, solo utilizar las leyes para sentar un precedente es jugar con la democracia adem\u00e1s de generar un gasto oneroso. No se deber\u00edan destinarle recursos, este ejercicio no tiene raz\u00f3n de ser, en este caso es un ejercicio que va a ocasionar un dispendio innecesario, no es necesario en esta ocasi\u00f3n, pero para los partidos afines al poder encuentran la oportunidad de mantener a las clientelas cautivas ya que los programas sociales, tambi\u00e9n sustentan el ejercicio revocatorio. Esa es la psicosis en la que se encuentra el partido en el poder.<\/p>\n","protected":false},"excerpt":{"rendered":"<p>Por Israel Mendoza Perez Con una desesperaci\u00f3n inaudita, Morena y su socio el Partido del&#8230;<\/p>\n","protected":false},"author":2,"featured_media":90426,"comment_status":"open","ping_status":"open","sticky":false,"template":"","format":"standard","meta":{"_monsterinsights_skip_tracking":false,"_monsterinsights_sitenote_active":false,"_monsterinsights_sitenote_note":"","_monsterinsights_sitenote_category":0,"footnotes":""},"categories":[2],"tags":[],"class_list":["post-90425","post","type-post","status-publish","format-standard","has-post-thumbnail","hentry","category-noticias"],"yoast_head":"<!-- This site is optimized with the Yoast SEO plugin v27.3 - https:\/\/yoast.com\/product\/yoast-seo-wordpress\/ -->\n<title>Dobleces\/\/\/Israel Mendoza Perez\/\/\/La psicosis del poder -<\/title>\n<meta name=\"robots\" content=\"index, follow, max-snippet:-1, max-image-preview:large, max-video-preview:-1\" \/>\n<link rel=\"canonical\" href=\"https:\/\/quehacerpolitico.mx\/?p=90425\" \/>\n<meta property=\"og:locale\" content=\"es_MX\" \/>\n<meta property=\"og:type\" content=\"article\" \/>\n<meta property=\"og:title\" content=\"Dobleces\/\/\/Israel Mendoza Perez\/\/\/La psicosis del poder -\" \/>\n<meta property=\"og:description\" content=\"Por Israel Mendoza Perez Con una desesperaci\u00f3n inaudita, Morena y su socio el Partido del...\" \/>\n<meta property=\"og:url\" content=\"https:\/\/quehacerpolitico.mx\/?p=90425\" \/>\n<meta property=\"article:published_time\" content=\"2022-03-07T17:36:42+00:00\" \/>\n<meta property=\"article:modified_time\" content=\"2022-03-07T17:36:54+00:00\" \/>\n<meta property=\"og:image\" content=\"https:\/\/quehacerpolitico.mx\/wp-content\/uploads\/2022\/03\/76D92A84-1C38-4E06-B130-9399034C5615.jpeg\" \/>\n\t<meta property=\"og:image:width\" content=\"1536\" \/>\n\t<meta property=\"og:image:height\" content=\"1152\" \/>\n\t<meta property=\"og:image:type\" content=\"image\/jpeg\" \/>\n<meta name=\"author\" content=\"Redacci\u00f3n QP\" \/>\n<meta name=\"twitter:card\" content=\"summary_large_image\" \/>\n<meta name=\"twitter:label1\" content=\"Escrito por\" \/>\n\t<meta name=\"twitter:data1\" content=\"Redacci\u00f3n QP\" \/>\n\t<meta name=\"twitter:label2\" content=\"Tiempo de lectura\" \/>\n\t<meta name=\"twitter:data2\" content=\"3 minutos\" \/>\n<script type=\"application\/ld+json\" class=\"yoast-schema-graph\">{\"@context\":\"https:\\\/\\\/schema.org\",\"@graph\":[{\"@type\":\"Article\",\"@id\":\"https:\\\/\\\/quehacerpolitico.mx\\\/?p=90425#article\",\"isPartOf\":{\"@id\":\"https:\\\/\\\/quehacerpolitico.mx\\\/?p=90425\"},\"author\":{\"name\":\"Redacci\u00f3n QP\",\"@id\":\"https:\\\/\\\/quehacerpolitico.mx\\\/#\\\/schema\\\/person\\\/496d8ad2d1d3f8036101dca7ee39e585\"},\"headline\":\"Dobleces\\\/\\\/\\\/Israel Mendoza Perez\\\/\\\/\\\/La psicosis del poder\",\"datePublished\":\"2022-03-07T17:36:42+00:00\",\"dateModified\":\"2022-03-07T17:36:54+00:00\",\"mainEntityOfPage\":{\"@id\":\"https:\\\/\\\/quehacerpolitico.mx\\\/?p=90425\"},\"wordCount\":580,\"commentCount\":0,\"image\":{\"@id\":\"https:\\\/\\\/quehacerpolitico.mx\\\/?p=90425#primaryimage\"},\"thumbnailUrl\":\"https:\\\/\\\/quehacerpolitico.mx\\\/wp-content\\\/uploads\\\/2022\\\/03\\\/76D92A84-1C38-4E06-B130-9399034C5615.jpeg\",\"articleSection\":[\"Noticias\"],\"inLanguage\":\"es\",\"potentialAction\":[{\"@type\":\"CommentAction\",\"name\":\"Comment\",\"target\":[\"https:\\\/\\\/quehacerpolitico.mx\\\/?p=90425#respond\"]}]},{\"@type\":\"WebPage\",\"@id\":\"https:\\\/\\\/quehacerpolitico.mx\\\/?p=90425\",\"url\":\"https:\\\/\\\/quehacerpolitico.mx\\\/?p=90425\",\"name\":\"Dobleces\\\/\\\/\\\/Israel Mendoza Perez\\\/\\\/\\\/La psicosis del poder -\",\"isPartOf\":{\"@id\":\"https:\\\/\\\/quehacerpolitico.mx\\\/#website\"},\"primaryImageOfPage\":{\"@id\":\"https:\\\/\\\/quehacerpolitico.mx\\\/?p=90425#primaryimage\"},\"image\":{\"@id\":\"https:\\\/\\\/quehacerpolitico.mx\\\/?p=90425#primaryimage\"},\"thumbnailUrl\":\"https:\\\/\\\/quehacerpolitico.mx\\\/wp-content\\\/uploads\\\/2022\\\/03\\\/76D92A84-1C38-4E06-B130-9399034C5615.jpeg\",\"datePublished\":\"2022-03-07T17:36:42+00:00\",\"dateModified\":\"2022-03-07T17:36:54+00:00\",\"author\":{\"@id\":\"https:\\\/\\\/quehacerpolitico.mx\\\/#\\\/schema\\\/person\\\/496d8ad2d1d3f8036101dca7ee39e585\"},\"breadcrumb\":{\"@id\":\"https:\\\/\\\/quehacerpolitico.mx\\\/?p=90425#breadcrumb\"},\"inLanguage\":\"es\",\"potentialAction\":[{\"@type\":\"ReadAction\",\"target\":[\"https:\\\/\\\/quehacerpolitico.mx\\\/?p=90425\"]}]},{\"@type\":\"ImageObject\",\"inLanguage\":\"es\",\"@id\":\"https:\\\/\\\/quehacerpolitico.mx\\\/?p=90425#primaryimage\",\"url\":\"https:\\\/\\\/quehacerpolitico.mx\\\/wp-content\\\/uploads\\\/2022\\\/03\\\/76D92A84-1C38-4E06-B130-9399034C5615.jpeg\",\"contentUrl\":\"https:\\\/\\\/quehacerpolitico.mx\\\/wp-content\\\/uploads\\\/2022\\\/03\\\/76D92A84-1C38-4E06-B130-9399034C5615.jpeg\",\"width\":1536,\"height\":1152},{\"@type\":\"BreadcrumbList\",\"@id\":\"https:\\\/\\\/quehacerpolitico.mx\\\/?p=90425#breadcrumb\",\"itemListElement\":[{\"@type\":\"ListItem\",\"position\":1,\"name\":\"Inicio\",\"item\":\"https:\\\/\\\/quehacerpolitico.mx\\\/\"},{\"@type\":\"ListItem\",\"position\":2,\"name\":\"Dobleces\\\/\\\/\\\/Israel Mendoza Perez\\\/\\\/\\\/La psicosis del poder\"}]},{\"@type\":\"WebSite\",\"@id\":\"https:\\\/\\\/quehacerpolitico.mx\\\/#website\",\"url\":\"https:\\\/\\\/quehacerpolitico.mx\\\/\",\"name\":\"\",\"description\":\"\",\"potentialAction\":[{\"@type\":\"SearchAction\",\"target\":{\"@type\":\"EntryPoint\",\"urlTemplate\":\"https:\\\/\\\/quehacerpolitico.mx\\\/?s={search_term_string}\"},\"query-input\":{\"@type\":\"PropertyValueSpecification\",\"valueRequired\":true,\"valueName\":\"search_term_string\"}}],\"inLanguage\":\"es\"},{\"@type\":\"Person\",\"@id\":\"https:\\\/\\\/quehacerpolitico.mx\\\/#\\\/schema\\\/person\\\/496d8ad2d1d3f8036101dca7ee39e585\",\"name\":\"Redacci\u00f3n QP\",\"image\":{\"@type\":\"ImageObject\",\"inLanguage\":\"es\",\"@id\":\"https:\\\/\\\/secure.gravatar.com\\\/avatar\\\/c7164ed6fdec453195284ad24a5ae5b6e1eed2b848477fa2a4787ba9adf39a41?s=96&d=mm&r=g\",\"url\":\"https:\\\/\\\/secure.gravatar.com\\\/avatar\\\/c7164ed6fdec453195284ad24a5ae5b6e1eed2b848477fa2a4787ba9adf39a41?s=96&d=mm&r=g\",\"contentUrl\":\"https:\\\/\\\/secure.gravatar.com\\\/avatar\\\/c7164ed6fdec453195284ad24a5ae5b6e1eed2b848477fa2a4787ba9adf39a41?s=96&d=mm&r=g\",\"caption\":\"Redacci\u00f3n QP\"},\"url\":\"https:\\\/\\\/quehacerpolitico.mx\\\/?author=2\"}]}<\/script>\n<!-- \/ Yoast SEO plugin. -->","yoast_head_json":{"title":"Dobleces\/\/\/Israel Mendoza Perez\/\/\/La psicosis del poder -","robots":{"index":"index","follow":"follow","max-snippet":"max-snippet:-1","max-image-preview":"max-image-preview:large","max-video-preview":"max-video-preview:-1"},"canonical":"https:\/\/quehacerpolitico.mx\/?p=90425","og_locale":"es_MX","og_type":"article","og_title":"Dobleces\/\/\/Israel Mendoza Perez\/\/\/La psicosis del poder -","og_description":"Por Israel Mendoza Perez Con una desesperaci\u00f3n inaudita, Morena y su socio el Partido del...","og_url":"https:\/\/quehacerpolitico.mx\/?p=90425","article_published_time":"2022-03-07T17:36:42+00:00","article_modified_time":"2022-03-07T17:36:54+00:00","og_image":[{"width":1536,"height":1152,"url":"https:\/\/quehacerpolitico.mx\/wp-content\/uploads\/2022\/03\/76D92A84-1C38-4E06-B130-9399034C5615.jpeg","type":"image\/jpeg"}],"author":"Redacci\u00f3n QP","twitter_card":"summary_large_image","twitter_misc":{"Escrito por":"Redacci\u00f3n QP","Tiempo de lectura":"3 minutos"},"schema":{"@context":"https:\/\/schema.org","@graph":[{"@type":"Article","@id":"https:\/\/quehacerpolitico.mx\/?p=90425#article","isPartOf":{"@id":"https:\/\/quehacerpolitico.mx\/?p=90425"},"author":{"name":"Redacci\u00f3n QP","@id":"https:\/\/quehacerpolitico.mx\/#\/schema\/person\/496d8ad2d1d3f8036101dca7ee39e585"},"headline":"Dobleces\/\/\/Israel Mendoza Perez\/\/\/La psicosis del poder","datePublished":"2022-03-07T17:36:42+00:00","dateModified":"2022-03-07T17:36:54+00:00","mainEntityOfPage":{"@id":"https:\/\/quehacerpolitico.mx\/?p=90425"},"wordCount":580,"commentCount":0,"image":{"@id":"https:\/\/quehacerpolitico.mx\/?p=90425#primaryimage"},"thumbnailUrl":"https:\/\/quehacerpolitico.mx\/wp-content\/uploads\/2022\/03\/76D92A84-1C38-4E06-B130-9399034C5615.jpeg","articleSection":["Noticias"],"inLanguage":"es","potentialAction":[{"@type":"CommentAction","name":"Comment","target":["https:\/\/quehacerpolitico.mx\/?p=90425#respond"]}]},{"@type":"WebPage","@id":"https:\/\/quehacerpolitico.mx\/?p=90425","url":"https:\/\/quehacerpolitico.mx\/?p=90425","name":"Dobleces\/\/\/Israel Mendoza Perez\/\/\/La psicosis del poder -","isPartOf":{"@id":"https:\/\/quehacerpolitico.mx\/#website"},"primaryImageOfPage":{"@id":"https:\/\/quehacerpolitico.mx\/?p=90425#primaryimage"},"image":{"@id":"https:\/\/quehacerpolitico.mx\/?p=90425#primaryimage"},"thumbnailUrl":"https:\/\/quehacerpolitico.mx\/wp-content\/uploads\/2022\/03\/76D92A84-1C38-4E06-B130-9399034C5615.jpeg","datePublished":"2022-03-07T17:36:42+00:00","dateModified":"2022-03-07T17:36:54+00:00","author":{"@id":"https:\/\/quehacerpolitico.mx\/#\/schema\/person\/496d8ad2d1d3f8036101dca7ee39e585"},"breadcrumb":{"@id":"https:\/\/quehacerpolitico.mx\/?p=90425#breadcrumb"},"inLanguage":"es","potentialAction":[{"@type":"ReadAction","target":["https:\/\/quehacerpolitico.mx\/?p=90425"]}]},{"@type":"ImageObject","inLanguage":"es","@id":"https:\/\/quehacerpolitico.mx\/?p=90425#primaryimage","url":"https:\/\/quehacerpolitico.mx\/wp-content\/uploads\/2022\/03\/76D92A84-1C38-4E06-B130-9399034C5615.jpeg","contentUrl":"https:\/\/quehacerpolitico.mx\/wp-content\/uploads\/2022\/03\/76D92A84-1C38-4E06-B130-9399034C5615.jpeg","width":1536,"height":1152},{"@type":"BreadcrumbList","@id":"https:\/\/quehacerpolitico.mx\/?p=90425#breadcrumb","itemListElement":[{"@type":"ListItem","position":1,"name":"Inicio","item":"https:\/\/quehacerpolitico.mx\/"},{"@type":"ListItem","position":2,"name":"Dobleces\/\/\/Israel Mendoza Perez\/\/\/La psicosis del poder"}]},{"@type":"WebSite","@id":"https:\/\/quehacerpolitico.mx\/#website","url":"https:\/\/quehacerpolitico.mx\/","name":"","description":"","potentialAction":[{"@type":"SearchAction","target":{"@type":"EntryPoint","urlTemplate":"https:\/\/quehacerpolitico.mx\/?s={search_term_string}"},"query-input":{"@type":"PropertyValueSpecification","valueRequired":true,"valueName":"search_term_string"}}],"inLanguage":"es"},{"@type":"Person","@id":"https:\/\/quehacerpolitico.mx\/#\/schema\/person\/496d8ad2d1d3f8036101dca7ee39e585","name":"Redacci\u00f3n QP","image":{"@type":"ImageObject","inLanguage":"es","@id":"https:\/\/secure.gravatar.com\/avatar\/c7164ed6fdec453195284ad24a5ae5b6e1eed2b848477fa2a4787ba9adf39a41?s=96&d=mm&r=g","url":"https:\/\/secure.gravatar.com\/avatar\/c7164ed6fdec453195284ad24a5ae5b6e1eed2b848477fa2a4787ba9adf39a41?s=96&d=mm&r=g","contentUrl":"https:\/\/secure.gravatar.com\/avatar\/c7164ed6fdec453195284ad24a5ae5b6e1eed2b848477fa2a4787ba9adf39a41?s=96&d=mm&r=g","caption":"Redacci\u00f3n QP"},"url":"https:\/\/quehacerpolitico.mx\/?author=2"}]}},"featured_image_urls":{"full":["https:\/\/quehacerpolitico.mx\/wp-content\/uploads\/2022\/03\/76D92A84-1C38-4E06-B130-9399034C5615.jpeg",1536,1152,false],"thumbnail":["https:\/\/quehacerpolitico.mx\/wp-content\/uploads\/2022\/03\/76D92A84-1C38-4E06-B130-9399034C5615-150x150.jpeg",150,150,true],"medium":["https:\/\/quehacerpolitico.mx\/wp-content\/uploads\/2022\/03\/76D92A84-1C38-4E06-B130-9399034C5615-300x225.jpeg",300,225,true],"medium_large":["https:\/\/quehacerpolitico.mx\/wp-content\/uploads\/2022\/03\/76D92A84-1C38-4E06-B130-9399034C5615-768x576.jpeg",640,480,true],"large":["https:\/\/quehacerpolitico.mx\/wp-content\/uploads\/2022\/03\/76D92A84-1C38-4E06-B130-9399034C5615-1024x768.jpeg",640,480,true],"1536x1536":["https:\/\/quehacerpolitico.mx\/wp-content\/uploads\/2022\/03\/76D92A84-1C38-4E06-B130-9399034C5615.jpeg",1536,1152,false],"2048x2048":["https:\/\/quehacerpolitico.mx\/wp-content\/uploads\/2022\/03\/76D92A84-1C38-4E06-B130-9399034C5615.jpeg",1536,1152,false],"covernews-featured":["https:\/\/quehacerpolitico.mx\/wp-content\/uploads\/2022\/03\/76D92A84-1C38-4E06-B130-9399034C5615.jpeg",1024,768,false],"covernews-medium":["https:\/\/quehacerpolitico.mx\/wp-content\/uploads\/2022\/03\/76D92A84-1C38-4E06-B130-9399034C5615.jpeg",453,340,false]},"author_info":{"display_name":"Redacci\u00f3n QP","author_link":"https:\/\/quehacerpolitico.mx\/?author=2"},"category_info":"<a href=\"https:\/\/quehacerpolitico.mx\/?cat=2\" rel=\"category\">Noticias<\/a>","tag_info":"Noticias","comment_count":"0","_links":{"self":[{"href":"https:\/\/quehacerpolitico.mx\/index.php?rest_route=\/wp\/v2\/posts\/90425","targetHints":{"allow":["GET"]}}],"collection":[{"href":"https:\/\/quehacerpolitico.mx\/index.php?rest_route=\/wp\/v2\/posts"}],"about":[{"href":"https:\/\/quehacerpolitico.mx\/index.php?rest_route=\/wp\/v2\/types\/post"}],"author":[{"embeddable":true,"href":"https:\/\/quehacerpolitico.mx\/index.php?rest_route=\/wp\/v2\/users\/2"}],"replies":[{"embeddable":true,"href":"https:\/\/quehacerpolitico.mx\/index.php?rest_route=%2Fwp%2Fv2%2Fcomments&post=90425"}],"version-history":[{"count":1,"href":"https:\/\/quehacerpolitico.mx\/index.php?rest_route=\/wp\/v2\/posts\/90425\/revisions"}],"predecessor-version":[{"id":90427,"href":"https:\/\/quehacerpolitico.mx\/index.php?rest_route=\/wp\/v2\/posts\/90425\/revisions\/90427"}],"wp:featuredmedia":[{"embeddable":true,"href":"https:\/\/quehacerpolitico.mx\/index.php?rest_route=\/wp\/v2\/media\/90426"}],"wp:attachment":[{"href":"https:\/\/quehacerpolitico.mx\/index.php?rest_route=%2Fwp%2Fv2%2Fmedia&parent=90425"}],"wp:term":[{"taxonomy":"category","embeddable":true,"href":"https:\/\/quehacerpolitico.mx\/index.php?rest_route=%2Fwp%2Fv2%2Fcategories&post=90425"},{"taxonomy":"post_tag","embeddable":true,"href":"https:\/\/quehacerpolitico.mx\/index.php?rest_route=%2Fwp%2Fv2%2Ftags&post=90425"}],"curies":[{"name":"wp","href":"https:\/\/api.w.org\/{rel}","templated":true}]}}