{"id":90422,"date":"2022-03-07T17:19:02","date_gmt":"2022-03-07T17:19:02","guid":{"rendered":"https:\/\/quehacerpolitico.mx\/?p=90422"},"modified":"2022-03-07T17:19:07","modified_gmt":"2022-03-07T17:19:07","slug":"amlo-asegura-que-gertz-manero-busca-justicia-por-asesinato-de-su-hermano-pide-esperar-resolucion-de-scjn","status":"publish","type":"post","link":"https:\/\/quehacerpolitico.mx\/?p=90422","title":{"rendered":"AMLO asegura que Gertz Manero busca justicia por asesinato de su hermano; pide esperar resoluci\u00f3n de SCJN\u00a0"},"content":{"rendered":"\n<p>Por Redacci\u00f3n QP<\/p>\n\n\n\n<p>L\u00f3pez Obrador ratific\u00f3 su \u2018confianza\u2019 en Gertz Manero, tras la filtraci\u00f3n de unos audios en los que \u00e9ste habla de un juicio en la Suprema Corte relacionado con la muerte de su hermano<\/p>\n\n\n\n<ul class=\"wp-block-list\"><li>El presidente asegur\u00f3 que el caso lo resolver\u00e1 el Poder Judicial y dijo desconocer si Gertz Manero tuvo acceso al expediente<\/li><li>La FGR anunci\u00f3 este fin de semana que abr\u00eda una carpeta de investigaci\u00f3n por espionaje contra el procurador general<\/li><\/ul>\n\n\n\n<p>El presidente de M\u00e9xico,\u00a0<strong>Andr\u00e9s Manuel L\u00f3pez Obrador (AMLO)<\/strong>, asegur\u00f3 que el fiscal general,\u00a0Alejandro Gertz Manero busca justicia por asesinato de su hermano y pidi\u00f3 esperar resoluci\u00f3n de la Suprema Corte de Justicia de la Naci\u00f3n (SCJN).<\/p>\n\n\n\n<p>L\u00f3pez Obrador ratific\u00f3 su \u201cconfianza\u201d en\u00a0<strong>Gertz Manero<\/strong>, tras la filtraci\u00f3n de unos audios en los que \u00e9ste habla de un juicio en la Suprema Corte relacionado con la muerte de su hermano y que puede constituir un caso de tr\u00e1fico de influencias.<\/p>\n\n\n\n<p>\u201cNo los escuch\u00e9 pero s\u00ed tengo la informaci\u00f3n de lo b\u00e1sico y opino que tiene que resolver la Corte sobre este caso. Yo entiendo la situaci\u00f3n personal, moral, humana del fiscal, porque se trata de un asunto vinculado con su hermano. Lo entiendo. Entonces \u00e9l quiere que se haga justicia\u201d, dijo el presidente en la conferencia ma\u00f1anera desde Palacio Nacional.<\/p>\n\n\n\n<figure class=\"wp-block-embed is-type-rich is-provider-twitter wp-block-embed-twitter\"><div class=\"wp-block-embed__wrapper\">\n<blockquote class=\"twitter-tweet\" data-width=\"550\" data-dnt=\"true\"><p lang=\"es\" dir=\"ltr\">&quot;Si va a utilizar su cargo para influir en el caso, habr\u00eda que esperar el resultado de los ministros&quot;<br><br>El presidente <a href=\"https:\/\/twitter.com\/lopezobrador_?ref_src=twsrc%5Etfw\">@lopezobrador_<\/a> sabe y respalda que <a href=\"https:\/\/twitter.com\/hashtag\/Gertz?src=hash&amp;ref_src=twsrc%5Etfw\">#Gertz<\/a> Manero ocupe su poder para un asunto personal y tacha de ataques pol\u00edticos a los detractores. \ud83d\ude21<a href=\"https:\/\/twitter.com\/hashtag\/JusticiaParaAlejandra?src=hash&amp;ref_src=twsrc%5Etfw\">#JusticiaParaAlejandra<\/a> <a href=\"https:\/\/t.co\/pTSXUoxIhJ\">pic.twitter.com\/pTSXUoxIhJ<\/a><\/p>&mdash; Ruido en la Red (@RuidoEnLaRed) <a href=\"https:\/\/twitter.com\/RuidoEnLaRed\/status\/1500848932863283207?ref_src=twsrc%5Etfw\">March 7, 2022<\/a><\/blockquote><script async src=\"https:\/\/platform.twitter.com\/widgets.js\" charset=\"utf-8\"><\/script>\n<\/div><\/figure>\n\n\n\n<p><strong>L\u00f3pez Obrador<\/strong>&nbsp;asegur\u00f3 que el caso lo resolver\u00e1 el Poder Judicial y dijo desconocer si Gertz Manero tuvo acceso al expediente.<\/p>\n\n\n\n<blockquote class=\"wp-block-quote is-layout-flow wp-block-quote-is-layout-flow\"><p>\u201cEst\u00e1 en manos del Poder Judicial, si \u00e9l habla mal de los ministros (de la Suprema Corte) es su visi\u00f3n de las cosas. Yo tambi\u00e9n lo hago a veces. No es que hable mal, pero no les tengo confianza a algunos ministros y desde luego no les tengo confianza a jueces porque no han demostrado actuar con rectitud\u201d, lament\u00f3 el presidente.<\/p><\/blockquote>\n\n\n\n<p>Sobre todo, continu\u00f3, \u201cno han entendido que deben de hacer Justicia pensando en todos, no solo pensando en las minor\u00edas\u201d.<\/p>\n\n\n\n<p>Puso de ejemplo a los jueces que dan amparos a las empresas \u201cextranjeras\u201d del sector el\u00e9ctrico y, seg\u00fan \u00e9l, en detrimento del pueblo.<\/p>\n\n\n\n<blockquote class=\"wp-block-quote is-layout-flow wp-block-quote-is-layout-flow\"><p>\u201cOjal\u00e1 y la Corte resuelva bien. Y se aclare este asunto\u201d, agreg\u00f3.<\/p><\/blockquote>\n\n\n\n<p>A pregunta expresa, asegur\u00f3 tener \u201cconfianza\u201d a Gertz Manero: \u201cS\u00ed, tengo confianza en el fiscal\u201d.<\/p>\n\n\n\n<p>Una periodista le pregunt\u00f3 sobre el supuesto abuso de poder y el tr\u00e1fico de influencias que puede representar esta conversaci\u00f3n.<\/p>\n\n\n\n<figure class=\"wp-block-embed is-type-rich is-provider-twitter wp-block-embed-twitter\"><div class=\"wp-block-embed__wrapper\">\n<blockquote class=\"twitter-tweet\" data-width=\"550\" data-dnt=\"true\"><p lang=\"es\" dir=\"ltr\">\u00bfAMLO defendiendo que Alejandro Gertz ocupe su poder en la <a href=\"https:\/\/twitter.com\/hashtag\/FGR?src=hash&amp;ref_src=twsrc%5Etfw\">#FGR<\/a> para una venganza personal? Pues no ser\u00eda la primera vez \ud83d\ude44<br><br>\u201cLo entiendo, \u00e9l quiere que se haga justicia por su hermano\u201d afirm\u00f3 <a href=\"https:\/\/twitter.com\/lopezobrador_?ref_src=twsrc%5Etfw\">@lopezobrador_<\/a><br><br>Adem\u00e1s, afirma no saber c\u00f3mo consigui\u00f3 ver el expediente. Aj\u00e1 <a href=\"https:\/\/t.co\/vXYJuIbZu3\">pic.twitter.com\/vXYJuIbZu3<\/a><\/p>&mdash; Ruido en la Red (@RuidoEnLaRed) <a href=\"https:\/\/twitter.com\/RuidoEnLaRed\/status\/1500842797787750408?ref_src=twsrc%5Etfw\">March 7, 2022<\/a><\/blockquote><script async src=\"https:\/\/platform.twitter.com\/widgets.js\" charset=\"utf-8\"><\/script>\n<\/div><\/figure>\n\n\n\n<blockquote class=\"wp-block-quote is-layout-flow wp-block-quote-is-layout-flow\"><p>\u201cAhora, si va a utilizar su cargo para influir en el caso habr\u00eda que esperar al resultado de los ministros. Hay que esperar el juicio, porque no depende de la Fiscal\u00eda, depende del Poder Judicial, en esta etapa\u201d, apunt\u00f3 el presidente.<\/p><\/blockquote>\n\n\n\n<p>El mandatario dijo que este caso tambi\u00e9n ten\u00eda \u201ctintes pol\u00edticos\u201d y buscaba \u201ctumbar\u201d al fiscal.<\/p>\n\n\n\n<p>La filtraci\u00f3n se dio en YouTube a finales de la semana pasada y, en varios audios,&nbsp;<strong>Gertz Manero<\/strong>&nbsp;conversa con el fiscal Juan Ramos, hombre de su confianza.<\/p>\n\n\n\n<p>En estas conversaciones hablan del juicio en la&nbsp;<strong>Suprema Corte de Justicia de la Naci\u00f3n (SCJN)<\/strong>&nbsp;y revelan una supuesta intervenci\u00f3n de Gertz Manero para lograr que el Alto Tribunal d\u00e9 una resoluci\u00f3n en su favor en el caso que impulsa contra la expareja y la exhijastra de su hermano Federico, a quienes acusa de haberlo asesinado.<\/p>\n\n\n\n<p>De esta manera, hablan del apoyo que varios ministros de la corte podr\u00edan dar a su favor, mientras que hay uno de los magistrados, Alberto P\u00e9rez Day\u00e1n, que pretender\u00eda dejar en libertad a Alejandra Cuevas, hija de la expareja (Laura Mor\u00e1n) de su hermano.<\/p>\n\n\n\n<p>Seg\u00fan&nbsp;<strong>Gertz Manero<\/strong>, ambas mujeres -exesposa e hija- propiciaron en 2015 la muerte de su hermano por negligencia.<\/p>\n\n\n\n<p>La Fiscal\u00eda General de la Rep\u00fablica (FGR) anunci\u00f3 este fin de semana que abr\u00eda una carpeta de investigaci\u00f3n por espionaje contra el procurador general.<\/p>\n\n\n\n<figure class=\"wp-block-embed is-type-rich is-provider-twitter wp-block-embed-twitter\"><div class=\"wp-block-embed__wrapper\">\n<blockquote class=\"twitter-tweet\" data-width=\"550\" data-dnt=\"true\"><p lang=\"es\" dir=\"ltr\">Bueenoo, entendemos que AMLO confie tanto en Gertz porque \u00e9l no ha demostrado saber c\u00f3mo usar su poder para beneficios personales&#8230; \u263a<br><br>ESPEREN UN MOMENTO, pero ya ha dicho saber que para eso se usa el poder p\u00fablico \ud83e\udd14<br><br>Hagamos como que nos sorprende \ud83e\udd2d <a href=\"https:\/\/t.co\/kjOiu91hwc\">https:\/\/t.co\/kjOiu91hwc<\/a> <a href=\"https:\/\/t.co\/gVU8g7cS5a\">pic.twitter.com\/gVU8g7cS5a<\/a><\/p>&mdash; Ruido en la Red (@RuidoEnLaRed) <a href=\"https:\/\/twitter.com\/RuidoEnLaRed\/status\/1500845869612126208?ref_src=twsrc%5Etfw\">March 7, 2022<\/a><\/blockquote><script async src=\"https:\/\/platform.twitter.com\/widgets.js\" charset=\"utf-8\"><\/script>\n<\/div><\/figure>\n\n\n\n<p><em>Con informaci\u00f3n de EFE<\/em><\/p>\n","protected":false},"excerpt":{"rendered":"<p>Por Redacci\u00f3n QP L\u00f3pez Obrador ratific\u00f3 su \u2018confianza\u2019 en Gertz Manero, tras la filtraci\u00f3n de&#8230;<\/p>\n","protected":false},"author":2,"featured_media":90423,"comment_status":"open","ping_status":"open","sticky":false,"template":"","format":"standard","meta":{"_monsterinsights_skip_tracking":false,"_monsterinsights_sitenote_active":false,"_monsterinsights_sitenote_note":"","_monsterinsights_sitenote_category":0,"footnotes":""},"categories":[2],"tags":[],"class_list":["post-90422","post","type-post","status-publish","format-standard","has-post-thumbnail","hentry","category-noticias"],"yoast_head":"<!-- This site is optimized with the Yoast SEO plugin v27.3 - https:\/\/yoast.com\/product\/yoast-seo-wordpress\/ -->\n<title>AMLO asegura que Gertz Manero busca justicia por asesinato de su hermano; pide esperar resoluci\u00f3n de SCJN\u00a0 -<\/title>\n<meta name=\"robots\" content=\"index, follow, max-snippet:-1, max-image-preview:large, max-video-preview:-1\" \/>\n<link rel=\"canonical\" href=\"https:\/\/quehacerpolitico.mx\/?p=90422\" \/>\n<meta property=\"og:locale\" content=\"es_MX\" \/>\n<meta property=\"og:type\" content=\"article\" \/>\n<meta property=\"og:title\" content=\"AMLO asegura que Gertz Manero busca justicia por asesinato de su hermano; pide esperar resoluci\u00f3n de SCJN\u00a0 -\" \/>\n<meta property=\"og:description\" content=\"Por Redacci\u00f3n QP L\u00f3pez Obrador ratific\u00f3 su \u2018confianza\u2019 en Gertz Manero, tras la filtraci\u00f3n de...\" \/>\n<meta property=\"og:url\" content=\"https:\/\/quehacerpolitico.mx\/?p=90422\" \/>\n<meta property=\"article:published_time\" content=\"2022-03-07T17:19:02+00:00\" \/>\n<meta property=\"article:modified_time\" content=\"2022-03-07T17:19:07+00:00\" \/>\n<meta property=\"og:image\" content=\"https:\/\/quehacerpolitico.mx\/wp-content\/uploads\/2022\/03\/1D7A4B4D-2699-4FFC-97CF-F2FD7023120E.jpeg\" \/>\n\t<meta property=\"og:image:width\" content=\"961\" \/>\n\t<meta property=\"og:image:height\" content=\"706\" \/>\n\t<meta property=\"og:image:type\" content=\"image\/jpeg\" \/>\n<meta name=\"author\" content=\"Redacci\u00f3n QP\" \/>\n<meta name=\"twitter:card\" content=\"summary_large_image\" \/>\n<meta name=\"twitter:label1\" content=\"Escrito por\" \/>\n\t<meta name=\"twitter:data1\" content=\"Redacci\u00f3n QP\" \/>\n\t<meta name=\"twitter:label2\" content=\"Tiempo de lectura\" \/>\n\t<meta name=\"twitter:data2\" content=\"3 minutos\" \/>\n<script type=\"application\/ld+json\" class=\"yoast-schema-graph\">{\"@context\":\"https:\\\/\\\/schema.org\",\"@graph\":[{\"@type\":\"Article\",\"@id\":\"https:\\\/\\\/quehacerpolitico.mx\\\/?p=90422#article\",\"isPartOf\":{\"@id\":\"https:\\\/\\\/quehacerpolitico.mx\\\/?p=90422\"},\"author\":{\"name\":\"Redacci\u00f3n QP\",\"@id\":\"https:\\\/\\\/quehacerpolitico.mx\\\/#\\\/schema\\\/person\\\/496d8ad2d1d3f8036101dca7ee39e585\"},\"headline\":\"AMLO asegura que Gertz Manero busca justicia por asesinato de su hermano; pide esperar resoluci\u00f3n de SCJN\u00a0\",\"datePublished\":\"2022-03-07T17:19:02+00:00\",\"dateModified\":\"2022-03-07T17:19:07+00:00\",\"mainEntityOfPage\":{\"@id\":\"https:\\\/\\\/quehacerpolitico.mx\\\/?p=90422\"},\"wordCount\":706,\"commentCount\":0,\"image\":{\"@id\":\"https:\\\/\\\/quehacerpolitico.mx\\\/?p=90422#primaryimage\"},\"thumbnailUrl\":\"https:\\\/\\\/quehacerpolitico.mx\\\/wp-content\\\/uploads\\\/2022\\\/03\\\/1D7A4B4D-2699-4FFC-97CF-F2FD7023120E.jpeg\",\"articleSection\":[\"Noticias\"],\"inLanguage\":\"es\",\"potentialAction\":[{\"@type\":\"CommentAction\",\"name\":\"Comment\",\"target\":[\"https:\\\/\\\/quehacerpolitico.mx\\\/?p=90422#respond\"]}]},{\"@type\":\"WebPage\",\"@id\":\"https:\\\/\\\/quehacerpolitico.mx\\\/?p=90422\",\"url\":\"https:\\\/\\\/quehacerpolitico.mx\\\/?p=90422\",\"name\":\"AMLO asegura que Gertz Manero busca justicia por asesinato de su hermano; pide esperar resoluci\u00f3n de SCJN\u00a0 -\",\"isPartOf\":{\"@id\":\"https:\\\/\\\/quehacerpolitico.mx\\\/#website\"},\"primaryImageOfPage\":{\"@id\":\"https:\\\/\\\/quehacerpolitico.mx\\\/?p=90422#primaryimage\"},\"image\":{\"@id\":\"https:\\\/\\\/quehacerpolitico.mx\\\/?p=90422#primaryimage\"},\"thumbnailUrl\":\"https:\\\/\\\/quehacerpolitico.mx\\\/wp-content\\\/uploads\\\/2022\\\/03\\\/1D7A4B4D-2699-4FFC-97CF-F2FD7023120E.jpeg\",\"datePublished\":\"2022-03-07T17:19:02+00:00\",\"dateModified\":\"2022-03-07T17:19:07+00:00\",\"author\":{\"@id\":\"https:\\\/\\\/quehacerpolitico.mx\\\/#\\\/schema\\\/person\\\/496d8ad2d1d3f8036101dca7ee39e585\"},\"breadcrumb\":{\"@id\":\"https:\\\/\\\/quehacerpolitico.mx\\\/?p=90422#breadcrumb\"},\"inLanguage\":\"es\",\"potentialAction\":[{\"@type\":\"ReadAction\",\"target\":[\"https:\\\/\\\/quehacerpolitico.mx\\\/?p=90422\"]}]},{\"@type\":\"ImageObject\",\"inLanguage\":\"es\",\"@id\":\"https:\\\/\\\/quehacerpolitico.mx\\\/?p=90422#primaryimage\",\"url\":\"https:\\\/\\\/quehacerpolitico.mx\\\/wp-content\\\/uploads\\\/2022\\\/03\\\/1D7A4B4D-2699-4FFC-97CF-F2FD7023120E.jpeg\",\"contentUrl\":\"https:\\\/\\\/quehacerpolitico.mx\\\/wp-content\\\/uploads\\\/2022\\\/03\\\/1D7A4B4D-2699-4FFC-97CF-F2FD7023120E.jpeg\",\"width\":961,\"height\":706},{\"@type\":\"BreadcrumbList\",\"@id\":\"https:\\\/\\\/quehacerpolitico.mx\\\/?p=90422#breadcrumb\",\"itemListElement\":[{\"@type\":\"ListItem\",\"position\":1,\"name\":\"Inicio\",\"item\":\"https:\\\/\\\/quehacerpolitico.mx\\\/\"},{\"@type\":\"ListItem\",\"position\":2,\"name\":\"AMLO asegura que Gertz Manero busca justicia por asesinato de su hermano; pide esperar resoluci\u00f3n de SCJN\u00a0\"}]},{\"@type\":\"WebSite\",\"@id\":\"https:\\\/\\\/quehacerpolitico.mx\\\/#website\",\"url\":\"https:\\\/\\\/quehacerpolitico.mx\\\/\",\"name\":\"\",\"description\":\"\",\"potentialAction\":[{\"@type\":\"SearchAction\",\"target\":{\"@type\":\"EntryPoint\",\"urlTemplate\":\"https:\\\/\\\/quehacerpolitico.mx\\\/?s={search_term_string}\"},\"query-input\":{\"@type\":\"PropertyValueSpecification\",\"valueRequired\":true,\"valueName\":\"search_term_string\"}}],\"inLanguage\":\"es\"},{\"@type\":\"Person\",\"@id\":\"https:\\\/\\\/quehacerpolitico.mx\\\/#\\\/schema\\\/person\\\/496d8ad2d1d3f8036101dca7ee39e585\",\"name\":\"Redacci\u00f3n QP\",\"image\":{\"@type\":\"ImageObject\",\"inLanguage\":\"es\",\"@id\":\"https:\\\/\\\/secure.gravatar.com\\\/avatar\\\/c7164ed6fdec453195284ad24a5ae5b6e1eed2b848477fa2a4787ba9adf39a41?s=96&d=mm&r=g\",\"url\":\"https:\\\/\\\/secure.gravatar.com\\\/avatar\\\/c7164ed6fdec453195284ad24a5ae5b6e1eed2b848477fa2a4787ba9adf39a41?s=96&d=mm&r=g\",\"contentUrl\":\"https:\\\/\\\/secure.gravatar.com\\\/avatar\\\/c7164ed6fdec453195284ad24a5ae5b6e1eed2b848477fa2a4787ba9adf39a41?s=96&d=mm&r=g\",\"caption\":\"Redacci\u00f3n QP\"},\"url\":\"https:\\\/\\\/quehacerpolitico.mx\\\/?author=2\"}]}<\/script>\n<!-- \/ Yoast SEO plugin. -->","yoast_head_json":{"title":"AMLO asegura que Gertz Manero busca justicia por asesinato de su hermano; pide esperar resoluci\u00f3n de SCJN\u00a0 -","robots":{"index":"index","follow":"follow","max-snippet":"max-snippet:-1","max-image-preview":"max-image-preview:large","max-video-preview":"max-video-preview:-1"},"canonical":"https:\/\/quehacerpolitico.mx\/?p=90422","og_locale":"es_MX","og_type":"article","og_title":"AMLO asegura que Gertz Manero busca justicia por asesinato de su hermano; pide esperar resoluci\u00f3n de SCJN\u00a0 -","og_description":"Por Redacci\u00f3n QP L\u00f3pez Obrador ratific\u00f3 su \u2018confianza\u2019 en Gertz Manero, tras la filtraci\u00f3n de...","og_url":"https:\/\/quehacerpolitico.mx\/?p=90422","article_published_time":"2022-03-07T17:19:02+00:00","article_modified_time":"2022-03-07T17:19:07+00:00","og_image":[{"width":961,"height":706,"url":"https:\/\/quehacerpolitico.mx\/wp-content\/uploads\/2022\/03\/1D7A4B4D-2699-4FFC-97CF-F2FD7023120E.jpeg","type":"image\/jpeg"}],"author":"Redacci\u00f3n QP","twitter_card":"summary_large_image","twitter_misc":{"Escrito por":"Redacci\u00f3n QP","Tiempo de lectura":"3 minutos"},"schema":{"@context":"https:\/\/schema.org","@graph":[{"@type":"Article","@id":"https:\/\/quehacerpolitico.mx\/?p=90422#article","isPartOf":{"@id":"https:\/\/quehacerpolitico.mx\/?p=90422"},"author":{"name":"Redacci\u00f3n QP","@id":"https:\/\/quehacerpolitico.mx\/#\/schema\/person\/496d8ad2d1d3f8036101dca7ee39e585"},"headline":"AMLO asegura que Gertz Manero busca justicia por asesinato de su hermano; pide esperar resoluci\u00f3n de SCJN\u00a0","datePublished":"2022-03-07T17:19:02+00:00","dateModified":"2022-03-07T17:19:07+00:00","mainEntityOfPage":{"@id":"https:\/\/quehacerpolitico.mx\/?p=90422"},"wordCount":706,"commentCount":0,"image":{"@id":"https:\/\/quehacerpolitico.mx\/?p=90422#primaryimage"},"thumbnailUrl":"https:\/\/quehacerpolitico.mx\/wp-content\/uploads\/2022\/03\/1D7A4B4D-2699-4FFC-97CF-F2FD7023120E.jpeg","articleSection":["Noticias"],"inLanguage":"es","potentialAction":[{"@type":"CommentAction","name":"Comment","target":["https:\/\/quehacerpolitico.mx\/?p=90422#respond"]}]},{"@type":"WebPage","@id":"https:\/\/quehacerpolitico.mx\/?p=90422","url":"https:\/\/quehacerpolitico.mx\/?p=90422","name":"AMLO asegura que Gertz Manero busca justicia por asesinato de su hermano; pide esperar resoluci\u00f3n de SCJN\u00a0 -","isPartOf":{"@id":"https:\/\/quehacerpolitico.mx\/#website"},"primaryImageOfPage":{"@id":"https:\/\/quehacerpolitico.mx\/?p=90422#primaryimage"},"image":{"@id":"https:\/\/quehacerpolitico.mx\/?p=90422#primaryimage"},"thumbnailUrl":"https:\/\/quehacerpolitico.mx\/wp-content\/uploads\/2022\/03\/1D7A4B4D-2699-4FFC-97CF-F2FD7023120E.jpeg","datePublished":"2022-03-07T17:19:02+00:00","dateModified":"2022-03-07T17:19:07+00:00","author":{"@id":"https:\/\/quehacerpolitico.mx\/#\/schema\/person\/496d8ad2d1d3f8036101dca7ee39e585"},"breadcrumb":{"@id":"https:\/\/quehacerpolitico.mx\/?p=90422#breadcrumb"},"inLanguage":"es","potentialAction":[{"@type":"ReadAction","target":["https:\/\/quehacerpolitico.mx\/?p=90422"]}]},{"@type":"ImageObject","inLanguage":"es","@id":"https:\/\/quehacerpolitico.mx\/?p=90422#primaryimage","url":"https:\/\/quehacerpolitico.mx\/wp-content\/uploads\/2022\/03\/1D7A4B4D-2699-4FFC-97CF-F2FD7023120E.jpeg","contentUrl":"https:\/\/quehacerpolitico.mx\/wp-content\/uploads\/2022\/03\/1D7A4B4D-2699-4FFC-97CF-F2FD7023120E.jpeg","width":961,"height":706},{"@type":"BreadcrumbList","@id":"https:\/\/quehacerpolitico.mx\/?p=90422#breadcrumb","itemListElement":[{"@type":"ListItem","position":1,"name":"Inicio","item":"https:\/\/quehacerpolitico.mx\/"},{"@type":"ListItem","position":2,"name":"AMLO asegura que Gertz Manero busca justicia por asesinato de su hermano; pide esperar resoluci\u00f3n de SCJN\u00a0"}]},{"@type":"WebSite","@id":"https:\/\/quehacerpolitico.mx\/#website","url":"https:\/\/quehacerpolitico.mx\/","name":"","description":"","potentialAction":[{"@type":"SearchAction","target":{"@type":"EntryPoint","urlTemplate":"https:\/\/quehacerpolitico.mx\/?s={search_term_string}"},"query-input":{"@type":"PropertyValueSpecification","valueRequired":true,"valueName":"search_term_string"}}],"inLanguage":"es"},{"@type":"Person","@id":"https:\/\/quehacerpolitico.mx\/#\/schema\/person\/496d8ad2d1d3f8036101dca7ee39e585","name":"Redacci\u00f3n QP","image":{"@type":"ImageObject","inLanguage":"es","@id":"https:\/\/secure.gravatar.com\/avatar\/c7164ed6fdec453195284ad24a5ae5b6e1eed2b848477fa2a4787ba9adf39a41?s=96&d=mm&r=g","url":"https:\/\/secure.gravatar.com\/avatar\/c7164ed6fdec453195284ad24a5ae5b6e1eed2b848477fa2a4787ba9adf39a41?s=96&d=mm&r=g","contentUrl":"https:\/\/secure.gravatar.com\/avatar\/c7164ed6fdec453195284ad24a5ae5b6e1eed2b848477fa2a4787ba9adf39a41?s=96&d=mm&r=g","caption":"Redacci\u00f3n QP"},"url":"https:\/\/quehacerpolitico.mx\/?author=2"}]}},"featured_image_urls":{"full":["https:\/\/quehacerpolitico.mx\/wp-content\/uploads\/2022\/03\/1D7A4B4D-2699-4FFC-97CF-F2FD7023120E.jpeg",961,706,false],"thumbnail":["https:\/\/quehacerpolitico.mx\/wp-content\/uploads\/2022\/03\/1D7A4B4D-2699-4FFC-97CF-F2FD7023120E-150x150.jpeg",150,150,true],"medium":["https:\/\/quehacerpolitico.mx\/wp-content\/uploads\/2022\/03\/1D7A4B4D-2699-4FFC-97CF-F2FD7023120E-300x220.jpeg",300,220,true],"medium_large":["https:\/\/quehacerpolitico.mx\/wp-content\/uploads\/2022\/03\/1D7A4B4D-2699-4FFC-97CF-F2FD7023120E-768x564.jpeg",640,470,true],"large":["https:\/\/quehacerpolitico.mx\/wp-content\/uploads\/2022\/03\/1D7A4B4D-2699-4FFC-97CF-F2FD7023120E.jpeg",640,470,false],"1536x1536":["https:\/\/quehacerpolitico.mx\/wp-content\/uploads\/2022\/03\/1D7A4B4D-2699-4FFC-97CF-F2FD7023120E.jpeg",961,706,false],"2048x2048":["https:\/\/quehacerpolitico.mx\/wp-content\/uploads\/2022\/03\/1D7A4B4D-2699-4FFC-97CF-F2FD7023120E.jpeg",961,706,false],"covernews-featured":["https:\/\/quehacerpolitico.mx\/wp-content\/uploads\/2022\/03\/1D7A4B4D-2699-4FFC-97CF-F2FD7023120E.jpeg",961,706,false],"covernews-medium":["https:\/\/quehacerpolitico.mx\/wp-content\/uploads\/2022\/03\/1D7A4B4D-2699-4FFC-97CF-F2FD7023120E.jpeg",463,340,false]},"author_info":{"display_name":"Redacci\u00f3n QP","author_link":"https:\/\/quehacerpolitico.mx\/?author=2"},"category_info":"<a href=\"https:\/\/quehacerpolitico.mx\/?cat=2\" rel=\"category\">Noticias<\/a>","tag_info":"Noticias","comment_count":"0","_links":{"self":[{"href":"https:\/\/quehacerpolitico.mx\/index.php?rest_route=\/wp\/v2\/posts\/90422","targetHints":{"allow":["GET"]}}],"collection":[{"href":"https:\/\/quehacerpolitico.mx\/index.php?rest_route=\/wp\/v2\/posts"}],"about":[{"href":"https:\/\/quehacerpolitico.mx\/index.php?rest_route=\/wp\/v2\/types\/post"}],"author":[{"embeddable":true,"href":"https:\/\/quehacerpolitico.mx\/index.php?rest_route=\/wp\/v2\/users\/2"}],"replies":[{"embeddable":true,"href":"https:\/\/quehacerpolitico.mx\/index.php?rest_route=%2Fwp%2Fv2%2Fcomments&post=90422"}],"version-history":[{"count":1,"href":"https:\/\/quehacerpolitico.mx\/index.php?rest_route=\/wp\/v2\/posts\/90422\/revisions"}],"predecessor-version":[{"id":90424,"href":"https:\/\/quehacerpolitico.mx\/index.php?rest_route=\/wp\/v2\/posts\/90422\/revisions\/90424"}],"wp:featuredmedia":[{"embeddable":true,"href":"https:\/\/quehacerpolitico.mx\/index.php?rest_route=\/wp\/v2\/media\/90423"}],"wp:attachment":[{"href":"https:\/\/quehacerpolitico.mx\/index.php?rest_route=%2Fwp%2Fv2%2Fmedia&parent=90422"}],"wp:term":[{"taxonomy":"category","embeddable":true,"href":"https:\/\/quehacerpolitico.mx\/index.php?rest_route=%2Fwp%2Fv2%2Fcategories&post=90422"},{"taxonomy":"post_tag","embeddable":true,"href":"https:\/\/quehacerpolitico.mx\/index.php?rest_route=%2Fwp%2Fv2%2Ftags&post=90422"}],"curies":[{"name":"wp","href":"https:\/\/api.w.org\/{rel}","templated":true}]}}