{"id":90419,"date":"2022-03-07T17:03:56","date_gmt":"2022-03-07T17:03:56","guid":{"rendered":"https:\/\/quehacerpolitico.mx\/?p=90419"},"modified":"2022-03-07T17:04:06","modified_gmt":"2022-03-07T17:04:06","slug":"se-debe-continuar-moralizando-a-mexico-y-atender-origen-de-la-violencia-amlo-tras-rina-en-estadio-corregidora","status":"publish","type":"post","link":"https:\/\/quehacerpolitico.mx\/?p=90419","title":{"rendered":"Se debe continuar moralizando a M\u00e9xico y atender origen de la violencia: AMLO, tras ri\u00f1a en estadio Corregidora\u00a0"},"content":{"rendered":"\n<p>Por Redacci\u00f3n QP<\/p>\n\n\n\n<p>El presidente refiri\u00f3 que antes se pensaba que s\u00f3lo con medidas coercitivas se pod\u00eda resolver el problema de la violencia en M\u00e9xico<\/p>\n\n\n\n<ul class=\"wp-block-list\"><li>Denunci\u00f3 que los delincuentes se infiltraron anteriormente en los m\u00e1s altos niveles del gobierno y que la delincuencia organizada y la de cuello blanco se nutrieron mutuamente<\/li><\/ul>\n\n\n\n<p>El presidente de M\u00e9xico,\u00a0<strong>Andr\u00e9s Manuel L\u00f3pez Obrador (AMLO)<\/strong>\u00a0puntualiz\u00f3 que se debe continuar moralizando a M\u00e9xico, atendiendo el origen de la violencia, luego de la\u00a0ri\u00f1a registrada en el estadio Corregidora de Queretaro, que dej\u00f3 m\u00e1s de 20 personas lesionadas.<\/p>\n\n\n\n<blockquote class=\"wp-block-quote is-layout-flow wp-block-quote-is-layout-flow\"><p>\u201cDebemos de tener en cuenta, en consideraci\u00f3n, ante estos hechos lamentables que se debe continuar moralizando al pa\u00eds y atendiendo los or\u00edgenes de la violencia, las causas de la violencia\u201d, dijo durante su\u00a0conferencia \u201dma\u00f1anera\u201d  en Palacio Nacional.<\/p><\/blockquote>\n\n\n\n<p>El presidente refiri\u00f3 que antes se pensaba que s\u00f3lo con medidas coercitivas se pod\u00eda resolver el problema de la violencia en M\u00e9xico.<\/p>\n\n\n\n<p>Denunci\u00f3 que los delincuentes se infiltraron anteriormente en los m\u00e1s altos niveles del gobierno y que la delincuencia organizada y la de cuello blanco se nutrieron mutuamente.<\/p>\n\n\n\n<p><strong>L\u00f3pez Obrador<\/strong>&nbsp;insisti\u00f3 en que la paz es fruto de la justicia y que hay que atender las causas, ombatir la desigualdad econ\u00f3mica y social, atender a los j\u00f3venes, luchar contra la corrupci\u00f3n y fortalecer a las familias.<\/p>\n\n\n\n<blockquote class=\"wp-block-quote is-layout-flow wp-block-quote-is-layout-flow\"><p>\u201cEsto son resabios de los gobiernos neoliberales anteriores, o de todo el periodo en que se apost\u00f3 a la corrupci\u00f3n, a la impunidad y al abandono del pueblo\u201d, dijo.<\/p><\/blockquote>\n\n\n\n<p>Asegur\u00f3 que el proceso de transformaci\u00f3n est\u00e1 empezando a dar frutos pero tomar\u00e1 tiempo porque es un proceso de transici\u00f3n en donde lo anacr\u00f3nico, del viejo r\u00e9gimen, no acaba de morir.<\/p>\n\n\n\n<p>Reiter\u00f3 en la necesidad de moralizar a M\u00e9xico y en insistir en que \u201cs\u00f3lo siendo buenos podemos ser felices\u201d.<\/p>\n\n\n\n<figure class=\"wp-block-embed is-type-video is-provider-youtube wp-block-embed-youtube wp-embed-aspect-16-9 wp-has-aspect-ratio\"><div class=\"wp-block-embed__wrapper\">\n<iframe loading=\"lazy\" title=\"Trifulca en el Quer\u00e9taro-Atlas, resabios que dejaron los gobiernos neoliberales: AMLO\" width=\"640\" height=\"360\" src=\"https:\/\/www.youtube.com\/embed\/B1zwZGXGXjY?feature=oembed\" frameborder=\"0\" allow=\"accelerometer; autoplay; clipboard-write; encrypted-media; gyroscope; picture-in-picture; web-share\" referrerpolicy=\"strict-origin-when-cross-origin\" allowfullscreen><\/iframe>\n<\/div><\/figure>\n\n\n\n<p><strong>L\u00f3pez Obrador<\/strong>&nbsp;tambi\u00e9n cuestion\u00f3 las versiones en redes sociales que hablaban de 17 muertos al se\u00f1alar que es la misma cifra de fallecidos que se especul\u00f3 en la presunta masacre durante un funeral en San Jos\u00e9 de Gracia, Michoac\u00e1n.<\/p>\n\n\n\n<blockquote class=\"wp-block-quote is-layout-flow wp-block-quote-is-layout-flow\"><p>\u201cDebe llamarnos la atenci\u00f3n lo que se maneja en redes sociales, sin afanes de censura, nada m\u00e1s que se repite mucho el 17\u201d, manifest\u00f3.<\/p><\/blockquote>\n\n\n\n<p>El mandatario descart\u00f3 responsabilizar al gobernador Mauricio Kuri, del Partido Acci\u00f3n Nacional (PAN).<\/p>\n\n\n\n<p>Aun as\u00ed, pidi\u00f3 reforzar la seguridad en los accesos de los estadios antes y despu\u00e9s de los partidos.<\/p>\n\n\n\n<blockquote class=\"wp-block-quote is-layout-flow wp-block-quote-is-layout-flow\"><p>\u201cEso es lo que hay que seguir haciendo y un llamado a que no se opte por la violencia, que eso es lo m\u00e1s inhumano que puede haber y que sigamos atendiendo a los j\u00f3venes porque no podemos resolver los problemas si no se va a las causas\u201d, mencion\u00f3.<\/p><\/blockquote>\n\n\n\n<p>El s\u00e1bado, durante el partido entre los equipos&nbsp;<strong>Quer\u00e9taro<\/strong>&nbsp;y el actual campe\u00f3n Atlas, hinchas de ambos equipos, conocidos como \u201cbarras bravas\u201d, comenzaron una pelea en las gradas del estadio que llev\u00f3 a cientos de aficionados, incluyendo familias con ni\u00f1os, a invadir la cancha huyendo de la pelea que fue subiendo de intensidad y tratando de ponerse a salvo.<\/p>\n\n\n\n<p>La trifulca ha conmocionado al pa\u00eds por difundirse im\u00e1genes con aficionados que yac\u00edan en el suelo, violentos enfrentamientos y familias que intentaban resguardar a sus hijos.<\/p>\n\n\n\n<p>El subsecretario de Seguridad del Gobierno federal, Ricardo Mej\u00eda, asever\u00f3 que \u201ceste es el primer evento de estas caracter\u00edsticas en ese estadio\u201d porque&nbsp;<strong>Quer\u00e9taro<\/strong>&nbsp;\u201ces un estado con bajos \u00edndices delictivos\u201d.<\/p>\n\n\n\n<p>El funcionario indic\u00f3 que la responsabilidad de indagar los hechos corresponde al Gobierno estatal de&nbsp;<strong>Quer\u00e9taro<\/strong>, aunque la Secretar\u00eda federal de Seguridad ha ofrecido su colaboraci\u00f3n.<\/p>\n\n\n\n<blockquote class=\"wp-block-quote is-layout-flow wp-block-quote-is-layout-flow\"><p>\u201cHemos estado se\u00f1alando la necesidad de revisar a detalle los protocolos que corresponden tanto a los directivos del equipo de f\u00fatbol como a las autoridades, y sobre todo a la Federaci\u00f3n Mexicana de F\u00fatbol. Es importante para que se evite este tipo de incidentes\u201d, indic\u00f3 Mej\u00eda.<\/p><\/blockquote>\n\n\n\n<p><em>Con informaci\u00f3n de EFE y Reuters<\/em><\/p>\n","protected":false},"excerpt":{"rendered":"<p>Por Redacci\u00f3n QP El presidente refiri\u00f3 que antes se pensaba que s\u00f3lo con medidas coercitivas&#8230;<\/p>\n","protected":false},"author":2,"featured_media":90420,"comment_status":"open","ping_status":"open","sticky":false,"template":"","format":"standard","meta":{"_monsterinsights_skip_tracking":false,"_monsterinsights_sitenote_active":false,"_monsterinsights_sitenote_note":"","_monsterinsights_sitenote_category":0,"footnotes":""},"categories":[2],"tags":[],"class_list":["post-90419","post","type-post","status-publish","format-standard","has-post-thumbnail","hentry","category-noticias"],"yoast_head":"<!-- This site is optimized with the Yoast SEO plugin v27.3 - https:\/\/yoast.com\/product\/yoast-seo-wordpress\/ -->\n<title>Se debe continuar moralizando a M\u00e9xico y atender origen de la violencia: AMLO, tras ri\u00f1a en estadio Corregidora\u00a0 -<\/title>\n<meta name=\"robots\" content=\"index, follow, max-snippet:-1, max-image-preview:large, max-video-preview:-1\" \/>\n<link rel=\"canonical\" href=\"https:\/\/quehacerpolitico.mx\/?p=90419\" \/>\n<meta property=\"og:locale\" content=\"es_MX\" \/>\n<meta property=\"og:type\" content=\"article\" \/>\n<meta property=\"og:title\" content=\"Se debe continuar moralizando a M\u00e9xico y atender origen de la violencia: AMLO, tras ri\u00f1a en estadio Corregidora\u00a0 -\" \/>\n<meta property=\"og:description\" content=\"Por Redacci\u00f3n QP El presidente refiri\u00f3 que antes se pensaba que s\u00f3lo con medidas coercitivas...\" \/>\n<meta property=\"og:url\" content=\"https:\/\/quehacerpolitico.mx\/?p=90419\" \/>\n<meta property=\"article:published_time\" content=\"2022-03-07T17:03:56+00:00\" \/>\n<meta property=\"article:modified_time\" content=\"2022-03-07T17:04:06+00:00\" \/>\n<meta property=\"og:image\" content=\"https:\/\/quehacerpolitico.mx\/wp-content\/uploads\/2022\/03\/1E481E72-4193-467C-8051-EAC6A93AD677.jpeg\" \/>\n\t<meta property=\"og:image:width\" content=\"950\" \/>\n\t<meta property=\"og:image:height\" content=\"706\" \/>\n\t<meta property=\"og:image:type\" content=\"image\/jpeg\" \/>\n<meta name=\"author\" content=\"Redacci\u00f3n QP\" \/>\n<meta name=\"twitter:card\" content=\"summary_large_image\" \/>\n<meta name=\"twitter:label1\" content=\"Escrito por\" \/>\n\t<meta name=\"twitter:data1\" content=\"Redacci\u00f3n QP\" \/>\n\t<meta name=\"twitter:label2\" content=\"Tiempo de lectura\" \/>\n\t<meta name=\"twitter:data2\" content=\"4 minutos\" \/>\n<script type=\"application\/ld+json\" class=\"yoast-schema-graph\">{\"@context\":\"https:\\\/\\\/schema.org\",\"@graph\":[{\"@type\":\"Article\",\"@id\":\"https:\\\/\\\/quehacerpolitico.mx\\\/?p=90419#article\",\"isPartOf\":{\"@id\":\"https:\\\/\\\/quehacerpolitico.mx\\\/?p=90419\"},\"author\":{\"name\":\"Redacci\u00f3n QP\",\"@id\":\"https:\\\/\\\/quehacerpolitico.mx\\\/#\\\/schema\\\/person\\\/496d8ad2d1d3f8036101dca7ee39e585\"},\"headline\":\"Se debe continuar moralizando a M\u00e9xico y atender origen de la violencia: AMLO, tras ri\u00f1a en estadio Corregidora\u00a0\",\"datePublished\":\"2022-03-07T17:03:56+00:00\",\"dateModified\":\"2022-03-07T17:04:06+00:00\",\"mainEntityOfPage\":{\"@id\":\"https:\\\/\\\/quehacerpolitico.mx\\\/?p=90419\"},\"wordCount\":722,\"commentCount\":0,\"image\":{\"@id\":\"https:\\\/\\\/quehacerpolitico.mx\\\/?p=90419#primaryimage\"},\"thumbnailUrl\":\"https:\\\/\\\/quehacerpolitico.mx\\\/wp-content\\\/uploads\\\/2022\\\/03\\\/1E481E72-4193-467C-8051-EAC6A93AD677.jpeg\",\"articleSection\":[\"Noticias\"],\"inLanguage\":\"es\",\"potentialAction\":[{\"@type\":\"CommentAction\",\"name\":\"Comment\",\"target\":[\"https:\\\/\\\/quehacerpolitico.mx\\\/?p=90419#respond\"]}]},{\"@type\":\"WebPage\",\"@id\":\"https:\\\/\\\/quehacerpolitico.mx\\\/?p=90419\",\"url\":\"https:\\\/\\\/quehacerpolitico.mx\\\/?p=90419\",\"name\":\"Se debe continuar moralizando a M\u00e9xico y atender origen de la violencia: AMLO, tras ri\u00f1a en estadio Corregidora\u00a0 -\",\"isPartOf\":{\"@id\":\"https:\\\/\\\/quehacerpolitico.mx\\\/#website\"},\"primaryImageOfPage\":{\"@id\":\"https:\\\/\\\/quehacerpolitico.mx\\\/?p=90419#primaryimage\"},\"image\":{\"@id\":\"https:\\\/\\\/quehacerpolitico.mx\\\/?p=90419#primaryimage\"},\"thumbnailUrl\":\"https:\\\/\\\/quehacerpolitico.mx\\\/wp-content\\\/uploads\\\/2022\\\/03\\\/1E481E72-4193-467C-8051-EAC6A93AD677.jpeg\",\"datePublished\":\"2022-03-07T17:03:56+00:00\",\"dateModified\":\"2022-03-07T17:04:06+00:00\",\"author\":{\"@id\":\"https:\\\/\\\/quehacerpolitico.mx\\\/#\\\/schema\\\/person\\\/496d8ad2d1d3f8036101dca7ee39e585\"},\"breadcrumb\":{\"@id\":\"https:\\\/\\\/quehacerpolitico.mx\\\/?p=90419#breadcrumb\"},\"inLanguage\":\"es\",\"potentialAction\":[{\"@type\":\"ReadAction\",\"target\":[\"https:\\\/\\\/quehacerpolitico.mx\\\/?p=90419\"]}]},{\"@type\":\"ImageObject\",\"inLanguage\":\"es\",\"@id\":\"https:\\\/\\\/quehacerpolitico.mx\\\/?p=90419#primaryimage\",\"url\":\"https:\\\/\\\/quehacerpolitico.mx\\\/wp-content\\\/uploads\\\/2022\\\/03\\\/1E481E72-4193-467C-8051-EAC6A93AD677.jpeg\",\"contentUrl\":\"https:\\\/\\\/quehacerpolitico.mx\\\/wp-content\\\/uploads\\\/2022\\\/03\\\/1E481E72-4193-467C-8051-EAC6A93AD677.jpeg\",\"width\":950,\"height\":706},{\"@type\":\"BreadcrumbList\",\"@id\":\"https:\\\/\\\/quehacerpolitico.mx\\\/?p=90419#breadcrumb\",\"itemListElement\":[{\"@type\":\"ListItem\",\"position\":1,\"name\":\"Inicio\",\"item\":\"https:\\\/\\\/quehacerpolitico.mx\\\/\"},{\"@type\":\"ListItem\",\"position\":2,\"name\":\"Se debe continuar moralizando a M\u00e9xico y atender origen de la violencia: AMLO, tras ri\u00f1a en estadio Corregidora\u00a0\"}]},{\"@type\":\"WebSite\",\"@id\":\"https:\\\/\\\/quehacerpolitico.mx\\\/#website\",\"url\":\"https:\\\/\\\/quehacerpolitico.mx\\\/\",\"name\":\"\",\"description\":\"\",\"potentialAction\":[{\"@type\":\"SearchAction\",\"target\":{\"@type\":\"EntryPoint\",\"urlTemplate\":\"https:\\\/\\\/quehacerpolitico.mx\\\/?s={search_term_string}\"},\"query-input\":{\"@type\":\"PropertyValueSpecification\",\"valueRequired\":true,\"valueName\":\"search_term_string\"}}],\"inLanguage\":\"es\"},{\"@type\":\"Person\",\"@id\":\"https:\\\/\\\/quehacerpolitico.mx\\\/#\\\/schema\\\/person\\\/496d8ad2d1d3f8036101dca7ee39e585\",\"name\":\"Redacci\u00f3n QP\",\"image\":{\"@type\":\"ImageObject\",\"inLanguage\":\"es\",\"@id\":\"https:\\\/\\\/secure.gravatar.com\\\/avatar\\\/c7164ed6fdec453195284ad24a5ae5b6e1eed2b848477fa2a4787ba9adf39a41?s=96&d=mm&r=g\",\"url\":\"https:\\\/\\\/secure.gravatar.com\\\/avatar\\\/c7164ed6fdec453195284ad24a5ae5b6e1eed2b848477fa2a4787ba9adf39a41?s=96&d=mm&r=g\",\"contentUrl\":\"https:\\\/\\\/secure.gravatar.com\\\/avatar\\\/c7164ed6fdec453195284ad24a5ae5b6e1eed2b848477fa2a4787ba9adf39a41?s=96&d=mm&r=g\",\"caption\":\"Redacci\u00f3n QP\"},\"url\":\"https:\\\/\\\/quehacerpolitico.mx\\\/?author=2\"}]}<\/script>\n<!-- \/ Yoast SEO plugin. -->","yoast_head_json":{"title":"Se debe continuar moralizando a M\u00e9xico y atender origen de la violencia: AMLO, tras ri\u00f1a en estadio Corregidora\u00a0 -","robots":{"index":"index","follow":"follow","max-snippet":"max-snippet:-1","max-image-preview":"max-image-preview:large","max-video-preview":"max-video-preview:-1"},"canonical":"https:\/\/quehacerpolitico.mx\/?p=90419","og_locale":"es_MX","og_type":"article","og_title":"Se debe continuar moralizando a M\u00e9xico y atender origen de la violencia: AMLO, tras ri\u00f1a en estadio Corregidora\u00a0 -","og_description":"Por Redacci\u00f3n QP El presidente refiri\u00f3 que antes se pensaba que s\u00f3lo con medidas coercitivas...","og_url":"https:\/\/quehacerpolitico.mx\/?p=90419","article_published_time":"2022-03-07T17:03:56+00:00","article_modified_time":"2022-03-07T17:04:06+00:00","og_image":[{"width":950,"height":706,"url":"https:\/\/quehacerpolitico.mx\/wp-content\/uploads\/2022\/03\/1E481E72-4193-467C-8051-EAC6A93AD677.jpeg","type":"image\/jpeg"}],"author":"Redacci\u00f3n QP","twitter_card":"summary_large_image","twitter_misc":{"Escrito por":"Redacci\u00f3n QP","Tiempo de lectura":"4 minutos"},"schema":{"@context":"https:\/\/schema.org","@graph":[{"@type":"Article","@id":"https:\/\/quehacerpolitico.mx\/?p=90419#article","isPartOf":{"@id":"https:\/\/quehacerpolitico.mx\/?p=90419"},"author":{"name":"Redacci\u00f3n QP","@id":"https:\/\/quehacerpolitico.mx\/#\/schema\/person\/496d8ad2d1d3f8036101dca7ee39e585"},"headline":"Se debe continuar moralizando a M\u00e9xico y atender origen de la violencia: AMLO, tras ri\u00f1a en estadio Corregidora\u00a0","datePublished":"2022-03-07T17:03:56+00:00","dateModified":"2022-03-07T17:04:06+00:00","mainEntityOfPage":{"@id":"https:\/\/quehacerpolitico.mx\/?p=90419"},"wordCount":722,"commentCount":0,"image":{"@id":"https:\/\/quehacerpolitico.mx\/?p=90419#primaryimage"},"thumbnailUrl":"https:\/\/quehacerpolitico.mx\/wp-content\/uploads\/2022\/03\/1E481E72-4193-467C-8051-EAC6A93AD677.jpeg","articleSection":["Noticias"],"inLanguage":"es","potentialAction":[{"@type":"CommentAction","name":"Comment","target":["https:\/\/quehacerpolitico.mx\/?p=90419#respond"]}]},{"@type":"WebPage","@id":"https:\/\/quehacerpolitico.mx\/?p=90419","url":"https:\/\/quehacerpolitico.mx\/?p=90419","name":"Se debe continuar moralizando a M\u00e9xico y atender origen de la violencia: AMLO, tras ri\u00f1a en estadio Corregidora\u00a0 -","isPartOf":{"@id":"https:\/\/quehacerpolitico.mx\/#website"},"primaryImageOfPage":{"@id":"https:\/\/quehacerpolitico.mx\/?p=90419#primaryimage"},"image":{"@id":"https:\/\/quehacerpolitico.mx\/?p=90419#primaryimage"},"thumbnailUrl":"https:\/\/quehacerpolitico.mx\/wp-content\/uploads\/2022\/03\/1E481E72-4193-467C-8051-EAC6A93AD677.jpeg","datePublished":"2022-03-07T17:03:56+00:00","dateModified":"2022-03-07T17:04:06+00:00","author":{"@id":"https:\/\/quehacerpolitico.mx\/#\/schema\/person\/496d8ad2d1d3f8036101dca7ee39e585"},"breadcrumb":{"@id":"https:\/\/quehacerpolitico.mx\/?p=90419#breadcrumb"},"inLanguage":"es","potentialAction":[{"@type":"ReadAction","target":["https:\/\/quehacerpolitico.mx\/?p=90419"]}]},{"@type":"ImageObject","inLanguage":"es","@id":"https:\/\/quehacerpolitico.mx\/?p=90419#primaryimage","url":"https:\/\/quehacerpolitico.mx\/wp-content\/uploads\/2022\/03\/1E481E72-4193-467C-8051-EAC6A93AD677.jpeg","contentUrl":"https:\/\/quehacerpolitico.mx\/wp-content\/uploads\/2022\/03\/1E481E72-4193-467C-8051-EAC6A93AD677.jpeg","width":950,"height":706},{"@type":"BreadcrumbList","@id":"https:\/\/quehacerpolitico.mx\/?p=90419#breadcrumb","itemListElement":[{"@type":"ListItem","position":1,"name":"Inicio","item":"https:\/\/quehacerpolitico.mx\/"},{"@type":"ListItem","position":2,"name":"Se debe continuar moralizando a M\u00e9xico y atender origen de la violencia: AMLO, tras ri\u00f1a en estadio Corregidora\u00a0"}]},{"@type":"WebSite","@id":"https:\/\/quehacerpolitico.mx\/#website","url":"https:\/\/quehacerpolitico.mx\/","name":"","description":"","potentialAction":[{"@type":"SearchAction","target":{"@type":"EntryPoint","urlTemplate":"https:\/\/quehacerpolitico.mx\/?s={search_term_string}"},"query-input":{"@type":"PropertyValueSpecification","valueRequired":true,"valueName":"search_term_string"}}],"inLanguage":"es"},{"@type":"Person","@id":"https:\/\/quehacerpolitico.mx\/#\/schema\/person\/496d8ad2d1d3f8036101dca7ee39e585","name":"Redacci\u00f3n QP","image":{"@type":"ImageObject","inLanguage":"es","@id":"https:\/\/secure.gravatar.com\/avatar\/c7164ed6fdec453195284ad24a5ae5b6e1eed2b848477fa2a4787ba9adf39a41?s=96&d=mm&r=g","url":"https:\/\/secure.gravatar.com\/avatar\/c7164ed6fdec453195284ad24a5ae5b6e1eed2b848477fa2a4787ba9adf39a41?s=96&d=mm&r=g","contentUrl":"https:\/\/secure.gravatar.com\/avatar\/c7164ed6fdec453195284ad24a5ae5b6e1eed2b848477fa2a4787ba9adf39a41?s=96&d=mm&r=g","caption":"Redacci\u00f3n QP"},"url":"https:\/\/quehacerpolitico.mx\/?author=2"}]}},"featured_image_urls":{"full":["https:\/\/quehacerpolitico.mx\/wp-content\/uploads\/2022\/03\/1E481E72-4193-467C-8051-EAC6A93AD677.jpeg",950,706,false],"thumbnail":["https:\/\/quehacerpolitico.mx\/wp-content\/uploads\/2022\/03\/1E481E72-4193-467C-8051-EAC6A93AD677-150x150.jpeg",150,150,true],"medium":["https:\/\/quehacerpolitico.mx\/wp-content\/uploads\/2022\/03\/1E481E72-4193-467C-8051-EAC6A93AD677-300x223.jpeg",300,223,true],"medium_large":["https:\/\/quehacerpolitico.mx\/wp-content\/uploads\/2022\/03\/1E481E72-4193-467C-8051-EAC6A93AD677-768x571.jpeg",640,476,true],"large":["https:\/\/quehacerpolitico.mx\/wp-content\/uploads\/2022\/03\/1E481E72-4193-467C-8051-EAC6A93AD677.jpeg",640,476,false],"1536x1536":["https:\/\/quehacerpolitico.mx\/wp-content\/uploads\/2022\/03\/1E481E72-4193-467C-8051-EAC6A93AD677.jpeg",950,706,false],"2048x2048":["https:\/\/quehacerpolitico.mx\/wp-content\/uploads\/2022\/03\/1E481E72-4193-467C-8051-EAC6A93AD677.jpeg",950,706,false],"covernews-featured":["https:\/\/quehacerpolitico.mx\/wp-content\/uploads\/2022\/03\/1E481E72-4193-467C-8051-EAC6A93AD677.jpeg",950,706,false],"covernews-medium":["https:\/\/quehacerpolitico.mx\/wp-content\/uploads\/2022\/03\/1E481E72-4193-467C-8051-EAC6A93AD677.jpeg",458,340,false]},"author_info":{"display_name":"Redacci\u00f3n QP","author_link":"https:\/\/quehacerpolitico.mx\/?author=2"},"category_info":"<a href=\"https:\/\/quehacerpolitico.mx\/?cat=2\" rel=\"category\">Noticias<\/a>","tag_info":"Noticias","comment_count":"0","_links":{"self":[{"href":"https:\/\/quehacerpolitico.mx\/index.php?rest_route=\/wp\/v2\/posts\/90419","targetHints":{"allow":["GET"]}}],"collection":[{"href":"https:\/\/quehacerpolitico.mx\/index.php?rest_route=\/wp\/v2\/posts"}],"about":[{"href":"https:\/\/quehacerpolitico.mx\/index.php?rest_route=\/wp\/v2\/types\/post"}],"author":[{"embeddable":true,"href":"https:\/\/quehacerpolitico.mx\/index.php?rest_route=\/wp\/v2\/users\/2"}],"replies":[{"embeddable":true,"href":"https:\/\/quehacerpolitico.mx\/index.php?rest_route=%2Fwp%2Fv2%2Fcomments&post=90419"}],"version-history":[{"count":1,"href":"https:\/\/quehacerpolitico.mx\/index.php?rest_route=\/wp\/v2\/posts\/90419\/revisions"}],"predecessor-version":[{"id":90421,"href":"https:\/\/quehacerpolitico.mx\/index.php?rest_route=\/wp\/v2\/posts\/90419\/revisions\/90421"}],"wp:featuredmedia":[{"embeddable":true,"href":"https:\/\/quehacerpolitico.mx\/index.php?rest_route=\/wp\/v2\/media\/90420"}],"wp:attachment":[{"href":"https:\/\/quehacerpolitico.mx\/index.php?rest_route=%2Fwp%2Fv2%2Fmedia&parent=90419"}],"wp:term":[{"taxonomy":"category","embeddable":true,"href":"https:\/\/quehacerpolitico.mx\/index.php?rest_route=%2Fwp%2Fv2%2Fcategories&post=90419"},{"taxonomy":"post_tag","embeddable":true,"href":"https:\/\/quehacerpolitico.mx\/index.php?rest_route=%2Fwp%2Fv2%2Ftags&post=90419"}],"curies":[{"name":"wp","href":"https:\/\/api.w.org\/{rel}","templated":true}]}}