{"id":90410,"date":"2022-03-07T15:33:56","date_gmt":"2022-03-07T15:33:56","guid":{"rendered":"https:\/\/quehacerpolitico.mx\/?p=90410"},"modified":"2022-03-07T15:34:00","modified_gmt":"2022-03-07T15:34:00","slug":"internacionales-carolina-alonso-romei-rusia-abre-corredores-humanitarios-en-ucrania","status":"publish","type":"post","link":"https:\/\/quehacerpolitico.mx\/?p=90410","title":{"rendered":"Internacionales\/\/\/Carolina Alonso Romei\/\/\/Rusia abre corredores humanitarios en Ucrania"},"content":{"rendered":"\n<p>Por Carolina Alonso Romei<\/p>\n\n\n\n<p>Internacionalista <\/p>\n\n\n\n<p>Las fuerzas armadas confirmaron que los corredores se abrir\u00e1n en las ciudades de Kiev, J\u00e1rkov, Sumy y Mariupol.<\/p>\n\n\n\n<ul class=\"wp-block-list\"><li>El control de la evacuaci\u00f3n se ejercer\u00e1 con la ayuda de drones rusos.<\/li><\/ul>\n\n\n\n<p>A partir de este lunes,\u00a0<strong>Rusia<\/strong>\u00a0abre corredores humanitarios en las ciudades ucranianas de\u00a0<strong>Kiev, Mariupol, J\u00e1rkov y Sumy<\/strong>, seg\u00fan informaron las propias fuerzas armadas rusas a la Cruz Roja, la OSCE y la ONU, informan las agencias rusas.<\/p>\n\n\n\n<blockquote class=\"wp-block-quote is-layout-flow wp-block-quote-is-layout-flow\"><p><em>\u201cAnte la catastr\u00f3fica situaci\u00f3n humanitaria y su fuerte agravamiento en las ciudades de Kiev, J\u00e1rkov, Sumy y Mariupol\u201d, dice el comunicado de las fuerzas armadas, publicado por las agencias rusas, \u201clas Fuerzas Armadas con fines humanitarios a partir de las 10.00 horas (07.00 GMT) del 7 de marzo de 2022 anuncian un \u2018r\u00e9gimen de silencio\u2019 y abren corredores humanitarios\u201d<\/em>.<\/p><p><\/p><\/blockquote>\n\n\n\n<p>Seg\u00fan las fuerzas armadas rusas, se abre un corredor desde Kiev que pasar\u00e1 por las ciudades de Gostomel, llegar\u00e1 hasta Chernobil y la localidad bielorrusa de Gden, a Gomel, tambi\u00e9n en Bielorrusia, para la posterior entrega de los desplazados por v\u00eda a\u00e9rea a la Federaci\u00f3n Rusa.<\/p>\n\n\n\n<p>Desde Mariupol la salida se realizar\u00e1 por dos v\u00edas: la primera ruta es desde Mariupol hasta Rostov del Don, ya en Rusia, para luego por transporte a\u00e9reo, ferroviario y por carretera seguir a destinos seleccionados o puntos de alojamiento temporal. La segunda ir\u00eda desde Mariupol hasta Mangush, en la cuenca del Donetsk.<\/p>\n\n\n\n<figure class=\"wp-block-embed is-type-video is-provider-youtube wp-block-embed-youtube wp-embed-aspect-16-9 wp-has-aspect-ratio\"><div class=\"wp-block-embed__wrapper\">\nhttps:\/\/youtu.be\/ByMpTK77y1Q\n<\/div><\/figure>\n\n\n\n<p>La ruta de J\u00e1rkov llegar\u00eda hasta Belgorod, ya en la Federaci\u00f3n Rusa, hasta llegar a los refugiados por transporte a\u00e9reo, ferroviario y por carretera a destinos seleccionados o puntos de alojamiento temporal; mientras que desde Sumy saldr\u00edan dos rutas: la primera hasta Belgorod (Rusia) y la segunda hasta la localidad ucraniana de Poltava.<\/p>\n\n\n\n<p>La parte rusa ya ha informado a los organismos especializados de la ONU, de la Organizaci\u00f3n para la Seguridad y la Cooperaci\u00f3n en Europa (OSCE) y el Comit\u00e9 Internacional de la Cruz Roja (CICR) que est\u00e1 abriendo esos corredores humanitarios en Ucrania, seg\u00fan inform\u00f3 este lunes el centro de Coordinaci\u00f3n para la Respuesta Humanitaria Interinstitucional.<\/p>\n\n\n\n<blockquote class=\"wp-block-quote is-layout-flow wp-block-quote-is-layout-flow\"><p><em>\u201cEsta informaci\u00f3n ha sido puesta en conocimiento de las agencias especializadas de la ONU, la OSCE, el CICR y otras organizaciones internacionales a trav\u00e9s de todos los recursos de informaci\u00f3n disponibles, incluidos los medios de comunicaci\u00f3n<\/em>\u201d, dijo el centro.<\/p><\/blockquote>\n\n\n\n<p>El control de la evacuaci\u00f3n se ejercer\u00e1 con la ayuda de drones rusos, precis\u00f3.<\/p>\n\n\n\n<blockquote class=\"wp-block-quote is-layout-flow wp-block-quote-is-layout-flow\"><p><em>\u201cEs por eso que advertimos que todos los intentos de la parte ucraniana de enga\u00f1ar a Rusia y a todo el mundo civilizado de que la operaci\u00f3n humanitaria se interrumpe supuestamente por culpa de la Federaci\u00f3n Rusa son in\u00fatiles y sin sentido esta vez\u201d<\/em>, dijo la fuente.<\/p><\/blockquote>\n\n\n\n<p>Con informaci\u00f3n de EFE.<\/p>\n","protected":false},"excerpt":{"rendered":"<p>Por Carolina Alonso Romei Internacionalista Las fuerzas armadas confirmaron que los corredores se abrir\u00e1n en&#8230;<\/p>\n","protected":false},"author":2,"featured_media":90411,"comment_status":"open","ping_status":"open","sticky":false,"template":"","format":"standard","meta":{"_monsterinsights_skip_tracking":false,"_monsterinsights_sitenote_active":false,"_monsterinsights_sitenote_note":"","_monsterinsights_sitenote_category":0,"footnotes":""},"categories":[1],"tags":[],"class_list":["post-90410","post","type-post","status-publish","format-standard","has-post-thumbnail","hentry","category-sin-categoria"],"yoast_head":"<!-- This site is optimized with the Yoast SEO plugin v27.3 - https:\/\/yoast.com\/product\/yoast-seo-wordpress\/ -->\n<title>Internacionales\/\/\/Carolina Alonso Romei\/\/\/Rusia abre corredores humanitarios en Ucrania -<\/title>\n<meta name=\"robots\" content=\"index, follow, max-snippet:-1, max-image-preview:large, max-video-preview:-1\" \/>\n<link rel=\"canonical\" href=\"https:\/\/quehacerpolitico.mx\/?p=90410\" \/>\n<meta property=\"og:locale\" content=\"es_MX\" \/>\n<meta property=\"og:type\" content=\"article\" \/>\n<meta property=\"og:title\" content=\"Internacionales\/\/\/Carolina Alonso Romei\/\/\/Rusia abre corredores humanitarios en Ucrania -\" \/>\n<meta property=\"og:description\" content=\"Por Carolina Alonso Romei Internacionalista Las fuerzas armadas confirmaron que los corredores se abrir\u00e1n en...\" \/>\n<meta property=\"og:url\" content=\"https:\/\/quehacerpolitico.mx\/?p=90410\" \/>\n<meta property=\"article:published_time\" content=\"2022-03-07T15:33:56+00:00\" \/>\n<meta property=\"article:modified_time\" content=\"2022-03-07T15:34:00+00:00\" \/>\n<meta property=\"og:image\" content=\"https:\/\/quehacerpolitico.mx\/wp-content\/uploads\/2022\/03\/C34951A1-1261-4995-9351-490231B26F26.jpeg\" \/>\n\t<meta property=\"og:image:width\" content=\"1076\" \/>\n\t<meta property=\"og:image:height\" content=\"700\" \/>\n\t<meta property=\"og:image:type\" content=\"image\/jpeg\" \/>\n<meta name=\"author\" content=\"Redacci\u00f3n QP\" \/>\n<meta name=\"twitter:card\" content=\"summary_large_image\" \/>\n<meta name=\"twitter:label1\" content=\"Escrito por\" \/>\n\t<meta name=\"twitter:data1\" content=\"Redacci\u00f3n QP\" \/>\n\t<meta name=\"twitter:label2\" content=\"Tiempo de lectura\" \/>\n\t<meta name=\"twitter:data2\" content=\"2 minutos\" \/>\n<script type=\"application\/ld+json\" class=\"yoast-schema-graph\">{\"@context\":\"https:\\\/\\\/schema.org\",\"@graph\":[{\"@type\":\"Article\",\"@id\":\"https:\\\/\\\/quehacerpolitico.mx\\\/?p=90410#article\",\"isPartOf\":{\"@id\":\"https:\\\/\\\/quehacerpolitico.mx\\\/?p=90410\"},\"author\":{\"name\":\"Redacci\u00f3n QP\",\"@id\":\"https:\\\/\\\/quehacerpolitico.mx\\\/#\\\/schema\\\/person\\\/496d8ad2d1d3f8036101dca7ee39e585\"},\"headline\":\"Internacionales\\\/\\\/\\\/Carolina Alonso Romei\\\/\\\/\\\/Rusia abre corredores humanitarios en Ucrania\",\"datePublished\":\"2022-03-07T15:33:56+00:00\",\"dateModified\":\"2022-03-07T15:34:00+00:00\",\"mainEntityOfPage\":{\"@id\":\"https:\\\/\\\/quehacerpolitico.mx\\\/?p=90410\"},\"wordCount\":492,\"commentCount\":0,\"image\":{\"@id\":\"https:\\\/\\\/quehacerpolitico.mx\\\/?p=90410#primaryimage\"},\"thumbnailUrl\":\"https:\\\/\\\/quehacerpolitico.mx\\\/wp-content\\\/uploads\\\/2022\\\/03\\\/C34951A1-1261-4995-9351-490231B26F26.jpeg\",\"articleSection\":[\"Internacionales\"],\"inLanguage\":\"es\",\"potentialAction\":[{\"@type\":\"CommentAction\",\"name\":\"Comment\",\"target\":[\"https:\\\/\\\/quehacerpolitico.mx\\\/?p=90410#respond\"]}]},{\"@type\":\"WebPage\",\"@id\":\"https:\\\/\\\/quehacerpolitico.mx\\\/?p=90410\",\"url\":\"https:\\\/\\\/quehacerpolitico.mx\\\/?p=90410\",\"name\":\"Internacionales\\\/\\\/\\\/Carolina Alonso Romei\\\/\\\/\\\/Rusia abre corredores humanitarios en Ucrania -\",\"isPartOf\":{\"@id\":\"https:\\\/\\\/quehacerpolitico.mx\\\/#website\"},\"primaryImageOfPage\":{\"@id\":\"https:\\\/\\\/quehacerpolitico.mx\\\/?p=90410#primaryimage\"},\"image\":{\"@id\":\"https:\\\/\\\/quehacerpolitico.mx\\\/?p=90410#primaryimage\"},\"thumbnailUrl\":\"https:\\\/\\\/quehacerpolitico.mx\\\/wp-content\\\/uploads\\\/2022\\\/03\\\/C34951A1-1261-4995-9351-490231B26F26.jpeg\",\"datePublished\":\"2022-03-07T15:33:56+00:00\",\"dateModified\":\"2022-03-07T15:34:00+00:00\",\"author\":{\"@id\":\"https:\\\/\\\/quehacerpolitico.mx\\\/#\\\/schema\\\/person\\\/496d8ad2d1d3f8036101dca7ee39e585\"},\"breadcrumb\":{\"@id\":\"https:\\\/\\\/quehacerpolitico.mx\\\/?p=90410#breadcrumb\"},\"inLanguage\":\"es\",\"potentialAction\":[{\"@type\":\"ReadAction\",\"target\":[\"https:\\\/\\\/quehacerpolitico.mx\\\/?p=90410\"]}]},{\"@type\":\"ImageObject\",\"inLanguage\":\"es\",\"@id\":\"https:\\\/\\\/quehacerpolitico.mx\\\/?p=90410#primaryimage\",\"url\":\"https:\\\/\\\/quehacerpolitico.mx\\\/wp-content\\\/uploads\\\/2022\\\/03\\\/C34951A1-1261-4995-9351-490231B26F26.jpeg\",\"contentUrl\":\"https:\\\/\\\/quehacerpolitico.mx\\\/wp-content\\\/uploads\\\/2022\\\/03\\\/C34951A1-1261-4995-9351-490231B26F26.jpeg\",\"width\":1076,\"height\":700},{\"@type\":\"BreadcrumbList\",\"@id\":\"https:\\\/\\\/quehacerpolitico.mx\\\/?p=90410#breadcrumb\",\"itemListElement\":[{\"@type\":\"ListItem\",\"position\":1,\"name\":\"Inicio\",\"item\":\"https:\\\/\\\/quehacerpolitico.mx\\\/\"},{\"@type\":\"ListItem\",\"position\":2,\"name\":\"Internacionales\\\/\\\/\\\/Carolina Alonso Romei\\\/\\\/\\\/Rusia abre corredores humanitarios en Ucrania\"}]},{\"@type\":\"WebSite\",\"@id\":\"https:\\\/\\\/quehacerpolitico.mx\\\/#website\",\"url\":\"https:\\\/\\\/quehacerpolitico.mx\\\/\",\"name\":\"\",\"description\":\"\",\"potentialAction\":[{\"@type\":\"SearchAction\",\"target\":{\"@type\":\"EntryPoint\",\"urlTemplate\":\"https:\\\/\\\/quehacerpolitico.mx\\\/?s={search_term_string}\"},\"query-input\":{\"@type\":\"PropertyValueSpecification\",\"valueRequired\":true,\"valueName\":\"search_term_string\"}}],\"inLanguage\":\"es\"},{\"@type\":\"Person\",\"@id\":\"https:\\\/\\\/quehacerpolitico.mx\\\/#\\\/schema\\\/person\\\/496d8ad2d1d3f8036101dca7ee39e585\",\"name\":\"Redacci\u00f3n QP\",\"image\":{\"@type\":\"ImageObject\",\"inLanguage\":\"es\",\"@id\":\"https:\\\/\\\/secure.gravatar.com\\\/avatar\\\/c7164ed6fdec453195284ad24a5ae5b6e1eed2b848477fa2a4787ba9adf39a41?s=96&d=mm&r=g\",\"url\":\"https:\\\/\\\/secure.gravatar.com\\\/avatar\\\/c7164ed6fdec453195284ad24a5ae5b6e1eed2b848477fa2a4787ba9adf39a41?s=96&d=mm&r=g\",\"contentUrl\":\"https:\\\/\\\/secure.gravatar.com\\\/avatar\\\/c7164ed6fdec453195284ad24a5ae5b6e1eed2b848477fa2a4787ba9adf39a41?s=96&d=mm&r=g\",\"caption\":\"Redacci\u00f3n QP\"},\"url\":\"https:\\\/\\\/quehacerpolitico.mx\\\/?author=2\"}]}<\/script>\n<!-- \/ Yoast SEO plugin. -->","yoast_head_json":{"title":"Internacionales\/\/\/Carolina Alonso Romei\/\/\/Rusia abre corredores humanitarios en Ucrania -","robots":{"index":"index","follow":"follow","max-snippet":"max-snippet:-1","max-image-preview":"max-image-preview:large","max-video-preview":"max-video-preview:-1"},"canonical":"https:\/\/quehacerpolitico.mx\/?p=90410","og_locale":"es_MX","og_type":"article","og_title":"Internacionales\/\/\/Carolina Alonso Romei\/\/\/Rusia abre corredores humanitarios en Ucrania -","og_description":"Por Carolina Alonso Romei Internacionalista Las fuerzas armadas confirmaron que los corredores se abrir\u00e1n en...","og_url":"https:\/\/quehacerpolitico.mx\/?p=90410","article_published_time":"2022-03-07T15:33:56+00:00","article_modified_time":"2022-03-07T15:34:00+00:00","og_image":[{"width":1076,"height":700,"url":"https:\/\/quehacerpolitico.mx\/wp-content\/uploads\/2022\/03\/C34951A1-1261-4995-9351-490231B26F26.jpeg","type":"image\/jpeg"}],"author":"Redacci\u00f3n QP","twitter_card":"summary_large_image","twitter_misc":{"Escrito por":"Redacci\u00f3n QP","Tiempo de lectura":"2 minutos"},"schema":{"@context":"https:\/\/schema.org","@graph":[{"@type":"Article","@id":"https:\/\/quehacerpolitico.mx\/?p=90410#article","isPartOf":{"@id":"https:\/\/quehacerpolitico.mx\/?p=90410"},"author":{"name":"Redacci\u00f3n QP","@id":"https:\/\/quehacerpolitico.mx\/#\/schema\/person\/496d8ad2d1d3f8036101dca7ee39e585"},"headline":"Internacionales\/\/\/Carolina Alonso Romei\/\/\/Rusia abre corredores humanitarios en Ucrania","datePublished":"2022-03-07T15:33:56+00:00","dateModified":"2022-03-07T15:34:00+00:00","mainEntityOfPage":{"@id":"https:\/\/quehacerpolitico.mx\/?p=90410"},"wordCount":492,"commentCount":0,"image":{"@id":"https:\/\/quehacerpolitico.mx\/?p=90410#primaryimage"},"thumbnailUrl":"https:\/\/quehacerpolitico.mx\/wp-content\/uploads\/2022\/03\/C34951A1-1261-4995-9351-490231B26F26.jpeg","articleSection":["Internacionales"],"inLanguage":"es","potentialAction":[{"@type":"CommentAction","name":"Comment","target":["https:\/\/quehacerpolitico.mx\/?p=90410#respond"]}]},{"@type":"WebPage","@id":"https:\/\/quehacerpolitico.mx\/?p=90410","url":"https:\/\/quehacerpolitico.mx\/?p=90410","name":"Internacionales\/\/\/Carolina Alonso Romei\/\/\/Rusia abre corredores humanitarios en Ucrania -","isPartOf":{"@id":"https:\/\/quehacerpolitico.mx\/#website"},"primaryImageOfPage":{"@id":"https:\/\/quehacerpolitico.mx\/?p=90410#primaryimage"},"image":{"@id":"https:\/\/quehacerpolitico.mx\/?p=90410#primaryimage"},"thumbnailUrl":"https:\/\/quehacerpolitico.mx\/wp-content\/uploads\/2022\/03\/C34951A1-1261-4995-9351-490231B26F26.jpeg","datePublished":"2022-03-07T15:33:56+00:00","dateModified":"2022-03-07T15:34:00+00:00","author":{"@id":"https:\/\/quehacerpolitico.mx\/#\/schema\/person\/496d8ad2d1d3f8036101dca7ee39e585"},"breadcrumb":{"@id":"https:\/\/quehacerpolitico.mx\/?p=90410#breadcrumb"},"inLanguage":"es","potentialAction":[{"@type":"ReadAction","target":["https:\/\/quehacerpolitico.mx\/?p=90410"]}]},{"@type":"ImageObject","inLanguage":"es","@id":"https:\/\/quehacerpolitico.mx\/?p=90410#primaryimage","url":"https:\/\/quehacerpolitico.mx\/wp-content\/uploads\/2022\/03\/C34951A1-1261-4995-9351-490231B26F26.jpeg","contentUrl":"https:\/\/quehacerpolitico.mx\/wp-content\/uploads\/2022\/03\/C34951A1-1261-4995-9351-490231B26F26.jpeg","width":1076,"height":700},{"@type":"BreadcrumbList","@id":"https:\/\/quehacerpolitico.mx\/?p=90410#breadcrumb","itemListElement":[{"@type":"ListItem","position":1,"name":"Inicio","item":"https:\/\/quehacerpolitico.mx\/"},{"@type":"ListItem","position":2,"name":"Internacionales\/\/\/Carolina Alonso Romei\/\/\/Rusia abre corredores humanitarios en Ucrania"}]},{"@type":"WebSite","@id":"https:\/\/quehacerpolitico.mx\/#website","url":"https:\/\/quehacerpolitico.mx\/","name":"","description":"","potentialAction":[{"@type":"SearchAction","target":{"@type":"EntryPoint","urlTemplate":"https:\/\/quehacerpolitico.mx\/?s={search_term_string}"},"query-input":{"@type":"PropertyValueSpecification","valueRequired":true,"valueName":"search_term_string"}}],"inLanguage":"es"},{"@type":"Person","@id":"https:\/\/quehacerpolitico.mx\/#\/schema\/person\/496d8ad2d1d3f8036101dca7ee39e585","name":"Redacci\u00f3n QP","image":{"@type":"ImageObject","inLanguage":"es","@id":"https:\/\/secure.gravatar.com\/avatar\/c7164ed6fdec453195284ad24a5ae5b6e1eed2b848477fa2a4787ba9adf39a41?s=96&d=mm&r=g","url":"https:\/\/secure.gravatar.com\/avatar\/c7164ed6fdec453195284ad24a5ae5b6e1eed2b848477fa2a4787ba9adf39a41?s=96&d=mm&r=g","contentUrl":"https:\/\/secure.gravatar.com\/avatar\/c7164ed6fdec453195284ad24a5ae5b6e1eed2b848477fa2a4787ba9adf39a41?s=96&d=mm&r=g","caption":"Redacci\u00f3n QP"},"url":"https:\/\/quehacerpolitico.mx\/?author=2"}]}},"featured_image_urls":{"full":["https:\/\/quehacerpolitico.mx\/wp-content\/uploads\/2022\/03\/C34951A1-1261-4995-9351-490231B26F26.jpeg",1076,700,false],"thumbnail":["https:\/\/quehacerpolitico.mx\/wp-content\/uploads\/2022\/03\/C34951A1-1261-4995-9351-490231B26F26-150x150.jpeg",150,150,true],"medium":["https:\/\/quehacerpolitico.mx\/wp-content\/uploads\/2022\/03\/C34951A1-1261-4995-9351-490231B26F26-300x195.jpeg",300,195,true],"medium_large":["https:\/\/quehacerpolitico.mx\/wp-content\/uploads\/2022\/03\/C34951A1-1261-4995-9351-490231B26F26-768x500.jpeg",640,417,true],"large":["https:\/\/quehacerpolitico.mx\/wp-content\/uploads\/2022\/03\/C34951A1-1261-4995-9351-490231B26F26-1024x666.jpeg",640,416,true],"1536x1536":["https:\/\/quehacerpolitico.mx\/wp-content\/uploads\/2022\/03\/C34951A1-1261-4995-9351-490231B26F26.jpeg",1076,700,false],"2048x2048":["https:\/\/quehacerpolitico.mx\/wp-content\/uploads\/2022\/03\/C34951A1-1261-4995-9351-490231B26F26.jpeg",1076,700,false],"covernews-featured":["https:\/\/quehacerpolitico.mx\/wp-content\/uploads\/2022\/03\/C34951A1-1261-4995-9351-490231B26F26.jpeg",1024,666,false],"covernews-medium":["https:\/\/quehacerpolitico.mx\/wp-content\/uploads\/2022\/03\/C34951A1-1261-4995-9351-490231B26F26.jpeg",523,340,false]},"author_info":{"display_name":"Redacci\u00f3n QP","author_link":"https:\/\/quehacerpolitico.mx\/?author=2"},"category_info":"<a href=\"https:\/\/quehacerpolitico.mx\/?cat=1\" rel=\"category\">Internacionales<\/a>","tag_info":"Internacionales","comment_count":"0","_links":{"self":[{"href":"https:\/\/quehacerpolitico.mx\/index.php?rest_route=\/wp\/v2\/posts\/90410","targetHints":{"allow":["GET"]}}],"collection":[{"href":"https:\/\/quehacerpolitico.mx\/index.php?rest_route=\/wp\/v2\/posts"}],"about":[{"href":"https:\/\/quehacerpolitico.mx\/index.php?rest_route=\/wp\/v2\/types\/post"}],"author":[{"embeddable":true,"href":"https:\/\/quehacerpolitico.mx\/index.php?rest_route=\/wp\/v2\/users\/2"}],"replies":[{"embeddable":true,"href":"https:\/\/quehacerpolitico.mx\/index.php?rest_route=%2Fwp%2Fv2%2Fcomments&post=90410"}],"version-history":[{"count":1,"href":"https:\/\/quehacerpolitico.mx\/index.php?rest_route=\/wp\/v2\/posts\/90410\/revisions"}],"predecessor-version":[{"id":90412,"href":"https:\/\/quehacerpolitico.mx\/index.php?rest_route=\/wp\/v2\/posts\/90410\/revisions\/90412"}],"wp:featuredmedia":[{"embeddable":true,"href":"https:\/\/quehacerpolitico.mx\/index.php?rest_route=\/wp\/v2\/media\/90411"}],"wp:attachment":[{"href":"https:\/\/quehacerpolitico.mx\/index.php?rest_route=%2Fwp%2Fv2%2Fmedia&parent=90410"}],"wp:term":[{"taxonomy":"category","embeddable":true,"href":"https:\/\/quehacerpolitico.mx\/index.php?rest_route=%2Fwp%2Fv2%2Fcategories&post=90410"},{"taxonomy":"post_tag","embeddable":true,"href":"https:\/\/quehacerpolitico.mx\/index.php?rest_route=%2Fwp%2Fv2%2Ftags&post=90410"}],"curies":[{"name":"wp","href":"https:\/\/api.w.org\/{rel}","templated":true}]}}