{"id":90386,"date":"2022-03-06T17:41:28","date_gmt":"2022-03-06T17:41:28","guid":{"rendered":"https:\/\/quehacerpolitico.mx\/?p=90386"},"modified":"2022-03-06T17:41:31","modified_gmt":"2022-03-06T17:41:31","slug":"mikel-arriola-viaja-a-queretaro-para-dar-seguimiento-a-heridos-en-el-gallos-atlas","status":"publish","type":"post","link":"https:\/\/quehacerpolitico.mx\/?p=90386","title":{"rendered":"Mikel Arriola viaja a Quer\u00e9taro para dar seguimiento a heridos en el Gallos-Atlas\u00a0"},"content":{"rendered":"\n<p>Por Redacci\u00f3n QP<\/p>\n\n\n\n<p>El presidente de la Liga MX anunci\u00f3 que continuar\u00e1n investigando los hechos ocurridos en la capital queretana el s\u00e1bado.<\/p>\n\n\n\n<p>Lo sucedido el s\u00e1bado en el partido entre Quer\u00e9taro y Atlas ha sido uno de los episodios m\u00e1s oscuros vistos en el futbol mexicano. La bronca desatada entre ambas aficiones fue tan grave que el encuentro se tuvo que suspender y, por otro lado, requiri\u00f3 que el presidente de la Liga MX, Mikel Arriola, tuviera que hablar con los medios de comunicaci\u00f3n.\u00a0 Por su parte, el mandatario expuso este domingo que ya se encuentra viajando a la capital queretana para dar seguimiento al estado de salud de los heridos. Asimismo, se\u00f1al\u00f3 que continuar\u00e1n con la investigaci\u00f3n de los hechos violentos que tuvieron lugar en el Estadio La Corregidora.\u00a0 &#8220;En ruta a Quer\u00e9taro para dar seguimiento al estado de salud de los heridos y continuar con la investigaci\u00f3n que arroje sanciones contundentes contra la inadmisible violencia en los estadios de futbol. \u00a1Ya basta! Seguiremos informando&#8221;, se\u00f1al\u00f3 el presidente de la Liga MX.<\/p>\n\n\n\n<figure class=\"wp-block-embed is-type-rich is-provider-twitter wp-block-embed-twitter\"><div class=\"wp-block-embed__wrapper\">\n<blockquote class=\"twitter-tweet\" data-width=\"550\" data-dnt=\"true\"><p lang=\"es\" dir=\"ltr\">En ruta a Quer\u00e9taro para dar seguimiento al estado de salud de los heridos y continuar con la investigaci\u00f3n que arroje sanciones contundentes contra la inadmisible violencia en los estadios de futbol. Ya basta! Seguiremos informando<\/p>&mdash; Mikel Arriola (@MikelArriolaP) <a href=\"https:\/\/twitter.com\/MikelArriolaP\/status\/1500478793538023437?ref_src=twsrc%5Etfw\">March 6, 2022<\/a><\/blockquote><script async src=\"https:\/\/platform.twitter.com\/widgets.js\" charset=\"utf-8\"><\/script>\n<\/div><\/figure>\n\n\n\n<p>Suspensi\u00f3n de la Jornada 9\u00a0 Los hechos violentos que se dieron en La Corregidora fueron denunciados por directivos de equipos como Am\u00e9rica, Chivas, Santos y Puebla, quienes se\u00f1alaron que esto no puede seguir ocurriendo. Sin embargo, sus equipos s\u00ed disputaron sus respectivos partidos. A pesar de que la jornada del s\u00e1bado concluy\u00f3 en su totalidad, la Liga MX dio a conocer que los partidos de este domingo de todas sus divisiones ser\u00edan pospuestos.<\/p>\n","protected":false},"excerpt":{"rendered":"<p>Por Redacci\u00f3n QP El presidente de la Liga MX anunci\u00f3 que continuar\u00e1n investigando los hechos&#8230;<\/p>\n","protected":false},"author":2,"featured_media":90387,"comment_status":"open","ping_status":"open","sticky":false,"template":"","format":"standard","meta":{"_monsterinsights_skip_tracking":false,"_monsterinsights_sitenote_active":false,"_monsterinsights_sitenote_note":"","_monsterinsights_sitenote_category":0,"footnotes":""},"categories":[54],"tags":[],"class_list":["post-90386","post","type-post","status-publish","format-standard","has-post-thumbnail","hentry","category-deportes"],"yoast_head":"<!-- This site is optimized with the Yoast SEO plugin v27.3 - https:\/\/yoast.com\/product\/yoast-seo-wordpress\/ -->\n<title>Mikel Arriola viaja a Quer\u00e9taro para dar seguimiento a heridos en el Gallos-Atlas\u00a0 -<\/title>\n<meta name=\"robots\" content=\"index, follow, max-snippet:-1, max-image-preview:large, max-video-preview:-1\" \/>\n<link rel=\"canonical\" href=\"https:\/\/quehacerpolitico.mx\/?p=90386\" \/>\n<meta property=\"og:locale\" content=\"es_MX\" \/>\n<meta property=\"og:type\" content=\"article\" \/>\n<meta property=\"og:title\" content=\"Mikel Arriola viaja a Quer\u00e9taro para dar seguimiento a heridos en el Gallos-Atlas\u00a0 -\" \/>\n<meta property=\"og:description\" content=\"Por Redacci\u00f3n QP El presidente de la Liga MX anunci\u00f3 que continuar\u00e1n investigando los hechos...\" \/>\n<meta property=\"og:url\" content=\"https:\/\/quehacerpolitico.mx\/?p=90386\" \/>\n<meta property=\"article:published_time\" content=\"2022-03-06T17:41:28+00:00\" \/>\n<meta property=\"article:modified_time\" content=\"2022-03-06T17:41:31+00:00\" \/>\n<meta property=\"og:image\" content=\"https:\/\/quehacerpolitico.mx\/wp-content\/uploads\/2022\/03\/A994F8A1-7B84-4FEA-A730-43CBB4B55BE9.jpeg\" \/>\n\t<meta property=\"og:image:width\" content=\"1284\" \/>\n\t<meta property=\"og:image:height\" content=\"714\" \/>\n\t<meta property=\"og:image:type\" content=\"image\/jpeg\" \/>\n<meta name=\"author\" content=\"Redacci\u00f3n QP\" \/>\n<meta name=\"twitter:card\" content=\"summary_large_image\" \/>\n<meta name=\"twitter:label1\" content=\"Escrito por\" \/>\n\t<meta name=\"twitter:data1\" content=\"Redacci\u00f3n QP\" \/>\n\t<meta name=\"twitter:label2\" content=\"Tiempo de lectura\" \/>\n\t<meta name=\"twitter:data2\" content=\"1 minuto\" \/>\n<script type=\"application\/ld+json\" class=\"yoast-schema-graph\">{\"@context\":\"https:\\\/\\\/schema.org\",\"@graph\":[{\"@type\":\"Article\",\"@id\":\"https:\\\/\\\/quehacerpolitico.mx\\\/?p=90386#article\",\"isPartOf\":{\"@id\":\"https:\\\/\\\/quehacerpolitico.mx\\\/?p=90386\"},\"author\":{\"name\":\"Redacci\u00f3n QP\",\"@id\":\"https:\\\/\\\/quehacerpolitico.mx\\\/#\\\/schema\\\/person\\\/496d8ad2d1d3f8036101dca7ee39e585\"},\"headline\":\"Mikel Arriola viaja a Quer\u00e9taro para dar seguimiento a heridos en el Gallos-Atlas\u00a0\",\"datePublished\":\"2022-03-06T17:41:28+00:00\",\"dateModified\":\"2022-03-06T17:41:31+00:00\",\"mainEntityOfPage\":{\"@id\":\"https:\\\/\\\/quehacerpolitico.mx\\\/?p=90386\"},\"wordCount\":283,\"commentCount\":0,\"image\":{\"@id\":\"https:\\\/\\\/quehacerpolitico.mx\\\/?p=90386#primaryimage\"},\"thumbnailUrl\":\"https:\\\/\\\/quehacerpolitico.mx\\\/wp-content\\\/uploads\\\/2022\\\/03\\\/A994F8A1-7B84-4FEA-A730-43CBB4B55BE9.jpeg\",\"articleSection\":[\"Deportes\"],\"inLanguage\":\"es\",\"potentialAction\":[{\"@type\":\"CommentAction\",\"name\":\"Comment\",\"target\":[\"https:\\\/\\\/quehacerpolitico.mx\\\/?p=90386#respond\"]}]},{\"@type\":\"WebPage\",\"@id\":\"https:\\\/\\\/quehacerpolitico.mx\\\/?p=90386\",\"url\":\"https:\\\/\\\/quehacerpolitico.mx\\\/?p=90386\",\"name\":\"Mikel Arriola viaja a Quer\u00e9taro para dar seguimiento a heridos en el Gallos-Atlas\u00a0 -\",\"isPartOf\":{\"@id\":\"https:\\\/\\\/quehacerpolitico.mx\\\/#website\"},\"primaryImageOfPage\":{\"@id\":\"https:\\\/\\\/quehacerpolitico.mx\\\/?p=90386#primaryimage\"},\"image\":{\"@id\":\"https:\\\/\\\/quehacerpolitico.mx\\\/?p=90386#primaryimage\"},\"thumbnailUrl\":\"https:\\\/\\\/quehacerpolitico.mx\\\/wp-content\\\/uploads\\\/2022\\\/03\\\/A994F8A1-7B84-4FEA-A730-43CBB4B55BE9.jpeg\",\"datePublished\":\"2022-03-06T17:41:28+00:00\",\"dateModified\":\"2022-03-06T17:41:31+00:00\",\"author\":{\"@id\":\"https:\\\/\\\/quehacerpolitico.mx\\\/#\\\/schema\\\/person\\\/496d8ad2d1d3f8036101dca7ee39e585\"},\"breadcrumb\":{\"@id\":\"https:\\\/\\\/quehacerpolitico.mx\\\/?p=90386#breadcrumb\"},\"inLanguage\":\"es\",\"potentialAction\":[{\"@type\":\"ReadAction\",\"target\":[\"https:\\\/\\\/quehacerpolitico.mx\\\/?p=90386\"]}]},{\"@type\":\"ImageObject\",\"inLanguage\":\"es\",\"@id\":\"https:\\\/\\\/quehacerpolitico.mx\\\/?p=90386#primaryimage\",\"url\":\"https:\\\/\\\/quehacerpolitico.mx\\\/wp-content\\\/uploads\\\/2022\\\/03\\\/A994F8A1-7B84-4FEA-A730-43CBB4B55BE9.jpeg\",\"contentUrl\":\"https:\\\/\\\/quehacerpolitico.mx\\\/wp-content\\\/uploads\\\/2022\\\/03\\\/A994F8A1-7B84-4FEA-A730-43CBB4B55BE9.jpeg\",\"width\":1284,\"height\":714},{\"@type\":\"BreadcrumbList\",\"@id\":\"https:\\\/\\\/quehacerpolitico.mx\\\/?p=90386#breadcrumb\",\"itemListElement\":[{\"@type\":\"ListItem\",\"position\":1,\"name\":\"Inicio\",\"item\":\"https:\\\/\\\/quehacerpolitico.mx\\\/\"},{\"@type\":\"ListItem\",\"position\":2,\"name\":\"Mikel Arriola viaja a Quer\u00e9taro para dar seguimiento a heridos en el Gallos-Atlas\u00a0\"}]},{\"@type\":\"WebSite\",\"@id\":\"https:\\\/\\\/quehacerpolitico.mx\\\/#website\",\"url\":\"https:\\\/\\\/quehacerpolitico.mx\\\/\",\"name\":\"\",\"description\":\"\",\"potentialAction\":[{\"@type\":\"SearchAction\",\"target\":{\"@type\":\"EntryPoint\",\"urlTemplate\":\"https:\\\/\\\/quehacerpolitico.mx\\\/?s={search_term_string}\"},\"query-input\":{\"@type\":\"PropertyValueSpecification\",\"valueRequired\":true,\"valueName\":\"search_term_string\"}}],\"inLanguage\":\"es\"},{\"@type\":\"Person\",\"@id\":\"https:\\\/\\\/quehacerpolitico.mx\\\/#\\\/schema\\\/person\\\/496d8ad2d1d3f8036101dca7ee39e585\",\"name\":\"Redacci\u00f3n QP\",\"image\":{\"@type\":\"ImageObject\",\"inLanguage\":\"es\",\"@id\":\"https:\\\/\\\/secure.gravatar.com\\\/avatar\\\/c7164ed6fdec453195284ad24a5ae5b6e1eed2b848477fa2a4787ba9adf39a41?s=96&d=mm&r=g\",\"url\":\"https:\\\/\\\/secure.gravatar.com\\\/avatar\\\/c7164ed6fdec453195284ad24a5ae5b6e1eed2b848477fa2a4787ba9adf39a41?s=96&d=mm&r=g\",\"contentUrl\":\"https:\\\/\\\/secure.gravatar.com\\\/avatar\\\/c7164ed6fdec453195284ad24a5ae5b6e1eed2b848477fa2a4787ba9adf39a41?s=96&d=mm&r=g\",\"caption\":\"Redacci\u00f3n QP\"},\"url\":\"https:\\\/\\\/quehacerpolitico.mx\\\/?author=2\"}]}<\/script>\n<!-- \/ Yoast SEO plugin. -->","yoast_head_json":{"title":"Mikel Arriola viaja a Quer\u00e9taro para dar seguimiento a heridos en el Gallos-Atlas\u00a0 -","robots":{"index":"index","follow":"follow","max-snippet":"max-snippet:-1","max-image-preview":"max-image-preview:large","max-video-preview":"max-video-preview:-1"},"canonical":"https:\/\/quehacerpolitico.mx\/?p=90386","og_locale":"es_MX","og_type":"article","og_title":"Mikel Arriola viaja a Quer\u00e9taro para dar seguimiento a heridos en el Gallos-Atlas\u00a0 -","og_description":"Por Redacci\u00f3n QP El presidente de la Liga MX anunci\u00f3 que continuar\u00e1n investigando los hechos...","og_url":"https:\/\/quehacerpolitico.mx\/?p=90386","article_published_time":"2022-03-06T17:41:28+00:00","article_modified_time":"2022-03-06T17:41:31+00:00","og_image":[{"width":1284,"height":714,"url":"https:\/\/quehacerpolitico.mx\/wp-content\/uploads\/2022\/03\/A994F8A1-7B84-4FEA-A730-43CBB4B55BE9.jpeg","type":"image\/jpeg"}],"author":"Redacci\u00f3n QP","twitter_card":"summary_large_image","twitter_misc":{"Escrito por":"Redacci\u00f3n QP","Tiempo de lectura":"1 minuto"},"schema":{"@context":"https:\/\/schema.org","@graph":[{"@type":"Article","@id":"https:\/\/quehacerpolitico.mx\/?p=90386#article","isPartOf":{"@id":"https:\/\/quehacerpolitico.mx\/?p=90386"},"author":{"name":"Redacci\u00f3n QP","@id":"https:\/\/quehacerpolitico.mx\/#\/schema\/person\/496d8ad2d1d3f8036101dca7ee39e585"},"headline":"Mikel Arriola viaja a Quer\u00e9taro para dar seguimiento a heridos en el Gallos-Atlas\u00a0","datePublished":"2022-03-06T17:41:28+00:00","dateModified":"2022-03-06T17:41:31+00:00","mainEntityOfPage":{"@id":"https:\/\/quehacerpolitico.mx\/?p=90386"},"wordCount":283,"commentCount":0,"image":{"@id":"https:\/\/quehacerpolitico.mx\/?p=90386#primaryimage"},"thumbnailUrl":"https:\/\/quehacerpolitico.mx\/wp-content\/uploads\/2022\/03\/A994F8A1-7B84-4FEA-A730-43CBB4B55BE9.jpeg","articleSection":["Deportes"],"inLanguage":"es","potentialAction":[{"@type":"CommentAction","name":"Comment","target":["https:\/\/quehacerpolitico.mx\/?p=90386#respond"]}]},{"@type":"WebPage","@id":"https:\/\/quehacerpolitico.mx\/?p=90386","url":"https:\/\/quehacerpolitico.mx\/?p=90386","name":"Mikel Arriola viaja a Quer\u00e9taro para dar seguimiento a heridos en el Gallos-Atlas\u00a0 -","isPartOf":{"@id":"https:\/\/quehacerpolitico.mx\/#website"},"primaryImageOfPage":{"@id":"https:\/\/quehacerpolitico.mx\/?p=90386#primaryimage"},"image":{"@id":"https:\/\/quehacerpolitico.mx\/?p=90386#primaryimage"},"thumbnailUrl":"https:\/\/quehacerpolitico.mx\/wp-content\/uploads\/2022\/03\/A994F8A1-7B84-4FEA-A730-43CBB4B55BE9.jpeg","datePublished":"2022-03-06T17:41:28+00:00","dateModified":"2022-03-06T17:41:31+00:00","author":{"@id":"https:\/\/quehacerpolitico.mx\/#\/schema\/person\/496d8ad2d1d3f8036101dca7ee39e585"},"breadcrumb":{"@id":"https:\/\/quehacerpolitico.mx\/?p=90386#breadcrumb"},"inLanguage":"es","potentialAction":[{"@type":"ReadAction","target":["https:\/\/quehacerpolitico.mx\/?p=90386"]}]},{"@type":"ImageObject","inLanguage":"es","@id":"https:\/\/quehacerpolitico.mx\/?p=90386#primaryimage","url":"https:\/\/quehacerpolitico.mx\/wp-content\/uploads\/2022\/03\/A994F8A1-7B84-4FEA-A730-43CBB4B55BE9.jpeg","contentUrl":"https:\/\/quehacerpolitico.mx\/wp-content\/uploads\/2022\/03\/A994F8A1-7B84-4FEA-A730-43CBB4B55BE9.jpeg","width":1284,"height":714},{"@type":"BreadcrumbList","@id":"https:\/\/quehacerpolitico.mx\/?p=90386#breadcrumb","itemListElement":[{"@type":"ListItem","position":1,"name":"Inicio","item":"https:\/\/quehacerpolitico.mx\/"},{"@type":"ListItem","position":2,"name":"Mikel Arriola viaja a Quer\u00e9taro para dar seguimiento a heridos en el Gallos-Atlas\u00a0"}]},{"@type":"WebSite","@id":"https:\/\/quehacerpolitico.mx\/#website","url":"https:\/\/quehacerpolitico.mx\/","name":"","description":"","potentialAction":[{"@type":"SearchAction","target":{"@type":"EntryPoint","urlTemplate":"https:\/\/quehacerpolitico.mx\/?s={search_term_string}"},"query-input":{"@type":"PropertyValueSpecification","valueRequired":true,"valueName":"search_term_string"}}],"inLanguage":"es"},{"@type":"Person","@id":"https:\/\/quehacerpolitico.mx\/#\/schema\/person\/496d8ad2d1d3f8036101dca7ee39e585","name":"Redacci\u00f3n QP","image":{"@type":"ImageObject","inLanguage":"es","@id":"https:\/\/secure.gravatar.com\/avatar\/c7164ed6fdec453195284ad24a5ae5b6e1eed2b848477fa2a4787ba9adf39a41?s=96&d=mm&r=g","url":"https:\/\/secure.gravatar.com\/avatar\/c7164ed6fdec453195284ad24a5ae5b6e1eed2b848477fa2a4787ba9adf39a41?s=96&d=mm&r=g","contentUrl":"https:\/\/secure.gravatar.com\/avatar\/c7164ed6fdec453195284ad24a5ae5b6e1eed2b848477fa2a4787ba9adf39a41?s=96&d=mm&r=g","caption":"Redacci\u00f3n QP"},"url":"https:\/\/quehacerpolitico.mx\/?author=2"}]}},"featured_image_urls":{"full":["https:\/\/quehacerpolitico.mx\/wp-content\/uploads\/2022\/03\/A994F8A1-7B84-4FEA-A730-43CBB4B55BE9.jpeg",1284,714,false],"thumbnail":["https:\/\/quehacerpolitico.mx\/wp-content\/uploads\/2022\/03\/A994F8A1-7B84-4FEA-A730-43CBB4B55BE9-150x150.jpeg",150,150,true],"medium":["https:\/\/quehacerpolitico.mx\/wp-content\/uploads\/2022\/03\/A994F8A1-7B84-4FEA-A730-43CBB4B55BE9-300x167.jpeg",300,167,true],"medium_large":["https:\/\/quehacerpolitico.mx\/wp-content\/uploads\/2022\/03\/A994F8A1-7B84-4FEA-A730-43CBB4B55BE9-768x427.jpeg",640,356,true],"large":["https:\/\/quehacerpolitico.mx\/wp-content\/uploads\/2022\/03\/A994F8A1-7B84-4FEA-A730-43CBB4B55BE9-1024x569.jpeg",640,356,true],"1536x1536":["https:\/\/quehacerpolitico.mx\/wp-content\/uploads\/2022\/03\/A994F8A1-7B84-4FEA-A730-43CBB4B55BE9.jpeg",1284,714,false],"2048x2048":["https:\/\/quehacerpolitico.mx\/wp-content\/uploads\/2022\/03\/A994F8A1-7B84-4FEA-A730-43CBB4B55BE9.jpeg",1284,714,false],"covernews-featured":["https:\/\/quehacerpolitico.mx\/wp-content\/uploads\/2022\/03\/A994F8A1-7B84-4FEA-A730-43CBB4B55BE9.jpeg",1024,569,false],"covernews-medium":["https:\/\/quehacerpolitico.mx\/wp-content\/uploads\/2022\/03\/A994F8A1-7B84-4FEA-A730-43CBB4B55BE9.jpeg",540,300,false]},"author_info":{"display_name":"Redacci\u00f3n QP","author_link":"https:\/\/quehacerpolitico.mx\/?author=2"},"category_info":"<a href=\"https:\/\/quehacerpolitico.mx\/?cat=54\" rel=\"category\">Deportes<\/a>","tag_info":"Deportes","comment_count":"0","_links":{"self":[{"href":"https:\/\/quehacerpolitico.mx\/index.php?rest_route=\/wp\/v2\/posts\/90386","targetHints":{"allow":["GET"]}}],"collection":[{"href":"https:\/\/quehacerpolitico.mx\/index.php?rest_route=\/wp\/v2\/posts"}],"about":[{"href":"https:\/\/quehacerpolitico.mx\/index.php?rest_route=\/wp\/v2\/types\/post"}],"author":[{"embeddable":true,"href":"https:\/\/quehacerpolitico.mx\/index.php?rest_route=\/wp\/v2\/users\/2"}],"replies":[{"embeddable":true,"href":"https:\/\/quehacerpolitico.mx\/index.php?rest_route=%2Fwp%2Fv2%2Fcomments&post=90386"}],"version-history":[{"count":1,"href":"https:\/\/quehacerpolitico.mx\/index.php?rest_route=\/wp\/v2\/posts\/90386\/revisions"}],"predecessor-version":[{"id":90388,"href":"https:\/\/quehacerpolitico.mx\/index.php?rest_route=\/wp\/v2\/posts\/90386\/revisions\/90388"}],"wp:featuredmedia":[{"embeddable":true,"href":"https:\/\/quehacerpolitico.mx\/index.php?rest_route=\/wp\/v2\/media\/90387"}],"wp:attachment":[{"href":"https:\/\/quehacerpolitico.mx\/index.php?rest_route=%2Fwp%2Fv2%2Fmedia&parent=90386"}],"wp:term":[{"taxonomy":"category","embeddable":true,"href":"https:\/\/quehacerpolitico.mx\/index.php?rest_route=%2Fwp%2Fv2%2Fcategories&post=90386"},{"taxonomy":"post_tag","embeddable":true,"href":"https:\/\/quehacerpolitico.mx\/index.php?rest_route=%2Fwp%2Fv2%2Ftags&post=90386"}],"curies":[{"name":"wp","href":"https:\/\/api.w.org\/{rel}","templated":true}]}}