{"id":90383,"date":"2022-03-06T17:31:06","date_gmt":"2022-03-06T17:31:06","guid":{"rendered":"https:\/\/quehacerpolitico.mx\/?p=90383"},"modified":"2022-03-06T17:31:10","modified_gmt":"2022-03-06T17:31:10","slug":"hay-26-heridos-por-violencia-en-estadio-corregidora-hay-3-personas-graves","status":"publish","type":"post","link":"https:\/\/quehacerpolitico.mx\/?p=90383","title":{"rendered":"Hay 26 heridos por violencia en Estadio Corregidora; hay 3 personas graves\u00a0"},"content":{"rendered":"\n<p>Por Redacci\u00f3n QP<\/p>\n\n\n\n<p>El gobernador de Quer\u00e9taro, Mauricio Kuri, indic\u00f3 que de los 26 lesionados, dos son mujeres<\/p>\n\n\n\n<ul class=\"wp-block-list\"><li>Detall\u00f3 que diez se encuentran delicados, tres se reportan muy graves y el resto permanecen estables<\/li><\/ul>\n\n\n\n<p>El\u00a0gobernador de Quer\u00e9taro,<strong>\u00a0Mauricio Kuri,<\/strong>inform\u00f3 que suman 26 personas heridas por la violencia que protagonizaron aficionados de los clubes Atlas y Quer\u00e9taro en el Estadio Corregidora; detall\u00f3 que tres de ellos se encuentran graves.<\/p>\n\n\n\n<p>En conferencia de prensa matutina, Mauricio Kuri indic\u00f3 que de los 26 lesionados -dos son mujeres y 24 hombres- diez se encuentran delicados, tres se reportan muy graves y el resto permanecen estables.<\/p>\n\n\n\n<figure class=\"wp-block-embed is-type-rich is-provider-twitter wp-block-embed-twitter\"><div class=\"wp-block-embed__wrapper\">\n<blockquote class=\"twitter-tweet\" data-width=\"550\" data-dnt=\"true\"><p lang=\"es\" dir=\"ltr\">Sigue <a href=\"https:\/\/twitter.com\/hashtag\/EnVivo?src=hash&amp;ref_src=twsrc%5Etfw\">#EnVivo<\/a> la transmisi\u00f3n sobre los hechos ocurridos durante la tarde de ayer en el estadio Corregidora.<br><br>\u27a1\ufe0f <a href=\"https:\/\/t.co\/iQEsY06f6O\">https:\/\/t.co\/iQEsY06f6O<\/a><\/p>&mdash; Gobierno del Estado de Quer\u00e9taro (@gobqro) <a href=\"https:\/\/twitter.com\/gobqro\/status\/1500508220246294530?ref_src=twsrc%5Etfw\">March 6, 2022<\/a><\/blockquote><script async src=\"https:\/\/platform.twitter.com\/widgets.js\" charset=\"utf-8\"><\/script>\n<\/div><\/figure>\n\n\n\n<p>El gobernador calific\u00f3 como una tragedia los actos violentos en el estadio, a pesar de que no se registran muertos hasta el momento.<\/p>\n\n\n\n<blockquote class=\"wp-block-quote is-layout-flow wp-block-quote-is-layout-flow\"><p>\u201cEs una tragedia porque, aunque no hay muertos no podemos decir que no es una tragedia y no podemos permitir que se politice\u201d, refiri\u00f3.<\/p><\/blockquote>\n\n\n\n<p>Inform\u00f3 que ayer s\u00e1bado 5 de marzo del 2022 iba a realizar un viaje de trabajo a Europa para generar empleos en la entidad, sin embargo, lo tuvo que posponer por estos hechos violentos en el estadio La Corregidora.<\/p>\n\n\n\n<blockquote class=\"wp-block-quote is-layout-flow wp-block-quote-is-layout-flow\"><p>\u201cPospuse una gira de trabajo a Europa en donde deb\u00eda cerrar importantes acuerdos para traer empleos a las familias queretanas, inmediatamente pospuse el viaje convoqu\u00e9 a una reuni\u00f3n con mis colaboradores m\u00e1s cercanos\u201d, inform\u00f3.<\/p><\/blockquote>\n\n\n\n<p>Record\u00f3 que visit\u00f3 a los lesionados en el Hospital General donde seguir\u00e1n siendo atendidos.<\/p>\n\n\n\n<blockquote class=\"wp-block-quote is-layout-flow wp-block-quote-is-layout-flow\"><p>\u201cEntiendo que mi primera obligaci\u00f3n es estar con las v\u00edctimas y compartir su pena y todo su dolor est\u00e1n y ser\u00e1n atendidos\u201d.<\/p><\/blockquote>\n\n\n\n<p>Anunci\u00f3 que se revisar\u00e1n todas las actuaciones p\u00fablicas y privadas para determinar responsabilidades por la acci\u00f3n o por omisi\u00f3n ante estos hechos violentos.<\/p>\n\n\n\n<p>Asegur\u00f3 que se castigar\u00e1 a quien se tenga que castigar y anunci\u00f3 siete medidas que ha llevado a cabo su gobierno para poder sancionar a los responsables.<\/p>\n\n\n\n<ul class=\"wp-block-list\"><li>Se instruy\u00f3 a las dependencias correspondientes que se atienda de manera ejemplar y se brinde todas las medidas de apoyo a los lesionados y a sus familias&nbsp;<\/li><li>Estaremos informando permanentemente con toda transparencia el estado de salud de los lesionados, resultados de tratamientos y an\u00e1lisis toxicol\u00f3gicos de todos los involucrados.&nbsp;<\/li><li>La secretaria de Gobierno, Guadalupe Murgu\u00eda, Guti\u00e9rrez es la funcionaria encargada de difundir la informaci\u00f3n oficial.&nbsp;<\/li><li>He estado en contacto permanente con el gobernador de Jalisco Enrique Alfaro para compartirle toda la informaci\u00f3n&nbsp;&nbsp;<\/li><li>He instruido al secretario de Seguridad p\u00fablica estatal y al coordinador de Protecci\u00f3n Civil que me brinden informaci\u00f3n se\u00f1alando las omisiones que pudo haber incurrido la autoridad, la seguridad del estadio.&nbsp;<\/li><\/ul>\n","protected":false},"excerpt":{"rendered":"<p>Por Redacci\u00f3n QP El gobernador de Quer\u00e9taro, Mauricio Kuri, indic\u00f3 que de los 26 lesionados,&#8230;<\/p>\n","protected":false},"author":2,"featured_media":90384,"comment_status":"open","ping_status":"open","sticky":false,"template":"","format":"standard","meta":{"_monsterinsights_skip_tracking":false,"_monsterinsights_sitenote_active":false,"_monsterinsights_sitenote_note":"","_monsterinsights_sitenote_category":0,"footnotes":""},"categories":[54],"tags":[],"class_list":["post-90383","post","type-post","status-publish","format-standard","has-post-thumbnail","hentry","category-deportes"],"yoast_head":"<!-- This site is optimized with the Yoast SEO plugin v27.3 - https:\/\/yoast.com\/product\/yoast-seo-wordpress\/ -->\n<title>Hay 26 heridos por violencia en Estadio Corregidora; hay 3 personas graves\u00a0 -<\/title>\n<meta name=\"robots\" content=\"index, follow, max-snippet:-1, max-image-preview:large, max-video-preview:-1\" \/>\n<link rel=\"canonical\" href=\"https:\/\/quehacerpolitico.mx\/?p=90383\" \/>\n<meta property=\"og:locale\" content=\"es_MX\" \/>\n<meta property=\"og:type\" content=\"article\" \/>\n<meta property=\"og:title\" content=\"Hay 26 heridos por violencia en Estadio Corregidora; hay 3 personas graves\u00a0 -\" \/>\n<meta property=\"og:description\" content=\"Por Redacci\u00f3n QP El gobernador de Quer\u00e9taro, Mauricio Kuri, indic\u00f3 que de los 26 lesionados,...\" \/>\n<meta property=\"og:url\" content=\"https:\/\/quehacerpolitico.mx\/?p=90383\" \/>\n<meta property=\"article:published_time\" content=\"2022-03-06T17:31:06+00:00\" \/>\n<meta property=\"article:modified_time\" content=\"2022-03-06T17:31:10+00:00\" \/>\n<meta property=\"og:image\" content=\"https:\/\/quehacerpolitico.mx\/wp-content\/uploads\/2022\/03\/A09E5ED9-A0FA-4BF1-9DDB-575A875D8AE5.jpeg\" \/>\n\t<meta property=\"og:image:width\" content=\"1173\" \/>\n\t<meta property=\"og:image:height\" content=\"699\" \/>\n\t<meta property=\"og:image:type\" content=\"image\/jpeg\" \/>\n<meta name=\"author\" content=\"Redacci\u00f3n QP\" \/>\n<meta name=\"twitter:card\" content=\"summary_large_image\" \/>\n<meta name=\"twitter:label1\" content=\"Escrito por\" \/>\n\t<meta name=\"twitter:data1\" content=\"Redacci\u00f3n QP\" \/>\n\t<meta name=\"twitter:label2\" content=\"Tiempo de lectura\" \/>\n\t<meta name=\"twitter:data2\" content=\"2 minutos\" \/>\n<script type=\"application\/ld+json\" class=\"yoast-schema-graph\">{\"@context\":\"https:\\\/\\\/schema.org\",\"@graph\":[{\"@type\":\"Article\",\"@id\":\"https:\\\/\\\/quehacerpolitico.mx\\\/?p=90383#article\",\"isPartOf\":{\"@id\":\"https:\\\/\\\/quehacerpolitico.mx\\\/?p=90383\"},\"author\":{\"name\":\"Redacci\u00f3n QP\",\"@id\":\"https:\\\/\\\/quehacerpolitico.mx\\\/#\\\/schema\\\/person\\\/496d8ad2d1d3f8036101dca7ee39e585\"},\"headline\":\"Hay 26 heridos por violencia en Estadio Corregidora; hay 3 personas graves\u00a0\",\"datePublished\":\"2022-03-06T17:31:06+00:00\",\"dateModified\":\"2022-03-06T17:31:10+00:00\",\"mainEntityOfPage\":{\"@id\":\"https:\\\/\\\/quehacerpolitico.mx\\\/?p=90383\"},\"wordCount\":466,\"commentCount\":0,\"image\":{\"@id\":\"https:\\\/\\\/quehacerpolitico.mx\\\/?p=90383#primaryimage\"},\"thumbnailUrl\":\"https:\\\/\\\/quehacerpolitico.mx\\\/wp-content\\\/uploads\\\/2022\\\/03\\\/A09E5ED9-A0FA-4BF1-9DDB-575A875D8AE5.jpeg\",\"articleSection\":[\"Deportes\"],\"inLanguage\":\"es\",\"potentialAction\":[{\"@type\":\"CommentAction\",\"name\":\"Comment\",\"target\":[\"https:\\\/\\\/quehacerpolitico.mx\\\/?p=90383#respond\"]}]},{\"@type\":\"WebPage\",\"@id\":\"https:\\\/\\\/quehacerpolitico.mx\\\/?p=90383\",\"url\":\"https:\\\/\\\/quehacerpolitico.mx\\\/?p=90383\",\"name\":\"Hay 26 heridos por violencia en Estadio Corregidora; hay 3 personas graves\u00a0 -\",\"isPartOf\":{\"@id\":\"https:\\\/\\\/quehacerpolitico.mx\\\/#website\"},\"primaryImageOfPage\":{\"@id\":\"https:\\\/\\\/quehacerpolitico.mx\\\/?p=90383#primaryimage\"},\"image\":{\"@id\":\"https:\\\/\\\/quehacerpolitico.mx\\\/?p=90383#primaryimage\"},\"thumbnailUrl\":\"https:\\\/\\\/quehacerpolitico.mx\\\/wp-content\\\/uploads\\\/2022\\\/03\\\/A09E5ED9-A0FA-4BF1-9DDB-575A875D8AE5.jpeg\",\"datePublished\":\"2022-03-06T17:31:06+00:00\",\"dateModified\":\"2022-03-06T17:31:10+00:00\",\"author\":{\"@id\":\"https:\\\/\\\/quehacerpolitico.mx\\\/#\\\/schema\\\/person\\\/496d8ad2d1d3f8036101dca7ee39e585\"},\"breadcrumb\":{\"@id\":\"https:\\\/\\\/quehacerpolitico.mx\\\/?p=90383#breadcrumb\"},\"inLanguage\":\"es\",\"potentialAction\":[{\"@type\":\"ReadAction\",\"target\":[\"https:\\\/\\\/quehacerpolitico.mx\\\/?p=90383\"]}]},{\"@type\":\"ImageObject\",\"inLanguage\":\"es\",\"@id\":\"https:\\\/\\\/quehacerpolitico.mx\\\/?p=90383#primaryimage\",\"url\":\"https:\\\/\\\/quehacerpolitico.mx\\\/wp-content\\\/uploads\\\/2022\\\/03\\\/A09E5ED9-A0FA-4BF1-9DDB-575A875D8AE5.jpeg\",\"contentUrl\":\"https:\\\/\\\/quehacerpolitico.mx\\\/wp-content\\\/uploads\\\/2022\\\/03\\\/A09E5ED9-A0FA-4BF1-9DDB-575A875D8AE5.jpeg\",\"width\":1173,\"height\":699},{\"@type\":\"BreadcrumbList\",\"@id\":\"https:\\\/\\\/quehacerpolitico.mx\\\/?p=90383#breadcrumb\",\"itemListElement\":[{\"@type\":\"ListItem\",\"position\":1,\"name\":\"Inicio\",\"item\":\"https:\\\/\\\/quehacerpolitico.mx\\\/\"},{\"@type\":\"ListItem\",\"position\":2,\"name\":\"Hay 26 heridos por violencia en Estadio Corregidora; hay 3 personas graves\u00a0\"}]},{\"@type\":\"WebSite\",\"@id\":\"https:\\\/\\\/quehacerpolitico.mx\\\/#website\",\"url\":\"https:\\\/\\\/quehacerpolitico.mx\\\/\",\"name\":\"\",\"description\":\"\",\"potentialAction\":[{\"@type\":\"SearchAction\",\"target\":{\"@type\":\"EntryPoint\",\"urlTemplate\":\"https:\\\/\\\/quehacerpolitico.mx\\\/?s={search_term_string}\"},\"query-input\":{\"@type\":\"PropertyValueSpecification\",\"valueRequired\":true,\"valueName\":\"search_term_string\"}}],\"inLanguage\":\"es\"},{\"@type\":\"Person\",\"@id\":\"https:\\\/\\\/quehacerpolitico.mx\\\/#\\\/schema\\\/person\\\/496d8ad2d1d3f8036101dca7ee39e585\",\"name\":\"Redacci\u00f3n QP\",\"image\":{\"@type\":\"ImageObject\",\"inLanguage\":\"es\",\"@id\":\"https:\\\/\\\/secure.gravatar.com\\\/avatar\\\/c7164ed6fdec453195284ad24a5ae5b6e1eed2b848477fa2a4787ba9adf39a41?s=96&d=mm&r=g\",\"url\":\"https:\\\/\\\/secure.gravatar.com\\\/avatar\\\/c7164ed6fdec453195284ad24a5ae5b6e1eed2b848477fa2a4787ba9adf39a41?s=96&d=mm&r=g\",\"contentUrl\":\"https:\\\/\\\/secure.gravatar.com\\\/avatar\\\/c7164ed6fdec453195284ad24a5ae5b6e1eed2b848477fa2a4787ba9adf39a41?s=96&d=mm&r=g\",\"caption\":\"Redacci\u00f3n QP\"},\"url\":\"https:\\\/\\\/quehacerpolitico.mx\\\/?author=2\"}]}<\/script>\n<!-- \/ Yoast SEO plugin. -->","yoast_head_json":{"title":"Hay 26 heridos por violencia en Estadio Corregidora; hay 3 personas graves\u00a0 -","robots":{"index":"index","follow":"follow","max-snippet":"max-snippet:-1","max-image-preview":"max-image-preview:large","max-video-preview":"max-video-preview:-1"},"canonical":"https:\/\/quehacerpolitico.mx\/?p=90383","og_locale":"es_MX","og_type":"article","og_title":"Hay 26 heridos por violencia en Estadio Corregidora; hay 3 personas graves\u00a0 -","og_description":"Por Redacci\u00f3n QP El gobernador de Quer\u00e9taro, Mauricio Kuri, indic\u00f3 que de los 26 lesionados,...","og_url":"https:\/\/quehacerpolitico.mx\/?p=90383","article_published_time":"2022-03-06T17:31:06+00:00","article_modified_time":"2022-03-06T17:31:10+00:00","og_image":[{"width":1173,"height":699,"url":"https:\/\/quehacerpolitico.mx\/wp-content\/uploads\/2022\/03\/A09E5ED9-A0FA-4BF1-9DDB-575A875D8AE5.jpeg","type":"image\/jpeg"}],"author":"Redacci\u00f3n QP","twitter_card":"summary_large_image","twitter_misc":{"Escrito por":"Redacci\u00f3n QP","Tiempo de lectura":"2 minutos"},"schema":{"@context":"https:\/\/schema.org","@graph":[{"@type":"Article","@id":"https:\/\/quehacerpolitico.mx\/?p=90383#article","isPartOf":{"@id":"https:\/\/quehacerpolitico.mx\/?p=90383"},"author":{"name":"Redacci\u00f3n QP","@id":"https:\/\/quehacerpolitico.mx\/#\/schema\/person\/496d8ad2d1d3f8036101dca7ee39e585"},"headline":"Hay 26 heridos por violencia en Estadio Corregidora; hay 3 personas graves\u00a0","datePublished":"2022-03-06T17:31:06+00:00","dateModified":"2022-03-06T17:31:10+00:00","mainEntityOfPage":{"@id":"https:\/\/quehacerpolitico.mx\/?p=90383"},"wordCount":466,"commentCount":0,"image":{"@id":"https:\/\/quehacerpolitico.mx\/?p=90383#primaryimage"},"thumbnailUrl":"https:\/\/quehacerpolitico.mx\/wp-content\/uploads\/2022\/03\/A09E5ED9-A0FA-4BF1-9DDB-575A875D8AE5.jpeg","articleSection":["Deportes"],"inLanguage":"es","potentialAction":[{"@type":"CommentAction","name":"Comment","target":["https:\/\/quehacerpolitico.mx\/?p=90383#respond"]}]},{"@type":"WebPage","@id":"https:\/\/quehacerpolitico.mx\/?p=90383","url":"https:\/\/quehacerpolitico.mx\/?p=90383","name":"Hay 26 heridos por violencia en Estadio Corregidora; hay 3 personas graves\u00a0 -","isPartOf":{"@id":"https:\/\/quehacerpolitico.mx\/#website"},"primaryImageOfPage":{"@id":"https:\/\/quehacerpolitico.mx\/?p=90383#primaryimage"},"image":{"@id":"https:\/\/quehacerpolitico.mx\/?p=90383#primaryimage"},"thumbnailUrl":"https:\/\/quehacerpolitico.mx\/wp-content\/uploads\/2022\/03\/A09E5ED9-A0FA-4BF1-9DDB-575A875D8AE5.jpeg","datePublished":"2022-03-06T17:31:06+00:00","dateModified":"2022-03-06T17:31:10+00:00","author":{"@id":"https:\/\/quehacerpolitico.mx\/#\/schema\/person\/496d8ad2d1d3f8036101dca7ee39e585"},"breadcrumb":{"@id":"https:\/\/quehacerpolitico.mx\/?p=90383#breadcrumb"},"inLanguage":"es","potentialAction":[{"@type":"ReadAction","target":["https:\/\/quehacerpolitico.mx\/?p=90383"]}]},{"@type":"ImageObject","inLanguage":"es","@id":"https:\/\/quehacerpolitico.mx\/?p=90383#primaryimage","url":"https:\/\/quehacerpolitico.mx\/wp-content\/uploads\/2022\/03\/A09E5ED9-A0FA-4BF1-9DDB-575A875D8AE5.jpeg","contentUrl":"https:\/\/quehacerpolitico.mx\/wp-content\/uploads\/2022\/03\/A09E5ED9-A0FA-4BF1-9DDB-575A875D8AE5.jpeg","width":1173,"height":699},{"@type":"BreadcrumbList","@id":"https:\/\/quehacerpolitico.mx\/?p=90383#breadcrumb","itemListElement":[{"@type":"ListItem","position":1,"name":"Inicio","item":"https:\/\/quehacerpolitico.mx\/"},{"@type":"ListItem","position":2,"name":"Hay 26 heridos por violencia en Estadio Corregidora; hay 3 personas graves\u00a0"}]},{"@type":"WebSite","@id":"https:\/\/quehacerpolitico.mx\/#website","url":"https:\/\/quehacerpolitico.mx\/","name":"","description":"","potentialAction":[{"@type":"SearchAction","target":{"@type":"EntryPoint","urlTemplate":"https:\/\/quehacerpolitico.mx\/?s={search_term_string}"},"query-input":{"@type":"PropertyValueSpecification","valueRequired":true,"valueName":"search_term_string"}}],"inLanguage":"es"},{"@type":"Person","@id":"https:\/\/quehacerpolitico.mx\/#\/schema\/person\/496d8ad2d1d3f8036101dca7ee39e585","name":"Redacci\u00f3n QP","image":{"@type":"ImageObject","inLanguage":"es","@id":"https:\/\/secure.gravatar.com\/avatar\/c7164ed6fdec453195284ad24a5ae5b6e1eed2b848477fa2a4787ba9adf39a41?s=96&d=mm&r=g","url":"https:\/\/secure.gravatar.com\/avatar\/c7164ed6fdec453195284ad24a5ae5b6e1eed2b848477fa2a4787ba9adf39a41?s=96&d=mm&r=g","contentUrl":"https:\/\/secure.gravatar.com\/avatar\/c7164ed6fdec453195284ad24a5ae5b6e1eed2b848477fa2a4787ba9adf39a41?s=96&d=mm&r=g","caption":"Redacci\u00f3n QP"},"url":"https:\/\/quehacerpolitico.mx\/?author=2"}]}},"featured_image_urls":{"full":["https:\/\/quehacerpolitico.mx\/wp-content\/uploads\/2022\/03\/A09E5ED9-A0FA-4BF1-9DDB-575A875D8AE5.jpeg",1173,699,false],"thumbnail":["https:\/\/quehacerpolitico.mx\/wp-content\/uploads\/2022\/03\/A09E5ED9-A0FA-4BF1-9DDB-575A875D8AE5-150x150.jpeg",150,150,true],"medium":["https:\/\/quehacerpolitico.mx\/wp-content\/uploads\/2022\/03\/A09E5ED9-A0FA-4BF1-9DDB-575A875D8AE5-300x179.jpeg",300,179,true],"medium_large":["https:\/\/quehacerpolitico.mx\/wp-content\/uploads\/2022\/03\/A09E5ED9-A0FA-4BF1-9DDB-575A875D8AE5-768x458.jpeg",640,382,true],"large":["https:\/\/quehacerpolitico.mx\/wp-content\/uploads\/2022\/03\/A09E5ED9-A0FA-4BF1-9DDB-575A875D8AE5-1024x610.jpeg",640,381,true],"1536x1536":["https:\/\/quehacerpolitico.mx\/wp-content\/uploads\/2022\/03\/A09E5ED9-A0FA-4BF1-9DDB-575A875D8AE5.jpeg",1173,699,false],"2048x2048":["https:\/\/quehacerpolitico.mx\/wp-content\/uploads\/2022\/03\/A09E5ED9-A0FA-4BF1-9DDB-575A875D8AE5.jpeg",1173,699,false],"covernews-featured":["https:\/\/quehacerpolitico.mx\/wp-content\/uploads\/2022\/03\/A09E5ED9-A0FA-4BF1-9DDB-575A875D8AE5.jpeg",1024,610,false],"covernews-medium":["https:\/\/quehacerpolitico.mx\/wp-content\/uploads\/2022\/03\/A09E5ED9-A0FA-4BF1-9DDB-575A875D8AE5.jpeg",540,322,false]},"author_info":{"display_name":"Redacci\u00f3n QP","author_link":"https:\/\/quehacerpolitico.mx\/?author=2"},"category_info":"<a href=\"https:\/\/quehacerpolitico.mx\/?cat=54\" rel=\"category\">Deportes<\/a>","tag_info":"Deportes","comment_count":"0","_links":{"self":[{"href":"https:\/\/quehacerpolitico.mx\/index.php?rest_route=\/wp\/v2\/posts\/90383","targetHints":{"allow":["GET"]}}],"collection":[{"href":"https:\/\/quehacerpolitico.mx\/index.php?rest_route=\/wp\/v2\/posts"}],"about":[{"href":"https:\/\/quehacerpolitico.mx\/index.php?rest_route=\/wp\/v2\/types\/post"}],"author":[{"embeddable":true,"href":"https:\/\/quehacerpolitico.mx\/index.php?rest_route=\/wp\/v2\/users\/2"}],"replies":[{"embeddable":true,"href":"https:\/\/quehacerpolitico.mx\/index.php?rest_route=%2Fwp%2Fv2%2Fcomments&post=90383"}],"version-history":[{"count":1,"href":"https:\/\/quehacerpolitico.mx\/index.php?rest_route=\/wp\/v2\/posts\/90383\/revisions"}],"predecessor-version":[{"id":90385,"href":"https:\/\/quehacerpolitico.mx\/index.php?rest_route=\/wp\/v2\/posts\/90383\/revisions\/90385"}],"wp:featuredmedia":[{"embeddable":true,"href":"https:\/\/quehacerpolitico.mx\/index.php?rest_route=\/wp\/v2\/media\/90384"}],"wp:attachment":[{"href":"https:\/\/quehacerpolitico.mx\/index.php?rest_route=%2Fwp%2Fv2%2Fmedia&parent=90383"}],"wp:term":[{"taxonomy":"category","embeddable":true,"href":"https:\/\/quehacerpolitico.mx\/index.php?rest_route=%2Fwp%2Fv2%2Fcategories&post=90383"},{"taxonomy":"post_tag","embeddable":true,"href":"https:\/\/quehacerpolitico.mx\/index.php?rest_route=%2Fwp%2Fv2%2Ftags&post=90383"}],"curies":[{"name":"wp","href":"https:\/\/api.w.org\/{rel}","templated":true}]}}