{"id":90380,"date":"2022-03-06T17:06:54","date_gmt":"2022-03-06T17:06:54","guid":{"rendered":"https:\/\/quehacerpolitico.mx\/?p=90380"},"modified":"2022-03-06T17:06:56","modified_gmt":"2022-03-06T17:06:56","slug":"internacionales-carolina-alonso-romei-putin-confirma-a-erdogan-su-disposicion-a-negociar-con-ucrania-con-la-ayuda-de-turquia","status":"publish","type":"post","link":"https:\/\/quehacerpolitico.mx\/?p=90380","title":{"rendered":"Internacionales\/\/\/Carolina Alonso Romei\/\/\/Putin confirma a Erdogan su disposici\u00f3n a negociar con Ucrania con la ayuda de Turqu\u00eda"},"content":{"rendered":"\n<p>Por Carolina Alonso Romei<\/p>\n\n\n\n<p>Internacionalista <\/p>\n\n\n\n<p>Turqu\u00eda lleva d\u00edas proponi\u00e9ndose como mediador en una posible reuni\u00f3n de alto nivel<\/p>\n\n\n\n<ul class=\"wp-block-list\"><li>Turqu\u00eda destac\u00f3 a Rusia la importancia de una tregua para aliviar la crisis humanitaria y permitir una soluci\u00f3n negociada<\/li><\/ul>\n\n\n\n<p>El presidente de\u00a0Rusia, Vladimir Putin, expres\u00f3 a su hom\u00f3logo turco,\u00a0Recep Tayyip Erdogan, su disposici\u00f3n a negociar con las autoridades de\u00a0Ucrania una soluci\u00f3n a la\u00a0<strong>guerra,<\/strong>\u00a0con toda la ayuda que las autoridades turcas puedan ofrecer para alcanzar acuerdos.<\/p>\n\n\n\n<p>Turqu\u00eda lleva d\u00edas proponi\u00e9ndose como mediador en una posible reuni\u00f3n de alto nivel que tendr\u00eda lugar la semana del 7 al 11 de marzo del 2022, durante el foro diplom\u00e1tico de\u00a0<strong>Anatolia;<\/strong>\u00a0opci\u00f3n a la que incluso el ministro de Exteriores ucraniano, Dimitro Kuleba, se ha mostrado receptivo.<\/p>\n\n\n\n<p>Erdogan ha pedido a Putin colaboraci\u00f3n para \u201cconstruir juntos el camino a la paz\u201d y destac\u00f3 la importancia de una\u00a0<strong>tregua<\/strong>\u00a0para aliviar la<strong>\u00a0crisis humanitaria<\/strong>\u00a0y permitir una soluci\u00f3n negociada<\/p>\n\n\n\n<figure class=\"wp-block-embed is-type-video is-provider-youtube wp-block-embed-youtube wp-embed-aspect-16-9 wp-has-aspect-ratio\"><div class=\"wp-block-embed__wrapper\">\n<iframe loading=\"lazy\" title=\"Informe desde Estambul: Erdogan habl\u00f3 con Putin y pidi\u00f3 alto al fuego en Ucrania\" width=\"640\" height=\"360\" src=\"https:\/\/www.youtube.com\/embed\/3k2uSwVPTpw?feature=oembed\" frameborder=\"0\" allow=\"accelerometer; autoplay; clipboard-write; encrypted-media; gyroscope; picture-in-picture; web-share\" referrerpolicy=\"strict-origin-when-cross-origin\" allowfullscreen><\/iframe>\n<\/div><\/figure>\n\n\n\n<p>Putin en la misma conversaci\u00f3n, ha querido puntualizar no obstante que la suspensi\u00f3n de lo que&nbsp;<strong>Rusia<\/strong>&nbsp;describe oficialmente como la \u201coperaci\u00f3n especial\u201d en&nbsp;<strong>Ucrania<\/strong>&nbsp;\u201csolo es posible si Kiev cesa las hostilidades\u201d.<\/p>\n\n\n\n<p>Si bien Ankara se ha opuesto a las sanciones internacionales destinadas a aislar a Mosc\u00fa, tambi\u00e9n ha cerrado los estrechos del B\u00f3sforo y los Dardanelos en virtud de la\u00a0<strong>Convenci\u00f3n de Montreaux<\/strong>\u00a0de 1936, que habilita a Turqu\u00eda para impedir el paso entre el\u00a0<strong>mar Negro<\/strong>\u00a0y el Mediterr\u00e1neo a buques de pa\u00edses en guerra.<\/p>\n\n\n\n<p>Turqu\u00eda, aliado de la&nbsp;<strong>OTAN,<\/strong>&nbsp;limita con Ucrania y Rusia en el mar Negro y tiene buenas relaciones con ambos pa\u00edses y ha intentado exhibir una postura equidistante.<\/p>\n\n\n\n<p>Con informaci\u00f3n de Europa Press.<\/p>\n","protected":false},"excerpt":{"rendered":"<p>Por Carolina Alonso Romei Internacionalista Turqu\u00eda lleva d\u00edas proponi\u00e9ndose como mediador en una posible reuni\u00f3n&#8230;<\/p>\n","protected":false},"author":2,"featured_media":90381,"comment_status":"open","ping_status":"open","sticky":false,"template":"","format":"standard","meta":{"_monsterinsights_skip_tracking":false,"_monsterinsights_sitenote_active":false,"_monsterinsights_sitenote_note":"","_monsterinsights_sitenote_category":0,"footnotes":""},"categories":[1],"tags":[],"class_list":["post-90380","post","type-post","status-publish","format-standard","has-post-thumbnail","hentry","category-sin-categoria"],"yoast_head":"<!-- This site is optimized with the Yoast SEO plugin v27.3 - https:\/\/yoast.com\/product\/yoast-seo-wordpress\/ -->\n<title>Internacionales\/\/\/Carolina Alonso Romei\/\/\/Putin confirma a Erdogan su disposici\u00f3n a negociar con Ucrania con la ayuda de Turqu\u00eda -<\/title>\n<meta name=\"robots\" content=\"index, follow, max-snippet:-1, max-image-preview:large, max-video-preview:-1\" \/>\n<link rel=\"canonical\" href=\"https:\/\/quehacerpolitico.mx\/?p=90380\" \/>\n<meta property=\"og:locale\" content=\"es_MX\" \/>\n<meta property=\"og:type\" content=\"article\" \/>\n<meta property=\"og:title\" content=\"Internacionales\/\/\/Carolina Alonso Romei\/\/\/Putin confirma a Erdogan su disposici\u00f3n a negociar con Ucrania con la ayuda de Turqu\u00eda -\" \/>\n<meta property=\"og:description\" content=\"Por Carolina Alonso Romei Internacionalista Turqu\u00eda lleva d\u00edas proponi\u00e9ndose como mediador en una posible reuni\u00f3n...\" \/>\n<meta property=\"og:url\" content=\"https:\/\/quehacerpolitico.mx\/?p=90380\" \/>\n<meta property=\"article:published_time\" content=\"2022-03-06T17:06:54+00:00\" \/>\n<meta property=\"article:modified_time\" content=\"2022-03-06T17:06:56+00:00\" \/>\n<meta property=\"og:image\" content=\"https:\/\/quehacerpolitico.mx\/wp-content\/uploads\/2022\/03\/6108A60A-19DA-4767-8145-3A9C83D19A87.jpeg\" \/>\n\t<meta property=\"og:image:width\" content=\"656\" \/>\n\t<meta property=\"og:image:height\" content=\"370\" \/>\n\t<meta property=\"og:image:type\" content=\"image\/jpeg\" \/>\n<meta name=\"author\" content=\"Redacci\u00f3n QP\" \/>\n<meta name=\"twitter:card\" content=\"summary_large_image\" \/>\n<meta name=\"twitter:label1\" content=\"Escrito por\" \/>\n\t<meta name=\"twitter:data1\" content=\"Redacci\u00f3n QP\" \/>\n\t<meta name=\"twitter:label2\" content=\"Tiempo de lectura\" \/>\n\t<meta name=\"twitter:data2\" content=\"2 minutos\" \/>\n<script type=\"application\/ld+json\" class=\"yoast-schema-graph\">{\"@context\":\"https:\\\/\\\/schema.org\",\"@graph\":[{\"@type\":\"Article\",\"@id\":\"https:\\\/\\\/quehacerpolitico.mx\\\/?p=90380#article\",\"isPartOf\":{\"@id\":\"https:\\\/\\\/quehacerpolitico.mx\\\/?p=90380\"},\"author\":{\"name\":\"Redacci\u00f3n QP\",\"@id\":\"https:\\\/\\\/quehacerpolitico.mx\\\/#\\\/schema\\\/person\\\/496d8ad2d1d3f8036101dca7ee39e585\"},\"headline\":\"Internacionales\\\/\\\/\\\/Carolina Alonso Romei\\\/\\\/\\\/Putin confirma a Erdogan su disposici\u00f3n a negociar con Ucrania con la ayuda de Turqu\u00eda\",\"datePublished\":\"2022-03-06T17:06:54+00:00\",\"dateModified\":\"2022-03-06T17:06:56+00:00\",\"mainEntityOfPage\":{\"@id\":\"https:\\\/\\\/quehacerpolitico.mx\\\/?p=90380\"},\"wordCount\":336,\"commentCount\":0,\"image\":{\"@id\":\"https:\\\/\\\/quehacerpolitico.mx\\\/?p=90380#primaryimage\"},\"thumbnailUrl\":\"https:\\\/\\\/quehacerpolitico.mx\\\/wp-content\\\/uploads\\\/2022\\\/03\\\/6108A60A-19DA-4767-8145-3A9C83D19A87.jpeg\",\"articleSection\":[\"Internacionales\"],\"inLanguage\":\"es\",\"potentialAction\":[{\"@type\":\"CommentAction\",\"name\":\"Comment\",\"target\":[\"https:\\\/\\\/quehacerpolitico.mx\\\/?p=90380#respond\"]}]},{\"@type\":\"WebPage\",\"@id\":\"https:\\\/\\\/quehacerpolitico.mx\\\/?p=90380\",\"url\":\"https:\\\/\\\/quehacerpolitico.mx\\\/?p=90380\",\"name\":\"Internacionales\\\/\\\/\\\/Carolina Alonso Romei\\\/\\\/\\\/Putin confirma a Erdogan su disposici\u00f3n a negociar con Ucrania con la ayuda de Turqu\u00eda -\",\"isPartOf\":{\"@id\":\"https:\\\/\\\/quehacerpolitico.mx\\\/#website\"},\"primaryImageOfPage\":{\"@id\":\"https:\\\/\\\/quehacerpolitico.mx\\\/?p=90380#primaryimage\"},\"image\":{\"@id\":\"https:\\\/\\\/quehacerpolitico.mx\\\/?p=90380#primaryimage\"},\"thumbnailUrl\":\"https:\\\/\\\/quehacerpolitico.mx\\\/wp-content\\\/uploads\\\/2022\\\/03\\\/6108A60A-19DA-4767-8145-3A9C83D19A87.jpeg\",\"datePublished\":\"2022-03-06T17:06:54+00:00\",\"dateModified\":\"2022-03-06T17:06:56+00:00\",\"author\":{\"@id\":\"https:\\\/\\\/quehacerpolitico.mx\\\/#\\\/schema\\\/person\\\/496d8ad2d1d3f8036101dca7ee39e585\"},\"breadcrumb\":{\"@id\":\"https:\\\/\\\/quehacerpolitico.mx\\\/?p=90380#breadcrumb\"},\"inLanguage\":\"es\",\"potentialAction\":[{\"@type\":\"ReadAction\",\"target\":[\"https:\\\/\\\/quehacerpolitico.mx\\\/?p=90380\"]}]},{\"@type\":\"ImageObject\",\"inLanguage\":\"es\",\"@id\":\"https:\\\/\\\/quehacerpolitico.mx\\\/?p=90380#primaryimage\",\"url\":\"https:\\\/\\\/quehacerpolitico.mx\\\/wp-content\\\/uploads\\\/2022\\\/03\\\/6108A60A-19DA-4767-8145-3A9C83D19A87.jpeg\",\"contentUrl\":\"https:\\\/\\\/quehacerpolitico.mx\\\/wp-content\\\/uploads\\\/2022\\\/03\\\/6108A60A-19DA-4767-8145-3A9C83D19A87.jpeg\",\"width\":656,\"height\":370},{\"@type\":\"BreadcrumbList\",\"@id\":\"https:\\\/\\\/quehacerpolitico.mx\\\/?p=90380#breadcrumb\",\"itemListElement\":[{\"@type\":\"ListItem\",\"position\":1,\"name\":\"Inicio\",\"item\":\"https:\\\/\\\/quehacerpolitico.mx\\\/\"},{\"@type\":\"ListItem\",\"position\":2,\"name\":\"Internacionales\\\/\\\/\\\/Carolina Alonso Romei\\\/\\\/\\\/Putin confirma a Erdogan su disposici\u00f3n a negociar con Ucrania con la ayuda de Turqu\u00eda\"}]},{\"@type\":\"WebSite\",\"@id\":\"https:\\\/\\\/quehacerpolitico.mx\\\/#website\",\"url\":\"https:\\\/\\\/quehacerpolitico.mx\\\/\",\"name\":\"\",\"description\":\"\",\"potentialAction\":[{\"@type\":\"SearchAction\",\"target\":{\"@type\":\"EntryPoint\",\"urlTemplate\":\"https:\\\/\\\/quehacerpolitico.mx\\\/?s={search_term_string}\"},\"query-input\":{\"@type\":\"PropertyValueSpecification\",\"valueRequired\":true,\"valueName\":\"search_term_string\"}}],\"inLanguage\":\"es\"},{\"@type\":\"Person\",\"@id\":\"https:\\\/\\\/quehacerpolitico.mx\\\/#\\\/schema\\\/person\\\/496d8ad2d1d3f8036101dca7ee39e585\",\"name\":\"Redacci\u00f3n QP\",\"image\":{\"@type\":\"ImageObject\",\"inLanguage\":\"es\",\"@id\":\"https:\\\/\\\/secure.gravatar.com\\\/avatar\\\/c7164ed6fdec453195284ad24a5ae5b6e1eed2b848477fa2a4787ba9adf39a41?s=96&d=mm&r=g\",\"url\":\"https:\\\/\\\/secure.gravatar.com\\\/avatar\\\/c7164ed6fdec453195284ad24a5ae5b6e1eed2b848477fa2a4787ba9adf39a41?s=96&d=mm&r=g\",\"contentUrl\":\"https:\\\/\\\/secure.gravatar.com\\\/avatar\\\/c7164ed6fdec453195284ad24a5ae5b6e1eed2b848477fa2a4787ba9adf39a41?s=96&d=mm&r=g\",\"caption\":\"Redacci\u00f3n QP\"},\"url\":\"https:\\\/\\\/quehacerpolitico.mx\\\/?author=2\"}]}<\/script>\n<!-- \/ Yoast SEO plugin. -->","yoast_head_json":{"title":"Internacionales\/\/\/Carolina Alonso Romei\/\/\/Putin confirma a Erdogan su disposici\u00f3n a negociar con Ucrania con la ayuda de Turqu\u00eda -","robots":{"index":"index","follow":"follow","max-snippet":"max-snippet:-1","max-image-preview":"max-image-preview:large","max-video-preview":"max-video-preview:-1"},"canonical":"https:\/\/quehacerpolitico.mx\/?p=90380","og_locale":"es_MX","og_type":"article","og_title":"Internacionales\/\/\/Carolina Alonso Romei\/\/\/Putin confirma a Erdogan su disposici\u00f3n a negociar con Ucrania con la ayuda de Turqu\u00eda -","og_description":"Por Carolina Alonso Romei Internacionalista Turqu\u00eda lleva d\u00edas proponi\u00e9ndose como mediador en una posible reuni\u00f3n...","og_url":"https:\/\/quehacerpolitico.mx\/?p=90380","article_published_time":"2022-03-06T17:06:54+00:00","article_modified_time":"2022-03-06T17:06:56+00:00","og_image":[{"width":656,"height":370,"url":"https:\/\/quehacerpolitico.mx\/wp-content\/uploads\/2022\/03\/6108A60A-19DA-4767-8145-3A9C83D19A87.jpeg","type":"image\/jpeg"}],"author":"Redacci\u00f3n QP","twitter_card":"summary_large_image","twitter_misc":{"Escrito por":"Redacci\u00f3n QP","Tiempo de lectura":"2 minutos"},"schema":{"@context":"https:\/\/schema.org","@graph":[{"@type":"Article","@id":"https:\/\/quehacerpolitico.mx\/?p=90380#article","isPartOf":{"@id":"https:\/\/quehacerpolitico.mx\/?p=90380"},"author":{"name":"Redacci\u00f3n QP","@id":"https:\/\/quehacerpolitico.mx\/#\/schema\/person\/496d8ad2d1d3f8036101dca7ee39e585"},"headline":"Internacionales\/\/\/Carolina Alonso Romei\/\/\/Putin confirma a Erdogan su disposici\u00f3n a negociar con Ucrania con la ayuda de Turqu\u00eda","datePublished":"2022-03-06T17:06:54+00:00","dateModified":"2022-03-06T17:06:56+00:00","mainEntityOfPage":{"@id":"https:\/\/quehacerpolitico.mx\/?p=90380"},"wordCount":336,"commentCount":0,"image":{"@id":"https:\/\/quehacerpolitico.mx\/?p=90380#primaryimage"},"thumbnailUrl":"https:\/\/quehacerpolitico.mx\/wp-content\/uploads\/2022\/03\/6108A60A-19DA-4767-8145-3A9C83D19A87.jpeg","articleSection":["Internacionales"],"inLanguage":"es","potentialAction":[{"@type":"CommentAction","name":"Comment","target":["https:\/\/quehacerpolitico.mx\/?p=90380#respond"]}]},{"@type":"WebPage","@id":"https:\/\/quehacerpolitico.mx\/?p=90380","url":"https:\/\/quehacerpolitico.mx\/?p=90380","name":"Internacionales\/\/\/Carolina Alonso Romei\/\/\/Putin confirma a Erdogan su disposici\u00f3n a negociar con Ucrania con la ayuda de Turqu\u00eda -","isPartOf":{"@id":"https:\/\/quehacerpolitico.mx\/#website"},"primaryImageOfPage":{"@id":"https:\/\/quehacerpolitico.mx\/?p=90380#primaryimage"},"image":{"@id":"https:\/\/quehacerpolitico.mx\/?p=90380#primaryimage"},"thumbnailUrl":"https:\/\/quehacerpolitico.mx\/wp-content\/uploads\/2022\/03\/6108A60A-19DA-4767-8145-3A9C83D19A87.jpeg","datePublished":"2022-03-06T17:06:54+00:00","dateModified":"2022-03-06T17:06:56+00:00","author":{"@id":"https:\/\/quehacerpolitico.mx\/#\/schema\/person\/496d8ad2d1d3f8036101dca7ee39e585"},"breadcrumb":{"@id":"https:\/\/quehacerpolitico.mx\/?p=90380#breadcrumb"},"inLanguage":"es","potentialAction":[{"@type":"ReadAction","target":["https:\/\/quehacerpolitico.mx\/?p=90380"]}]},{"@type":"ImageObject","inLanguage":"es","@id":"https:\/\/quehacerpolitico.mx\/?p=90380#primaryimage","url":"https:\/\/quehacerpolitico.mx\/wp-content\/uploads\/2022\/03\/6108A60A-19DA-4767-8145-3A9C83D19A87.jpeg","contentUrl":"https:\/\/quehacerpolitico.mx\/wp-content\/uploads\/2022\/03\/6108A60A-19DA-4767-8145-3A9C83D19A87.jpeg","width":656,"height":370},{"@type":"BreadcrumbList","@id":"https:\/\/quehacerpolitico.mx\/?p=90380#breadcrumb","itemListElement":[{"@type":"ListItem","position":1,"name":"Inicio","item":"https:\/\/quehacerpolitico.mx\/"},{"@type":"ListItem","position":2,"name":"Internacionales\/\/\/Carolina Alonso Romei\/\/\/Putin confirma a Erdogan su disposici\u00f3n a negociar con Ucrania con la ayuda de Turqu\u00eda"}]},{"@type":"WebSite","@id":"https:\/\/quehacerpolitico.mx\/#website","url":"https:\/\/quehacerpolitico.mx\/","name":"","description":"","potentialAction":[{"@type":"SearchAction","target":{"@type":"EntryPoint","urlTemplate":"https:\/\/quehacerpolitico.mx\/?s={search_term_string}"},"query-input":{"@type":"PropertyValueSpecification","valueRequired":true,"valueName":"search_term_string"}}],"inLanguage":"es"},{"@type":"Person","@id":"https:\/\/quehacerpolitico.mx\/#\/schema\/person\/496d8ad2d1d3f8036101dca7ee39e585","name":"Redacci\u00f3n QP","image":{"@type":"ImageObject","inLanguage":"es","@id":"https:\/\/secure.gravatar.com\/avatar\/c7164ed6fdec453195284ad24a5ae5b6e1eed2b848477fa2a4787ba9adf39a41?s=96&d=mm&r=g","url":"https:\/\/secure.gravatar.com\/avatar\/c7164ed6fdec453195284ad24a5ae5b6e1eed2b848477fa2a4787ba9adf39a41?s=96&d=mm&r=g","contentUrl":"https:\/\/secure.gravatar.com\/avatar\/c7164ed6fdec453195284ad24a5ae5b6e1eed2b848477fa2a4787ba9adf39a41?s=96&d=mm&r=g","caption":"Redacci\u00f3n QP"},"url":"https:\/\/quehacerpolitico.mx\/?author=2"}]}},"featured_image_urls":{"full":["https:\/\/quehacerpolitico.mx\/wp-content\/uploads\/2022\/03\/6108A60A-19DA-4767-8145-3A9C83D19A87.jpeg",656,370,false],"thumbnail":["https:\/\/quehacerpolitico.mx\/wp-content\/uploads\/2022\/03\/6108A60A-19DA-4767-8145-3A9C83D19A87-150x150.jpeg",150,150,true],"medium":["https:\/\/quehacerpolitico.mx\/wp-content\/uploads\/2022\/03\/6108A60A-19DA-4767-8145-3A9C83D19A87-300x169.jpeg",300,169,true],"medium_large":["https:\/\/quehacerpolitico.mx\/wp-content\/uploads\/2022\/03\/6108A60A-19DA-4767-8145-3A9C83D19A87.jpeg",640,361,false],"large":["https:\/\/quehacerpolitico.mx\/wp-content\/uploads\/2022\/03\/6108A60A-19DA-4767-8145-3A9C83D19A87.jpeg",640,361,false],"1536x1536":["https:\/\/quehacerpolitico.mx\/wp-content\/uploads\/2022\/03\/6108A60A-19DA-4767-8145-3A9C83D19A87.jpeg",656,370,false],"2048x2048":["https:\/\/quehacerpolitico.mx\/wp-content\/uploads\/2022\/03\/6108A60A-19DA-4767-8145-3A9C83D19A87.jpeg",656,370,false],"covernews-featured":["https:\/\/quehacerpolitico.mx\/wp-content\/uploads\/2022\/03\/6108A60A-19DA-4767-8145-3A9C83D19A87.jpeg",656,370,false],"covernews-medium":["https:\/\/quehacerpolitico.mx\/wp-content\/uploads\/2022\/03\/6108A60A-19DA-4767-8145-3A9C83D19A87.jpeg",540,305,false]},"author_info":{"display_name":"Redacci\u00f3n QP","author_link":"https:\/\/quehacerpolitico.mx\/?author=2"},"category_info":"<a href=\"https:\/\/quehacerpolitico.mx\/?cat=1\" rel=\"category\">Internacionales<\/a>","tag_info":"Internacionales","comment_count":"0","_links":{"self":[{"href":"https:\/\/quehacerpolitico.mx\/index.php?rest_route=\/wp\/v2\/posts\/90380","targetHints":{"allow":["GET"]}}],"collection":[{"href":"https:\/\/quehacerpolitico.mx\/index.php?rest_route=\/wp\/v2\/posts"}],"about":[{"href":"https:\/\/quehacerpolitico.mx\/index.php?rest_route=\/wp\/v2\/types\/post"}],"author":[{"embeddable":true,"href":"https:\/\/quehacerpolitico.mx\/index.php?rest_route=\/wp\/v2\/users\/2"}],"replies":[{"embeddable":true,"href":"https:\/\/quehacerpolitico.mx\/index.php?rest_route=%2Fwp%2Fv2%2Fcomments&post=90380"}],"version-history":[{"count":1,"href":"https:\/\/quehacerpolitico.mx\/index.php?rest_route=\/wp\/v2\/posts\/90380\/revisions"}],"predecessor-version":[{"id":90382,"href":"https:\/\/quehacerpolitico.mx\/index.php?rest_route=\/wp\/v2\/posts\/90380\/revisions\/90382"}],"wp:featuredmedia":[{"embeddable":true,"href":"https:\/\/quehacerpolitico.mx\/index.php?rest_route=\/wp\/v2\/media\/90381"}],"wp:attachment":[{"href":"https:\/\/quehacerpolitico.mx\/index.php?rest_route=%2Fwp%2Fv2%2Fmedia&parent=90380"}],"wp:term":[{"taxonomy":"category","embeddable":true,"href":"https:\/\/quehacerpolitico.mx\/index.php?rest_route=%2Fwp%2Fv2%2Fcategories&post=90380"},{"taxonomy":"post_tag","embeddable":true,"href":"https:\/\/quehacerpolitico.mx\/index.php?rest_route=%2Fwp%2Fv2%2Ftags&post=90380"}],"curies":[{"name":"wp","href":"https:\/\/api.w.org\/{rel}","templated":true}]}}