{"id":90374,"date":"2022-03-05T05:30:04","date_gmt":"2022-03-05T05:30:04","guid":{"rendered":"https:\/\/quehacerpolitico.mx\/?p=90374"},"modified":"2022-03-05T05:30:07","modified_gmt":"2022-03-05T05:30:07","slug":"mexico-se-pinta-de-verde-en-el-semaforo-epidemiologico","status":"publish","type":"post","link":"https:\/\/quehacerpolitico.mx\/?p=90374","title":{"rendered":"M\u00e9xico se pinta de verde en el sem\u00e1foro epidemiol\u00f3gico\u00a0"},"content":{"rendered":"\n<p>Por Redacci\u00f3n QP<\/p>\n\n\n\n<p>El nuevo sem\u00e1foro de riesgo epid\u00e9mico estar\u00e1 vigente del 7 al 20 de marzo; CDMX y Estado de M\u00e9xico vuelve a niveles bajos de contagio<\/p>\n\n\n\n<figure class=\"wp-block-image\"><img decoding=\"async\" src=\"https:\/\/www.informador.mx\/__export\/1646440821203\/sites\/elinformador\/img\/2022\/03\/04\/semaforo_crop1646440811821.jpg_788543494.jpg\" alt=\"La actualizaci\u00f3n del sem\u00e1foro ocurre en medio de una disminuci\u00f3n de los contagios del virus en el pa\u00eds. ESPECIAL\"\/><figcaption>La actualizaci\u00f3n del sem\u00e1foro ocurre en medio de una disminuci\u00f3n de los contagios del virus en el pa\u00eds. ESPECIAL<\/figcaption><\/figure>\n\n\n\n<p>M\u00e9xico\u00a0<strong>tiene 31 estados en sem\u00e1foro verde por COVID-19 y s\u00f3lo uno en color amarillo<\/strong>, de acuerdo con la actualizaci\u00f3n de este indicador publicado este viernes por la Secretar\u00eda de Salud.\u00a0se une a las Entidades con riesgo bajo de contagio.<\/p>\n\n\n\n<p>El \u00fanico estado del pa\u00eds en color amarillo es Quer\u00e9taro.\u00a0<strong>El nuevo sem\u00e1foro de riesgo epid\u00e9mico estar\u00e1 vigente del 7 al 20 de marzo,<\/strong>\u00a0detall\u00f3 la dependencia.<\/p>\n\n\n\n<figure class=\"wp-block-embed is-type-video is-provider-youtube wp-block-embed-youtube wp-embed-aspect-16-9 wp-has-aspect-ratio\"><div class=\"wp-block-embed__wrapper\">\n<iframe loading=\"lazy\" title=\"M\u00e9xico tiene 31 estados en sem\u00e1foro verde por Covid-19, s\u00f3lo queda Quer\u00e9taro en amarillo\" width=\"640\" height=\"360\" src=\"https:\/\/www.youtube.com\/embed\/cB0unZoe2Cw?feature=oembed\" frameborder=\"0\" allow=\"accelerometer; autoplay; clipboard-write; encrypted-media; gyroscope; picture-in-picture; web-share\" referrerpolicy=\"strict-origin-when-cross-origin\" allowfullscreen><\/iframe>\n<\/div><\/figure>\n\n\n\n<p>El sem\u00e1foro es un sistema de monitoreo para la regulaci\u00f3n del uso del espacio p\u00fablico de acuerdo con el riesgo de contagio de\u00a0COVID, indica la Secretar\u00eda.<\/p>\n\n\n\n<p>La actualizaci\u00f3n del sem\u00e1foro ocurre&nbsp;<strong>en medio de una disminuci\u00f3n de los contagios del virus en el pa\u00eds<\/strong>, de acuerdo con las cifras oficiales y el subsecretario de Salud, Hugo L\u00f3pez-Gatell.<\/p>\n\n\n\n<p>Gatell se\u00f1al\u00f3 esta semana que M\u00e9xico registra &#8220;una reducci\u00f3n muy sostenida de la pandemia&#8221;.<\/p>\n","protected":false},"excerpt":{"rendered":"<p>Por Redacci\u00f3n QP El nuevo sem\u00e1foro de riesgo epid\u00e9mico estar\u00e1 vigente del 7 al 20&#8230;<\/p>\n","protected":false},"author":2,"featured_media":90375,"comment_status":"open","ping_status":"open","sticky":false,"template":"","format":"standard","meta":{"_monsterinsights_skip_tracking":false,"_monsterinsights_sitenote_active":false,"_monsterinsights_sitenote_note":"","_monsterinsights_sitenote_category":0,"footnotes":""},"categories":[2],"tags":[],"class_list":["post-90374","post","type-post","status-publish","format-standard","has-post-thumbnail","hentry","category-noticias"],"yoast_head":"<!-- This site is optimized with the Yoast SEO plugin v27.3 - https:\/\/yoast.com\/product\/yoast-seo-wordpress\/ -->\n<title>M\u00e9xico se pinta de verde en el sem\u00e1foro epidemiol\u00f3gico\u00a0 -<\/title>\n<meta name=\"robots\" content=\"index, follow, max-snippet:-1, max-image-preview:large, max-video-preview:-1\" \/>\n<link rel=\"canonical\" href=\"https:\/\/quehacerpolitico.mx\/?p=90374\" \/>\n<meta property=\"og:locale\" content=\"es_MX\" \/>\n<meta property=\"og:type\" content=\"article\" \/>\n<meta property=\"og:title\" content=\"M\u00e9xico se pinta de verde en el sem\u00e1foro epidemiol\u00f3gico\u00a0 -\" \/>\n<meta property=\"og:description\" content=\"Por Redacci\u00f3n QP El nuevo sem\u00e1foro de riesgo epid\u00e9mico estar\u00e1 vigente del 7 al 20...\" \/>\n<meta property=\"og:url\" content=\"https:\/\/quehacerpolitico.mx\/?p=90374\" \/>\n<meta property=\"article:published_time\" content=\"2022-03-05T05:30:04+00:00\" \/>\n<meta property=\"article:modified_time\" content=\"2022-03-05T05:30:07+00:00\" \/>\n<meta property=\"og:image\" content=\"https:\/\/quehacerpolitico.mx\/wp-content\/uploads\/2022\/03\/C1D61154-CBF7-4AF5-99CC-5EC4227E6F21.webp\" \/>\n\t<meta property=\"og:image:width\" content=\"355\" \/>\n\t<meta property=\"og:image:height\" content=\"223\" \/>\n\t<meta property=\"og:image:type\" content=\"image\/webp\" \/>\n<meta name=\"author\" content=\"Redacci\u00f3n QP\" \/>\n<meta name=\"twitter:card\" content=\"summary_large_image\" \/>\n<meta name=\"twitter:label1\" content=\"Escrito por\" \/>\n\t<meta name=\"twitter:data1\" content=\"Redacci\u00f3n QP\" \/>\n\t<meta name=\"twitter:label2\" content=\"Tiempo de lectura\" \/>\n\t<meta name=\"twitter:data2\" content=\"1 minuto\" \/>\n<script type=\"application\/ld+json\" class=\"yoast-schema-graph\">{\"@context\":\"https:\\\/\\\/schema.org\",\"@graph\":[{\"@type\":\"Article\",\"@id\":\"https:\\\/\\\/quehacerpolitico.mx\\\/?p=90374#article\",\"isPartOf\":{\"@id\":\"https:\\\/\\\/quehacerpolitico.mx\\\/?p=90374\"},\"author\":{\"name\":\"Redacci\u00f3n QP\",\"@id\":\"https:\\\/\\\/quehacerpolitico.mx\\\/#\\\/schema\\\/person\\\/496d8ad2d1d3f8036101dca7ee39e585\"},\"headline\":\"M\u00e9xico se pinta de verde en el sem\u00e1foro epidemiol\u00f3gico\u00a0\",\"datePublished\":\"2022-03-05T05:30:04+00:00\",\"dateModified\":\"2022-03-05T05:30:07+00:00\",\"mainEntityOfPage\":{\"@id\":\"https:\\\/\\\/quehacerpolitico.mx\\\/?p=90374\"},\"wordCount\":230,\"commentCount\":0,\"image\":{\"@id\":\"https:\\\/\\\/quehacerpolitico.mx\\\/?p=90374#primaryimage\"},\"thumbnailUrl\":\"https:\\\/\\\/quehacerpolitico.mx\\\/wp-content\\\/uploads\\\/2022\\\/03\\\/C1D61154-CBF7-4AF5-99CC-5EC4227E6F21.webp\",\"articleSection\":[\"Noticias\"],\"inLanguage\":\"es\",\"potentialAction\":[{\"@type\":\"CommentAction\",\"name\":\"Comment\",\"target\":[\"https:\\\/\\\/quehacerpolitico.mx\\\/?p=90374#respond\"]}]},{\"@type\":\"WebPage\",\"@id\":\"https:\\\/\\\/quehacerpolitico.mx\\\/?p=90374\",\"url\":\"https:\\\/\\\/quehacerpolitico.mx\\\/?p=90374\",\"name\":\"M\u00e9xico se pinta de verde en el sem\u00e1foro epidemiol\u00f3gico\u00a0 -\",\"isPartOf\":{\"@id\":\"https:\\\/\\\/quehacerpolitico.mx\\\/#website\"},\"primaryImageOfPage\":{\"@id\":\"https:\\\/\\\/quehacerpolitico.mx\\\/?p=90374#primaryimage\"},\"image\":{\"@id\":\"https:\\\/\\\/quehacerpolitico.mx\\\/?p=90374#primaryimage\"},\"thumbnailUrl\":\"https:\\\/\\\/quehacerpolitico.mx\\\/wp-content\\\/uploads\\\/2022\\\/03\\\/C1D61154-CBF7-4AF5-99CC-5EC4227E6F21.webp\",\"datePublished\":\"2022-03-05T05:30:04+00:00\",\"dateModified\":\"2022-03-05T05:30:07+00:00\",\"author\":{\"@id\":\"https:\\\/\\\/quehacerpolitico.mx\\\/#\\\/schema\\\/person\\\/496d8ad2d1d3f8036101dca7ee39e585\"},\"breadcrumb\":{\"@id\":\"https:\\\/\\\/quehacerpolitico.mx\\\/?p=90374#breadcrumb\"},\"inLanguage\":\"es\",\"potentialAction\":[{\"@type\":\"ReadAction\",\"target\":[\"https:\\\/\\\/quehacerpolitico.mx\\\/?p=90374\"]}]},{\"@type\":\"ImageObject\",\"inLanguage\":\"es\",\"@id\":\"https:\\\/\\\/quehacerpolitico.mx\\\/?p=90374#primaryimage\",\"url\":\"https:\\\/\\\/quehacerpolitico.mx\\\/wp-content\\\/uploads\\\/2022\\\/03\\\/C1D61154-CBF7-4AF5-99CC-5EC4227E6F21.webp\",\"contentUrl\":\"https:\\\/\\\/quehacerpolitico.mx\\\/wp-content\\\/uploads\\\/2022\\\/03\\\/C1D61154-CBF7-4AF5-99CC-5EC4227E6F21.webp\",\"width\":355,\"height\":223},{\"@type\":\"BreadcrumbList\",\"@id\":\"https:\\\/\\\/quehacerpolitico.mx\\\/?p=90374#breadcrumb\",\"itemListElement\":[{\"@type\":\"ListItem\",\"position\":1,\"name\":\"Inicio\",\"item\":\"https:\\\/\\\/quehacerpolitico.mx\\\/\"},{\"@type\":\"ListItem\",\"position\":2,\"name\":\"M\u00e9xico se pinta de verde en el sem\u00e1foro epidemiol\u00f3gico\u00a0\"}]},{\"@type\":\"WebSite\",\"@id\":\"https:\\\/\\\/quehacerpolitico.mx\\\/#website\",\"url\":\"https:\\\/\\\/quehacerpolitico.mx\\\/\",\"name\":\"\",\"description\":\"\",\"potentialAction\":[{\"@type\":\"SearchAction\",\"target\":{\"@type\":\"EntryPoint\",\"urlTemplate\":\"https:\\\/\\\/quehacerpolitico.mx\\\/?s={search_term_string}\"},\"query-input\":{\"@type\":\"PropertyValueSpecification\",\"valueRequired\":true,\"valueName\":\"search_term_string\"}}],\"inLanguage\":\"es\"},{\"@type\":\"Person\",\"@id\":\"https:\\\/\\\/quehacerpolitico.mx\\\/#\\\/schema\\\/person\\\/496d8ad2d1d3f8036101dca7ee39e585\",\"name\":\"Redacci\u00f3n QP\",\"image\":{\"@type\":\"ImageObject\",\"inLanguage\":\"es\",\"@id\":\"https:\\\/\\\/secure.gravatar.com\\\/avatar\\\/c7164ed6fdec453195284ad24a5ae5b6e1eed2b848477fa2a4787ba9adf39a41?s=96&d=mm&r=g\",\"url\":\"https:\\\/\\\/secure.gravatar.com\\\/avatar\\\/c7164ed6fdec453195284ad24a5ae5b6e1eed2b848477fa2a4787ba9adf39a41?s=96&d=mm&r=g\",\"contentUrl\":\"https:\\\/\\\/secure.gravatar.com\\\/avatar\\\/c7164ed6fdec453195284ad24a5ae5b6e1eed2b848477fa2a4787ba9adf39a41?s=96&d=mm&r=g\",\"caption\":\"Redacci\u00f3n QP\"},\"url\":\"https:\\\/\\\/quehacerpolitico.mx\\\/?author=2\"}]}<\/script>\n<!-- \/ Yoast SEO plugin. -->","yoast_head_json":{"title":"M\u00e9xico se pinta de verde en el sem\u00e1foro epidemiol\u00f3gico\u00a0 -","robots":{"index":"index","follow":"follow","max-snippet":"max-snippet:-1","max-image-preview":"max-image-preview:large","max-video-preview":"max-video-preview:-1"},"canonical":"https:\/\/quehacerpolitico.mx\/?p=90374","og_locale":"es_MX","og_type":"article","og_title":"M\u00e9xico se pinta de verde en el sem\u00e1foro epidemiol\u00f3gico\u00a0 -","og_description":"Por Redacci\u00f3n QP El nuevo sem\u00e1foro de riesgo epid\u00e9mico estar\u00e1 vigente del 7 al 20...","og_url":"https:\/\/quehacerpolitico.mx\/?p=90374","article_published_time":"2022-03-05T05:30:04+00:00","article_modified_time":"2022-03-05T05:30:07+00:00","og_image":[{"width":355,"height":223,"url":"https:\/\/quehacerpolitico.mx\/wp-content\/uploads\/2022\/03\/C1D61154-CBF7-4AF5-99CC-5EC4227E6F21.webp","type":"image\/webp"}],"author":"Redacci\u00f3n QP","twitter_card":"summary_large_image","twitter_misc":{"Escrito por":"Redacci\u00f3n QP","Tiempo de lectura":"1 minuto"},"schema":{"@context":"https:\/\/schema.org","@graph":[{"@type":"Article","@id":"https:\/\/quehacerpolitico.mx\/?p=90374#article","isPartOf":{"@id":"https:\/\/quehacerpolitico.mx\/?p=90374"},"author":{"name":"Redacci\u00f3n QP","@id":"https:\/\/quehacerpolitico.mx\/#\/schema\/person\/496d8ad2d1d3f8036101dca7ee39e585"},"headline":"M\u00e9xico se pinta de verde en el sem\u00e1foro epidemiol\u00f3gico\u00a0","datePublished":"2022-03-05T05:30:04+00:00","dateModified":"2022-03-05T05:30:07+00:00","mainEntityOfPage":{"@id":"https:\/\/quehacerpolitico.mx\/?p=90374"},"wordCount":230,"commentCount":0,"image":{"@id":"https:\/\/quehacerpolitico.mx\/?p=90374#primaryimage"},"thumbnailUrl":"https:\/\/quehacerpolitico.mx\/wp-content\/uploads\/2022\/03\/C1D61154-CBF7-4AF5-99CC-5EC4227E6F21.webp","articleSection":["Noticias"],"inLanguage":"es","potentialAction":[{"@type":"CommentAction","name":"Comment","target":["https:\/\/quehacerpolitico.mx\/?p=90374#respond"]}]},{"@type":"WebPage","@id":"https:\/\/quehacerpolitico.mx\/?p=90374","url":"https:\/\/quehacerpolitico.mx\/?p=90374","name":"M\u00e9xico se pinta de verde en el sem\u00e1foro epidemiol\u00f3gico\u00a0 -","isPartOf":{"@id":"https:\/\/quehacerpolitico.mx\/#website"},"primaryImageOfPage":{"@id":"https:\/\/quehacerpolitico.mx\/?p=90374#primaryimage"},"image":{"@id":"https:\/\/quehacerpolitico.mx\/?p=90374#primaryimage"},"thumbnailUrl":"https:\/\/quehacerpolitico.mx\/wp-content\/uploads\/2022\/03\/C1D61154-CBF7-4AF5-99CC-5EC4227E6F21.webp","datePublished":"2022-03-05T05:30:04+00:00","dateModified":"2022-03-05T05:30:07+00:00","author":{"@id":"https:\/\/quehacerpolitico.mx\/#\/schema\/person\/496d8ad2d1d3f8036101dca7ee39e585"},"breadcrumb":{"@id":"https:\/\/quehacerpolitico.mx\/?p=90374#breadcrumb"},"inLanguage":"es","potentialAction":[{"@type":"ReadAction","target":["https:\/\/quehacerpolitico.mx\/?p=90374"]}]},{"@type":"ImageObject","inLanguage":"es","@id":"https:\/\/quehacerpolitico.mx\/?p=90374#primaryimage","url":"https:\/\/quehacerpolitico.mx\/wp-content\/uploads\/2022\/03\/C1D61154-CBF7-4AF5-99CC-5EC4227E6F21.webp","contentUrl":"https:\/\/quehacerpolitico.mx\/wp-content\/uploads\/2022\/03\/C1D61154-CBF7-4AF5-99CC-5EC4227E6F21.webp","width":355,"height":223},{"@type":"BreadcrumbList","@id":"https:\/\/quehacerpolitico.mx\/?p=90374#breadcrumb","itemListElement":[{"@type":"ListItem","position":1,"name":"Inicio","item":"https:\/\/quehacerpolitico.mx\/"},{"@type":"ListItem","position":2,"name":"M\u00e9xico se pinta de verde en el sem\u00e1foro epidemiol\u00f3gico\u00a0"}]},{"@type":"WebSite","@id":"https:\/\/quehacerpolitico.mx\/#website","url":"https:\/\/quehacerpolitico.mx\/","name":"","description":"","potentialAction":[{"@type":"SearchAction","target":{"@type":"EntryPoint","urlTemplate":"https:\/\/quehacerpolitico.mx\/?s={search_term_string}"},"query-input":{"@type":"PropertyValueSpecification","valueRequired":true,"valueName":"search_term_string"}}],"inLanguage":"es"},{"@type":"Person","@id":"https:\/\/quehacerpolitico.mx\/#\/schema\/person\/496d8ad2d1d3f8036101dca7ee39e585","name":"Redacci\u00f3n QP","image":{"@type":"ImageObject","inLanguage":"es","@id":"https:\/\/secure.gravatar.com\/avatar\/c7164ed6fdec453195284ad24a5ae5b6e1eed2b848477fa2a4787ba9adf39a41?s=96&d=mm&r=g","url":"https:\/\/secure.gravatar.com\/avatar\/c7164ed6fdec453195284ad24a5ae5b6e1eed2b848477fa2a4787ba9adf39a41?s=96&d=mm&r=g","contentUrl":"https:\/\/secure.gravatar.com\/avatar\/c7164ed6fdec453195284ad24a5ae5b6e1eed2b848477fa2a4787ba9adf39a41?s=96&d=mm&r=g","caption":"Redacci\u00f3n QP"},"url":"https:\/\/quehacerpolitico.mx\/?author=2"}]}},"featured_image_urls":{"full":["https:\/\/quehacerpolitico.mx\/wp-content\/uploads\/2022\/03\/C1D61154-CBF7-4AF5-99CC-5EC4227E6F21.webp",355,223,false],"thumbnail":["https:\/\/quehacerpolitico.mx\/wp-content\/uploads\/2022\/03\/C1D61154-CBF7-4AF5-99CC-5EC4227E6F21-150x150.webp",150,150,true],"medium":["https:\/\/quehacerpolitico.mx\/wp-content\/uploads\/2022\/03\/C1D61154-CBF7-4AF5-99CC-5EC4227E6F21-300x188.webp",300,188,true],"medium_large":["https:\/\/quehacerpolitico.mx\/wp-content\/uploads\/2022\/03\/C1D61154-CBF7-4AF5-99CC-5EC4227E6F21.webp",355,223,false],"large":["https:\/\/quehacerpolitico.mx\/wp-content\/uploads\/2022\/03\/C1D61154-CBF7-4AF5-99CC-5EC4227E6F21.webp",355,223,false],"1536x1536":["https:\/\/quehacerpolitico.mx\/wp-content\/uploads\/2022\/03\/C1D61154-CBF7-4AF5-99CC-5EC4227E6F21.webp",355,223,false],"2048x2048":["https:\/\/quehacerpolitico.mx\/wp-content\/uploads\/2022\/03\/C1D61154-CBF7-4AF5-99CC-5EC4227E6F21.webp",355,223,false],"covernews-featured":["https:\/\/quehacerpolitico.mx\/wp-content\/uploads\/2022\/03\/C1D61154-CBF7-4AF5-99CC-5EC4227E6F21.webp",355,223,false],"covernews-medium":["https:\/\/quehacerpolitico.mx\/wp-content\/uploads\/2022\/03\/C1D61154-CBF7-4AF5-99CC-5EC4227E6F21.webp",355,223,false]},"author_info":{"display_name":"Redacci\u00f3n QP","author_link":"https:\/\/quehacerpolitico.mx\/?author=2"},"category_info":"<a href=\"https:\/\/quehacerpolitico.mx\/?cat=2\" rel=\"category\">Noticias<\/a>","tag_info":"Noticias","comment_count":"0","_links":{"self":[{"href":"https:\/\/quehacerpolitico.mx\/index.php?rest_route=\/wp\/v2\/posts\/90374","targetHints":{"allow":["GET"]}}],"collection":[{"href":"https:\/\/quehacerpolitico.mx\/index.php?rest_route=\/wp\/v2\/posts"}],"about":[{"href":"https:\/\/quehacerpolitico.mx\/index.php?rest_route=\/wp\/v2\/types\/post"}],"author":[{"embeddable":true,"href":"https:\/\/quehacerpolitico.mx\/index.php?rest_route=\/wp\/v2\/users\/2"}],"replies":[{"embeddable":true,"href":"https:\/\/quehacerpolitico.mx\/index.php?rest_route=%2Fwp%2Fv2%2Fcomments&post=90374"}],"version-history":[{"count":1,"href":"https:\/\/quehacerpolitico.mx\/index.php?rest_route=\/wp\/v2\/posts\/90374\/revisions"}],"predecessor-version":[{"id":90376,"href":"https:\/\/quehacerpolitico.mx\/index.php?rest_route=\/wp\/v2\/posts\/90374\/revisions\/90376"}],"wp:featuredmedia":[{"embeddable":true,"href":"https:\/\/quehacerpolitico.mx\/index.php?rest_route=\/wp\/v2\/media\/90375"}],"wp:attachment":[{"href":"https:\/\/quehacerpolitico.mx\/index.php?rest_route=%2Fwp%2Fv2%2Fmedia&parent=90374"}],"wp:term":[{"taxonomy":"category","embeddable":true,"href":"https:\/\/quehacerpolitico.mx\/index.php?rest_route=%2Fwp%2Fv2%2Fcategories&post=90374"},{"taxonomy":"post_tag","embeddable":true,"href":"https:\/\/quehacerpolitico.mx\/index.php?rest_route=%2Fwp%2Fv2%2Ftags&post=90374"}],"curies":[{"name":"wp","href":"https:\/\/api.w.org\/{rel}","templated":true}]}}