{"id":90350,"date":"2022-03-04T16:36:33","date_gmt":"2022-03-04T16:36:33","guid":{"rendered":"https:\/\/quehacerpolitico.mx\/?p=90350"},"modified":"2022-03-04T16:36:36","modified_gmt":"2022-03-04T16:36:36","slug":"primer-avion-con-repatriados-llega-a-mexico-desde-ucrania","status":"publish","type":"post","link":"https:\/\/quehacerpolitico.mx\/?p=90350","title":{"rendered":"Primer avi\u00f3n con repatriados llega a M\u00e9xico desde Ucrania\u00a0"},"content":{"rendered":"\n<p>Por Redacci\u00f3n QP<\/p>\n\n\n\n<p>En el vuelo vienen\u00a044 mexicanos, 28 ucranianos, 7 ecuatorianos, un peruano y un australiano, adem\u00e1s de un perro<\/p>\n\n\n\n<p>Un avi\u00f3n de la Fuerza A\u00e9rea Mexicana procedente de Ruman\u00eda aterriz\u00f3 en la madrugada de este viernes con&nbsp;<strong>81 personas evacuadas desde Ucrania, en su mayor\u00eda mexicanos<\/strong>&nbsp;residentes en el pa\u00eds invadido por Rusia.<\/p>\n\n\n\n<p><strong>&#8220;Despu\u00e9s de haber realizado escalas en Irlanda y Canad\u00e1, finalmente las y los mexicanos voluntariamente repatriados ya se encuentran a salvo en casa&#8221;<\/strong>, inform\u00f3 la Secretar\u00eda de Relaciones Exteriores (SRE) en un bolet\u00edn.<\/p>\n\n\n\n<figure class=\"wp-block-embed is-type-rich is-provider-twitter wp-block-embed-twitter\"><div class=\"wp-block-embed__wrapper\">\n<blockquote class=\"twitter-tweet\" data-width=\"550\" data-dnt=\"true\"><p lang=\"es\" dir=\"ltr\">As\u00ed fue como autoridades mexicanas recibieron a las familia m\u00e9xicoucranianas.<br><br>No pod\u00eda faltar su toma de temperatura a dos metros y su gelecito, ya saben, para combatir el <a href=\"https:\/\/twitter.com\/hashtag\/COVID19?src=hash&amp;ref_src=twsrc%5Etfw\">#COVID19<\/a> \ud83e\udd2d <a href=\"https:\/\/t.co\/8umlZKhESF\">pic.twitter.com\/8umlZKhESF<\/a><\/p>&mdash; Ruido en la Red (@RuidoEnLaRed) <a href=\"https:\/\/twitter.com\/RuidoEnLaRed\/status\/1499738645888217091?ref_src=twsrc%5Etfw\">March 4, 2022<\/a><\/blockquote><script async src=\"https:\/\/platform.twitter.com\/widgets.js\" charset=\"utf-8\"><\/script>\n<\/div><\/figure>\n\n\n\n<p>Seg\u00fan detall\u00f3 Canciller\u00eda, algunos de los connacionales mexicanos\u00a0<strong>viajaron con su familia directa, personas con ciudadan\u00eda ucraniana<\/strong>.<\/p>\n\n\n\n<p>&#8220;Asimismo, como s\u00edmbolo de solidaridad con los pueblos hermanos de la regi\u00f3n,&nbsp;<strong>nacionales de Ecuador y Per\u00fa fueron transportados en el mismo vuelo de casi 24 horas&#8221;<\/strong>, indic\u00f3 la SRE.<\/p>\n\n\n\n<p>El vuelo lleg\u00f3 sobre la 01.00 hora local (07.00 GMT) de este viernes, aterrizando en el Aeropuerto Internacional de la Ciudad de M\u00e9xico (AICM).<\/p>\n\n\n\n<figure class=\"wp-block-embed is-type-rich is-provider-twitter wp-block-embed-twitter\"><div class=\"wp-block-embed__wrapper\">\n<blockquote class=\"twitter-tweet\" data-width=\"550\" data-dnt=\"true\"><p lang=\"es\" dir=\"ltr\">\u00a1Buenos d\u00edas a todos y todas!<br><br>Por fin es viernes y las buenas noticias no tardaron en llegar, as\u00ed fue como los mexicanos que ven\u00edan de <a href=\"https:\/\/twitter.com\/hashtag\/Ucrania?src=hash&amp;ref_src=twsrc%5Etfw\">#Ucrania<\/a> pisaron suelo mexicano, estando seguros por fin y lejos de la guerra \ud83d\ude07\u2764\ufe0f<br><br>\ud83c\udfa5 <a href=\"https:\/\/twitter.com\/merazr?ref_src=twsrc%5Etfw\">@merazr<\/a> <br> <a href=\"https:\/\/t.co\/wgSLVbVEZh\">https:\/\/t.co\/wgSLVbVEZh<\/a><\/p>&mdash; Ruido en la Red (@RuidoEnLaRed) <a href=\"https:\/\/twitter.com\/RuidoEnLaRed\/status\/1499718853198331905?ref_src=twsrc%5Etfw\">March 4, 2022<\/a><\/blockquote><script async src=\"https:\/\/platform.twitter.com\/widgets.js\" charset=\"utf-8\"><\/script>\n<\/div><\/figure>\n\n\n\n<p>Seg\u00fan informo el canciller, Marcelo Ebrard, en la rueda de prensa desde el Palacio Nacional, se evacu\u00f3 a un total de 81 personas:&nbsp;<strong>44 mexicanos, 28 ucranianos, 7 ecuatorianos, un peruano y un australiano, adem\u00e1s de un perro<\/strong>.<\/p>\n\n\n\n<p>Desde M\u00e9xico viajaron seis miembros de la SRE y 23 efectivos de la Secretar\u00eda de la Defensa Nacional (Sedena).<\/p>\n\n\n\n<p>Tras el inicio de la guerra hace nueve d\u00edas, el Gobierno mexicano inform\u00f3 que decenas de mexicanos residentes en Ucrania ser\u00edan trasladados hasta Ruman\u00eda para preservar su seguridad.<\/p>\n\n\n\n<p>&#8220;Fue un periplo&#8221;, record\u00f3 este viernes Ebrard.<\/p>\n\n\n\n<p>&#8220;Afortunadamente, fue muy emotivo, afortunadamente llegaron sin novedad, fue muy importante y quiero aqu\u00ed reconocer el trabajo de nuestra embajadora en Ucrania (Olga Garc\u00eda Guill\u00e9n)&#8221;, dijo Ebrard, quien record\u00f3 que durante los traslados terrestres ya hab\u00eda &#8220;bombardeos&#8221;.<\/p>\n\n\n\n<p><strong>Ebrard no descart\u00f3 a futuro que haya nuevos vuelos de la Fuerza A\u00e9rea Mexicana para evacuar a personas si as\u00ed se requiere<\/strong>, y asegur\u00f3 que seguir\u00e1n sobre el terreno ofreciendo apoyo, impulsando la ayuda humanitaria y apostando por el di\u00e1logo.<\/p>\n\n\n\n<p>Y aunque conden\u00f3 la invasi\u00f3n, remarc\u00f3 que M\u00e9xico nunca ha sancionado unilateralmente a pa\u00edses.<\/p>\n\n\n\n<p>Pero&nbsp;<strong>podr\u00eda participar en sanciones multilaterales por parte de la ONU<\/strong>, agreg\u00f3.<\/p>\n\n\n\n<p>La tensi\u00f3n en Ucrania no deja de crecer tras 9 d\u00edas de guerra, especialmente porque en las \u00faltimas horas las tropas rusas atacaron la mayor central nuclear de Europa.<\/p>\n\n\n\n<p>Con informaci\u00f3n de EFE<\/p>\n","protected":false},"excerpt":{"rendered":"<p>Por Redacci\u00f3n QP En el vuelo vienen\u00a044 mexicanos, 28 ucranianos, 7 ecuatorianos, un peruano y&#8230;<\/p>\n","protected":false},"author":2,"featured_media":90351,"comment_status":"open","ping_status":"open","sticky":false,"template":"","format":"standard","meta":{"_monsterinsights_skip_tracking":false,"_monsterinsights_sitenote_active":false,"_monsterinsights_sitenote_note":"","_monsterinsights_sitenote_category":0,"footnotes":""},"categories":[2],"tags":[],"class_list":["post-90350","post","type-post","status-publish","format-standard","has-post-thumbnail","hentry","category-noticias"],"yoast_head":"<!-- This site is optimized with the Yoast SEO plugin v27.3 - https:\/\/yoast.com\/product\/yoast-seo-wordpress\/ -->\n<title>Primer avi\u00f3n con repatriados llega a M\u00e9xico desde Ucrania\u00a0 -<\/title>\n<meta name=\"robots\" content=\"index, follow, max-snippet:-1, max-image-preview:large, max-video-preview:-1\" \/>\n<link rel=\"canonical\" href=\"https:\/\/quehacerpolitico.mx\/?p=90350\" \/>\n<meta property=\"og:locale\" content=\"es_MX\" \/>\n<meta property=\"og:type\" content=\"article\" \/>\n<meta property=\"og:title\" content=\"Primer avi\u00f3n con repatriados llega a M\u00e9xico desde Ucrania\u00a0 -\" \/>\n<meta property=\"og:description\" content=\"Por Redacci\u00f3n QP En el vuelo vienen\u00a044 mexicanos, 28 ucranianos, 7 ecuatorianos, un peruano y...\" \/>\n<meta property=\"og:url\" content=\"https:\/\/quehacerpolitico.mx\/?p=90350\" \/>\n<meta property=\"article:published_time\" content=\"2022-03-04T16:36:33+00:00\" \/>\n<meta property=\"article:modified_time\" content=\"2022-03-04T16:36:36+00:00\" \/>\n<meta property=\"og:image\" content=\"https:\/\/quehacerpolitico.mx\/wp-content\/uploads\/2022\/03\/A17B3E82-3C30-4526-A72F-87050291D00F.jpeg\" \/>\n\t<meta property=\"og:image:width\" content=\"1284\" \/>\n\t<meta property=\"og:image:height\" content=\"706\" \/>\n\t<meta property=\"og:image:type\" content=\"image\/jpeg\" \/>\n<meta name=\"author\" content=\"Redacci\u00f3n QP\" \/>\n<meta name=\"twitter:card\" content=\"summary_large_image\" \/>\n<meta name=\"twitter:label1\" content=\"Escrito por\" \/>\n\t<meta name=\"twitter:data1\" content=\"Redacci\u00f3n QP\" \/>\n\t<meta name=\"twitter:label2\" content=\"Tiempo de lectura\" \/>\n\t<meta name=\"twitter:data2\" content=\"2 minutos\" \/>\n<script type=\"application\/ld+json\" class=\"yoast-schema-graph\">{\"@context\":\"https:\\\/\\\/schema.org\",\"@graph\":[{\"@type\":\"Article\",\"@id\":\"https:\\\/\\\/quehacerpolitico.mx\\\/?p=90350#article\",\"isPartOf\":{\"@id\":\"https:\\\/\\\/quehacerpolitico.mx\\\/?p=90350\"},\"author\":{\"name\":\"Redacci\u00f3n QP\",\"@id\":\"https:\\\/\\\/quehacerpolitico.mx\\\/#\\\/schema\\\/person\\\/496d8ad2d1d3f8036101dca7ee39e585\"},\"headline\":\"Primer avi\u00f3n con repatriados llega a M\u00e9xico desde Ucrania\u00a0\",\"datePublished\":\"2022-03-04T16:36:33+00:00\",\"dateModified\":\"2022-03-04T16:36:36+00:00\",\"mainEntityOfPage\":{\"@id\":\"https:\\\/\\\/quehacerpolitico.mx\\\/?p=90350\"},\"wordCount\":439,\"commentCount\":0,\"image\":{\"@id\":\"https:\\\/\\\/quehacerpolitico.mx\\\/?p=90350#primaryimage\"},\"thumbnailUrl\":\"https:\\\/\\\/quehacerpolitico.mx\\\/wp-content\\\/uploads\\\/2022\\\/03\\\/A17B3E82-3C30-4526-A72F-87050291D00F.jpeg\",\"articleSection\":[\"Noticias\"],\"inLanguage\":\"es\",\"potentialAction\":[{\"@type\":\"CommentAction\",\"name\":\"Comment\",\"target\":[\"https:\\\/\\\/quehacerpolitico.mx\\\/?p=90350#respond\"]}]},{\"@type\":\"WebPage\",\"@id\":\"https:\\\/\\\/quehacerpolitico.mx\\\/?p=90350\",\"url\":\"https:\\\/\\\/quehacerpolitico.mx\\\/?p=90350\",\"name\":\"Primer avi\u00f3n con repatriados llega a M\u00e9xico desde Ucrania\u00a0 -\",\"isPartOf\":{\"@id\":\"https:\\\/\\\/quehacerpolitico.mx\\\/#website\"},\"primaryImageOfPage\":{\"@id\":\"https:\\\/\\\/quehacerpolitico.mx\\\/?p=90350#primaryimage\"},\"image\":{\"@id\":\"https:\\\/\\\/quehacerpolitico.mx\\\/?p=90350#primaryimage\"},\"thumbnailUrl\":\"https:\\\/\\\/quehacerpolitico.mx\\\/wp-content\\\/uploads\\\/2022\\\/03\\\/A17B3E82-3C30-4526-A72F-87050291D00F.jpeg\",\"datePublished\":\"2022-03-04T16:36:33+00:00\",\"dateModified\":\"2022-03-04T16:36:36+00:00\",\"author\":{\"@id\":\"https:\\\/\\\/quehacerpolitico.mx\\\/#\\\/schema\\\/person\\\/496d8ad2d1d3f8036101dca7ee39e585\"},\"breadcrumb\":{\"@id\":\"https:\\\/\\\/quehacerpolitico.mx\\\/?p=90350#breadcrumb\"},\"inLanguage\":\"es\",\"potentialAction\":[{\"@type\":\"ReadAction\",\"target\":[\"https:\\\/\\\/quehacerpolitico.mx\\\/?p=90350\"]}]},{\"@type\":\"ImageObject\",\"inLanguage\":\"es\",\"@id\":\"https:\\\/\\\/quehacerpolitico.mx\\\/?p=90350#primaryimage\",\"url\":\"https:\\\/\\\/quehacerpolitico.mx\\\/wp-content\\\/uploads\\\/2022\\\/03\\\/A17B3E82-3C30-4526-A72F-87050291D00F.jpeg\",\"contentUrl\":\"https:\\\/\\\/quehacerpolitico.mx\\\/wp-content\\\/uploads\\\/2022\\\/03\\\/A17B3E82-3C30-4526-A72F-87050291D00F.jpeg\",\"width\":1284,\"height\":706},{\"@type\":\"BreadcrumbList\",\"@id\":\"https:\\\/\\\/quehacerpolitico.mx\\\/?p=90350#breadcrumb\",\"itemListElement\":[{\"@type\":\"ListItem\",\"position\":1,\"name\":\"Inicio\",\"item\":\"https:\\\/\\\/quehacerpolitico.mx\\\/\"},{\"@type\":\"ListItem\",\"position\":2,\"name\":\"Primer avi\u00f3n con repatriados llega a M\u00e9xico desde Ucrania\u00a0\"}]},{\"@type\":\"WebSite\",\"@id\":\"https:\\\/\\\/quehacerpolitico.mx\\\/#website\",\"url\":\"https:\\\/\\\/quehacerpolitico.mx\\\/\",\"name\":\"\",\"description\":\"\",\"potentialAction\":[{\"@type\":\"SearchAction\",\"target\":{\"@type\":\"EntryPoint\",\"urlTemplate\":\"https:\\\/\\\/quehacerpolitico.mx\\\/?s={search_term_string}\"},\"query-input\":{\"@type\":\"PropertyValueSpecification\",\"valueRequired\":true,\"valueName\":\"search_term_string\"}}],\"inLanguage\":\"es\"},{\"@type\":\"Person\",\"@id\":\"https:\\\/\\\/quehacerpolitico.mx\\\/#\\\/schema\\\/person\\\/496d8ad2d1d3f8036101dca7ee39e585\",\"name\":\"Redacci\u00f3n QP\",\"image\":{\"@type\":\"ImageObject\",\"inLanguage\":\"es\",\"@id\":\"https:\\\/\\\/secure.gravatar.com\\\/avatar\\\/c7164ed6fdec453195284ad24a5ae5b6e1eed2b848477fa2a4787ba9adf39a41?s=96&d=mm&r=g\",\"url\":\"https:\\\/\\\/secure.gravatar.com\\\/avatar\\\/c7164ed6fdec453195284ad24a5ae5b6e1eed2b848477fa2a4787ba9adf39a41?s=96&d=mm&r=g\",\"contentUrl\":\"https:\\\/\\\/secure.gravatar.com\\\/avatar\\\/c7164ed6fdec453195284ad24a5ae5b6e1eed2b848477fa2a4787ba9adf39a41?s=96&d=mm&r=g\",\"caption\":\"Redacci\u00f3n QP\"},\"url\":\"https:\\\/\\\/quehacerpolitico.mx\\\/?author=2\"}]}<\/script>\n<!-- \/ Yoast SEO plugin. -->","yoast_head_json":{"title":"Primer avi\u00f3n con repatriados llega a M\u00e9xico desde Ucrania\u00a0 -","robots":{"index":"index","follow":"follow","max-snippet":"max-snippet:-1","max-image-preview":"max-image-preview:large","max-video-preview":"max-video-preview:-1"},"canonical":"https:\/\/quehacerpolitico.mx\/?p=90350","og_locale":"es_MX","og_type":"article","og_title":"Primer avi\u00f3n con repatriados llega a M\u00e9xico desde Ucrania\u00a0 -","og_description":"Por Redacci\u00f3n QP En el vuelo vienen\u00a044 mexicanos, 28 ucranianos, 7 ecuatorianos, un peruano y...","og_url":"https:\/\/quehacerpolitico.mx\/?p=90350","article_published_time":"2022-03-04T16:36:33+00:00","article_modified_time":"2022-03-04T16:36:36+00:00","og_image":[{"width":1284,"height":706,"url":"https:\/\/quehacerpolitico.mx\/wp-content\/uploads\/2022\/03\/A17B3E82-3C30-4526-A72F-87050291D00F.jpeg","type":"image\/jpeg"}],"author":"Redacci\u00f3n QP","twitter_card":"summary_large_image","twitter_misc":{"Escrito por":"Redacci\u00f3n QP","Tiempo de lectura":"2 minutos"},"schema":{"@context":"https:\/\/schema.org","@graph":[{"@type":"Article","@id":"https:\/\/quehacerpolitico.mx\/?p=90350#article","isPartOf":{"@id":"https:\/\/quehacerpolitico.mx\/?p=90350"},"author":{"name":"Redacci\u00f3n QP","@id":"https:\/\/quehacerpolitico.mx\/#\/schema\/person\/496d8ad2d1d3f8036101dca7ee39e585"},"headline":"Primer avi\u00f3n con repatriados llega a M\u00e9xico desde Ucrania\u00a0","datePublished":"2022-03-04T16:36:33+00:00","dateModified":"2022-03-04T16:36:36+00:00","mainEntityOfPage":{"@id":"https:\/\/quehacerpolitico.mx\/?p=90350"},"wordCount":439,"commentCount":0,"image":{"@id":"https:\/\/quehacerpolitico.mx\/?p=90350#primaryimage"},"thumbnailUrl":"https:\/\/quehacerpolitico.mx\/wp-content\/uploads\/2022\/03\/A17B3E82-3C30-4526-A72F-87050291D00F.jpeg","articleSection":["Noticias"],"inLanguage":"es","potentialAction":[{"@type":"CommentAction","name":"Comment","target":["https:\/\/quehacerpolitico.mx\/?p=90350#respond"]}]},{"@type":"WebPage","@id":"https:\/\/quehacerpolitico.mx\/?p=90350","url":"https:\/\/quehacerpolitico.mx\/?p=90350","name":"Primer avi\u00f3n con repatriados llega a M\u00e9xico desde Ucrania\u00a0 -","isPartOf":{"@id":"https:\/\/quehacerpolitico.mx\/#website"},"primaryImageOfPage":{"@id":"https:\/\/quehacerpolitico.mx\/?p=90350#primaryimage"},"image":{"@id":"https:\/\/quehacerpolitico.mx\/?p=90350#primaryimage"},"thumbnailUrl":"https:\/\/quehacerpolitico.mx\/wp-content\/uploads\/2022\/03\/A17B3E82-3C30-4526-A72F-87050291D00F.jpeg","datePublished":"2022-03-04T16:36:33+00:00","dateModified":"2022-03-04T16:36:36+00:00","author":{"@id":"https:\/\/quehacerpolitico.mx\/#\/schema\/person\/496d8ad2d1d3f8036101dca7ee39e585"},"breadcrumb":{"@id":"https:\/\/quehacerpolitico.mx\/?p=90350#breadcrumb"},"inLanguage":"es","potentialAction":[{"@type":"ReadAction","target":["https:\/\/quehacerpolitico.mx\/?p=90350"]}]},{"@type":"ImageObject","inLanguage":"es","@id":"https:\/\/quehacerpolitico.mx\/?p=90350#primaryimage","url":"https:\/\/quehacerpolitico.mx\/wp-content\/uploads\/2022\/03\/A17B3E82-3C30-4526-A72F-87050291D00F.jpeg","contentUrl":"https:\/\/quehacerpolitico.mx\/wp-content\/uploads\/2022\/03\/A17B3E82-3C30-4526-A72F-87050291D00F.jpeg","width":1284,"height":706},{"@type":"BreadcrumbList","@id":"https:\/\/quehacerpolitico.mx\/?p=90350#breadcrumb","itemListElement":[{"@type":"ListItem","position":1,"name":"Inicio","item":"https:\/\/quehacerpolitico.mx\/"},{"@type":"ListItem","position":2,"name":"Primer avi\u00f3n con repatriados llega a M\u00e9xico desde Ucrania\u00a0"}]},{"@type":"WebSite","@id":"https:\/\/quehacerpolitico.mx\/#website","url":"https:\/\/quehacerpolitico.mx\/","name":"","description":"","potentialAction":[{"@type":"SearchAction","target":{"@type":"EntryPoint","urlTemplate":"https:\/\/quehacerpolitico.mx\/?s={search_term_string}"},"query-input":{"@type":"PropertyValueSpecification","valueRequired":true,"valueName":"search_term_string"}}],"inLanguage":"es"},{"@type":"Person","@id":"https:\/\/quehacerpolitico.mx\/#\/schema\/person\/496d8ad2d1d3f8036101dca7ee39e585","name":"Redacci\u00f3n QP","image":{"@type":"ImageObject","inLanguage":"es","@id":"https:\/\/secure.gravatar.com\/avatar\/c7164ed6fdec453195284ad24a5ae5b6e1eed2b848477fa2a4787ba9adf39a41?s=96&d=mm&r=g","url":"https:\/\/secure.gravatar.com\/avatar\/c7164ed6fdec453195284ad24a5ae5b6e1eed2b848477fa2a4787ba9adf39a41?s=96&d=mm&r=g","contentUrl":"https:\/\/secure.gravatar.com\/avatar\/c7164ed6fdec453195284ad24a5ae5b6e1eed2b848477fa2a4787ba9adf39a41?s=96&d=mm&r=g","caption":"Redacci\u00f3n QP"},"url":"https:\/\/quehacerpolitico.mx\/?author=2"}]}},"featured_image_urls":{"full":["https:\/\/quehacerpolitico.mx\/wp-content\/uploads\/2022\/03\/A17B3E82-3C30-4526-A72F-87050291D00F.jpeg",1284,706,false],"thumbnail":["https:\/\/quehacerpolitico.mx\/wp-content\/uploads\/2022\/03\/A17B3E82-3C30-4526-A72F-87050291D00F-150x150.jpeg",150,150,true],"medium":["https:\/\/quehacerpolitico.mx\/wp-content\/uploads\/2022\/03\/A17B3E82-3C30-4526-A72F-87050291D00F-300x165.jpeg",300,165,true],"medium_large":["https:\/\/quehacerpolitico.mx\/wp-content\/uploads\/2022\/03\/A17B3E82-3C30-4526-A72F-87050291D00F-768x422.jpeg",640,352,true],"large":["https:\/\/quehacerpolitico.mx\/wp-content\/uploads\/2022\/03\/A17B3E82-3C30-4526-A72F-87050291D00F-1024x563.jpeg",640,352,true],"1536x1536":["https:\/\/quehacerpolitico.mx\/wp-content\/uploads\/2022\/03\/A17B3E82-3C30-4526-A72F-87050291D00F.jpeg",1284,706,false],"2048x2048":["https:\/\/quehacerpolitico.mx\/wp-content\/uploads\/2022\/03\/A17B3E82-3C30-4526-A72F-87050291D00F.jpeg",1284,706,false],"covernews-featured":["https:\/\/quehacerpolitico.mx\/wp-content\/uploads\/2022\/03\/A17B3E82-3C30-4526-A72F-87050291D00F.jpeg",1024,563,false],"covernews-medium":["https:\/\/quehacerpolitico.mx\/wp-content\/uploads\/2022\/03\/A17B3E82-3C30-4526-A72F-87050291D00F.jpeg",540,297,false]},"author_info":{"display_name":"Redacci\u00f3n QP","author_link":"https:\/\/quehacerpolitico.mx\/?author=2"},"category_info":"<a href=\"https:\/\/quehacerpolitico.mx\/?cat=2\" rel=\"category\">Noticias<\/a>","tag_info":"Noticias","comment_count":"0","_links":{"self":[{"href":"https:\/\/quehacerpolitico.mx\/index.php?rest_route=\/wp\/v2\/posts\/90350","targetHints":{"allow":["GET"]}}],"collection":[{"href":"https:\/\/quehacerpolitico.mx\/index.php?rest_route=\/wp\/v2\/posts"}],"about":[{"href":"https:\/\/quehacerpolitico.mx\/index.php?rest_route=\/wp\/v2\/types\/post"}],"author":[{"embeddable":true,"href":"https:\/\/quehacerpolitico.mx\/index.php?rest_route=\/wp\/v2\/users\/2"}],"replies":[{"embeddable":true,"href":"https:\/\/quehacerpolitico.mx\/index.php?rest_route=%2Fwp%2Fv2%2Fcomments&post=90350"}],"version-history":[{"count":1,"href":"https:\/\/quehacerpolitico.mx\/index.php?rest_route=\/wp\/v2\/posts\/90350\/revisions"}],"predecessor-version":[{"id":90352,"href":"https:\/\/quehacerpolitico.mx\/index.php?rest_route=\/wp\/v2\/posts\/90350\/revisions\/90352"}],"wp:featuredmedia":[{"embeddable":true,"href":"https:\/\/quehacerpolitico.mx\/index.php?rest_route=\/wp\/v2\/media\/90351"}],"wp:attachment":[{"href":"https:\/\/quehacerpolitico.mx\/index.php?rest_route=%2Fwp%2Fv2%2Fmedia&parent=90350"}],"wp:term":[{"taxonomy":"category","embeddable":true,"href":"https:\/\/quehacerpolitico.mx\/index.php?rest_route=%2Fwp%2Fv2%2Fcategories&post=90350"},{"taxonomy":"post_tag","embeddable":true,"href":"https:\/\/quehacerpolitico.mx\/index.php?rest_route=%2Fwp%2Fv2%2Ftags&post=90350"}],"curies":[{"name":"wp","href":"https:\/\/api.w.org\/{rel}","templated":true}]}}