{"id":90347,"date":"2022-03-04T16:26:34","date_gmt":"2022-03-04T16:26:34","guid":{"rendered":"https:\/\/quehacerpolitico.mx\/?p=90347"},"modified":"2022-03-04T16:26:38","modified_gmt":"2022-03-04T16:26:38","slug":"enviaran-otro-avion-de-la-fuerza-aerea-para-traer-a-mexicanos","status":"publish","type":"post","link":"https:\/\/quehacerpolitico.mx\/?p=90347","title":{"rendered":"\u00bfEnviar\u00e1n otro avi\u00f3n de la Fuerza A\u00e9rea para traer a mexicanos?\u00a0"},"content":{"rendered":"\n<p>Por Redacci\u00f3n QP<\/p>\n\n\n\n<p>Marcelo Ebrard, secretario de Relaciones Exteriores (SRE), informa sobre la situaci\u00f3n durante la conferencia &#8220;ma\u00f1anera&#8221; de AMLO<\/p>\n\n\n\n<p>Marcelo Ebrard, secretario de Relaciones Exteriores (SRE), inform\u00f3 este viernes que 81 pasajeros procedentes de Ucrania tras la invasi\u00f3n de Rusia,\u00a0llegaron sin \u201dnovedad\u201d esta madrugada de viernes a la Ciudad de M\u00e9xico en un avi\u00f3n de la Fuerza A\u00e9rea Mexicana (FAM).<\/p>\n\n\n\n<p>Durante la\u00a0conferencia de prensa \u201dma\u00f1anera\u201d del Presidente Andr\u00e9s Manuel L\u00f3pez Obrador (AMLO), Ebrard detall\u00f3 que\u00a0<strong>el gobierno podr\u00eda enviar un segundo avi\u00f3n de la FAM para rescatar a otros mexicanos que se encuentran en la zona de conflicto<\/strong>.<\/p>\n\n\n\n<p>&#8220;Arrib\u00f3 sin novedad el avi\u00f3n de la Fuerza A\u00e9rea Mexicana con 81 pasajeros, 44 mexicanos, 28 de origen ucraniano, porque dec\u00eda que son familias m\u00e9xico-ucraneanas, siete personas del Ecuador, uno del Per\u00fa, uno de Australia, y aqu\u00ed tambi\u00e9n reportan la perrita que vino desde all\u00e1, porque tambi\u00e9n era algo que nos pidi\u00f3 el Presidente, que se garantizar\u00e1 las familias completas, y son parte de las familias, llegaron sin novedad&#8221;, explic\u00f3.<\/p>\n\n\n\n<figure class=\"wp-block-embed is-type-video is-provider-youtube wp-block-embed-youtube wp-embed-aspect-16-9 wp-has-aspect-ratio\"><div class=\"wp-block-embed__wrapper\">\n<iframe loading=\"lazy\" title=\"SRE no descarta otro vuelo para evacuar a mexicanos de Ucrania\" width=\"640\" height=\"360\" src=\"https:\/\/www.youtube.com\/embed\/8dhGuf3K4R0?feature=oembed\" frameborder=\"0\" allow=\"accelerometer; autoplay; clipboard-write; encrypted-media; gyroscope; picture-in-picture; web-share\" referrerpolicy=\"strict-origin-when-cross-origin\" allowfullscreen><\/iframe>\n<\/div><\/figure>\n\n\n\n<p>En Palacio Nacional, el canciller adelant\u00f3 que&nbsp;<strong>el Gobierno de M\u00e9xico podr\u00eda enviar un segundo avi\u00f3n de la Fuerza A\u00e9rea Mexicana para rescatar a otros mexicanos que se encuentran en la zona de conflicto de Ucrania<\/strong>.<\/p>\n\n\n\n<p><strong>&#8220;Si, si es necesario ya nos dijo el Presidente si lo habr\u00eda, \u00bfQu\u00e9 quiere decir? Si se requiere por familias mexicanas que tenemos que traer&#8221;<\/strong>, agreg\u00f3.<\/p>\n\n\n\n<p>Con informaci\u00f3n de SUN<\/p>\n","protected":false},"excerpt":{"rendered":"<p>Por Redacci\u00f3n QP Marcelo Ebrard, secretario de Relaciones Exteriores (SRE), informa sobre la situaci\u00f3n durante&#8230;<\/p>\n","protected":false},"author":2,"featured_media":90348,"comment_status":"open","ping_status":"open","sticky":false,"template":"","format":"standard","meta":{"_monsterinsights_skip_tracking":false,"_monsterinsights_sitenote_active":false,"_monsterinsights_sitenote_note":"","_monsterinsights_sitenote_category":0,"footnotes":""},"categories":[2],"tags":[],"class_list":["post-90347","post","type-post","status-publish","format-standard","has-post-thumbnail","hentry","category-noticias"],"yoast_head":"<!-- This site is optimized with the Yoast SEO plugin v27.3 - https:\/\/yoast.com\/product\/yoast-seo-wordpress\/ -->\n<title>\u00bfEnviar\u00e1n otro avi\u00f3n de la Fuerza A\u00e9rea para traer a mexicanos?\u00a0 -<\/title>\n<meta name=\"robots\" content=\"index, follow, max-snippet:-1, max-image-preview:large, max-video-preview:-1\" \/>\n<link rel=\"canonical\" href=\"https:\/\/quehacerpolitico.mx\/?p=90347\" \/>\n<meta property=\"og:locale\" content=\"es_MX\" \/>\n<meta property=\"og:type\" content=\"article\" \/>\n<meta property=\"og:title\" content=\"\u00bfEnviar\u00e1n otro avi\u00f3n de la Fuerza A\u00e9rea para traer a mexicanos?\u00a0 -\" \/>\n<meta property=\"og:description\" content=\"Por Redacci\u00f3n QP Marcelo Ebrard, secretario de Relaciones Exteriores (SRE), informa sobre la situaci\u00f3n durante...\" \/>\n<meta property=\"og:url\" content=\"https:\/\/quehacerpolitico.mx\/?p=90347\" \/>\n<meta property=\"article:published_time\" content=\"2022-03-04T16:26:34+00:00\" \/>\n<meta property=\"article:modified_time\" content=\"2022-03-04T16:26:38+00:00\" \/>\n<meta property=\"og:image\" content=\"https:\/\/quehacerpolitico.mx\/wp-content\/uploads\/2022\/03\/9B7F41E1-93EF-4874-B661-A0310B19B8EC.jpeg\" \/>\n\t<meta property=\"og:image:width\" content=\"1284\" \/>\n\t<meta property=\"og:image:height\" content=\"708\" \/>\n\t<meta property=\"og:image:type\" content=\"image\/jpeg\" \/>\n<meta name=\"author\" content=\"Redacci\u00f3n QP\" \/>\n<meta name=\"twitter:card\" content=\"summary_large_image\" \/>\n<meta name=\"twitter:label1\" content=\"Escrito por\" \/>\n\t<meta name=\"twitter:data1\" content=\"Redacci\u00f3n QP\" \/>\n\t<meta name=\"twitter:label2\" content=\"Tiempo de lectura\" \/>\n\t<meta name=\"twitter:data2\" content=\"1 minuto\" \/>\n<script type=\"application\/ld+json\" class=\"yoast-schema-graph\">{\"@context\":\"https:\\\/\\\/schema.org\",\"@graph\":[{\"@type\":\"Article\",\"@id\":\"https:\\\/\\\/quehacerpolitico.mx\\\/?p=90347#article\",\"isPartOf\":{\"@id\":\"https:\\\/\\\/quehacerpolitico.mx\\\/?p=90347\"},\"author\":{\"name\":\"Redacci\u00f3n QP\",\"@id\":\"https:\\\/\\\/quehacerpolitico.mx\\\/#\\\/schema\\\/person\\\/496d8ad2d1d3f8036101dca7ee39e585\"},\"headline\":\"\u00bfEnviar\u00e1n otro avi\u00f3n de la Fuerza A\u00e9rea para traer a mexicanos?\u00a0\",\"datePublished\":\"2022-03-04T16:26:34+00:00\",\"dateModified\":\"2022-03-04T16:26:38+00:00\",\"mainEntityOfPage\":{\"@id\":\"https:\\\/\\\/quehacerpolitico.mx\\\/?p=90347\"},\"wordCount\":278,\"commentCount\":0,\"image\":{\"@id\":\"https:\\\/\\\/quehacerpolitico.mx\\\/?p=90347#primaryimage\"},\"thumbnailUrl\":\"https:\\\/\\\/quehacerpolitico.mx\\\/wp-content\\\/uploads\\\/2022\\\/03\\\/9B7F41E1-93EF-4874-B661-A0310B19B8EC.jpeg\",\"articleSection\":[\"Noticias\"],\"inLanguage\":\"es\",\"potentialAction\":[{\"@type\":\"CommentAction\",\"name\":\"Comment\",\"target\":[\"https:\\\/\\\/quehacerpolitico.mx\\\/?p=90347#respond\"]}]},{\"@type\":\"WebPage\",\"@id\":\"https:\\\/\\\/quehacerpolitico.mx\\\/?p=90347\",\"url\":\"https:\\\/\\\/quehacerpolitico.mx\\\/?p=90347\",\"name\":\"\u00bfEnviar\u00e1n otro avi\u00f3n de la Fuerza A\u00e9rea para traer a mexicanos?\u00a0 -\",\"isPartOf\":{\"@id\":\"https:\\\/\\\/quehacerpolitico.mx\\\/#website\"},\"primaryImageOfPage\":{\"@id\":\"https:\\\/\\\/quehacerpolitico.mx\\\/?p=90347#primaryimage\"},\"image\":{\"@id\":\"https:\\\/\\\/quehacerpolitico.mx\\\/?p=90347#primaryimage\"},\"thumbnailUrl\":\"https:\\\/\\\/quehacerpolitico.mx\\\/wp-content\\\/uploads\\\/2022\\\/03\\\/9B7F41E1-93EF-4874-B661-A0310B19B8EC.jpeg\",\"datePublished\":\"2022-03-04T16:26:34+00:00\",\"dateModified\":\"2022-03-04T16:26:38+00:00\",\"author\":{\"@id\":\"https:\\\/\\\/quehacerpolitico.mx\\\/#\\\/schema\\\/person\\\/496d8ad2d1d3f8036101dca7ee39e585\"},\"breadcrumb\":{\"@id\":\"https:\\\/\\\/quehacerpolitico.mx\\\/?p=90347#breadcrumb\"},\"inLanguage\":\"es\",\"potentialAction\":[{\"@type\":\"ReadAction\",\"target\":[\"https:\\\/\\\/quehacerpolitico.mx\\\/?p=90347\"]}]},{\"@type\":\"ImageObject\",\"inLanguage\":\"es\",\"@id\":\"https:\\\/\\\/quehacerpolitico.mx\\\/?p=90347#primaryimage\",\"url\":\"https:\\\/\\\/quehacerpolitico.mx\\\/wp-content\\\/uploads\\\/2022\\\/03\\\/9B7F41E1-93EF-4874-B661-A0310B19B8EC.jpeg\",\"contentUrl\":\"https:\\\/\\\/quehacerpolitico.mx\\\/wp-content\\\/uploads\\\/2022\\\/03\\\/9B7F41E1-93EF-4874-B661-A0310B19B8EC.jpeg\",\"width\":1284,\"height\":708},{\"@type\":\"BreadcrumbList\",\"@id\":\"https:\\\/\\\/quehacerpolitico.mx\\\/?p=90347#breadcrumb\",\"itemListElement\":[{\"@type\":\"ListItem\",\"position\":1,\"name\":\"Inicio\",\"item\":\"https:\\\/\\\/quehacerpolitico.mx\\\/\"},{\"@type\":\"ListItem\",\"position\":2,\"name\":\"\u00bfEnviar\u00e1n otro avi\u00f3n de la Fuerza A\u00e9rea para traer a mexicanos?\u00a0\"}]},{\"@type\":\"WebSite\",\"@id\":\"https:\\\/\\\/quehacerpolitico.mx\\\/#website\",\"url\":\"https:\\\/\\\/quehacerpolitico.mx\\\/\",\"name\":\"\",\"description\":\"\",\"potentialAction\":[{\"@type\":\"SearchAction\",\"target\":{\"@type\":\"EntryPoint\",\"urlTemplate\":\"https:\\\/\\\/quehacerpolitico.mx\\\/?s={search_term_string}\"},\"query-input\":{\"@type\":\"PropertyValueSpecification\",\"valueRequired\":true,\"valueName\":\"search_term_string\"}}],\"inLanguage\":\"es\"},{\"@type\":\"Person\",\"@id\":\"https:\\\/\\\/quehacerpolitico.mx\\\/#\\\/schema\\\/person\\\/496d8ad2d1d3f8036101dca7ee39e585\",\"name\":\"Redacci\u00f3n QP\",\"image\":{\"@type\":\"ImageObject\",\"inLanguage\":\"es\",\"@id\":\"https:\\\/\\\/secure.gravatar.com\\\/avatar\\\/c7164ed6fdec453195284ad24a5ae5b6e1eed2b848477fa2a4787ba9adf39a41?s=96&d=mm&r=g\",\"url\":\"https:\\\/\\\/secure.gravatar.com\\\/avatar\\\/c7164ed6fdec453195284ad24a5ae5b6e1eed2b848477fa2a4787ba9adf39a41?s=96&d=mm&r=g\",\"contentUrl\":\"https:\\\/\\\/secure.gravatar.com\\\/avatar\\\/c7164ed6fdec453195284ad24a5ae5b6e1eed2b848477fa2a4787ba9adf39a41?s=96&d=mm&r=g\",\"caption\":\"Redacci\u00f3n QP\"},\"url\":\"https:\\\/\\\/quehacerpolitico.mx\\\/?author=2\"}]}<\/script>\n<!-- \/ Yoast SEO plugin. -->","yoast_head_json":{"title":"\u00bfEnviar\u00e1n otro avi\u00f3n de la Fuerza A\u00e9rea para traer a mexicanos?\u00a0 -","robots":{"index":"index","follow":"follow","max-snippet":"max-snippet:-1","max-image-preview":"max-image-preview:large","max-video-preview":"max-video-preview:-1"},"canonical":"https:\/\/quehacerpolitico.mx\/?p=90347","og_locale":"es_MX","og_type":"article","og_title":"\u00bfEnviar\u00e1n otro avi\u00f3n de la Fuerza A\u00e9rea para traer a mexicanos?\u00a0 -","og_description":"Por Redacci\u00f3n QP Marcelo Ebrard, secretario de Relaciones Exteriores (SRE), informa sobre la situaci\u00f3n durante...","og_url":"https:\/\/quehacerpolitico.mx\/?p=90347","article_published_time":"2022-03-04T16:26:34+00:00","article_modified_time":"2022-03-04T16:26:38+00:00","og_image":[{"width":1284,"height":708,"url":"https:\/\/quehacerpolitico.mx\/wp-content\/uploads\/2022\/03\/9B7F41E1-93EF-4874-B661-A0310B19B8EC.jpeg","type":"image\/jpeg"}],"author":"Redacci\u00f3n QP","twitter_card":"summary_large_image","twitter_misc":{"Escrito por":"Redacci\u00f3n QP","Tiempo de lectura":"1 minuto"},"schema":{"@context":"https:\/\/schema.org","@graph":[{"@type":"Article","@id":"https:\/\/quehacerpolitico.mx\/?p=90347#article","isPartOf":{"@id":"https:\/\/quehacerpolitico.mx\/?p=90347"},"author":{"name":"Redacci\u00f3n QP","@id":"https:\/\/quehacerpolitico.mx\/#\/schema\/person\/496d8ad2d1d3f8036101dca7ee39e585"},"headline":"\u00bfEnviar\u00e1n otro avi\u00f3n de la Fuerza A\u00e9rea para traer a mexicanos?\u00a0","datePublished":"2022-03-04T16:26:34+00:00","dateModified":"2022-03-04T16:26:38+00:00","mainEntityOfPage":{"@id":"https:\/\/quehacerpolitico.mx\/?p=90347"},"wordCount":278,"commentCount":0,"image":{"@id":"https:\/\/quehacerpolitico.mx\/?p=90347#primaryimage"},"thumbnailUrl":"https:\/\/quehacerpolitico.mx\/wp-content\/uploads\/2022\/03\/9B7F41E1-93EF-4874-B661-A0310B19B8EC.jpeg","articleSection":["Noticias"],"inLanguage":"es","potentialAction":[{"@type":"CommentAction","name":"Comment","target":["https:\/\/quehacerpolitico.mx\/?p=90347#respond"]}]},{"@type":"WebPage","@id":"https:\/\/quehacerpolitico.mx\/?p=90347","url":"https:\/\/quehacerpolitico.mx\/?p=90347","name":"\u00bfEnviar\u00e1n otro avi\u00f3n de la Fuerza A\u00e9rea para traer a mexicanos?\u00a0 -","isPartOf":{"@id":"https:\/\/quehacerpolitico.mx\/#website"},"primaryImageOfPage":{"@id":"https:\/\/quehacerpolitico.mx\/?p=90347#primaryimage"},"image":{"@id":"https:\/\/quehacerpolitico.mx\/?p=90347#primaryimage"},"thumbnailUrl":"https:\/\/quehacerpolitico.mx\/wp-content\/uploads\/2022\/03\/9B7F41E1-93EF-4874-B661-A0310B19B8EC.jpeg","datePublished":"2022-03-04T16:26:34+00:00","dateModified":"2022-03-04T16:26:38+00:00","author":{"@id":"https:\/\/quehacerpolitico.mx\/#\/schema\/person\/496d8ad2d1d3f8036101dca7ee39e585"},"breadcrumb":{"@id":"https:\/\/quehacerpolitico.mx\/?p=90347#breadcrumb"},"inLanguage":"es","potentialAction":[{"@type":"ReadAction","target":["https:\/\/quehacerpolitico.mx\/?p=90347"]}]},{"@type":"ImageObject","inLanguage":"es","@id":"https:\/\/quehacerpolitico.mx\/?p=90347#primaryimage","url":"https:\/\/quehacerpolitico.mx\/wp-content\/uploads\/2022\/03\/9B7F41E1-93EF-4874-B661-A0310B19B8EC.jpeg","contentUrl":"https:\/\/quehacerpolitico.mx\/wp-content\/uploads\/2022\/03\/9B7F41E1-93EF-4874-B661-A0310B19B8EC.jpeg","width":1284,"height":708},{"@type":"BreadcrumbList","@id":"https:\/\/quehacerpolitico.mx\/?p=90347#breadcrumb","itemListElement":[{"@type":"ListItem","position":1,"name":"Inicio","item":"https:\/\/quehacerpolitico.mx\/"},{"@type":"ListItem","position":2,"name":"\u00bfEnviar\u00e1n otro avi\u00f3n de la Fuerza A\u00e9rea para traer a mexicanos?\u00a0"}]},{"@type":"WebSite","@id":"https:\/\/quehacerpolitico.mx\/#website","url":"https:\/\/quehacerpolitico.mx\/","name":"","description":"","potentialAction":[{"@type":"SearchAction","target":{"@type":"EntryPoint","urlTemplate":"https:\/\/quehacerpolitico.mx\/?s={search_term_string}"},"query-input":{"@type":"PropertyValueSpecification","valueRequired":true,"valueName":"search_term_string"}}],"inLanguage":"es"},{"@type":"Person","@id":"https:\/\/quehacerpolitico.mx\/#\/schema\/person\/496d8ad2d1d3f8036101dca7ee39e585","name":"Redacci\u00f3n QP","image":{"@type":"ImageObject","inLanguage":"es","@id":"https:\/\/secure.gravatar.com\/avatar\/c7164ed6fdec453195284ad24a5ae5b6e1eed2b848477fa2a4787ba9adf39a41?s=96&d=mm&r=g","url":"https:\/\/secure.gravatar.com\/avatar\/c7164ed6fdec453195284ad24a5ae5b6e1eed2b848477fa2a4787ba9adf39a41?s=96&d=mm&r=g","contentUrl":"https:\/\/secure.gravatar.com\/avatar\/c7164ed6fdec453195284ad24a5ae5b6e1eed2b848477fa2a4787ba9adf39a41?s=96&d=mm&r=g","caption":"Redacci\u00f3n QP"},"url":"https:\/\/quehacerpolitico.mx\/?author=2"}]}},"featured_image_urls":{"full":["https:\/\/quehacerpolitico.mx\/wp-content\/uploads\/2022\/03\/9B7F41E1-93EF-4874-B661-A0310B19B8EC.jpeg",1284,708,false],"thumbnail":["https:\/\/quehacerpolitico.mx\/wp-content\/uploads\/2022\/03\/9B7F41E1-93EF-4874-B661-A0310B19B8EC-150x150.jpeg",150,150,true],"medium":["https:\/\/quehacerpolitico.mx\/wp-content\/uploads\/2022\/03\/9B7F41E1-93EF-4874-B661-A0310B19B8EC-300x165.jpeg",300,165,true],"medium_large":["https:\/\/quehacerpolitico.mx\/wp-content\/uploads\/2022\/03\/9B7F41E1-93EF-4874-B661-A0310B19B8EC-768x423.jpeg",640,353,true],"large":["https:\/\/quehacerpolitico.mx\/wp-content\/uploads\/2022\/03\/9B7F41E1-93EF-4874-B661-A0310B19B8EC-1024x565.jpeg",640,353,true],"1536x1536":["https:\/\/quehacerpolitico.mx\/wp-content\/uploads\/2022\/03\/9B7F41E1-93EF-4874-B661-A0310B19B8EC.jpeg",1284,708,false],"2048x2048":["https:\/\/quehacerpolitico.mx\/wp-content\/uploads\/2022\/03\/9B7F41E1-93EF-4874-B661-A0310B19B8EC.jpeg",1284,708,false],"covernews-featured":["https:\/\/quehacerpolitico.mx\/wp-content\/uploads\/2022\/03\/9B7F41E1-93EF-4874-B661-A0310B19B8EC.jpeg",1024,565,false],"covernews-medium":["https:\/\/quehacerpolitico.mx\/wp-content\/uploads\/2022\/03\/9B7F41E1-93EF-4874-B661-A0310B19B8EC.jpeg",540,298,false]},"author_info":{"display_name":"Redacci\u00f3n QP","author_link":"https:\/\/quehacerpolitico.mx\/?author=2"},"category_info":"<a href=\"https:\/\/quehacerpolitico.mx\/?cat=2\" rel=\"category\">Noticias<\/a>","tag_info":"Noticias","comment_count":"0","_links":{"self":[{"href":"https:\/\/quehacerpolitico.mx\/index.php?rest_route=\/wp\/v2\/posts\/90347","targetHints":{"allow":["GET"]}}],"collection":[{"href":"https:\/\/quehacerpolitico.mx\/index.php?rest_route=\/wp\/v2\/posts"}],"about":[{"href":"https:\/\/quehacerpolitico.mx\/index.php?rest_route=\/wp\/v2\/types\/post"}],"author":[{"embeddable":true,"href":"https:\/\/quehacerpolitico.mx\/index.php?rest_route=\/wp\/v2\/users\/2"}],"replies":[{"embeddable":true,"href":"https:\/\/quehacerpolitico.mx\/index.php?rest_route=%2Fwp%2Fv2%2Fcomments&post=90347"}],"version-history":[{"count":1,"href":"https:\/\/quehacerpolitico.mx\/index.php?rest_route=\/wp\/v2\/posts\/90347\/revisions"}],"predecessor-version":[{"id":90349,"href":"https:\/\/quehacerpolitico.mx\/index.php?rest_route=\/wp\/v2\/posts\/90347\/revisions\/90349"}],"wp:featuredmedia":[{"embeddable":true,"href":"https:\/\/quehacerpolitico.mx\/index.php?rest_route=\/wp\/v2\/media\/90348"}],"wp:attachment":[{"href":"https:\/\/quehacerpolitico.mx\/index.php?rest_route=%2Fwp%2Fv2%2Fmedia&parent=90347"}],"wp:term":[{"taxonomy":"category","embeddable":true,"href":"https:\/\/quehacerpolitico.mx\/index.php?rest_route=%2Fwp%2Fv2%2Fcategories&post=90347"},{"taxonomy":"post_tag","embeddable":true,"href":"https:\/\/quehacerpolitico.mx\/index.php?rest_route=%2Fwp%2Fv2%2Ftags&post=90347"}],"curies":[{"name":"wp","href":"https:\/\/api.w.org\/{rel}","templated":true}]}}