{"id":90335,"date":"2022-03-04T15:11:43","date_gmt":"2022-03-04T15:11:43","guid":{"rendered":"https:\/\/quehacerpolitico.mx\/?p=90335"},"modified":"2022-03-04T15:11:46","modified_gmt":"2022-03-04T15:11:46","slug":"internacionales-carolina-alonso-romei-atentado-contra-una-mezquita-en-pakistan-deja-56-muertos","status":"publish","type":"post","link":"https:\/\/quehacerpolitico.mx\/?p=90335","title":{"rendered":"Internacionales\/\/\/Carolina Alonso Romei\/\/\/Atentado contra una mezquita en Pakist\u00e1n deja 56 muertos"},"content":{"rendered":"\n<p>Por Carolina Alonso Romei<\/p>\n\n\n\n<p>Internacionalista <\/p>\n\n\n\n<p>Se trat\u00f3 de un ataque suicida, ya que uno de los asaltantes deton\u00f3 dentro de la mezquita los explosivos que portaba<\/p>\n\n\n\n<ul class=\"wp-block-list\"><li>Dos terroristas abrieron fuego contra los polic\u00edas desplegados fuera de la mezquita. Un atacante y un polic\u00eda murieron, mientras que el segundo terrorista consigui\u00f3 entrar a la mezquita<\/li><\/ul>\n\n\n\n<p>Las autoridades paquistan\u00edes elevaron a 56 el n\u00famero de muertos en un atentado contra una\u00a0mezquita\u00a0de la minor\u00eda chi\u00ed ocurrido durante las oraciones con motivo del d\u00eda sagrado del islam en la ciudad de Peshawar, en el noroeste de\u00a0Pakistan, que tambi\u00e9n dej\u00f3 casi 200 heridos.<\/p>\n\n\n\n<blockquote class=\"wp-block-quote is-layout-flow wp-block-quote-is-layout-flow\"><p>\u201cHasta ahora 56 personas han muerto y 194 han resultado heridas. El ataque tuvo lugar a las 13:07 hora local (08:07 GMT) durante los rezos del viernes\u201d, dijo a Efe el agente Ahsen Khan, del cuartel general de la Polic\u00eda en Peshawar.<\/p><\/blockquote>\n\n\n\n<p>La fuente indic\u00f3 que se trat\u00f3 de un ataque suicida, ya que uno de los asaltantes deton\u00f3 dentro de la mezquita los explosivos que portaba.<\/p>\n\n\n\n<p>\u201cDos terroristas abrieron fuego contra los polic\u00edas desplegados fuera de la mezquita. Un atacante y un polic\u00eda murieron en el intercambio de disparos, mientras que el segundo terrorista consigui\u00f3 entrar a la mezquita\u201d, dijo Khan.<\/p>\n\n\n\n<figure class=\"wp-block-embed is-type-video is-provider-youtube wp-block-embed-youtube wp-embed-aspect-16-9 wp-has-aspect-ratio\"><div class=\"wp-block-embed__wrapper\">\n<iframe loading=\"lazy\" title=\"Al menos 56 muertos y 200 heridos por explosi\u00f3n en mezquita chi\u00ed en Pakist\u00e1n\" width=\"640\" height=\"360\" src=\"https:\/\/www.youtube.com\/embed\/5CnLCN8aBKc?feature=oembed\" frameborder=\"0\" allow=\"accelerometer; autoplay; clipboard-write; encrypted-media; gyroscope; picture-in-picture; web-share\" referrerpolicy=\"strict-origin-when-cross-origin\" allowfullscreen><\/iframe>\n<\/div><\/figure>\n\n\n\n<p>El asaltante \u201cdispar\u00f3 primero contra algunas personas y despu\u00e9s deton\u00f3 su carga\u201d, zanj\u00f3.<\/p>\n\n\n\n<p>El atentado produjo da\u00f1os en el interior de la mezquita, donde quedaron esparcidos por el suelo alfombrado restos de las ventanas, que quedaron destrozadas. Tambi\u00e9n hab\u00eda escombros en el exterior, un barrio con viviendas de estrechas calles.<\/p>\n\n\n\n<p>Mientras, en el hospital al que trasladaron a las v\u00edctimas, decenas de personas protestaron por el ataque, seg\u00fan pudo constatar Efe.<\/p>\n\n\n\n<p>La comunidad chi\u00ed de Pakist\u00e1n fue ya en el pasado blanco de ataques violentos y atentados terroristas, con m\u00e1s de 2,500 muertos desde 2001, seg\u00fan el Portal de Terrorismo del Sur de Asia, si bien estos cr\u00edmenes se han hecho espor\u00e1dicos en los \u00faltimos a\u00f1os.<\/p>\n\n\n\n<p>Uno de los peores se produjo en 2019, cuando al menos 20 personas murieron, casi la mitad de ellas pertenecientes a la minor\u00eda chi\u00ed hazara, y 40 resultaron heridas por la explosi\u00f3n de una bomba oculta en un saco de patatas en un mercado en el suroeste del pa\u00eds.<\/p>\n\n\n\n<p>Este ataque fue reivindicado entonces por el grupo yihadista Estado Isl\u00e1mico (EI), que considera a los chi\u00edes ap\u00f3statas.<\/p>\n\n\n\n<p>El pasado agosto al menos tres personas murieron y otras 50 resultaron heridas en un atentado contra una procesi\u00f3n chi\u00ed, con motivo del mes isl\u00e1mico de Muharram, en el este de Pakist\u00e1n.<\/p>\n\n\n\n<p>La violencia terrorista ha disminuido notablemente en Pakist\u00e1n desde que el Ej\u00e9rcito lanz\u00f3 una operaci\u00f3n en las zonas tribales del noroeste en junio de 2014, que m\u00e1s tarde ampli\u00f3 al resto del pa\u00eds.<\/p>\n\n\n\n<p><em>Con informaci\u00f3n de EFE<\/em><\/p>\n","protected":false},"excerpt":{"rendered":"<p>Por Carolina Alonso Romei Internacionalista Se trat\u00f3 de un ataque suicida, ya que uno de&#8230;<\/p>\n","protected":false},"author":2,"featured_media":90336,"comment_status":"open","ping_status":"open","sticky":false,"template":"","format":"standard","meta":{"_monsterinsights_skip_tracking":false,"_monsterinsights_sitenote_active":false,"_monsterinsights_sitenote_note":"","_monsterinsights_sitenote_category":0,"footnotes":""},"categories":[1],"tags":[],"class_list":["post-90335","post","type-post","status-publish","format-standard","has-post-thumbnail","hentry","category-sin-categoria"],"yoast_head":"<!-- This site is optimized with the Yoast SEO plugin v27.3 - https:\/\/yoast.com\/product\/yoast-seo-wordpress\/ -->\n<title>Internacionales\/\/\/Carolina Alonso Romei\/\/\/Atentado contra una mezquita en Pakist\u00e1n deja 56 muertos -<\/title>\n<meta name=\"robots\" content=\"index, follow, max-snippet:-1, max-image-preview:large, max-video-preview:-1\" \/>\n<link rel=\"canonical\" href=\"https:\/\/quehacerpolitico.mx\/?p=90335\" \/>\n<meta property=\"og:locale\" content=\"es_MX\" \/>\n<meta property=\"og:type\" content=\"article\" \/>\n<meta property=\"og:title\" content=\"Internacionales\/\/\/Carolina Alonso Romei\/\/\/Atentado contra una mezquita en Pakist\u00e1n deja 56 muertos -\" \/>\n<meta property=\"og:description\" content=\"Por Carolina Alonso Romei Internacionalista Se trat\u00f3 de un ataque suicida, ya que uno de...\" \/>\n<meta property=\"og:url\" content=\"https:\/\/quehacerpolitico.mx\/?p=90335\" \/>\n<meta property=\"article:published_time\" content=\"2022-03-04T15:11:43+00:00\" \/>\n<meta property=\"article:modified_time\" content=\"2022-03-04T15:11:46+00:00\" \/>\n<meta property=\"og:image\" content=\"https:\/\/quehacerpolitico.mx\/wp-content\/uploads\/2022\/03\/78A8863D-FBB4-40AA-B400-513C38DC581D.jpeg\" \/>\n\t<meta property=\"og:image:width\" content=\"1101\" \/>\n\t<meta property=\"og:image:height\" content=\"694\" \/>\n\t<meta property=\"og:image:type\" content=\"image\/jpeg\" \/>\n<meta name=\"author\" content=\"Redacci\u00f3n QP\" \/>\n<meta name=\"twitter:card\" content=\"summary_large_image\" \/>\n<meta name=\"twitter:label1\" content=\"Escrito por\" \/>\n\t<meta name=\"twitter:data1\" content=\"Redacci\u00f3n QP\" \/>\n\t<meta name=\"twitter:label2\" content=\"Tiempo de lectura\" \/>\n\t<meta name=\"twitter:data2\" content=\"2 minutos\" \/>\n<script type=\"application\/ld+json\" class=\"yoast-schema-graph\">{\"@context\":\"https:\\\/\\\/schema.org\",\"@graph\":[{\"@type\":\"Article\",\"@id\":\"https:\\\/\\\/quehacerpolitico.mx\\\/?p=90335#article\",\"isPartOf\":{\"@id\":\"https:\\\/\\\/quehacerpolitico.mx\\\/?p=90335\"},\"author\":{\"name\":\"Redacci\u00f3n QP\",\"@id\":\"https:\\\/\\\/quehacerpolitico.mx\\\/#\\\/schema\\\/person\\\/496d8ad2d1d3f8036101dca7ee39e585\"},\"headline\":\"Internacionales\\\/\\\/\\\/Carolina Alonso Romei\\\/\\\/\\\/Atentado contra una mezquita en Pakist\u00e1n deja 56 muertos\",\"datePublished\":\"2022-03-04T15:11:43+00:00\",\"dateModified\":\"2022-03-04T15:11:46+00:00\",\"mainEntityOfPage\":{\"@id\":\"https:\\\/\\\/quehacerpolitico.mx\\\/?p=90335\"},\"wordCount\":497,\"commentCount\":0,\"image\":{\"@id\":\"https:\\\/\\\/quehacerpolitico.mx\\\/?p=90335#primaryimage\"},\"thumbnailUrl\":\"https:\\\/\\\/quehacerpolitico.mx\\\/wp-content\\\/uploads\\\/2022\\\/03\\\/78A8863D-FBB4-40AA-B400-513C38DC581D.jpeg\",\"articleSection\":[\"Internacionales\"],\"inLanguage\":\"es\",\"potentialAction\":[{\"@type\":\"CommentAction\",\"name\":\"Comment\",\"target\":[\"https:\\\/\\\/quehacerpolitico.mx\\\/?p=90335#respond\"]}]},{\"@type\":\"WebPage\",\"@id\":\"https:\\\/\\\/quehacerpolitico.mx\\\/?p=90335\",\"url\":\"https:\\\/\\\/quehacerpolitico.mx\\\/?p=90335\",\"name\":\"Internacionales\\\/\\\/\\\/Carolina Alonso Romei\\\/\\\/\\\/Atentado contra una mezquita en Pakist\u00e1n deja 56 muertos -\",\"isPartOf\":{\"@id\":\"https:\\\/\\\/quehacerpolitico.mx\\\/#website\"},\"primaryImageOfPage\":{\"@id\":\"https:\\\/\\\/quehacerpolitico.mx\\\/?p=90335#primaryimage\"},\"image\":{\"@id\":\"https:\\\/\\\/quehacerpolitico.mx\\\/?p=90335#primaryimage\"},\"thumbnailUrl\":\"https:\\\/\\\/quehacerpolitico.mx\\\/wp-content\\\/uploads\\\/2022\\\/03\\\/78A8863D-FBB4-40AA-B400-513C38DC581D.jpeg\",\"datePublished\":\"2022-03-04T15:11:43+00:00\",\"dateModified\":\"2022-03-04T15:11:46+00:00\",\"author\":{\"@id\":\"https:\\\/\\\/quehacerpolitico.mx\\\/#\\\/schema\\\/person\\\/496d8ad2d1d3f8036101dca7ee39e585\"},\"breadcrumb\":{\"@id\":\"https:\\\/\\\/quehacerpolitico.mx\\\/?p=90335#breadcrumb\"},\"inLanguage\":\"es\",\"potentialAction\":[{\"@type\":\"ReadAction\",\"target\":[\"https:\\\/\\\/quehacerpolitico.mx\\\/?p=90335\"]}]},{\"@type\":\"ImageObject\",\"inLanguage\":\"es\",\"@id\":\"https:\\\/\\\/quehacerpolitico.mx\\\/?p=90335#primaryimage\",\"url\":\"https:\\\/\\\/quehacerpolitico.mx\\\/wp-content\\\/uploads\\\/2022\\\/03\\\/78A8863D-FBB4-40AA-B400-513C38DC581D.jpeg\",\"contentUrl\":\"https:\\\/\\\/quehacerpolitico.mx\\\/wp-content\\\/uploads\\\/2022\\\/03\\\/78A8863D-FBB4-40AA-B400-513C38DC581D.jpeg\",\"width\":1101,\"height\":694},{\"@type\":\"BreadcrumbList\",\"@id\":\"https:\\\/\\\/quehacerpolitico.mx\\\/?p=90335#breadcrumb\",\"itemListElement\":[{\"@type\":\"ListItem\",\"position\":1,\"name\":\"Inicio\",\"item\":\"https:\\\/\\\/quehacerpolitico.mx\\\/\"},{\"@type\":\"ListItem\",\"position\":2,\"name\":\"Internacionales\\\/\\\/\\\/Carolina Alonso Romei\\\/\\\/\\\/Atentado contra una mezquita en Pakist\u00e1n deja 56 muertos\"}]},{\"@type\":\"WebSite\",\"@id\":\"https:\\\/\\\/quehacerpolitico.mx\\\/#website\",\"url\":\"https:\\\/\\\/quehacerpolitico.mx\\\/\",\"name\":\"\",\"description\":\"\",\"potentialAction\":[{\"@type\":\"SearchAction\",\"target\":{\"@type\":\"EntryPoint\",\"urlTemplate\":\"https:\\\/\\\/quehacerpolitico.mx\\\/?s={search_term_string}\"},\"query-input\":{\"@type\":\"PropertyValueSpecification\",\"valueRequired\":true,\"valueName\":\"search_term_string\"}}],\"inLanguage\":\"es\"},{\"@type\":\"Person\",\"@id\":\"https:\\\/\\\/quehacerpolitico.mx\\\/#\\\/schema\\\/person\\\/496d8ad2d1d3f8036101dca7ee39e585\",\"name\":\"Redacci\u00f3n QP\",\"image\":{\"@type\":\"ImageObject\",\"inLanguage\":\"es\",\"@id\":\"https:\\\/\\\/secure.gravatar.com\\\/avatar\\\/c7164ed6fdec453195284ad24a5ae5b6e1eed2b848477fa2a4787ba9adf39a41?s=96&d=mm&r=g\",\"url\":\"https:\\\/\\\/secure.gravatar.com\\\/avatar\\\/c7164ed6fdec453195284ad24a5ae5b6e1eed2b848477fa2a4787ba9adf39a41?s=96&d=mm&r=g\",\"contentUrl\":\"https:\\\/\\\/secure.gravatar.com\\\/avatar\\\/c7164ed6fdec453195284ad24a5ae5b6e1eed2b848477fa2a4787ba9adf39a41?s=96&d=mm&r=g\",\"caption\":\"Redacci\u00f3n QP\"},\"url\":\"https:\\\/\\\/quehacerpolitico.mx\\\/?author=2\"}]}<\/script>\n<!-- \/ Yoast SEO plugin. -->","yoast_head_json":{"title":"Internacionales\/\/\/Carolina Alonso Romei\/\/\/Atentado contra una mezquita en Pakist\u00e1n deja 56 muertos -","robots":{"index":"index","follow":"follow","max-snippet":"max-snippet:-1","max-image-preview":"max-image-preview:large","max-video-preview":"max-video-preview:-1"},"canonical":"https:\/\/quehacerpolitico.mx\/?p=90335","og_locale":"es_MX","og_type":"article","og_title":"Internacionales\/\/\/Carolina Alonso Romei\/\/\/Atentado contra una mezquita en Pakist\u00e1n deja 56 muertos -","og_description":"Por Carolina Alonso Romei Internacionalista Se trat\u00f3 de un ataque suicida, ya que uno de...","og_url":"https:\/\/quehacerpolitico.mx\/?p=90335","article_published_time":"2022-03-04T15:11:43+00:00","article_modified_time":"2022-03-04T15:11:46+00:00","og_image":[{"width":1101,"height":694,"url":"https:\/\/quehacerpolitico.mx\/wp-content\/uploads\/2022\/03\/78A8863D-FBB4-40AA-B400-513C38DC581D.jpeg","type":"image\/jpeg"}],"author":"Redacci\u00f3n QP","twitter_card":"summary_large_image","twitter_misc":{"Escrito por":"Redacci\u00f3n QP","Tiempo de lectura":"2 minutos"},"schema":{"@context":"https:\/\/schema.org","@graph":[{"@type":"Article","@id":"https:\/\/quehacerpolitico.mx\/?p=90335#article","isPartOf":{"@id":"https:\/\/quehacerpolitico.mx\/?p=90335"},"author":{"name":"Redacci\u00f3n QP","@id":"https:\/\/quehacerpolitico.mx\/#\/schema\/person\/496d8ad2d1d3f8036101dca7ee39e585"},"headline":"Internacionales\/\/\/Carolina Alonso Romei\/\/\/Atentado contra una mezquita en Pakist\u00e1n deja 56 muertos","datePublished":"2022-03-04T15:11:43+00:00","dateModified":"2022-03-04T15:11:46+00:00","mainEntityOfPage":{"@id":"https:\/\/quehacerpolitico.mx\/?p=90335"},"wordCount":497,"commentCount":0,"image":{"@id":"https:\/\/quehacerpolitico.mx\/?p=90335#primaryimage"},"thumbnailUrl":"https:\/\/quehacerpolitico.mx\/wp-content\/uploads\/2022\/03\/78A8863D-FBB4-40AA-B400-513C38DC581D.jpeg","articleSection":["Internacionales"],"inLanguage":"es","potentialAction":[{"@type":"CommentAction","name":"Comment","target":["https:\/\/quehacerpolitico.mx\/?p=90335#respond"]}]},{"@type":"WebPage","@id":"https:\/\/quehacerpolitico.mx\/?p=90335","url":"https:\/\/quehacerpolitico.mx\/?p=90335","name":"Internacionales\/\/\/Carolina Alonso Romei\/\/\/Atentado contra una mezquita en Pakist\u00e1n deja 56 muertos -","isPartOf":{"@id":"https:\/\/quehacerpolitico.mx\/#website"},"primaryImageOfPage":{"@id":"https:\/\/quehacerpolitico.mx\/?p=90335#primaryimage"},"image":{"@id":"https:\/\/quehacerpolitico.mx\/?p=90335#primaryimage"},"thumbnailUrl":"https:\/\/quehacerpolitico.mx\/wp-content\/uploads\/2022\/03\/78A8863D-FBB4-40AA-B400-513C38DC581D.jpeg","datePublished":"2022-03-04T15:11:43+00:00","dateModified":"2022-03-04T15:11:46+00:00","author":{"@id":"https:\/\/quehacerpolitico.mx\/#\/schema\/person\/496d8ad2d1d3f8036101dca7ee39e585"},"breadcrumb":{"@id":"https:\/\/quehacerpolitico.mx\/?p=90335#breadcrumb"},"inLanguage":"es","potentialAction":[{"@type":"ReadAction","target":["https:\/\/quehacerpolitico.mx\/?p=90335"]}]},{"@type":"ImageObject","inLanguage":"es","@id":"https:\/\/quehacerpolitico.mx\/?p=90335#primaryimage","url":"https:\/\/quehacerpolitico.mx\/wp-content\/uploads\/2022\/03\/78A8863D-FBB4-40AA-B400-513C38DC581D.jpeg","contentUrl":"https:\/\/quehacerpolitico.mx\/wp-content\/uploads\/2022\/03\/78A8863D-FBB4-40AA-B400-513C38DC581D.jpeg","width":1101,"height":694},{"@type":"BreadcrumbList","@id":"https:\/\/quehacerpolitico.mx\/?p=90335#breadcrumb","itemListElement":[{"@type":"ListItem","position":1,"name":"Inicio","item":"https:\/\/quehacerpolitico.mx\/"},{"@type":"ListItem","position":2,"name":"Internacionales\/\/\/Carolina Alonso Romei\/\/\/Atentado contra una mezquita en Pakist\u00e1n deja 56 muertos"}]},{"@type":"WebSite","@id":"https:\/\/quehacerpolitico.mx\/#website","url":"https:\/\/quehacerpolitico.mx\/","name":"","description":"","potentialAction":[{"@type":"SearchAction","target":{"@type":"EntryPoint","urlTemplate":"https:\/\/quehacerpolitico.mx\/?s={search_term_string}"},"query-input":{"@type":"PropertyValueSpecification","valueRequired":true,"valueName":"search_term_string"}}],"inLanguage":"es"},{"@type":"Person","@id":"https:\/\/quehacerpolitico.mx\/#\/schema\/person\/496d8ad2d1d3f8036101dca7ee39e585","name":"Redacci\u00f3n QP","image":{"@type":"ImageObject","inLanguage":"es","@id":"https:\/\/secure.gravatar.com\/avatar\/c7164ed6fdec453195284ad24a5ae5b6e1eed2b848477fa2a4787ba9adf39a41?s=96&d=mm&r=g","url":"https:\/\/secure.gravatar.com\/avatar\/c7164ed6fdec453195284ad24a5ae5b6e1eed2b848477fa2a4787ba9adf39a41?s=96&d=mm&r=g","contentUrl":"https:\/\/secure.gravatar.com\/avatar\/c7164ed6fdec453195284ad24a5ae5b6e1eed2b848477fa2a4787ba9adf39a41?s=96&d=mm&r=g","caption":"Redacci\u00f3n QP"},"url":"https:\/\/quehacerpolitico.mx\/?author=2"}]}},"featured_image_urls":{"full":["https:\/\/quehacerpolitico.mx\/wp-content\/uploads\/2022\/03\/78A8863D-FBB4-40AA-B400-513C38DC581D.jpeg",1101,694,false],"thumbnail":["https:\/\/quehacerpolitico.mx\/wp-content\/uploads\/2022\/03\/78A8863D-FBB4-40AA-B400-513C38DC581D-150x150.jpeg",150,150,true],"medium":["https:\/\/quehacerpolitico.mx\/wp-content\/uploads\/2022\/03\/78A8863D-FBB4-40AA-B400-513C38DC581D-300x189.jpeg",300,189,true],"medium_large":["https:\/\/quehacerpolitico.mx\/wp-content\/uploads\/2022\/03\/78A8863D-FBB4-40AA-B400-513C38DC581D-768x484.jpeg",640,403,true],"large":["https:\/\/quehacerpolitico.mx\/wp-content\/uploads\/2022\/03\/78A8863D-FBB4-40AA-B400-513C38DC581D-1024x645.jpeg",640,403,true],"1536x1536":["https:\/\/quehacerpolitico.mx\/wp-content\/uploads\/2022\/03\/78A8863D-FBB4-40AA-B400-513C38DC581D.jpeg",1101,694,false],"2048x2048":["https:\/\/quehacerpolitico.mx\/wp-content\/uploads\/2022\/03\/78A8863D-FBB4-40AA-B400-513C38DC581D.jpeg",1101,694,false],"covernews-featured":["https:\/\/quehacerpolitico.mx\/wp-content\/uploads\/2022\/03\/78A8863D-FBB4-40AA-B400-513C38DC581D.jpeg",1024,645,false],"covernews-medium":["https:\/\/quehacerpolitico.mx\/wp-content\/uploads\/2022\/03\/78A8863D-FBB4-40AA-B400-513C38DC581D.jpeg",540,340,false]},"author_info":{"display_name":"Redacci\u00f3n QP","author_link":"https:\/\/quehacerpolitico.mx\/?author=2"},"category_info":"<a href=\"https:\/\/quehacerpolitico.mx\/?cat=1\" rel=\"category\">Internacionales<\/a>","tag_info":"Internacionales","comment_count":"0","_links":{"self":[{"href":"https:\/\/quehacerpolitico.mx\/index.php?rest_route=\/wp\/v2\/posts\/90335","targetHints":{"allow":["GET"]}}],"collection":[{"href":"https:\/\/quehacerpolitico.mx\/index.php?rest_route=\/wp\/v2\/posts"}],"about":[{"href":"https:\/\/quehacerpolitico.mx\/index.php?rest_route=\/wp\/v2\/types\/post"}],"author":[{"embeddable":true,"href":"https:\/\/quehacerpolitico.mx\/index.php?rest_route=\/wp\/v2\/users\/2"}],"replies":[{"embeddable":true,"href":"https:\/\/quehacerpolitico.mx\/index.php?rest_route=%2Fwp%2Fv2%2Fcomments&post=90335"}],"version-history":[{"count":1,"href":"https:\/\/quehacerpolitico.mx\/index.php?rest_route=\/wp\/v2\/posts\/90335\/revisions"}],"predecessor-version":[{"id":90337,"href":"https:\/\/quehacerpolitico.mx\/index.php?rest_route=\/wp\/v2\/posts\/90335\/revisions\/90337"}],"wp:featuredmedia":[{"embeddable":true,"href":"https:\/\/quehacerpolitico.mx\/index.php?rest_route=\/wp\/v2\/media\/90336"}],"wp:attachment":[{"href":"https:\/\/quehacerpolitico.mx\/index.php?rest_route=%2Fwp%2Fv2%2Fmedia&parent=90335"}],"wp:term":[{"taxonomy":"category","embeddable":true,"href":"https:\/\/quehacerpolitico.mx\/index.php?rest_route=%2Fwp%2Fv2%2Fcategories&post=90335"},{"taxonomy":"post_tag","embeddable":true,"href":"https:\/\/quehacerpolitico.mx\/index.php?rest_route=%2Fwp%2Fv2%2Ftags&post=90335"}],"curies":[{"name":"wp","href":"https:\/\/api.w.org\/{rel}","templated":true}]}}