{"id":90332,"date":"2022-03-04T05:07:03","date_gmt":"2022-03-04T05:07:03","guid":{"rendered":"https:\/\/quehacerpolitico.mx\/?p=90332"},"modified":"2022-03-04T05:07:07","modified_gmt":"2022-03-04T05:07:07","slug":"amlo-es-un-regalo-para-mexico-lula-da-silva","status":"publish","type":"post","link":"https:\/\/quehacerpolitico.mx\/?p=90332","title":{"rendered":"AMLO &#8220;es un regalo para M\u00e9xico&#8221;: Lula da Silva\u00a0"},"content":{"rendered":"\n<p>Por Redacci\u00f3n QP<\/p>\n\n\n\n<p>El expresidente brasile\u00f1o asegur\u00f3 que AMLO &#8220;va a ser muy atacado&#8221; por las pol\u00edticas que ha implementado en el pa\u00eds<\/p>\n\n\n\n<p>El expresidente de Brasil, Luiz In\u00e1cio Lula da Silva (2003-2010), opin\u00f3 este jueves que el Presidente Andr\u00e9s Manuel L\u00f3pez Obrador (AMLO) &#8220;es un regalo para M\u00e9xico&#8221;, por lo que&nbsp;<strong>priorizar\u00e1 las relaciones entre ambos pa\u00edses si recupera la Presidencia en las pr\u00f3ximas elecciones.<\/strong><\/p>\n\n\n\n<blockquote class=\"wp-block-quote is-layout-flow wp-block-quote-is-layout-flow\"><p>&#8220;Pienso que L\u00f3pez Obrador es un regalo que este pa\u00eds ha recibido. Un hombre como L\u00f3pez Obrador no nace todos los d\u00edas&#8221;<\/p><\/blockquote>\n\n\n\n<p>&#8220;Pienso que L\u00f3pez Obrador es un regalo que este pa\u00eds ha recibido. Un hombre como L\u00f3pez Obrador no nace todos los d\u00edas y menos llega a alcanzar la Presidencia de la Rep\u00fablica. Y pueden estar seguros de que va a ser muy atacado&#8221;, declar\u00f3 Lula en el Senado de M\u00e9xico.<\/p>\n\n\n\n<p>Lula, quien lleg\u00f3 el lunes a M\u00e9xico, particip\u00f3 en una reuni\u00f3n con senadores de Morena, el Partido del Trabajo y el Partido Encuentro Social, quienes<strong>\u00a0lo recibieron entre v\u00edtores de &#8220;\u00a1presidente, presidente!&#8221;<\/strong><\/p>\n\n\n\n<p>El brasile\u00f1o, de 76 a\u00f1os, reconoci\u00f3 que &#8220;si tuviera buen juicio, buena cabeza, no ser\u00eda otra vez candidato&#8221; a la Presidencia de Brasil en las elecciones de octubre, en las\u00a0que competir\u00e1 contra el presidente ultraderechista Jair Bolsonaro, pero ha advertido un retroceso en el bienestar social.<\/p>\n\n\n\n<figure class=\"wp-block-embed is-type-video is-provider-youtube wp-block-embed-youtube wp-embed-aspect-16-9 wp-has-aspect-ratio\"><div class=\"wp-block-embed__wrapper\">\n<iframe loading=\"lazy\" title=\"AMLO es un regalo para M\u00e9xico; no todos los d\u00edas nace alguien como \u00e9l: Lula da Silva\" width=\"640\" height=\"360\" src=\"https:\/\/www.youtube.com\/embed\/sBydoysdWR4?feature=oembed\" frameborder=\"0\" allow=\"accelerometer; autoplay; clipboard-write; encrypted-media; gyroscope; picture-in-picture; web-share\" referrerpolicy=\"strict-origin-when-cross-origin\" allowfullscreen><\/iframe>\n<\/div><\/figure>\n\n\n\n<p>&#8220;Ahora todo eso se ha destruido, por eso estoy convencido de que tengo que volver a ser candidato y quiero decir a ustedes que nuestra relaci\u00f3n con M\u00e9xico ser\u00e1 una relaci\u00f3n altamente prioritaria. Yo tuve buena relaci\u00f3n con M\u00e9xico&#8221;, sostuvo Lula.<\/p>\n\n\n\n<blockquote class=\"wp-block-quote is-layout-flow wp-block-quote-is-layout-flow\"><p>&#8220;La \u00e9lite mexicana no va a querer una pol\u00edtica de bienestar social. As\u00ed como no estuvo contenta en Brasil, en Argentina, que la gente progresara&#8221;<\/p><\/blockquote>\n\n\n\n<p>AMLO y Lula se reunieron el mi\u00e9rcoles en el Palacio Nacional,&nbsp;<strong>donde conversaron por horas sobre la integraci\u00f3n latinoamericana<\/strong>, seg\u00fan revel\u00f3 el Presidente en su conferencia ma\u00f1anera de este jueves.<\/p>\n\n\n\n<p>El expresidente brasile\u00f1o destac\u00f3 que el Gobierno mexicano&nbsp;<strong>est\u00e1 aplicando pol\u00edticas sociales y combatiendo la pobreza como lo hizo \u00e9l en la naci\u00f3n sudamericana<\/strong>; no obstante, advirti\u00f3 de que esto traer\u00e1 &#8220;ataques&#8221; contra AMLO y su partido, Morena.<\/p>\n\n\n\n<p>&#8220;La \u00e9lite mexicana no va a querer una pol\u00edtica de bienestar social. As\u00ed como no estuvo contenta en Brasil, en Argentina, que la gente progresara, como en ning\u00fan pa\u00eds del mundo&#8221;, indic\u00f3.<\/p>\n\n\n\n<p>Con informaci\u00f3n de EFE<\/p>\n","protected":false},"excerpt":{"rendered":"<p>Por Redacci\u00f3n QP El expresidente brasile\u00f1o asegur\u00f3 que AMLO &#8220;va a ser muy atacado&#8221; por&#8230;<\/p>\n","protected":false},"author":2,"featured_media":90333,"comment_status":"open","ping_status":"open","sticky":false,"template":"","format":"standard","meta":{"_monsterinsights_skip_tracking":false,"_monsterinsights_sitenote_active":false,"_monsterinsights_sitenote_note":"","_monsterinsights_sitenote_category":0,"footnotes":""},"categories":[2],"tags":[],"class_list":["post-90332","post","type-post","status-publish","format-standard","has-post-thumbnail","hentry","category-noticias"],"yoast_head":"<!-- This site is optimized with the Yoast SEO plugin v27.3 - https:\/\/yoast.com\/product\/yoast-seo-wordpress\/ -->\n<title>AMLO &quot;es un regalo para M\u00e9xico&quot;: Lula da Silva\u00a0 -<\/title>\n<meta name=\"robots\" content=\"index, follow, max-snippet:-1, max-image-preview:large, max-video-preview:-1\" \/>\n<link rel=\"canonical\" href=\"https:\/\/quehacerpolitico.mx\/?p=90332\" \/>\n<meta property=\"og:locale\" content=\"es_MX\" \/>\n<meta property=\"og:type\" content=\"article\" \/>\n<meta property=\"og:title\" content=\"AMLO &quot;es un regalo para M\u00e9xico&quot;: Lula da Silva\u00a0 -\" \/>\n<meta property=\"og:description\" content=\"Por Redacci\u00f3n QP El expresidente brasile\u00f1o asegur\u00f3 que AMLO &#8220;va a ser muy atacado&#8221; por...\" \/>\n<meta property=\"og:url\" content=\"https:\/\/quehacerpolitico.mx\/?p=90332\" \/>\n<meta property=\"article:published_time\" content=\"2022-03-04T05:07:03+00:00\" \/>\n<meta property=\"article:modified_time\" content=\"2022-03-04T05:07:07+00:00\" \/>\n<meta property=\"og:image\" content=\"https:\/\/quehacerpolitico.mx\/wp-content\/uploads\/2022\/03\/7B52FFBE-2734-4D07-B67C-B06449804BFA.jpeg\" \/>\n\t<meta property=\"og:image:width\" content=\"1007\" \/>\n\t<meta property=\"og:image:height\" content=\"705\" \/>\n\t<meta property=\"og:image:type\" content=\"image\/jpeg\" \/>\n<meta name=\"author\" content=\"Redacci\u00f3n QP\" \/>\n<meta name=\"twitter:card\" content=\"summary_large_image\" \/>\n<meta name=\"twitter:label1\" content=\"Escrito por\" \/>\n\t<meta name=\"twitter:data1\" content=\"Redacci\u00f3n QP\" \/>\n\t<meta name=\"twitter:label2\" content=\"Tiempo de lectura\" \/>\n\t<meta name=\"twitter:data2\" content=\"2 minutos\" \/>\n<script type=\"application\/ld+json\" class=\"yoast-schema-graph\">{\"@context\":\"https:\\\/\\\/schema.org\",\"@graph\":[{\"@type\":\"Article\",\"@id\":\"https:\\\/\\\/quehacerpolitico.mx\\\/?p=90332#article\",\"isPartOf\":{\"@id\":\"https:\\\/\\\/quehacerpolitico.mx\\\/?p=90332\"},\"author\":{\"name\":\"Redacci\u00f3n QP\",\"@id\":\"https:\\\/\\\/quehacerpolitico.mx\\\/#\\\/schema\\\/person\\\/496d8ad2d1d3f8036101dca7ee39e585\"},\"headline\":\"AMLO &#8220;es un regalo para M\u00e9xico&#8221;: Lula da Silva\u00a0\",\"datePublished\":\"2022-03-04T05:07:03+00:00\",\"dateModified\":\"2022-03-04T05:07:07+00:00\",\"mainEntityOfPage\":{\"@id\":\"https:\\\/\\\/quehacerpolitico.mx\\\/?p=90332\"},\"wordCount\":446,\"commentCount\":0,\"image\":{\"@id\":\"https:\\\/\\\/quehacerpolitico.mx\\\/?p=90332#primaryimage\"},\"thumbnailUrl\":\"https:\\\/\\\/quehacerpolitico.mx\\\/wp-content\\\/uploads\\\/2022\\\/03\\\/7B52FFBE-2734-4D07-B67C-B06449804BFA.jpeg\",\"articleSection\":[\"Noticias\"],\"inLanguage\":\"es\",\"potentialAction\":[{\"@type\":\"CommentAction\",\"name\":\"Comment\",\"target\":[\"https:\\\/\\\/quehacerpolitico.mx\\\/?p=90332#respond\"]}]},{\"@type\":\"WebPage\",\"@id\":\"https:\\\/\\\/quehacerpolitico.mx\\\/?p=90332\",\"url\":\"https:\\\/\\\/quehacerpolitico.mx\\\/?p=90332\",\"name\":\"AMLO \\\"es un regalo para M\u00e9xico\\\": Lula da Silva\u00a0 -\",\"isPartOf\":{\"@id\":\"https:\\\/\\\/quehacerpolitico.mx\\\/#website\"},\"primaryImageOfPage\":{\"@id\":\"https:\\\/\\\/quehacerpolitico.mx\\\/?p=90332#primaryimage\"},\"image\":{\"@id\":\"https:\\\/\\\/quehacerpolitico.mx\\\/?p=90332#primaryimage\"},\"thumbnailUrl\":\"https:\\\/\\\/quehacerpolitico.mx\\\/wp-content\\\/uploads\\\/2022\\\/03\\\/7B52FFBE-2734-4D07-B67C-B06449804BFA.jpeg\",\"datePublished\":\"2022-03-04T05:07:03+00:00\",\"dateModified\":\"2022-03-04T05:07:07+00:00\",\"author\":{\"@id\":\"https:\\\/\\\/quehacerpolitico.mx\\\/#\\\/schema\\\/person\\\/496d8ad2d1d3f8036101dca7ee39e585\"},\"breadcrumb\":{\"@id\":\"https:\\\/\\\/quehacerpolitico.mx\\\/?p=90332#breadcrumb\"},\"inLanguage\":\"es\",\"potentialAction\":[{\"@type\":\"ReadAction\",\"target\":[\"https:\\\/\\\/quehacerpolitico.mx\\\/?p=90332\"]}]},{\"@type\":\"ImageObject\",\"inLanguage\":\"es\",\"@id\":\"https:\\\/\\\/quehacerpolitico.mx\\\/?p=90332#primaryimage\",\"url\":\"https:\\\/\\\/quehacerpolitico.mx\\\/wp-content\\\/uploads\\\/2022\\\/03\\\/7B52FFBE-2734-4D07-B67C-B06449804BFA.jpeg\",\"contentUrl\":\"https:\\\/\\\/quehacerpolitico.mx\\\/wp-content\\\/uploads\\\/2022\\\/03\\\/7B52FFBE-2734-4D07-B67C-B06449804BFA.jpeg\",\"width\":1007,\"height\":705},{\"@type\":\"BreadcrumbList\",\"@id\":\"https:\\\/\\\/quehacerpolitico.mx\\\/?p=90332#breadcrumb\",\"itemListElement\":[{\"@type\":\"ListItem\",\"position\":1,\"name\":\"Inicio\",\"item\":\"https:\\\/\\\/quehacerpolitico.mx\\\/\"},{\"@type\":\"ListItem\",\"position\":2,\"name\":\"AMLO &#8220;es un regalo para M\u00e9xico&#8221;: Lula da Silva\u00a0\"}]},{\"@type\":\"WebSite\",\"@id\":\"https:\\\/\\\/quehacerpolitico.mx\\\/#website\",\"url\":\"https:\\\/\\\/quehacerpolitico.mx\\\/\",\"name\":\"\",\"description\":\"\",\"potentialAction\":[{\"@type\":\"SearchAction\",\"target\":{\"@type\":\"EntryPoint\",\"urlTemplate\":\"https:\\\/\\\/quehacerpolitico.mx\\\/?s={search_term_string}\"},\"query-input\":{\"@type\":\"PropertyValueSpecification\",\"valueRequired\":true,\"valueName\":\"search_term_string\"}}],\"inLanguage\":\"es\"},{\"@type\":\"Person\",\"@id\":\"https:\\\/\\\/quehacerpolitico.mx\\\/#\\\/schema\\\/person\\\/496d8ad2d1d3f8036101dca7ee39e585\",\"name\":\"Redacci\u00f3n QP\",\"image\":{\"@type\":\"ImageObject\",\"inLanguage\":\"es\",\"@id\":\"https:\\\/\\\/secure.gravatar.com\\\/avatar\\\/c7164ed6fdec453195284ad24a5ae5b6e1eed2b848477fa2a4787ba9adf39a41?s=96&d=mm&r=g\",\"url\":\"https:\\\/\\\/secure.gravatar.com\\\/avatar\\\/c7164ed6fdec453195284ad24a5ae5b6e1eed2b848477fa2a4787ba9adf39a41?s=96&d=mm&r=g\",\"contentUrl\":\"https:\\\/\\\/secure.gravatar.com\\\/avatar\\\/c7164ed6fdec453195284ad24a5ae5b6e1eed2b848477fa2a4787ba9adf39a41?s=96&d=mm&r=g\",\"caption\":\"Redacci\u00f3n QP\"},\"url\":\"https:\\\/\\\/quehacerpolitico.mx\\\/?author=2\"}]}<\/script>\n<!-- \/ Yoast SEO plugin. -->","yoast_head_json":{"title":"AMLO \"es un regalo para M\u00e9xico\": Lula da Silva\u00a0 -","robots":{"index":"index","follow":"follow","max-snippet":"max-snippet:-1","max-image-preview":"max-image-preview:large","max-video-preview":"max-video-preview:-1"},"canonical":"https:\/\/quehacerpolitico.mx\/?p=90332","og_locale":"es_MX","og_type":"article","og_title":"AMLO \"es un regalo para M\u00e9xico\": Lula da Silva\u00a0 -","og_description":"Por Redacci\u00f3n QP El expresidente brasile\u00f1o asegur\u00f3 que AMLO &#8220;va a ser muy atacado&#8221; por...","og_url":"https:\/\/quehacerpolitico.mx\/?p=90332","article_published_time":"2022-03-04T05:07:03+00:00","article_modified_time":"2022-03-04T05:07:07+00:00","og_image":[{"width":1007,"height":705,"url":"https:\/\/quehacerpolitico.mx\/wp-content\/uploads\/2022\/03\/7B52FFBE-2734-4D07-B67C-B06449804BFA.jpeg","type":"image\/jpeg"}],"author":"Redacci\u00f3n QP","twitter_card":"summary_large_image","twitter_misc":{"Escrito por":"Redacci\u00f3n QP","Tiempo de lectura":"2 minutos"},"schema":{"@context":"https:\/\/schema.org","@graph":[{"@type":"Article","@id":"https:\/\/quehacerpolitico.mx\/?p=90332#article","isPartOf":{"@id":"https:\/\/quehacerpolitico.mx\/?p=90332"},"author":{"name":"Redacci\u00f3n QP","@id":"https:\/\/quehacerpolitico.mx\/#\/schema\/person\/496d8ad2d1d3f8036101dca7ee39e585"},"headline":"AMLO &#8220;es un regalo para M\u00e9xico&#8221;: Lula da Silva\u00a0","datePublished":"2022-03-04T05:07:03+00:00","dateModified":"2022-03-04T05:07:07+00:00","mainEntityOfPage":{"@id":"https:\/\/quehacerpolitico.mx\/?p=90332"},"wordCount":446,"commentCount":0,"image":{"@id":"https:\/\/quehacerpolitico.mx\/?p=90332#primaryimage"},"thumbnailUrl":"https:\/\/quehacerpolitico.mx\/wp-content\/uploads\/2022\/03\/7B52FFBE-2734-4D07-B67C-B06449804BFA.jpeg","articleSection":["Noticias"],"inLanguage":"es","potentialAction":[{"@type":"CommentAction","name":"Comment","target":["https:\/\/quehacerpolitico.mx\/?p=90332#respond"]}]},{"@type":"WebPage","@id":"https:\/\/quehacerpolitico.mx\/?p=90332","url":"https:\/\/quehacerpolitico.mx\/?p=90332","name":"AMLO \"es un regalo para M\u00e9xico\": Lula da Silva\u00a0 -","isPartOf":{"@id":"https:\/\/quehacerpolitico.mx\/#website"},"primaryImageOfPage":{"@id":"https:\/\/quehacerpolitico.mx\/?p=90332#primaryimage"},"image":{"@id":"https:\/\/quehacerpolitico.mx\/?p=90332#primaryimage"},"thumbnailUrl":"https:\/\/quehacerpolitico.mx\/wp-content\/uploads\/2022\/03\/7B52FFBE-2734-4D07-B67C-B06449804BFA.jpeg","datePublished":"2022-03-04T05:07:03+00:00","dateModified":"2022-03-04T05:07:07+00:00","author":{"@id":"https:\/\/quehacerpolitico.mx\/#\/schema\/person\/496d8ad2d1d3f8036101dca7ee39e585"},"breadcrumb":{"@id":"https:\/\/quehacerpolitico.mx\/?p=90332#breadcrumb"},"inLanguage":"es","potentialAction":[{"@type":"ReadAction","target":["https:\/\/quehacerpolitico.mx\/?p=90332"]}]},{"@type":"ImageObject","inLanguage":"es","@id":"https:\/\/quehacerpolitico.mx\/?p=90332#primaryimage","url":"https:\/\/quehacerpolitico.mx\/wp-content\/uploads\/2022\/03\/7B52FFBE-2734-4D07-B67C-B06449804BFA.jpeg","contentUrl":"https:\/\/quehacerpolitico.mx\/wp-content\/uploads\/2022\/03\/7B52FFBE-2734-4D07-B67C-B06449804BFA.jpeg","width":1007,"height":705},{"@type":"BreadcrumbList","@id":"https:\/\/quehacerpolitico.mx\/?p=90332#breadcrumb","itemListElement":[{"@type":"ListItem","position":1,"name":"Inicio","item":"https:\/\/quehacerpolitico.mx\/"},{"@type":"ListItem","position":2,"name":"AMLO &#8220;es un regalo para M\u00e9xico&#8221;: Lula da Silva\u00a0"}]},{"@type":"WebSite","@id":"https:\/\/quehacerpolitico.mx\/#website","url":"https:\/\/quehacerpolitico.mx\/","name":"","description":"","potentialAction":[{"@type":"SearchAction","target":{"@type":"EntryPoint","urlTemplate":"https:\/\/quehacerpolitico.mx\/?s={search_term_string}"},"query-input":{"@type":"PropertyValueSpecification","valueRequired":true,"valueName":"search_term_string"}}],"inLanguage":"es"},{"@type":"Person","@id":"https:\/\/quehacerpolitico.mx\/#\/schema\/person\/496d8ad2d1d3f8036101dca7ee39e585","name":"Redacci\u00f3n QP","image":{"@type":"ImageObject","inLanguage":"es","@id":"https:\/\/secure.gravatar.com\/avatar\/c7164ed6fdec453195284ad24a5ae5b6e1eed2b848477fa2a4787ba9adf39a41?s=96&d=mm&r=g","url":"https:\/\/secure.gravatar.com\/avatar\/c7164ed6fdec453195284ad24a5ae5b6e1eed2b848477fa2a4787ba9adf39a41?s=96&d=mm&r=g","contentUrl":"https:\/\/secure.gravatar.com\/avatar\/c7164ed6fdec453195284ad24a5ae5b6e1eed2b848477fa2a4787ba9adf39a41?s=96&d=mm&r=g","caption":"Redacci\u00f3n QP"},"url":"https:\/\/quehacerpolitico.mx\/?author=2"}]}},"featured_image_urls":{"full":["https:\/\/quehacerpolitico.mx\/wp-content\/uploads\/2022\/03\/7B52FFBE-2734-4D07-B67C-B06449804BFA.jpeg",1007,705,false],"thumbnail":["https:\/\/quehacerpolitico.mx\/wp-content\/uploads\/2022\/03\/7B52FFBE-2734-4D07-B67C-B06449804BFA-150x150.jpeg",150,150,true],"medium":["https:\/\/quehacerpolitico.mx\/wp-content\/uploads\/2022\/03\/7B52FFBE-2734-4D07-B67C-B06449804BFA-300x210.jpeg",300,210,true],"medium_large":["https:\/\/quehacerpolitico.mx\/wp-content\/uploads\/2022\/03\/7B52FFBE-2734-4D07-B67C-B06449804BFA-768x538.jpeg",640,448,true],"large":["https:\/\/quehacerpolitico.mx\/wp-content\/uploads\/2022\/03\/7B52FFBE-2734-4D07-B67C-B06449804BFA.jpeg",640,448,false],"1536x1536":["https:\/\/quehacerpolitico.mx\/wp-content\/uploads\/2022\/03\/7B52FFBE-2734-4D07-B67C-B06449804BFA.jpeg",1007,705,false],"2048x2048":["https:\/\/quehacerpolitico.mx\/wp-content\/uploads\/2022\/03\/7B52FFBE-2734-4D07-B67C-B06449804BFA.jpeg",1007,705,false],"covernews-featured":["https:\/\/quehacerpolitico.mx\/wp-content\/uploads\/2022\/03\/7B52FFBE-2734-4D07-B67C-B06449804BFA.jpeg",1007,705,false],"covernews-medium":["https:\/\/quehacerpolitico.mx\/wp-content\/uploads\/2022\/03\/7B52FFBE-2734-4D07-B67C-B06449804BFA.jpeg",486,340,false]},"author_info":{"display_name":"Redacci\u00f3n QP","author_link":"https:\/\/quehacerpolitico.mx\/?author=2"},"category_info":"<a href=\"https:\/\/quehacerpolitico.mx\/?cat=2\" rel=\"category\">Noticias<\/a>","tag_info":"Noticias","comment_count":"0","_links":{"self":[{"href":"https:\/\/quehacerpolitico.mx\/index.php?rest_route=\/wp\/v2\/posts\/90332","targetHints":{"allow":["GET"]}}],"collection":[{"href":"https:\/\/quehacerpolitico.mx\/index.php?rest_route=\/wp\/v2\/posts"}],"about":[{"href":"https:\/\/quehacerpolitico.mx\/index.php?rest_route=\/wp\/v2\/types\/post"}],"author":[{"embeddable":true,"href":"https:\/\/quehacerpolitico.mx\/index.php?rest_route=\/wp\/v2\/users\/2"}],"replies":[{"embeddable":true,"href":"https:\/\/quehacerpolitico.mx\/index.php?rest_route=%2Fwp%2Fv2%2Fcomments&post=90332"}],"version-history":[{"count":1,"href":"https:\/\/quehacerpolitico.mx\/index.php?rest_route=\/wp\/v2\/posts\/90332\/revisions"}],"predecessor-version":[{"id":90334,"href":"https:\/\/quehacerpolitico.mx\/index.php?rest_route=\/wp\/v2\/posts\/90332\/revisions\/90334"}],"wp:featuredmedia":[{"embeddable":true,"href":"https:\/\/quehacerpolitico.mx\/index.php?rest_route=\/wp\/v2\/media\/90333"}],"wp:attachment":[{"href":"https:\/\/quehacerpolitico.mx\/index.php?rest_route=%2Fwp%2Fv2%2Fmedia&parent=90332"}],"wp:term":[{"taxonomy":"category","embeddable":true,"href":"https:\/\/quehacerpolitico.mx\/index.php?rest_route=%2Fwp%2Fv2%2Fcategories&post=90332"},{"taxonomy":"post_tag","embeddable":true,"href":"https:\/\/quehacerpolitico.mx\/index.php?rest_route=%2Fwp%2Fv2%2Ftags&post=90332"}],"curies":[{"name":"wp","href":"https:\/\/api.w.org\/{rel}","templated":true}]}}