{"id":90325,"date":"2022-03-04T04:46:47","date_gmt":"2022-03-04T04:46:47","guid":{"rendered":"https:\/\/quehacerpolitico.mx\/?p=90325"},"modified":"2022-03-04T04:46:50","modified_gmt":"2022-03-04T04:46:50","slug":"hoy-mexico-suma-461-muertes-y-10-mil-558-nuevos-casos-de-covid","status":"publish","type":"post","link":"https:\/\/quehacerpolitico.mx\/?p=90325","title":{"rendered":"Hoy M\u00e9xico suma 461 muertes y 10 mil 558 nuevos casos de COVID\u00a0"},"content":{"rendered":"\n<p>Por Redacci\u00f3n QP<\/p>\n\n\n\n<p>M\u00e9xico es el decimosexto pa\u00eds en el mundo en n\u00famero de contagios COVID confirmados y es el quinto con m\u00e1s decesos por esta causa<\/p>\n\n\n\n<p>M\u00e9xico report\u00f3 este jueves<strong>\u00a0461 nuevas muertes<\/strong>\u00a0y 1<strong>0 mil 558 contagios por el COVID-19<\/strong>, con lo que totaliza cinco millones 544 mil 644 casos y acumula 319 mil 296 decesos en total, inform\u00f3 la Secretar\u00eda de Salud.<\/p>\n\n\n\n<figure class=\"wp-block-image size-full\"><img loading=\"lazy\" decoding=\"async\" width=\"976\" height=\"924\" src=\"https:\/\/quehacerpolitico.mx\/wp-content\/uploads\/2022\/03\/image-22.jpeg\" alt=\"\" class=\"wp-image-90326\" srcset=\"https:\/\/quehacerpolitico.mx\/wp-content\/uploads\/2022\/03\/image-22.jpeg 976w, https:\/\/quehacerpolitico.mx\/wp-content\/uploads\/2022\/03\/image-22-300x284.jpeg 300w, https:\/\/quehacerpolitico.mx\/wp-content\/uploads\/2022\/03\/image-22-768x727.jpeg 768w, https:\/\/quehacerpolitico.mx\/wp-content\/uploads\/2022\/03\/image-22-154x146.jpeg 154w, https:\/\/quehacerpolitico.mx\/wp-content\/uploads\/2022\/03\/image-22-50x47.jpeg 50w, https:\/\/quehacerpolitico.mx\/wp-content\/uploads\/2022\/03\/image-22-79x75.jpeg 79w\" sizes=\"auto, (max-width: 976px) 100vw, 976px\" \/><\/figure>\n\n\n\n<p>Con estos datos, M\u00e9xico es el decimosexto pa\u00eds en el mundo en n\u00famero de contagios confirmados y es el quinto con m\u00e1s decesos por esta causa, por detr\u00e1s de Estados Unidos, Brasil, India y Rusia, seg\u00fan el recuento de la Universidad Johns Hopkins.<\/p>\n\n\n\n<p>El pasado 10 de febrero, el pa\u00eds report\u00f3 927 decesos, la cifra m\u00e1s alta durante la actual cuarta ola, impulsada por la variante \u00f3micron desde diciembre.<\/p>\n\n\n\n<figure class=\"wp-block-image size-large\"><img loading=\"lazy\" decoding=\"async\" width=\"832\" height=\"1024\" src=\"https:\/\/quehacerpolitico.mx\/wp-content\/uploads\/2022\/03\/image-23-832x1024.jpeg\" alt=\"\" class=\"wp-image-90327\" srcset=\"https:\/\/quehacerpolitico.mx\/wp-content\/uploads\/2022\/03\/image-23-832x1024.jpeg 832w, https:\/\/quehacerpolitico.mx\/wp-content\/uploads\/2022\/03\/image-23-244x300.jpeg 244w, https:\/\/quehacerpolitico.mx\/wp-content\/uploads\/2022\/03\/image-23-768x945.jpeg 768w, https:\/\/quehacerpolitico.mx\/wp-content\/uploads\/2022\/03\/image-23-119x146.jpeg 119w, https:\/\/quehacerpolitico.mx\/wp-content\/uploads\/2022\/03\/image-23-41x50.jpeg 41w, https:\/\/quehacerpolitico.mx\/wp-content\/uploads\/2022\/03\/image-23-61x75.jpeg 61w, https:\/\/quehacerpolitico.mx\/wp-content\/uploads\/2022\/03\/image-23.jpeg 975w\" sizes=\"auto, (max-width: 832px) 100vw, 832px\" \/><\/figure>\n\n\n\n<p>Las autoridades sanitarias reconocen que, con base en las actas de defunci\u00f3n, el pa\u00eds puede rozar los\u00a0<strong>460 mil\u00a0fallecimientos<\/strong>\u00a0y estiman que M\u00e9xico acumula en realidad\u00a0<strong>cinco\u00a0millones 819 mil 104 contagios.<\/strong><\/p>\n\n\n\n<figure class=\"wp-block-image size-full\"><img loading=\"lazy\" decoding=\"async\" width=\"481\" height=\"576\" src=\"https:\/\/quehacerpolitico.mx\/wp-content\/uploads\/2022\/03\/image-25.jpeg\" alt=\"\" class=\"wp-image-90329\" srcset=\"https:\/\/quehacerpolitico.mx\/wp-content\/uploads\/2022\/03\/image-25.jpeg 481w, https:\/\/quehacerpolitico.mx\/wp-content\/uploads\/2022\/03\/image-25-251x300.jpeg 251w, https:\/\/quehacerpolitico.mx\/wp-content\/uploads\/2022\/03\/image-25-122x146.jpeg 122w, https:\/\/quehacerpolitico.mx\/wp-content\/uploads\/2022\/03\/image-25-42x50.jpeg 42w, https:\/\/quehacerpolitico.mx\/wp-content\/uploads\/2022\/03\/image-25-63x75.jpeg 63w\" sizes=\"auto, (max-width: 481px) 100vw, 481px\" \/><\/figure>\n\n\n\n<figure class=\"wp-block-image size-full\"><img loading=\"lazy\" decoding=\"async\" width=\"482\" height=\"856\" src=\"https:\/\/quehacerpolitico.mx\/wp-content\/uploads\/2022\/03\/image-24.jpeg\" alt=\"\" class=\"wp-image-90328\" srcset=\"https:\/\/quehacerpolitico.mx\/wp-content\/uploads\/2022\/03\/image-24.jpeg 482w, https:\/\/quehacerpolitico.mx\/wp-content\/uploads\/2022\/03\/image-24-169x300.jpeg 169w, https:\/\/quehacerpolitico.mx\/wp-content\/uploads\/2022\/03\/image-24-82x146.jpeg 82w, https:\/\/quehacerpolitico.mx\/wp-content\/uploads\/2022\/03\/image-24-28x50.jpeg 28w, https:\/\/quehacerpolitico.mx\/wp-content\/uploads\/2022\/03\/image-24-42x75.jpeg 42w\" sizes=\"auto, (max-width: 482px) 100vw, 482px\" \/><\/figure>\n\n\n\n<p>De los contagios confirmados,<strong>\u00a0hay 38 mil 587 casos activos<\/strong>, que han presentado s\u00edntomas durante los \u00faltimos 14 d\u00edas y suponen el 0.7% del total. Adem\u00e1s, desde el inicio de la pandemia se han recuperado\u00a0<strong>cuatro millones 821 mil 403 personas.<\/strong><\/p>\n\n\n\n<p><strong>La ocupaci\u00f3n media de camas generales se sit\u00faa en un 16% y la de terapia intensiva en un 12% con tendencia a la baja.<\/strong><\/p>\n\n\n\n<p>M\u00e9xico cumpli\u00f3 el pasado lunes dos a\u00f1os desde el primer caso confirmado de coronavirus, y lo hizo como el quinto pa\u00eds del mundo con m\u00e1s fallecidos, una criticada gesti\u00f3n de la pandemia y un plan de inmunizaci\u00f3n que avanza a buen ritmo pero sin contemplar a todos los grupos de edad.<\/p>\n\n\n\n<h2 class=\"wp-block-heading\">Plan de vacunaci\u00f3n<\/h2>\n\n\n\n<p>Las autoridades tambi\u00e9n indicaron que dentro del programa de vacunaci\u00f3n se han administrado m\u00e1s de 182.77 millones de dosis, al sumar 299 mil 562 durante la \u00faltima jornada.<\/p>\n\n\n\n<p>El Gobierno de M\u00e9xico afirma que es el noveno pa\u00eds que m\u00e1s dosis ha aplicado en n\u00fameros absolutos. De los 126 millones de habitantes, casi 85.29 millones de mexicanos han recibido al menos una dosis de la vacuna, con lo que el 90% de la poblaci\u00f3n de 18 a\u00f1os y m\u00e1s ha recibido al menos una aplicaci\u00f3n.<\/p>\n\n\n\n<p>En tanto, 79.01 millones de personas han completado su pauta de vacunaci\u00f3n.<\/p>\n\n\n\n<figure class=\"wp-block-embed is-type-video is-provider-youtube wp-block-embed-youtube wp-embed-aspect-16-9 wp-has-aspect-ratio\"><div class=\"wp-block-embed__wrapper\">\n<iframe loading=\"lazy\" title=\"M\u00e9xico suma este jueves 461 muertes y 10 mil 558 contagios por Covid\" width=\"640\" height=\"360\" src=\"https:\/\/www.youtube.com\/embed\/k4z_DqKWl0Y?feature=oembed\" frameborder=\"0\" allow=\"accelerometer; autoplay; clipboard-write; encrypted-media; gyroscope; picture-in-picture; web-share\" referrerpolicy=\"strict-origin-when-cross-origin\" allowfullscreen><\/iframe>\n<\/div><\/figure>\n\n\n\n<p>Con informaci\u00f3n de EFE<\/p>\n","protected":false},"excerpt":{"rendered":"<p>Por Redacci\u00f3n QP M\u00e9xico es el decimosexto pa\u00eds en el mundo en n\u00famero de contagios&#8230;<\/p>\n","protected":false},"author":2,"featured_media":90330,"comment_status":"open","ping_status":"open","sticky":false,"template":"","format":"standard","meta":{"_monsterinsights_skip_tracking":false,"_monsterinsights_sitenote_active":false,"_monsterinsights_sitenote_note":"","_monsterinsights_sitenote_category":0,"footnotes":""},"categories":[2],"tags":[],"class_list":["post-90325","post","type-post","status-publish","format-standard","has-post-thumbnail","hentry","category-noticias"],"yoast_head":"<!-- This site is optimized with the Yoast SEO plugin v27.3 - https:\/\/yoast.com\/product\/yoast-seo-wordpress\/ -->\n<title>Hoy M\u00e9xico suma 461 muertes y 10 mil 558 nuevos casos de COVID\u00a0 -<\/title>\n<meta name=\"robots\" content=\"index, follow, max-snippet:-1, max-image-preview:large, max-video-preview:-1\" \/>\n<link rel=\"canonical\" href=\"https:\/\/quehacerpolitico.mx\/?p=90325\" \/>\n<meta property=\"og:locale\" content=\"es_MX\" \/>\n<meta property=\"og:type\" content=\"article\" \/>\n<meta property=\"og:title\" content=\"Hoy M\u00e9xico suma 461 muertes y 10 mil 558 nuevos casos de COVID\u00a0 -\" \/>\n<meta property=\"og:description\" content=\"Por Redacci\u00f3n QP M\u00e9xico es el decimosexto pa\u00eds en el mundo en n\u00famero de contagios...\" \/>\n<meta property=\"og:url\" content=\"https:\/\/quehacerpolitico.mx\/?p=90325\" \/>\n<meta property=\"article:published_time\" content=\"2022-03-04T04:46:47+00:00\" \/>\n<meta property=\"article:modified_time\" content=\"2022-03-04T04:46:50+00:00\" \/>\n<meta property=\"og:image\" content=\"https:\/\/quehacerpolitico.mx\/wp-content\/uploads\/2022\/03\/C9A0BFA3-9C0C-4A03-A7FC-C5063A39F8A1.jpeg\" \/>\n\t<meta property=\"og:image:width\" content=\"1087\" \/>\n\t<meta property=\"og:image:height\" content=\"691\" \/>\n\t<meta property=\"og:image:type\" content=\"image\/jpeg\" \/>\n<meta name=\"author\" content=\"Redacci\u00f3n QP\" \/>\n<meta name=\"twitter:card\" content=\"summary_large_image\" \/>\n<meta name=\"twitter:label1\" content=\"Escrito por\" \/>\n\t<meta name=\"twitter:data1\" content=\"Redacci\u00f3n QP\" \/>\n\t<meta name=\"twitter:label2\" content=\"Tiempo de lectura\" \/>\n\t<meta name=\"twitter:data2\" content=\"2 minutos\" \/>\n<script type=\"application\/ld+json\" class=\"yoast-schema-graph\">{\"@context\":\"https:\\\/\\\/schema.org\",\"@graph\":[{\"@type\":\"Article\",\"@id\":\"https:\\\/\\\/quehacerpolitico.mx\\\/?p=90325#article\",\"isPartOf\":{\"@id\":\"https:\\\/\\\/quehacerpolitico.mx\\\/?p=90325\"},\"author\":{\"name\":\"Redacci\u00f3n QP\",\"@id\":\"https:\\\/\\\/quehacerpolitico.mx\\\/#\\\/schema\\\/person\\\/496d8ad2d1d3f8036101dca7ee39e585\"},\"headline\":\"Hoy M\u00e9xico suma 461 muertes y 10 mil 558 nuevos casos de COVID\u00a0\",\"datePublished\":\"2022-03-04T04:46:47+00:00\",\"dateModified\":\"2022-03-04T04:46:50+00:00\",\"mainEntityOfPage\":{\"@id\":\"https:\\\/\\\/quehacerpolitico.mx\\\/?p=90325\"},\"wordCount\":420,\"commentCount\":0,\"image\":{\"@id\":\"https:\\\/\\\/quehacerpolitico.mx\\\/?p=90325#primaryimage\"},\"thumbnailUrl\":\"https:\\\/\\\/quehacerpolitico.mx\\\/wp-content\\\/uploads\\\/2022\\\/03\\\/C9A0BFA3-9C0C-4A03-A7FC-C5063A39F8A1.jpeg\",\"articleSection\":[\"Noticias\"],\"inLanguage\":\"es\",\"potentialAction\":[{\"@type\":\"CommentAction\",\"name\":\"Comment\",\"target\":[\"https:\\\/\\\/quehacerpolitico.mx\\\/?p=90325#respond\"]}]},{\"@type\":\"WebPage\",\"@id\":\"https:\\\/\\\/quehacerpolitico.mx\\\/?p=90325\",\"url\":\"https:\\\/\\\/quehacerpolitico.mx\\\/?p=90325\",\"name\":\"Hoy M\u00e9xico suma 461 muertes y 10 mil 558 nuevos casos de COVID\u00a0 -\",\"isPartOf\":{\"@id\":\"https:\\\/\\\/quehacerpolitico.mx\\\/#website\"},\"primaryImageOfPage\":{\"@id\":\"https:\\\/\\\/quehacerpolitico.mx\\\/?p=90325#primaryimage\"},\"image\":{\"@id\":\"https:\\\/\\\/quehacerpolitico.mx\\\/?p=90325#primaryimage\"},\"thumbnailUrl\":\"https:\\\/\\\/quehacerpolitico.mx\\\/wp-content\\\/uploads\\\/2022\\\/03\\\/C9A0BFA3-9C0C-4A03-A7FC-C5063A39F8A1.jpeg\",\"datePublished\":\"2022-03-04T04:46:47+00:00\",\"dateModified\":\"2022-03-04T04:46:50+00:00\",\"author\":{\"@id\":\"https:\\\/\\\/quehacerpolitico.mx\\\/#\\\/schema\\\/person\\\/496d8ad2d1d3f8036101dca7ee39e585\"},\"breadcrumb\":{\"@id\":\"https:\\\/\\\/quehacerpolitico.mx\\\/?p=90325#breadcrumb\"},\"inLanguage\":\"es\",\"potentialAction\":[{\"@type\":\"ReadAction\",\"target\":[\"https:\\\/\\\/quehacerpolitico.mx\\\/?p=90325\"]}]},{\"@type\":\"ImageObject\",\"inLanguage\":\"es\",\"@id\":\"https:\\\/\\\/quehacerpolitico.mx\\\/?p=90325#primaryimage\",\"url\":\"https:\\\/\\\/quehacerpolitico.mx\\\/wp-content\\\/uploads\\\/2022\\\/03\\\/C9A0BFA3-9C0C-4A03-A7FC-C5063A39F8A1.jpeg\",\"contentUrl\":\"https:\\\/\\\/quehacerpolitico.mx\\\/wp-content\\\/uploads\\\/2022\\\/03\\\/C9A0BFA3-9C0C-4A03-A7FC-C5063A39F8A1.jpeg\",\"width\":1087,\"height\":691},{\"@type\":\"BreadcrumbList\",\"@id\":\"https:\\\/\\\/quehacerpolitico.mx\\\/?p=90325#breadcrumb\",\"itemListElement\":[{\"@type\":\"ListItem\",\"position\":1,\"name\":\"Inicio\",\"item\":\"https:\\\/\\\/quehacerpolitico.mx\\\/\"},{\"@type\":\"ListItem\",\"position\":2,\"name\":\"Hoy M\u00e9xico suma 461 muertes y 10 mil 558 nuevos casos de COVID\u00a0\"}]},{\"@type\":\"WebSite\",\"@id\":\"https:\\\/\\\/quehacerpolitico.mx\\\/#website\",\"url\":\"https:\\\/\\\/quehacerpolitico.mx\\\/\",\"name\":\"\",\"description\":\"\",\"potentialAction\":[{\"@type\":\"SearchAction\",\"target\":{\"@type\":\"EntryPoint\",\"urlTemplate\":\"https:\\\/\\\/quehacerpolitico.mx\\\/?s={search_term_string}\"},\"query-input\":{\"@type\":\"PropertyValueSpecification\",\"valueRequired\":true,\"valueName\":\"search_term_string\"}}],\"inLanguage\":\"es\"},{\"@type\":\"Person\",\"@id\":\"https:\\\/\\\/quehacerpolitico.mx\\\/#\\\/schema\\\/person\\\/496d8ad2d1d3f8036101dca7ee39e585\",\"name\":\"Redacci\u00f3n QP\",\"image\":{\"@type\":\"ImageObject\",\"inLanguage\":\"es\",\"@id\":\"https:\\\/\\\/secure.gravatar.com\\\/avatar\\\/c7164ed6fdec453195284ad24a5ae5b6e1eed2b848477fa2a4787ba9adf39a41?s=96&d=mm&r=g\",\"url\":\"https:\\\/\\\/secure.gravatar.com\\\/avatar\\\/c7164ed6fdec453195284ad24a5ae5b6e1eed2b848477fa2a4787ba9adf39a41?s=96&d=mm&r=g\",\"contentUrl\":\"https:\\\/\\\/secure.gravatar.com\\\/avatar\\\/c7164ed6fdec453195284ad24a5ae5b6e1eed2b848477fa2a4787ba9adf39a41?s=96&d=mm&r=g\",\"caption\":\"Redacci\u00f3n QP\"},\"url\":\"https:\\\/\\\/quehacerpolitico.mx\\\/?author=2\"}]}<\/script>\n<!-- \/ Yoast SEO plugin. -->","yoast_head_json":{"title":"Hoy M\u00e9xico suma 461 muertes y 10 mil 558 nuevos casos de COVID\u00a0 -","robots":{"index":"index","follow":"follow","max-snippet":"max-snippet:-1","max-image-preview":"max-image-preview:large","max-video-preview":"max-video-preview:-1"},"canonical":"https:\/\/quehacerpolitico.mx\/?p=90325","og_locale":"es_MX","og_type":"article","og_title":"Hoy M\u00e9xico suma 461 muertes y 10 mil 558 nuevos casos de COVID\u00a0 -","og_description":"Por Redacci\u00f3n QP M\u00e9xico es el decimosexto pa\u00eds en el mundo en n\u00famero de contagios...","og_url":"https:\/\/quehacerpolitico.mx\/?p=90325","article_published_time":"2022-03-04T04:46:47+00:00","article_modified_time":"2022-03-04T04:46:50+00:00","og_image":[{"width":1087,"height":691,"url":"https:\/\/quehacerpolitico.mx\/wp-content\/uploads\/2022\/03\/C9A0BFA3-9C0C-4A03-A7FC-C5063A39F8A1.jpeg","type":"image\/jpeg"}],"author":"Redacci\u00f3n QP","twitter_card":"summary_large_image","twitter_misc":{"Escrito por":"Redacci\u00f3n QP","Tiempo de lectura":"2 minutos"},"schema":{"@context":"https:\/\/schema.org","@graph":[{"@type":"Article","@id":"https:\/\/quehacerpolitico.mx\/?p=90325#article","isPartOf":{"@id":"https:\/\/quehacerpolitico.mx\/?p=90325"},"author":{"name":"Redacci\u00f3n QP","@id":"https:\/\/quehacerpolitico.mx\/#\/schema\/person\/496d8ad2d1d3f8036101dca7ee39e585"},"headline":"Hoy M\u00e9xico suma 461 muertes y 10 mil 558 nuevos casos de COVID\u00a0","datePublished":"2022-03-04T04:46:47+00:00","dateModified":"2022-03-04T04:46:50+00:00","mainEntityOfPage":{"@id":"https:\/\/quehacerpolitico.mx\/?p=90325"},"wordCount":420,"commentCount":0,"image":{"@id":"https:\/\/quehacerpolitico.mx\/?p=90325#primaryimage"},"thumbnailUrl":"https:\/\/quehacerpolitico.mx\/wp-content\/uploads\/2022\/03\/C9A0BFA3-9C0C-4A03-A7FC-C5063A39F8A1.jpeg","articleSection":["Noticias"],"inLanguage":"es","potentialAction":[{"@type":"CommentAction","name":"Comment","target":["https:\/\/quehacerpolitico.mx\/?p=90325#respond"]}]},{"@type":"WebPage","@id":"https:\/\/quehacerpolitico.mx\/?p=90325","url":"https:\/\/quehacerpolitico.mx\/?p=90325","name":"Hoy M\u00e9xico suma 461 muertes y 10 mil 558 nuevos casos de COVID\u00a0 -","isPartOf":{"@id":"https:\/\/quehacerpolitico.mx\/#website"},"primaryImageOfPage":{"@id":"https:\/\/quehacerpolitico.mx\/?p=90325#primaryimage"},"image":{"@id":"https:\/\/quehacerpolitico.mx\/?p=90325#primaryimage"},"thumbnailUrl":"https:\/\/quehacerpolitico.mx\/wp-content\/uploads\/2022\/03\/C9A0BFA3-9C0C-4A03-A7FC-C5063A39F8A1.jpeg","datePublished":"2022-03-04T04:46:47+00:00","dateModified":"2022-03-04T04:46:50+00:00","author":{"@id":"https:\/\/quehacerpolitico.mx\/#\/schema\/person\/496d8ad2d1d3f8036101dca7ee39e585"},"breadcrumb":{"@id":"https:\/\/quehacerpolitico.mx\/?p=90325#breadcrumb"},"inLanguage":"es","potentialAction":[{"@type":"ReadAction","target":["https:\/\/quehacerpolitico.mx\/?p=90325"]}]},{"@type":"ImageObject","inLanguage":"es","@id":"https:\/\/quehacerpolitico.mx\/?p=90325#primaryimage","url":"https:\/\/quehacerpolitico.mx\/wp-content\/uploads\/2022\/03\/C9A0BFA3-9C0C-4A03-A7FC-C5063A39F8A1.jpeg","contentUrl":"https:\/\/quehacerpolitico.mx\/wp-content\/uploads\/2022\/03\/C9A0BFA3-9C0C-4A03-A7FC-C5063A39F8A1.jpeg","width":1087,"height":691},{"@type":"BreadcrumbList","@id":"https:\/\/quehacerpolitico.mx\/?p=90325#breadcrumb","itemListElement":[{"@type":"ListItem","position":1,"name":"Inicio","item":"https:\/\/quehacerpolitico.mx\/"},{"@type":"ListItem","position":2,"name":"Hoy M\u00e9xico suma 461 muertes y 10 mil 558 nuevos casos de COVID\u00a0"}]},{"@type":"WebSite","@id":"https:\/\/quehacerpolitico.mx\/#website","url":"https:\/\/quehacerpolitico.mx\/","name":"","description":"","potentialAction":[{"@type":"SearchAction","target":{"@type":"EntryPoint","urlTemplate":"https:\/\/quehacerpolitico.mx\/?s={search_term_string}"},"query-input":{"@type":"PropertyValueSpecification","valueRequired":true,"valueName":"search_term_string"}}],"inLanguage":"es"},{"@type":"Person","@id":"https:\/\/quehacerpolitico.mx\/#\/schema\/person\/496d8ad2d1d3f8036101dca7ee39e585","name":"Redacci\u00f3n QP","image":{"@type":"ImageObject","inLanguage":"es","@id":"https:\/\/secure.gravatar.com\/avatar\/c7164ed6fdec453195284ad24a5ae5b6e1eed2b848477fa2a4787ba9adf39a41?s=96&d=mm&r=g","url":"https:\/\/secure.gravatar.com\/avatar\/c7164ed6fdec453195284ad24a5ae5b6e1eed2b848477fa2a4787ba9adf39a41?s=96&d=mm&r=g","contentUrl":"https:\/\/secure.gravatar.com\/avatar\/c7164ed6fdec453195284ad24a5ae5b6e1eed2b848477fa2a4787ba9adf39a41?s=96&d=mm&r=g","caption":"Redacci\u00f3n QP"},"url":"https:\/\/quehacerpolitico.mx\/?author=2"}]}},"featured_image_urls":{"full":["https:\/\/quehacerpolitico.mx\/wp-content\/uploads\/2022\/03\/C9A0BFA3-9C0C-4A03-A7FC-C5063A39F8A1.jpeg",1087,691,false],"thumbnail":["https:\/\/quehacerpolitico.mx\/wp-content\/uploads\/2022\/03\/C9A0BFA3-9C0C-4A03-A7FC-C5063A39F8A1-150x150.jpeg",150,150,true],"medium":["https:\/\/quehacerpolitico.mx\/wp-content\/uploads\/2022\/03\/C9A0BFA3-9C0C-4A03-A7FC-C5063A39F8A1-300x191.jpeg",300,191,true],"medium_large":["https:\/\/quehacerpolitico.mx\/wp-content\/uploads\/2022\/03\/C9A0BFA3-9C0C-4A03-A7FC-C5063A39F8A1-768x488.jpeg",640,407,true],"large":["https:\/\/quehacerpolitico.mx\/wp-content\/uploads\/2022\/03\/C9A0BFA3-9C0C-4A03-A7FC-C5063A39F8A1-1024x651.jpeg",640,407,true],"1536x1536":["https:\/\/quehacerpolitico.mx\/wp-content\/uploads\/2022\/03\/C9A0BFA3-9C0C-4A03-A7FC-C5063A39F8A1.jpeg",1087,691,false],"2048x2048":["https:\/\/quehacerpolitico.mx\/wp-content\/uploads\/2022\/03\/C9A0BFA3-9C0C-4A03-A7FC-C5063A39F8A1.jpeg",1087,691,false],"covernews-featured":["https:\/\/quehacerpolitico.mx\/wp-content\/uploads\/2022\/03\/C9A0BFA3-9C0C-4A03-A7FC-C5063A39F8A1.jpeg",1024,651,false],"covernews-medium":["https:\/\/quehacerpolitico.mx\/wp-content\/uploads\/2022\/03\/C9A0BFA3-9C0C-4A03-A7FC-C5063A39F8A1.jpeg",535,340,false]},"author_info":{"display_name":"Redacci\u00f3n QP","author_link":"https:\/\/quehacerpolitico.mx\/?author=2"},"category_info":"<a href=\"https:\/\/quehacerpolitico.mx\/?cat=2\" rel=\"category\">Noticias<\/a>","tag_info":"Noticias","comment_count":"0","_links":{"self":[{"href":"https:\/\/quehacerpolitico.mx\/index.php?rest_route=\/wp\/v2\/posts\/90325","targetHints":{"allow":["GET"]}}],"collection":[{"href":"https:\/\/quehacerpolitico.mx\/index.php?rest_route=\/wp\/v2\/posts"}],"about":[{"href":"https:\/\/quehacerpolitico.mx\/index.php?rest_route=\/wp\/v2\/types\/post"}],"author":[{"embeddable":true,"href":"https:\/\/quehacerpolitico.mx\/index.php?rest_route=\/wp\/v2\/users\/2"}],"replies":[{"embeddable":true,"href":"https:\/\/quehacerpolitico.mx\/index.php?rest_route=%2Fwp%2Fv2%2Fcomments&post=90325"}],"version-history":[{"count":1,"href":"https:\/\/quehacerpolitico.mx\/index.php?rest_route=\/wp\/v2\/posts\/90325\/revisions"}],"predecessor-version":[{"id":90331,"href":"https:\/\/quehacerpolitico.mx\/index.php?rest_route=\/wp\/v2\/posts\/90325\/revisions\/90331"}],"wp:featuredmedia":[{"embeddable":true,"href":"https:\/\/quehacerpolitico.mx\/index.php?rest_route=\/wp\/v2\/media\/90330"}],"wp:attachment":[{"href":"https:\/\/quehacerpolitico.mx\/index.php?rest_route=%2Fwp%2Fv2%2Fmedia&parent=90325"}],"wp:term":[{"taxonomy":"category","embeddable":true,"href":"https:\/\/quehacerpolitico.mx\/index.php?rest_route=%2Fwp%2Fv2%2Fcategories&post=90325"},{"taxonomy":"post_tag","embeddable":true,"href":"https:\/\/quehacerpolitico.mx\/index.php?rest_route=%2Fwp%2Fv2%2Ftags&post=90325"}],"curies":[{"name":"wp","href":"https:\/\/api.w.org\/{rel}","templated":true}]}}