{"id":90319,"date":"2022-03-03T17:47:50","date_gmt":"2022-03-03T17:47:50","guid":{"rendered":"https:\/\/quehacerpolitico.mx\/?p=90319"},"modified":"2022-03-03T17:47:54","modified_gmt":"2022-03-03T17:47:54","slug":"internacionales-carolina-alonso-romei-zelensky-advierte-que-putin-podria-atacar-los-paises-balticos","status":"publish","type":"post","link":"https:\/\/quehacerpolitico.mx\/?p=90319","title":{"rendered":"Internacionales\/\/\/Carolina Alonso Romei\/\/\/Zelensky advierte que Putin podr\u00eda atacar los pa\u00edses b\u00e1lticos"},"content":{"rendered":"\n<p>Por Carolina Alonso Romei<\/p>\n\n\n\n<p>Internacionalista <\/p>\n\n\n\n<p>Zelensky tambi\u00e9n se declar\u00f3 dispuesto a hablar directamente con Putin, y as\u00ed terminar con esta guerra<\/p>\n\n\n\n<p>El presidente ucraniano, Volodimir Zelensky, pidi\u00f3 este jueves a los pa\u00edses de Occidente que aumenten su apoyo a Kiev, advirtiendo que si su pa\u00eds es derrotado por Rusia, \u00e9sta atacar\u00e1 los pa\u00edses b\u00e1lticos y el resto de Europa &#8220;hasta el muro de Berl\u00edn&#8221;.<\/p>\n\n\n\n<blockquote class=\"wp-block-quote is-layout-flow wp-block-quote-is-layout-flow\"><p>&#8220;Tengo que hablar con Putin [&#8230;] pues ese es el \u00fanico modo de frenar esta guerra&#8221;<\/p><\/blockquote>\n\n\n\n<p><strong>&#8220;Si desaparecemos, que Dios nos proteja, luego ser\u00e1 Letonia, Lituania, Estonia, etc. Hasta el muro de Berl\u00edn, \u00a1cr\u00e9anme!&#8221;<\/strong>, dijo Zelensky a la prensa, considerando que el Kremlin podr\u00eda perseguir reconstruir toda la esfera de influencia europea de la Uni\u00f3n Sovi\u00e9tica.<\/p>\n\n\n\n<p>Tambi\u00e9n llam\u00f3 a los pa\u00edses occidentales a &#8220;cerrar el cielo&#8221; ucraniano a los aviones rusos o entregarle aviones a Kiev.<\/p>\n\n\n\n<p>Zelensky tambi\u00e9n se declar\u00f3 dispuesto a hablar directamente con su hom\u00f3logo ruso, Vladimir Putin.<\/p>\n\n\n\n<p>&#8220;Tengo que hablar con Putin [&#8230;] pues ese es el \u00fanico modo de frenar esta guerra&#8221;, declar\u00f3, asegurando que &#8220;hay que hablar sin condiciones, sin rencor, como hombres&#8221;.<\/p>\n\n\n\n<p><strong>&#8220;\u00bfQu\u00e9 quieres de nosotros? \u00a1Vete de nuestra tierra!&#8221;<\/strong>, exclam\u00f3 Zelensky, aludiendo al presidente ruso, que inici\u00f3 la invasi\u00f3n de Ucrania hace ocho d\u00edas.<\/p>\n\n\n\n<p>&#8220;Si\u00e9ntate conmigo [&#8230;] pero no a treinta metros, como con [el presidente franc\u00e9s, Emmanuel] Macron o con [el jefe de gobierno alem\u00e1n, Olaf] Scholz. Soy un tipo normal, \u00a1no muerdo!&#8221;, agreg\u00f3 Zelensky.<\/p>\n\n\n\n<p>Diciendo eso, ironizaba sobre la larga mesa en la que el presidente ruso ha recibido a algunos de sus invitados, tanto compatriotas como extranjeros, en virtud de un dr\u00e1stico protocolo sanitario para protegerle del covid-19.<\/p>\n\n\n\n<p>Con informaci\u00f3n de AFP<\/p>\n","protected":false},"excerpt":{"rendered":"<p>Por Carolina Alonso Romei Internacionalista Zelensky tambi\u00e9n se declar\u00f3 dispuesto a hablar directamente con Putin,&#8230;<\/p>\n","protected":false},"author":2,"featured_media":90320,"comment_status":"open","ping_status":"open","sticky":false,"template":"","format":"standard","meta":{"_monsterinsights_skip_tracking":false,"_monsterinsights_sitenote_active":false,"_monsterinsights_sitenote_note":"","_monsterinsights_sitenote_category":0,"footnotes":""},"categories":[1],"tags":[],"class_list":["post-90319","post","type-post","status-publish","format-standard","has-post-thumbnail","hentry","category-sin-categoria"],"yoast_head":"<!-- This site is optimized with the Yoast SEO plugin v27.3 - https:\/\/yoast.com\/product\/yoast-seo-wordpress\/ -->\n<title>Internacionales\/\/\/Carolina Alonso Romei\/\/\/Zelensky advierte que Putin podr\u00eda atacar los pa\u00edses b\u00e1lticos -<\/title>\n<meta name=\"robots\" content=\"index, follow, max-snippet:-1, max-image-preview:large, max-video-preview:-1\" \/>\n<link rel=\"canonical\" href=\"https:\/\/quehacerpolitico.mx\/?p=90319\" \/>\n<meta property=\"og:locale\" content=\"es_MX\" \/>\n<meta property=\"og:type\" content=\"article\" \/>\n<meta property=\"og:title\" content=\"Internacionales\/\/\/Carolina Alonso Romei\/\/\/Zelensky advierte que Putin podr\u00eda atacar los pa\u00edses b\u00e1lticos -\" \/>\n<meta property=\"og:description\" content=\"Por Carolina Alonso Romei Internacionalista Zelensky tambi\u00e9n se declar\u00f3 dispuesto a hablar directamente con Putin,...\" \/>\n<meta property=\"og:url\" content=\"https:\/\/quehacerpolitico.mx\/?p=90319\" \/>\n<meta property=\"article:published_time\" content=\"2022-03-03T17:47:50+00:00\" \/>\n<meta property=\"article:modified_time\" content=\"2022-03-03T17:47:54+00:00\" \/>\n<meta property=\"og:image\" content=\"https:\/\/quehacerpolitico.mx\/wp-content\/uploads\/2022\/03\/BF2C765A-6EA3-404A-820D-3D313B87DEFE.jpeg\" \/>\n\t<meta property=\"og:image:width\" content=\"1284\" \/>\n\t<meta property=\"og:image:height\" content=\"698\" \/>\n\t<meta property=\"og:image:type\" content=\"image\/jpeg\" \/>\n<meta name=\"author\" content=\"Redacci\u00f3n QP\" \/>\n<meta name=\"twitter:card\" content=\"summary_large_image\" \/>\n<meta name=\"twitter:label1\" content=\"Escrito por\" \/>\n\t<meta name=\"twitter:data1\" content=\"Redacci\u00f3n QP\" \/>\n\t<meta name=\"twitter:label2\" content=\"Tiempo de lectura\" \/>\n\t<meta name=\"twitter:data2\" content=\"1 minuto\" \/>\n<script type=\"application\/ld+json\" class=\"yoast-schema-graph\">{\"@context\":\"https:\\\/\\\/schema.org\",\"@graph\":[{\"@type\":\"Article\",\"@id\":\"https:\\\/\\\/quehacerpolitico.mx\\\/?p=90319#article\",\"isPartOf\":{\"@id\":\"https:\\\/\\\/quehacerpolitico.mx\\\/?p=90319\"},\"author\":{\"name\":\"Redacci\u00f3n QP\",\"@id\":\"https:\\\/\\\/quehacerpolitico.mx\\\/#\\\/schema\\\/person\\\/496d8ad2d1d3f8036101dca7ee39e585\"},\"headline\":\"Internacionales\\\/\\\/\\\/Carolina Alonso Romei\\\/\\\/\\\/Zelensky advierte que Putin podr\u00eda atacar los pa\u00edses b\u00e1lticos\",\"datePublished\":\"2022-03-03T17:47:50+00:00\",\"dateModified\":\"2022-03-03T17:47:54+00:00\",\"mainEntityOfPage\":{\"@id\":\"https:\\\/\\\/quehacerpolitico.mx\\\/?p=90319\"},\"wordCount\":311,\"commentCount\":0,\"image\":{\"@id\":\"https:\\\/\\\/quehacerpolitico.mx\\\/?p=90319#primaryimage\"},\"thumbnailUrl\":\"https:\\\/\\\/quehacerpolitico.mx\\\/wp-content\\\/uploads\\\/2022\\\/03\\\/BF2C765A-6EA3-404A-820D-3D313B87DEFE.jpeg\",\"articleSection\":[\"Internacionales\"],\"inLanguage\":\"es\",\"potentialAction\":[{\"@type\":\"CommentAction\",\"name\":\"Comment\",\"target\":[\"https:\\\/\\\/quehacerpolitico.mx\\\/?p=90319#respond\"]}]},{\"@type\":\"WebPage\",\"@id\":\"https:\\\/\\\/quehacerpolitico.mx\\\/?p=90319\",\"url\":\"https:\\\/\\\/quehacerpolitico.mx\\\/?p=90319\",\"name\":\"Internacionales\\\/\\\/\\\/Carolina Alonso Romei\\\/\\\/\\\/Zelensky advierte que Putin podr\u00eda atacar los pa\u00edses b\u00e1lticos -\",\"isPartOf\":{\"@id\":\"https:\\\/\\\/quehacerpolitico.mx\\\/#website\"},\"primaryImageOfPage\":{\"@id\":\"https:\\\/\\\/quehacerpolitico.mx\\\/?p=90319#primaryimage\"},\"image\":{\"@id\":\"https:\\\/\\\/quehacerpolitico.mx\\\/?p=90319#primaryimage\"},\"thumbnailUrl\":\"https:\\\/\\\/quehacerpolitico.mx\\\/wp-content\\\/uploads\\\/2022\\\/03\\\/BF2C765A-6EA3-404A-820D-3D313B87DEFE.jpeg\",\"datePublished\":\"2022-03-03T17:47:50+00:00\",\"dateModified\":\"2022-03-03T17:47:54+00:00\",\"author\":{\"@id\":\"https:\\\/\\\/quehacerpolitico.mx\\\/#\\\/schema\\\/person\\\/496d8ad2d1d3f8036101dca7ee39e585\"},\"breadcrumb\":{\"@id\":\"https:\\\/\\\/quehacerpolitico.mx\\\/?p=90319#breadcrumb\"},\"inLanguage\":\"es\",\"potentialAction\":[{\"@type\":\"ReadAction\",\"target\":[\"https:\\\/\\\/quehacerpolitico.mx\\\/?p=90319\"]}]},{\"@type\":\"ImageObject\",\"inLanguage\":\"es\",\"@id\":\"https:\\\/\\\/quehacerpolitico.mx\\\/?p=90319#primaryimage\",\"url\":\"https:\\\/\\\/quehacerpolitico.mx\\\/wp-content\\\/uploads\\\/2022\\\/03\\\/BF2C765A-6EA3-404A-820D-3D313B87DEFE.jpeg\",\"contentUrl\":\"https:\\\/\\\/quehacerpolitico.mx\\\/wp-content\\\/uploads\\\/2022\\\/03\\\/BF2C765A-6EA3-404A-820D-3D313B87DEFE.jpeg\",\"width\":1284,\"height\":698},{\"@type\":\"BreadcrumbList\",\"@id\":\"https:\\\/\\\/quehacerpolitico.mx\\\/?p=90319#breadcrumb\",\"itemListElement\":[{\"@type\":\"ListItem\",\"position\":1,\"name\":\"Inicio\",\"item\":\"https:\\\/\\\/quehacerpolitico.mx\\\/\"},{\"@type\":\"ListItem\",\"position\":2,\"name\":\"Internacionales\\\/\\\/\\\/Carolina Alonso Romei\\\/\\\/\\\/Zelensky advierte que Putin podr\u00eda atacar los pa\u00edses b\u00e1lticos\"}]},{\"@type\":\"WebSite\",\"@id\":\"https:\\\/\\\/quehacerpolitico.mx\\\/#website\",\"url\":\"https:\\\/\\\/quehacerpolitico.mx\\\/\",\"name\":\"\",\"description\":\"\",\"potentialAction\":[{\"@type\":\"SearchAction\",\"target\":{\"@type\":\"EntryPoint\",\"urlTemplate\":\"https:\\\/\\\/quehacerpolitico.mx\\\/?s={search_term_string}\"},\"query-input\":{\"@type\":\"PropertyValueSpecification\",\"valueRequired\":true,\"valueName\":\"search_term_string\"}}],\"inLanguage\":\"es\"},{\"@type\":\"Person\",\"@id\":\"https:\\\/\\\/quehacerpolitico.mx\\\/#\\\/schema\\\/person\\\/496d8ad2d1d3f8036101dca7ee39e585\",\"name\":\"Redacci\u00f3n QP\",\"image\":{\"@type\":\"ImageObject\",\"inLanguage\":\"es\",\"@id\":\"https:\\\/\\\/secure.gravatar.com\\\/avatar\\\/c7164ed6fdec453195284ad24a5ae5b6e1eed2b848477fa2a4787ba9adf39a41?s=96&d=mm&r=g\",\"url\":\"https:\\\/\\\/secure.gravatar.com\\\/avatar\\\/c7164ed6fdec453195284ad24a5ae5b6e1eed2b848477fa2a4787ba9adf39a41?s=96&d=mm&r=g\",\"contentUrl\":\"https:\\\/\\\/secure.gravatar.com\\\/avatar\\\/c7164ed6fdec453195284ad24a5ae5b6e1eed2b848477fa2a4787ba9adf39a41?s=96&d=mm&r=g\",\"caption\":\"Redacci\u00f3n QP\"},\"url\":\"https:\\\/\\\/quehacerpolitico.mx\\\/?author=2\"}]}<\/script>\n<!-- \/ Yoast SEO plugin. -->","yoast_head_json":{"title":"Internacionales\/\/\/Carolina Alonso Romei\/\/\/Zelensky advierte que Putin podr\u00eda atacar los pa\u00edses b\u00e1lticos -","robots":{"index":"index","follow":"follow","max-snippet":"max-snippet:-1","max-image-preview":"max-image-preview:large","max-video-preview":"max-video-preview:-1"},"canonical":"https:\/\/quehacerpolitico.mx\/?p=90319","og_locale":"es_MX","og_type":"article","og_title":"Internacionales\/\/\/Carolina Alonso Romei\/\/\/Zelensky advierte que Putin podr\u00eda atacar los pa\u00edses b\u00e1lticos -","og_description":"Por Carolina Alonso Romei Internacionalista Zelensky tambi\u00e9n se declar\u00f3 dispuesto a hablar directamente con Putin,...","og_url":"https:\/\/quehacerpolitico.mx\/?p=90319","article_published_time":"2022-03-03T17:47:50+00:00","article_modified_time":"2022-03-03T17:47:54+00:00","og_image":[{"width":1284,"height":698,"url":"https:\/\/quehacerpolitico.mx\/wp-content\/uploads\/2022\/03\/BF2C765A-6EA3-404A-820D-3D313B87DEFE.jpeg","type":"image\/jpeg"}],"author":"Redacci\u00f3n QP","twitter_card":"summary_large_image","twitter_misc":{"Escrito por":"Redacci\u00f3n QP","Tiempo de lectura":"1 minuto"},"schema":{"@context":"https:\/\/schema.org","@graph":[{"@type":"Article","@id":"https:\/\/quehacerpolitico.mx\/?p=90319#article","isPartOf":{"@id":"https:\/\/quehacerpolitico.mx\/?p=90319"},"author":{"name":"Redacci\u00f3n QP","@id":"https:\/\/quehacerpolitico.mx\/#\/schema\/person\/496d8ad2d1d3f8036101dca7ee39e585"},"headline":"Internacionales\/\/\/Carolina Alonso Romei\/\/\/Zelensky advierte que Putin podr\u00eda atacar los pa\u00edses b\u00e1lticos","datePublished":"2022-03-03T17:47:50+00:00","dateModified":"2022-03-03T17:47:54+00:00","mainEntityOfPage":{"@id":"https:\/\/quehacerpolitico.mx\/?p=90319"},"wordCount":311,"commentCount":0,"image":{"@id":"https:\/\/quehacerpolitico.mx\/?p=90319#primaryimage"},"thumbnailUrl":"https:\/\/quehacerpolitico.mx\/wp-content\/uploads\/2022\/03\/BF2C765A-6EA3-404A-820D-3D313B87DEFE.jpeg","articleSection":["Internacionales"],"inLanguage":"es","potentialAction":[{"@type":"CommentAction","name":"Comment","target":["https:\/\/quehacerpolitico.mx\/?p=90319#respond"]}]},{"@type":"WebPage","@id":"https:\/\/quehacerpolitico.mx\/?p=90319","url":"https:\/\/quehacerpolitico.mx\/?p=90319","name":"Internacionales\/\/\/Carolina Alonso Romei\/\/\/Zelensky advierte que Putin podr\u00eda atacar los pa\u00edses b\u00e1lticos -","isPartOf":{"@id":"https:\/\/quehacerpolitico.mx\/#website"},"primaryImageOfPage":{"@id":"https:\/\/quehacerpolitico.mx\/?p=90319#primaryimage"},"image":{"@id":"https:\/\/quehacerpolitico.mx\/?p=90319#primaryimage"},"thumbnailUrl":"https:\/\/quehacerpolitico.mx\/wp-content\/uploads\/2022\/03\/BF2C765A-6EA3-404A-820D-3D313B87DEFE.jpeg","datePublished":"2022-03-03T17:47:50+00:00","dateModified":"2022-03-03T17:47:54+00:00","author":{"@id":"https:\/\/quehacerpolitico.mx\/#\/schema\/person\/496d8ad2d1d3f8036101dca7ee39e585"},"breadcrumb":{"@id":"https:\/\/quehacerpolitico.mx\/?p=90319#breadcrumb"},"inLanguage":"es","potentialAction":[{"@type":"ReadAction","target":["https:\/\/quehacerpolitico.mx\/?p=90319"]}]},{"@type":"ImageObject","inLanguage":"es","@id":"https:\/\/quehacerpolitico.mx\/?p=90319#primaryimage","url":"https:\/\/quehacerpolitico.mx\/wp-content\/uploads\/2022\/03\/BF2C765A-6EA3-404A-820D-3D313B87DEFE.jpeg","contentUrl":"https:\/\/quehacerpolitico.mx\/wp-content\/uploads\/2022\/03\/BF2C765A-6EA3-404A-820D-3D313B87DEFE.jpeg","width":1284,"height":698},{"@type":"BreadcrumbList","@id":"https:\/\/quehacerpolitico.mx\/?p=90319#breadcrumb","itemListElement":[{"@type":"ListItem","position":1,"name":"Inicio","item":"https:\/\/quehacerpolitico.mx\/"},{"@type":"ListItem","position":2,"name":"Internacionales\/\/\/Carolina Alonso Romei\/\/\/Zelensky advierte que Putin podr\u00eda atacar los pa\u00edses b\u00e1lticos"}]},{"@type":"WebSite","@id":"https:\/\/quehacerpolitico.mx\/#website","url":"https:\/\/quehacerpolitico.mx\/","name":"","description":"","potentialAction":[{"@type":"SearchAction","target":{"@type":"EntryPoint","urlTemplate":"https:\/\/quehacerpolitico.mx\/?s={search_term_string}"},"query-input":{"@type":"PropertyValueSpecification","valueRequired":true,"valueName":"search_term_string"}}],"inLanguage":"es"},{"@type":"Person","@id":"https:\/\/quehacerpolitico.mx\/#\/schema\/person\/496d8ad2d1d3f8036101dca7ee39e585","name":"Redacci\u00f3n QP","image":{"@type":"ImageObject","inLanguage":"es","@id":"https:\/\/secure.gravatar.com\/avatar\/c7164ed6fdec453195284ad24a5ae5b6e1eed2b848477fa2a4787ba9adf39a41?s=96&d=mm&r=g","url":"https:\/\/secure.gravatar.com\/avatar\/c7164ed6fdec453195284ad24a5ae5b6e1eed2b848477fa2a4787ba9adf39a41?s=96&d=mm&r=g","contentUrl":"https:\/\/secure.gravatar.com\/avatar\/c7164ed6fdec453195284ad24a5ae5b6e1eed2b848477fa2a4787ba9adf39a41?s=96&d=mm&r=g","caption":"Redacci\u00f3n QP"},"url":"https:\/\/quehacerpolitico.mx\/?author=2"}]}},"featured_image_urls":{"full":["https:\/\/quehacerpolitico.mx\/wp-content\/uploads\/2022\/03\/BF2C765A-6EA3-404A-820D-3D313B87DEFE.jpeg",1284,698,false],"thumbnail":["https:\/\/quehacerpolitico.mx\/wp-content\/uploads\/2022\/03\/BF2C765A-6EA3-404A-820D-3D313B87DEFE-150x150.jpeg",150,150,true],"medium":["https:\/\/quehacerpolitico.mx\/wp-content\/uploads\/2022\/03\/BF2C765A-6EA3-404A-820D-3D313B87DEFE-300x163.jpeg",300,163,true],"medium_large":["https:\/\/quehacerpolitico.mx\/wp-content\/uploads\/2022\/03\/BF2C765A-6EA3-404A-820D-3D313B87DEFE-768x417.jpeg",640,348,true],"large":["https:\/\/quehacerpolitico.mx\/wp-content\/uploads\/2022\/03\/BF2C765A-6EA3-404A-820D-3D313B87DEFE-1024x557.jpeg",640,348,true],"1536x1536":["https:\/\/quehacerpolitico.mx\/wp-content\/uploads\/2022\/03\/BF2C765A-6EA3-404A-820D-3D313B87DEFE.jpeg",1284,698,false],"2048x2048":["https:\/\/quehacerpolitico.mx\/wp-content\/uploads\/2022\/03\/BF2C765A-6EA3-404A-820D-3D313B87DEFE.jpeg",1284,698,false],"covernews-featured":["https:\/\/quehacerpolitico.mx\/wp-content\/uploads\/2022\/03\/BF2C765A-6EA3-404A-820D-3D313B87DEFE.jpeg",1024,557,false],"covernews-medium":["https:\/\/quehacerpolitico.mx\/wp-content\/uploads\/2022\/03\/BF2C765A-6EA3-404A-820D-3D313B87DEFE.jpeg",540,294,false]},"author_info":{"display_name":"Redacci\u00f3n QP","author_link":"https:\/\/quehacerpolitico.mx\/?author=2"},"category_info":"<a href=\"https:\/\/quehacerpolitico.mx\/?cat=1\" rel=\"category\">Internacionales<\/a>","tag_info":"Internacionales","comment_count":"0","_links":{"self":[{"href":"https:\/\/quehacerpolitico.mx\/index.php?rest_route=\/wp\/v2\/posts\/90319","targetHints":{"allow":["GET"]}}],"collection":[{"href":"https:\/\/quehacerpolitico.mx\/index.php?rest_route=\/wp\/v2\/posts"}],"about":[{"href":"https:\/\/quehacerpolitico.mx\/index.php?rest_route=\/wp\/v2\/types\/post"}],"author":[{"embeddable":true,"href":"https:\/\/quehacerpolitico.mx\/index.php?rest_route=\/wp\/v2\/users\/2"}],"replies":[{"embeddable":true,"href":"https:\/\/quehacerpolitico.mx\/index.php?rest_route=%2Fwp%2Fv2%2Fcomments&post=90319"}],"version-history":[{"count":1,"href":"https:\/\/quehacerpolitico.mx\/index.php?rest_route=\/wp\/v2\/posts\/90319\/revisions"}],"predecessor-version":[{"id":90321,"href":"https:\/\/quehacerpolitico.mx\/index.php?rest_route=\/wp\/v2\/posts\/90319\/revisions\/90321"}],"wp:featuredmedia":[{"embeddable":true,"href":"https:\/\/quehacerpolitico.mx\/index.php?rest_route=\/wp\/v2\/media\/90320"}],"wp:attachment":[{"href":"https:\/\/quehacerpolitico.mx\/index.php?rest_route=%2Fwp%2Fv2%2Fmedia&parent=90319"}],"wp:term":[{"taxonomy":"category","embeddable":true,"href":"https:\/\/quehacerpolitico.mx\/index.php?rest_route=%2Fwp%2Fv2%2Fcategories&post=90319"},{"taxonomy":"post_tag","embeddable":true,"href":"https:\/\/quehacerpolitico.mx\/index.php?rest_route=%2Fwp%2Fv2%2Ftags&post=90319"}],"curies":[{"name":"wp","href":"https:\/\/api.w.org\/{rel}","templated":true}]}}