{"id":90316,"date":"2022-03-03T17:32:51","date_gmt":"2022-03-03T17:32:51","guid":{"rendered":"https:\/\/quehacerpolitico.mx\/?p=90316"},"modified":"2022-03-03T17:32:58","modified_gmt":"2022-03-03T17:32:58","slug":"tras-temblor-critican-a-amlo-por-protocolo-de-evacuacion-en-la-mananera","status":"publish","type":"post","link":"https:\/\/quehacerpolitico.mx\/?p=90316","title":{"rendered":"Tras temblor, critican a AMLO por protocolo de evacuaci\u00f3n en la ma\u00f1anera\u00a0"},"content":{"rendered":"\n<p>Por Redacci\u00f3n QP<\/p>\n\n\n\n<p>Esto ocurri\u00f3 durante la ma\u00f1anera de este jueves tras sonar la alarma s\u00edsmica<\/p>\n\n\n\n<p>Tras el sismo de 6.2 que se registr\u00f3 la ma\u00f1ana de este jueves, el Presidente\u00a0Andres Manuel Lopez Obrador (AMLO),\u00a0<strong>fue evacuado de la sala de Tesorer\u00eda de Palacio Nacional mientras que a los reporteros que se encontraban presentes los sentaron en sus lugares y les pidieron que esperaran.\u00a0<\/strong><\/p>\n\n\n\n<p>En un video se puede ver el momento en que suena la alerta s\u00edsmica y\u00a0<strong>exigen al Mandatario dejar el lugar\u00a0<\/strong>mientras que el personal gubernamental da la indicaci\u00f3n a los periodistas de &#8220;sentarse&#8221;.<\/p>\n\n\n\n<p>En redes sociales circul\u00f3 el video y caus\u00f3 controversia, pues\u00a0<strong>algunos usuarios cuestionaron los protocolos de evacuaci\u00f3n que tiene el Gobierno.<\/strong><\/p>\n\n\n\n<figure class=\"wp-block-embed is-type-rich is-provider-twitter wp-block-embed-twitter\"><div class=\"wp-block-embed__wrapper\">\n<blockquote class=\"twitter-tweet\" data-width=\"550\" data-dnt=\"true\"><p lang=\"es\" dir=\"ltr\">\u00bfEvacuan al presidente de Palacio Nacional y a los periodistas los sientan?<br><br>\u00bfCu\u00e1l es el protocolo de evacuaci\u00f3n durante en <a href=\"https:\/\/twitter.com\/hashtag\/sismo?src=hash&amp;ref_src=twsrc%5Etfw\">#sismo<\/a> en la ma\u00f1anera?<a href=\"https:\/\/t.co\/5PZskiokWr\">pic.twitter.com\/5PZskiokWr<\/a><\/p>&mdash; Ruido en la Red (@RuidoEnLaRed) <a href=\"https:\/\/twitter.com\/RuidoEnLaRed\/status\/1499402684759035913?ref_src=twsrc%5Etfw\">March 3, 2022<\/a><\/blockquote><script async src=\"https:\/\/platform.twitter.com\/widgets.js\" charset=\"utf-8\"><\/script>\n<\/div><\/figure>\n\n\n\n<p>Sin embargo, minutos m\u00e1s tarde informaron que los reporteros que se encontraban en &#8220;La Ma\u00f1anera&#8221; los sacaron al patio central del Palacio.<\/p>\n\n\n\n<figure class=\"wp-block-embed is-type-rich is-provider-twitter wp-block-embed-twitter\"><div class=\"wp-block-embed__wrapper\">\n<blockquote class=\"twitter-tweet\" data-width=\"550\" data-dnt=\"true\"><p lang=\"es\" dir=\"ltr\">Otro momento del <a href=\"https:\/\/twitter.com\/hashtag\/Sismo?src=hash&amp;ref_src=twsrc%5Etfw\">#Sismo<\/a> en Palacio Nacional. Sacaron a los periodistas al patio. <a href=\"https:\/\/twitter.com\/hashtag\/Temblor?src=hash&amp;ref_src=twsrc%5Etfw\">#Temblor<\/a> <a href=\"https:\/\/t.co\/RRs3YkwZWv\">pic.twitter.com\/RRs3YkwZWv<\/a><\/p>&mdash; Ana Luisa (@HNoticiasMX) <a href=\"https:\/\/twitter.com\/HNoticiasMX\/status\/1499401401486643200?ref_src=twsrc%5Etfw\">March 3, 2022<\/a><\/blockquote><script async src=\"https:\/\/platform.twitter.com\/widgets.js\" charset=\"utf-8\"><\/script>\n<\/div><\/figure>\n\n\n\n<h2 class=\"wp-block-heading\">Activan alerta en CDMX<\/h2>\n\n\n\n<p>El Servicio Sismol\u00f3gico Nacional inform\u00f3 que se registr\u00f3 un temblor hoy 3 de marzo en M\u00e9xico; se activ\u00f3 la alerta s\u00edsimica en la CDMX.<\/p>\n\n\n\n<p>El SSN dijo que el sismo tuvo una magnitud de 5.7, y tuvo epicentro 2 kil\u00f3metros al sureste de Isla, Veracruz, con una profundidad de 10 kil\u00f3metros.<\/p>\n\n\n\n<figure class=\"wp-block-embed is-type-rich is-provider-twitter wp-block-embed-twitter\"><div class=\"wp-block-embed__wrapper\">\n<blockquote class=\"twitter-tweet\" data-width=\"550\" data-dnt=\"true\"><p lang=\"es\" dir=\"ltr\">SISMO Magnitud 5.7 Loc  14 km al NORTE de ISLA, VER 03\/03\/22 08:40:33 Lat 18.15 Lon -95.51 Pf 113 km <a href=\"https:\/\/t.co\/IAuTiYB4Fk\">pic.twitter.com\/IAuTiYB4Fk<\/a><\/p>&mdash; Sismologico Nacional (@SismologicoMX) <a href=\"https:\/\/twitter.com\/SismologicoMX\/status\/1499401482944200707?ref_src=twsrc%5Etfw\">March 3, 2022<\/a><\/blockquote><script async src=\"https:\/\/platform.twitter.com\/widgets.js\" charset=\"utf-8\"><\/script>\n<\/div><figcaption><br><\/figcaption><\/figure>\n","protected":false},"excerpt":{"rendered":"<p>Por Redacci\u00f3n QP Esto ocurri\u00f3 durante la ma\u00f1anera de este jueves tras sonar la alarma&#8230;<\/p>\n","protected":false},"author":2,"featured_media":90317,"comment_status":"open","ping_status":"open","sticky":false,"template":"","format":"standard","meta":{"_monsterinsights_skip_tracking":false,"_monsterinsights_sitenote_active":false,"_monsterinsights_sitenote_note":"","_monsterinsights_sitenote_category":0,"footnotes":""},"categories":[2],"tags":[],"class_list":["post-90316","post","type-post","status-publish","format-standard","has-post-thumbnail","hentry","category-noticias"],"yoast_head":"<!-- This site is optimized with the Yoast SEO plugin v27.3 - https:\/\/yoast.com\/product\/yoast-seo-wordpress\/ -->\n<title>Tras temblor, critican a AMLO por protocolo de evacuaci\u00f3n en la ma\u00f1anera\u00a0 -<\/title>\n<meta name=\"robots\" content=\"index, follow, max-snippet:-1, max-image-preview:large, max-video-preview:-1\" \/>\n<link rel=\"canonical\" href=\"https:\/\/quehacerpolitico.mx\/?p=90316\" \/>\n<meta property=\"og:locale\" content=\"es_MX\" \/>\n<meta property=\"og:type\" content=\"article\" \/>\n<meta property=\"og:title\" content=\"Tras temblor, critican a AMLO por protocolo de evacuaci\u00f3n en la ma\u00f1anera\u00a0 -\" \/>\n<meta property=\"og:description\" content=\"Por Redacci\u00f3n QP Esto ocurri\u00f3 durante la ma\u00f1anera de este jueves tras sonar la alarma...\" \/>\n<meta property=\"og:url\" content=\"https:\/\/quehacerpolitico.mx\/?p=90316\" \/>\n<meta property=\"article:published_time\" content=\"2022-03-03T17:32:51+00:00\" \/>\n<meta property=\"article:modified_time\" content=\"2022-03-03T17:32:58+00:00\" \/>\n<meta property=\"og:image\" content=\"https:\/\/quehacerpolitico.mx\/wp-content\/uploads\/2022\/03\/B122960B-F23A-4FC9-AF02-EC595AC3D0BE.jpeg\" \/>\n\t<meta property=\"og:image:width\" content=\"1284\" \/>\n\t<meta property=\"og:image:height\" content=\"634\" \/>\n\t<meta property=\"og:image:type\" content=\"image\/jpeg\" \/>\n<meta name=\"author\" content=\"Redacci\u00f3n QP\" \/>\n<meta name=\"twitter:card\" content=\"summary_large_image\" \/>\n<meta name=\"twitter:label1\" content=\"Escrito por\" \/>\n\t<meta name=\"twitter:data1\" content=\"Redacci\u00f3n QP\" \/>\n\t<meta name=\"twitter:label2\" content=\"Tiempo de lectura\" \/>\n\t<meta name=\"twitter:data2\" content=\"1 minuto\" \/>\n<script type=\"application\/ld+json\" class=\"yoast-schema-graph\">{\"@context\":\"https:\\\/\\\/schema.org\",\"@graph\":[{\"@type\":\"Article\",\"@id\":\"https:\\\/\\\/quehacerpolitico.mx\\\/?p=90316#article\",\"isPartOf\":{\"@id\":\"https:\\\/\\\/quehacerpolitico.mx\\\/?p=90316\"},\"author\":{\"name\":\"Redacci\u00f3n QP\",\"@id\":\"https:\\\/\\\/quehacerpolitico.mx\\\/#\\\/schema\\\/person\\\/496d8ad2d1d3f8036101dca7ee39e585\"},\"headline\":\"Tras temblor, critican a AMLO por protocolo de evacuaci\u00f3n en la ma\u00f1anera\u00a0\",\"datePublished\":\"2022-03-03T17:32:51+00:00\",\"dateModified\":\"2022-03-03T17:32:58+00:00\",\"mainEntityOfPage\":{\"@id\":\"https:\\\/\\\/quehacerpolitico.mx\\\/?p=90316\"},\"wordCount\":239,\"commentCount\":0,\"image\":{\"@id\":\"https:\\\/\\\/quehacerpolitico.mx\\\/?p=90316#primaryimage\"},\"thumbnailUrl\":\"https:\\\/\\\/quehacerpolitico.mx\\\/wp-content\\\/uploads\\\/2022\\\/03\\\/B122960B-F23A-4FC9-AF02-EC595AC3D0BE.jpeg\",\"articleSection\":[\"Noticias\"],\"inLanguage\":\"es\",\"potentialAction\":[{\"@type\":\"CommentAction\",\"name\":\"Comment\",\"target\":[\"https:\\\/\\\/quehacerpolitico.mx\\\/?p=90316#respond\"]}]},{\"@type\":\"WebPage\",\"@id\":\"https:\\\/\\\/quehacerpolitico.mx\\\/?p=90316\",\"url\":\"https:\\\/\\\/quehacerpolitico.mx\\\/?p=90316\",\"name\":\"Tras temblor, critican a AMLO por protocolo de evacuaci\u00f3n en la ma\u00f1anera\u00a0 -\",\"isPartOf\":{\"@id\":\"https:\\\/\\\/quehacerpolitico.mx\\\/#website\"},\"primaryImageOfPage\":{\"@id\":\"https:\\\/\\\/quehacerpolitico.mx\\\/?p=90316#primaryimage\"},\"image\":{\"@id\":\"https:\\\/\\\/quehacerpolitico.mx\\\/?p=90316#primaryimage\"},\"thumbnailUrl\":\"https:\\\/\\\/quehacerpolitico.mx\\\/wp-content\\\/uploads\\\/2022\\\/03\\\/B122960B-F23A-4FC9-AF02-EC595AC3D0BE.jpeg\",\"datePublished\":\"2022-03-03T17:32:51+00:00\",\"dateModified\":\"2022-03-03T17:32:58+00:00\",\"author\":{\"@id\":\"https:\\\/\\\/quehacerpolitico.mx\\\/#\\\/schema\\\/person\\\/496d8ad2d1d3f8036101dca7ee39e585\"},\"breadcrumb\":{\"@id\":\"https:\\\/\\\/quehacerpolitico.mx\\\/?p=90316#breadcrumb\"},\"inLanguage\":\"es\",\"potentialAction\":[{\"@type\":\"ReadAction\",\"target\":[\"https:\\\/\\\/quehacerpolitico.mx\\\/?p=90316\"]}]},{\"@type\":\"ImageObject\",\"inLanguage\":\"es\",\"@id\":\"https:\\\/\\\/quehacerpolitico.mx\\\/?p=90316#primaryimage\",\"url\":\"https:\\\/\\\/quehacerpolitico.mx\\\/wp-content\\\/uploads\\\/2022\\\/03\\\/B122960B-F23A-4FC9-AF02-EC595AC3D0BE.jpeg\",\"contentUrl\":\"https:\\\/\\\/quehacerpolitico.mx\\\/wp-content\\\/uploads\\\/2022\\\/03\\\/B122960B-F23A-4FC9-AF02-EC595AC3D0BE.jpeg\",\"width\":1284,\"height\":634},{\"@type\":\"BreadcrumbList\",\"@id\":\"https:\\\/\\\/quehacerpolitico.mx\\\/?p=90316#breadcrumb\",\"itemListElement\":[{\"@type\":\"ListItem\",\"position\":1,\"name\":\"Inicio\",\"item\":\"https:\\\/\\\/quehacerpolitico.mx\\\/\"},{\"@type\":\"ListItem\",\"position\":2,\"name\":\"Tras temblor, critican a AMLO por protocolo de evacuaci\u00f3n en la ma\u00f1anera\u00a0\"}]},{\"@type\":\"WebSite\",\"@id\":\"https:\\\/\\\/quehacerpolitico.mx\\\/#website\",\"url\":\"https:\\\/\\\/quehacerpolitico.mx\\\/\",\"name\":\"\",\"description\":\"\",\"potentialAction\":[{\"@type\":\"SearchAction\",\"target\":{\"@type\":\"EntryPoint\",\"urlTemplate\":\"https:\\\/\\\/quehacerpolitico.mx\\\/?s={search_term_string}\"},\"query-input\":{\"@type\":\"PropertyValueSpecification\",\"valueRequired\":true,\"valueName\":\"search_term_string\"}}],\"inLanguage\":\"es\"},{\"@type\":\"Person\",\"@id\":\"https:\\\/\\\/quehacerpolitico.mx\\\/#\\\/schema\\\/person\\\/496d8ad2d1d3f8036101dca7ee39e585\",\"name\":\"Redacci\u00f3n QP\",\"image\":{\"@type\":\"ImageObject\",\"inLanguage\":\"es\",\"@id\":\"https:\\\/\\\/secure.gravatar.com\\\/avatar\\\/c7164ed6fdec453195284ad24a5ae5b6e1eed2b848477fa2a4787ba9adf39a41?s=96&d=mm&r=g\",\"url\":\"https:\\\/\\\/secure.gravatar.com\\\/avatar\\\/c7164ed6fdec453195284ad24a5ae5b6e1eed2b848477fa2a4787ba9adf39a41?s=96&d=mm&r=g\",\"contentUrl\":\"https:\\\/\\\/secure.gravatar.com\\\/avatar\\\/c7164ed6fdec453195284ad24a5ae5b6e1eed2b848477fa2a4787ba9adf39a41?s=96&d=mm&r=g\",\"caption\":\"Redacci\u00f3n QP\"},\"url\":\"https:\\\/\\\/quehacerpolitico.mx\\\/?author=2\"}]}<\/script>\n<!-- \/ Yoast SEO plugin. -->","yoast_head_json":{"title":"Tras temblor, critican a AMLO por protocolo de evacuaci\u00f3n en la ma\u00f1anera\u00a0 -","robots":{"index":"index","follow":"follow","max-snippet":"max-snippet:-1","max-image-preview":"max-image-preview:large","max-video-preview":"max-video-preview:-1"},"canonical":"https:\/\/quehacerpolitico.mx\/?p=90316","og_locale":"es_MX","og_type":"article","og_title":"Tras temblor, critican a AMLO por protocolo de evacuaci\u00f3n en la ma\u00f1anera\u00a0 -","og_description":"Por Redacci\u00f3n QP Esto ocurri\u00f3 durante la ma\u00f1anera de este jueves tras sonar la alarma...","og_url":"https:\/\/quehacerpolitico.mx\/?p=90316","article_published_time":"2022-03-03T17:32:51+00:00","article_modified_time":"2022-03-03T17:32:58+00:00","og_image":[{"width":1284,"height":634,"url":"https:\/\/quehacerpolitico.mx\/wp-content\/uploads\/2022\/03\/B122960B-F23A-4FC9-AF02-EC595AC3D0BE.jpeg","type":"image\/jpeg"}],"author":"Redacci\u00f3n QP","twitter_card":"summary_large_image","twitter_misc":{"Escrito por":"Redacci\u00f3n QP","Tiempo de lectura":"1 minuto"},"schema":{"@context":"https:\/\/schema.org","@graph":[{"@type":"Article","@id":"https:\/\/quehacerpolitico.mx\/?p=90316#article","isPartOf":{"@id":"https:\/\/quehacerpolitico.mx\/?p=90316"},"author":{"name":"Redacci\u00f3n QP","@id":"https:\/\/quehacerpolitico.mx\/#\/schema\/person\/496d8ad2d1d3f8036101dca7ee39e585"},"headline":"Tras temblor, critican a AMLO por protocolo de evacuaci\u00f3n en la ma\u00f1anera\u00a0","datePublished":"2022-03-03T17:32:51+00:00","dateModified":"2022-03-03T17:32:58+00:00","mainEntityOfPage":{"@id":"https:\/\/quehacerpolitico.mx\/?p=90316"},"wordCount":239,"commentCount":0,"image":{"@id":"https:\/\/quehacerpolitico.mx\/?p=90316#primaryimage"},"thumbnailUrl":"https:\/\/quehacerpolitico.mx\/wp-content\/uploads\/2022\/03\/B122960B-F23A-4FC9-AF02-EC595AC3D0BE.jpeg","articleSection":["Noticias"],"inLanguage":"es","potentialAction":[{"@type":"CommentAction","name":"Comment","target":["https:\/\/quehacerpolitico.mx\/?p=90316#respond"]}]},{"@type":"WebPage","@id":"https:\/\/quehacerpolitico.mx\/?p=90316","url":"https:\/\/quehacerpolitico.mx\/?p=90316","name":"Tras temblor, critican a AMLO por protocolo de evacuaci\u00f3n en la ma\u00f1anera\u00a0 -","isPartOf":{"@id":"https:\/\/quehacerpolitico.mx\/#website"},"primaryImageOfPage":{"@id":"https:\/\/quehacerpolitico.mx\/?p=90316#primaryimage"},"image":{"@id":"https:\/\/quehacerpolitico.mx\/?p=90316#primaryimage"},"thumbnailUrl":"https:\/\/quehacerpolitico.mx\/wp-content\/uploads\/2022\/03\/B122960B-F23A-4FC9-AF02-EC595AC3D0BE.jpeg","datePublished":"2022-03-03T17:32:51+00:00","dateModified":"2022-03-03T17:32:58+00:00","author":{"@id":"https:\/\/quehacerpolitico.mx\/#\/schema\/person\/496d8ad2d1d3f8036101dca7ee39e585"},"breadcrumb":{"@id":"https:\/\/quehacerpolitico.mx\/?p=90316#breadcrumb"},"inLanguage":"es","potentialAction":[{"@type":"ReadAction","target":["https:\/\/quehacerpolitico.mx\/?p=90316"]}]},{"@type":"ImageObject","inLanguage":"es","@id":"https:\/\/quehacerpolitico.mx\/?p=90316#primaryimage","url":"https:\/\/quehacerpolitico.mx\/wp-content\/uploads\/2022\/03\/B122960B-F23A-4FC9-AF02-EC595AC3D0BE.jpeg","contentUrl":"https:\/\/quehacerpolitico.mx\/wp-content\/uploads\/2022\/03\/B122960B-F23A-4FC9-AF02-EC595AC3D0BE.jpeg","width":1284,"height":634},{"@type":"BreadcrumbList","@id":"https:\/\/quehacerpolitico.mx\/?p=90316#breadcrumb","itemListElement":[{"@type":"ListItem","position":1,"name":"Inicio","item":"https:\/\/quehacerpolitico.mx\/"},{"@type":"ListItem","position":2,"name":"Tras temblor, critican a AMLO por protocolo de evacuaci\u00f3n en la ma\u00f1anera\u00a0"}]},{"@type":"WebSite","@id":"https:\/\/quehacerpolitico.mx\/#website","url":"https:\/\/quehacerpolitico.mx\/","name":"","description":"","potentialAction":[{"@type":"SearchAction","target":{"@type":"EntryPoint","urlTemplate":"https:\/\/quehacerpolitico.mx\/?s={search_term_string}"},"query-input":{"@type":"PropertyValueSpecification","valueRequired":true,"valueName":"search_term_string"}}],"inLanguage":"es"},{"@type":"Person","@id":"https:\/\/quehacerpolitico.mx\/#\/schema\/person\/496d8ad2d1d3f8036101dca7ee39e585","name":"Redacci\u00f3n QP","image":{"@type":"ImageObject","inLanguage":"es","@id":"https:\/\/secure.gravatar.com\/avatar\/c7164ed6fdec453195284ad24a5ae5b6e1eed2b848477fa2a4787ba9adf39a41?s=96&d=mm&r=g","url":"https:\/\/secure.gravatar.com\/avatar\/c7164ed6fdec453195284ad24a5ae5b6e1eed2b848477fa2a4787ba9adf39a41?s=96&d=mm&r=g","contentUrl":"https:\/\/secure.gravatar.com\/avatar\/c7164ed6fdec453195284ad24a5ae5b6e1eed2b848477fa2a4787ba9adf39a41?s=96&d=mm&r=g","caption":"Redacci\u00f3n QP"},"url":"https:\/\/quehacerpolitico.mx\/?author=2"}]}},"featured_image_urls":{"full":["https:\/\/quehacerpolitico.mx\/wp-content\/uploads\/2022\/03\/B122960B-F23A-4FC9-AF02-EC595AC3D0BE.jpeg",1284,634,false],"thumbnail":["https:\/\/quehacerpolitico.mx\/wp-content\/uploads\/2022\/03\/B122960B-F23A-4FC9-AF02-EC595AC3D0BE-150x150.jpeg",150,150,true],"medium":["https:\/\/quehacerpolitico.mx\/wp-content\/uploads\/2022\/03\/B122960B-F23A-4FC9-AF02-EC595AC3D0BE-300x148.jpeg",300,148,true],"medium_large":["https:\/\/quehacerpolitico.mx\/wp-content\/uploads\/2022\/03\/B122960B-F23A-4FC9-AF02-EC595AC3D0BE-768x379.jpeg",640,316,true],"large":["https:\/\/quehacerpolitico.mx\/wp-content\/uploads\/2022\/03\/B122960B-F23A-4FC9-AF02-EC595AC3D0BE-1024x506.jpeg",640,316,true],"1536x1536":["https:\/\/quehacerpolitico.mx\/wp-content\/uploads\/2022\/03\/B122960B-F23A-4FC9-AF02-EC595AC3D0BE.jpeg",1284,634,false],"2048x2048":["https:\/\/quehacerpolitico.mx\/wp-content\/uploads\/2022\/03\/B122960B-F23A-4FC9-AF02-EC595AC3D0BE.jpeg",1284,634,false],"covernews-featured":["https:\/\/quehacerpolitico.mx\/wp-content\/uploads\/2022\/03\/B122960B-F23A-4FC9-AF02-EC595AC3D0BE.jpeg",1024,506,false],"covernews-medium":["https:\/\/quehacerpolitico.mx\/wp-content\/uploads\/2022\/03\/B122960B-F23A-4FC9-AF02-EC595AC3D0BE.jpeg",540,267,false]},"author_info":{"display_name":"Redacci\u00f3n QP","author_link":"https:\/\/quehacerpolitico.mx\/?author=2"},"category_info":"<a href=\"https:\/\/quehacerpolitico.mx\/?cat=2\" rel=\"category\">Noticias<\/a>","tag_info":"Noticias","comment_count":"0","_links":{"self":[{"href":"https:\/\/quehacerpolitico.mx\/index.php?rest_route=\/wp\/v2\/posts\/90316","targetHints":{"allow":["GET"]}}],"collection":[{"href":"https:\/\/quehacerpolitico.mx\/index.php?rest_route=\/wp\/v2\/posts"}],"about":[{"href":"https:\/\/quehacerpolitico.mx\/index.php?rest_route=\/wp\/v2\/types\/post"}],"author":[{"embeddable":true,"href":"https:\/\/quehacerpolitico.mx\/index.php?rest_route=\/wp\/v2\/users\/2"}],"replies":[{"embeddable":true,"href":"https:\/\/quehacerpolitico.mx\/index.php?rest_route=%2Fwp%2Fv2%2Fcomments&post=90316"}],"version-history":[{"count":1,"href":"https:\/\/quehacerpolitico.mx\/index.php?rest_route=\/wp\/v2\/posts\/90316\/revisions"}],"predecessor-version":[{"id":90318,"href":"https:\/\/quehacerpolitico.mx\/index.php?rest_route=\/wp\/v2\/posts\/90316\/revisions\/90318"}],"wp:featuredmedia":[{"embeddable":true,"href":"https:\/\/quehacerpolitico.mx\/index.php?rest_route=\/wp\/v2\/media\/90317"}],"wp:attachment":[{"href":"https:\/\/quehacerpolitico.mx\/index.php?rest_route=%2Fwp%2Fv2%2Fmedia&parent=90316"}],"wp:term":[{"taxonomy":"category","embeddable":true,"href":"https:\/\/quehacerpolitico.mx\/index.php?rest_route=%2Fwp%2Fv2%2Fcategories&post=90316"},{"taxonomy":"post_tag","embeddable":true,"href":"https:\/\/quehacerpolitico.mx\/index.php?rest_route=%2Fwp%2Fv2%2Ftags&post=90316"}],"curies":[{"name":"wp","href":"https:\/\/api.w.org\/{rel}","templated":true}]}}