{"id":90296,"date":"2022-03-03T16:15:29","date_gmt":"2022-03-03T16:15:29","guid":{"rendered":"https:\/\/quehacerpolitico.mx\/?p=90296"},"modified":"2022-03-03T16:15:33","modified_gmt":"2022-03-03T16:15:33","slug":"the-edge-el-impresionante-gigante-mas-sostenible-del-mundo","status":"publish","type":"post","link":"https:\/\/quehacerpolitico.mx\/?p=90296","title":{"rendered":"The Edge el impresionante gigante m\u00e1s sostenible del mundo\u00a0"},"content":{"rendered":"\n<p>Por Redacci\u00f3n NotiExpress Internacional | La Revista del Sector Inmobiliario<\/p>\n\n\n\n<p><em>Ubicado en \u00c1msterdam, The Edge logr\u00f3 una certificaci\u00f3n de \u201csobresaliente\u201d y una puntuaci\u00f3n de 98.36% seg\u00fan el m\u00e9todo BREEAM, lo que demuestra el grado de inteligencia e innovaci\u00f3n de esta sorprendente edificaci\u00f3n.<\/em><br><em>The Edge, la nueva sede compartida de Deloitte y AKD, ubicada en la zona de Zuidas, en \u00c1msterdam, se ha convertido en el edificio de oficinas m\u00e1s sostenible del mundo, certificado por BREEAM (Building Research Establishment Environmental Assessment Methodology). As\u00ed lo demuestra su calificaci\u00f3n de sobresaliente al obtener la puntuaci\u00f3n m\u00e1s alta jam\u00e1s registrada, un 98.36%. Este edificio multi-inquilinos dise\u00f1ado por OVG Real Estate, con Deerns como responsable del proyecto de ingenier\u00eda y de direcci\u00f3n de obra, ofrece a empresas una distribuci\u00f3n en plantas de m\u00e1s de 2,300 metros cuadrados cuyas superficies se distribuyen en forma de U alrededor de un atrio para favorecer la comunicaci\u00f3n y contribuir al establecimiento de mayor cantidad de puntos de encuentro. El edificio est\u00e1 conectado con una vasta red de dos tipos de tubos: uno que contiene los datos (cables ethernet) y otro que contiene agua. Detr\u00e1s de cada losa del techo hay una enorme red de conductos azules que suministra agua desde y hacia el aljibe subterr\u00e1neo del edificio para la calefacci\u00f3n y la refrigeraci\u00f3n.<\/em><\/p>\n\n\n\n<figure class=\"wp-block-image size-large\"><img loading=\"lazy\" decoding=\"async\" width=\"807\" height=\"1024\" src=\"https:\/\/quehacerpolitico.mx\/wp-content\/uploads\/2022\/03\/image-18-807x1024.jpeg\" alt=\"\" class=\"wp-image-90298\" srcset=\"https:\/\/quehacerpolitico.mx\/wp-content\/uploads\/2022\/03\/image-18-807x1024.jpeg 807w, https:\/\/quehacerpolitico.mx\/wp-content\/uploads\/2022\/03\/image-18-236x300.jpeg 236w, https:\/\/quehacerpolitico.mx\/wp-content\/uploads\/2022\/03\/image-18-768x975.jpeg 768w, https:\/\/quehacerpolitico.mx\/wp-content\/uploads\/2022\/03\/image-18-1210x1536.jpeg 1210w, https:\/\/quehacerpolitico.mx\/wp-content\/uploads\/2022\/03\/image-18-115x146.jpeg 115w, https:\/\/quehacerpolitico.mx\/wp-content\/uploads\/2022\/03\/image-18-39x50.jpeg 39w, https:\/\/quehacerpolitico.mx\/wp-content\/uploads\/2022\/03\/image-18-59x75.jpeg 59w, https:\/\/quehacerpolitico.mx\/wp-content\/uploads\/2022\/03\/image-18.jpeg 1255w\" sizes=\"auto, (max-width: 807px) 100vw, 807px\" \/><\/figure>\n\n\n\n<p><em>Durante los meses de verano, el edificio infiltra agua caliente a m\u00e1s de 122 metros de profundidad al acu\u00edfero que est\u00e1 debajo del edificio, donde se queda, aislada, hasta el invierno, cuando es extra\u00edda para la calefacci\u00f3n. El sistema desarrollado espec\u00edficamente para el edificio es el almacenamiento de energ\u00eda t\u00e9rmica en acu\u00edfero m\u00e1s eficiente en el mundo, de acuerdo con Robert van Alphen de OVG, quien estuvo al frente del proyecto Edge.<br>Un gran contenedor de hormig\u00f3n en la parte trasera del garaje recoge el agua de lluvia usada para los inodoros y para regar los jardines. El agua desciende por los sistemas de captaci\u00f3n en el techo y en los balcones exteriores.<strong>PANELES SOLARES<\/strong><br>La fachada sur es un tablero de ajedrez donde alternan paneles solares y ventanas. Los gruesos muros de concreto ayudan a regular el calor y las ventanas embutidas reducen la necesidad de sombra, a pesar de la exposici\u00f3n directa al sol. El techo tambi\u00e9n est\u00e1 cubierto con paneles. The Edge utiliza 70 por ciento menos electricidad que el t\u00edpico edificio de oficinas y se jacta de producir m\u00e1s energ\u00eda de la que consume. Los sensores en los paneles de iluminaci\u00f3n Led hacen lecturas detalladas de la temperatura y la humedad. Aunque menos de una cuarta parte de los empleados utilizan activamente las funciones de termostato de la aplicaci\u00f3n, la mayor\u00eda de los usuarios la encuentran \u00fatil. Tal vez porque los controles de precisi\u00f3n eliminan el problema de los puntos calientes y fr\u00edos naturales, a menudo ubicados junto a las ventanas. La pr\u00f3xima actualizaci\u00f3n de la \u201capp\u201d buscar\u00e1 todav\u00eda mayor eficiencia, sugiriendo al empleado un escritorio en funci\u00f3n de sus preferencias de temperatura y lugares de reuni\u00f3n durante el d\u00eda.<strong>AIRE PURO<\/strong><\/em><\/p>\n\n\n\n<figure class=\"wp-block-image size-large\"><img loading=\"lazy\" decoding=\"async\" width=\"716\" height=\"1024\" src=\"https:\/\/quehacerpolitico.mx\/wp-content\/uploads\/2022\/03\/image-19-716x1024.jpeg\" alt=\"\" class=\"wp-image-90299\" srcset=\"https:\/\/quehacerpolitico.mx\/wp-content\/uploads\/2022\/03\/image-19-716x1024.jpeg 716w, https:\/\/quehacerpolitico.mx\/wp-content\/uploads\/2022\/03\/image-19-210x300.jpeg 210w, https:\/\/quehacerpolitico.mx\/wp-content\/uploads\/2022\/03\/image-19-768x1098.jpeg 768w, https:\/\/quehacerpolitico.mx\/wp-content\/uploads\/2022\/03\/image-19-1074x1536.jpeg 1074w, https:\/\/quehacerpolitico.mx\/wp-content\/uploads\/2022\/03\/image-19-102x146.jpeg 102w, https:\/\/quehacerpolitico.mx\/wp-content\/uploads\/2022\/03\/image-19-35x50.jpeg 35w, https:\/\/quehacerpolitico.mx\/wp-content\/uploads\/2022\/03\/image-19-52x75.jpeg 52w, https:\/\/quehacerpolitico.mx\/wp-content\/uploads\/2022\/03\/image-19.jpeg 1134w\" sizes=\"auto, (max-width: 716px) 100vw, 716px\" \/><\/figure>\n\n\n\n<p><em>El atrio es el centro de gravedad de ese sistema solar llamado Edge. Unas placas de rejilla entre cada piso permiten que el aire enrarecido de la oficina ventile hacia el espacio abierto, donde sube y es exhalado a trav\u00e9s del techo, creando un ciclo natural de ventilaci\u00f3n. Las ligeras variaciones de la temperatura y las corrientes de aire dan la sensaci\u00f3n de estar al aire libre. Incluso en un d\u00eda lluvioso, el edificio se mantiene opalescente con luz natural.<br>El atrio y su ic\u00f3nico techo inclinado, que desde el exterior luce como si le hubieran cortado una cu\u00f1a al edificio, inundan los espacios de trabajo con luz del d\u00eda y amortigua el sonido de la carretera y la v\u00eda ferroviaria cercana. Cada espacio de trabajo est\u00e1 a unos 7 metros de una ventana.<br>&#8220;Una cuarta parte de este edificio no est\u00e1 destinada a escritorios, es un lugar de encuentro&#8221;, dice Ron Bakker, arquitecto del Edge, en la oficina londinense de PLP Architecture. &#8220;Estamos empezando a notar que el espacio de oficinas no tiene que ver tanto con la propia \u00e1rea de trabajo; sino con una comunidad de trabajo, y que la gente tenga un lugar al que quiera ir, donde las ideas se nutran y se determine el futuro\u201d.<strong>ESPACIO EFICIENTE<\/strong><br>Unos 2,500 trabajadores de Deloitte comparten mil escritorios. El concepto ha sido bautizado como \u201chot desking\u201d o escritorios compartidos, y se supone que fomenta las nuevas relaciones, las interacciones casuales y, en el mismo orden de importancia, el uso eficiente del espacio. Los escritorios s\u00f3lo se utilizan cuando se necesitan. Algunas de las peque\u00f1as salas en el edificio contienen s\u00f3lo un sill\u00f3n y una l\u00e1mpara (sin mesa), ideales para una llamada telef\u00f3nica. Tambi\u00e9n hay salas de juego y barras de caf\u00e9 con m\u00e1quinas de expreso que saben c\u00f3mo te gusta el caf\u00e9. Las enormes pantallas planas en cada esquina pueden sincronizarse de forma inal\u00e1mbrica con cualquier tel\u00e9fono o port\u00e1til.<br>Dado que quienes trabajan en The Edge no tienen escritorios asignados, los casilleros sirven como base de operaciones durante el d\u00eda. El empleado encuentra un casillero con una luz verde, desliza su tarjeta de identificaci\u00f3n, y listo. Se desaconseja que los empleados conserven un mismo casillero durante d\u00edas o semanas, porque parte de la filosof\u00eda het nieuwe werken es alejar a la gente de sus lugares fijos y formas r\u00edgidas de pensamiento.<strong>AUTOS EL\u00c9CTRICOS<\/strong><br>Al llegar al edificio, la entrada del estacionamiento est\u00e1 automatizada, de manera que una c\u00e1mara toma una foto de la matr\u00edcula de cada veh\u00edculo, la cruza con los registros y eleva el port\u00f3n. All\u00ed tambi\u00e9n hay luces Led equipadas con sensores, que iluminan el camino del auto y se apagan al salir. Y como es Holanda, no sorprende que haya un garaje aparte para las bicicletas y que haya cargadores gratuitos para los veh\u00edculos el\u00e9ctricos; en \u00c1msterdam hasta los taxis del aeropuerto son Tesla.<\/em><\/p>\n\n\n\n<figure class=\"wp-block-image size-large\"><img loading=\"lazy\" decoding=\"async\" width=\"787\" height=\"1024\" src=\"https:\/\/quehacerpolitico.mx\/wp-content\/uploads\/2022\/03\/image-20-787x1024.jpeg\" alt=\"\" class=\"wp-image-90300\" srcset=\"https:\/\/quehacerpolitico.mx\/wp-content\/uploads\/2022\/03\/image-20-787x1024.jpeg 787w, https:\/\/quehacerpolitico.mx\/wp-content\/uploads\/2022\/03\/image-20-231x300.jpeg 231w, https:\/\/quehacerpolitico.mx\/wp-content\/uploads\/2022\/03\/image-20-768x999.jpeg 768w, https:\/\/quehacerpolitico.mx\/wp-content\/uploads\/2022\/03\/image-20-1180x1536.jpeg 1180w, https:\/\/quehacerpolitico.mx\/wp-content\/uploads\/2022\/03\/image-20-112x146.jpeg 112w, https:\/\/quehacerpolitico.mx\/wp-content\/uploads\/2022\/03\/image-20-38x50.jpeg 38w, https:\/\/quehacerpolitico.mx\/wp-content\/uploads\/2022\/03\/image-20-58x75.jpeg 58w, https:\/\/quehacerpolitico.mx\/wp-content\/uploads\/2022\/03\/image-20.jpeg 1228w\" sizes=\"auto, (max-width: 787px) 100vw, 787px\" \/><\/figure>\n\n\n\n<p>No se te olvide que?<\/p>\n\n\n\n<p>En\u00a0NotiExpress | La Revista del Sector Inmobiliario nos ocupamos en la difusi\u00f3n de la industria inmobiliaria generamos contenidos que te ayudar\u00e1n a mantenerte a la vanguardia en tecnolog\u00eda y en tendencias del sector inmobiliario para que puedas ofrecer el mejor servicio y generar m\u00e1s clientes.<\/p>\n\n\n\n<p>\u00c9chale una miradita a nuestra revista mensual donde encontrar\u00e1s la informaci\u00f3n precisa y oportuna con todo lo relacionado al sector inmobiliario aqu\u00ed\u00a0?<a href=\"https:\/\/issuu.com\/notiexpressmx\/docs\/notiexpress_07\">https:\/\/issuu.com\/notiexpressmx\/docs\/notiexpress_07\u00a0<\/a>\u00a0NotiExpress | La Revista del Sector Inmobiliario<\/p>\n\n\n\n<figure class=\"wp-block-image size-large\"><img loading=\"lazy\" decoding=\"async\" width=\"1024\" height=\"570\" src=\"https:\/\/quehacerpolitico.mx\/wp-content\/uploads\/2022\/03\/image-17-1024x570.jpeg\" alt=\"\" class=\"wp-image-90297\" srcset=\"https:\/\/quehacerpolitico.mx\/wp-content\/uploads\/2022\/03\/image-17-1024x570.jpeg 1024w, https:\/\/quehacerpolitico.mx\/wp-content\/uploads\/2022\/03\/image-17-300x167.jpeg 300w, https:\/\/quehacerpolitico.mx\/wp-content\/uploads\/2022\/03\/image-17-768x428.jpeg 768w, https:\/\/quehacerpolitico.mx\/wp-content\/uploads\/2022\/03\/image-17-260x146.jpeg 260w, https:\/\/quehacerpolitico.mx\/wp-content\/uploads\/2022\/03\/image-17-50x28.jpeg 50w, https:\/\/quehacerpolitico.mx\/wp-content\/uploads\/2022\/03\/image-17-135x75.jpeg 135w, https:\/\/quehacerpolitico.mx\/wp-content\/uploads\/2022\/03\/image-17.jpeg 1284w\" sizes=\"auto, (max-width: 1024px) 100vw, 1024px\" \/><\/figure>\n","protected":false},"excerpt":{"rendered":"<p>Por Redacci\u00f3n NotiExpress Internacional | La Revista del Sector Inmobiliario Ubicado en \u00c1msterdam, The Edge&#8230;<\/p>\n","protected":false},"author":2,"featured_media":90301,"comment_status":"open","ping_status":"open","sticky":false,"template":"","format":"standard","meta":{"_monsterinsights_skip_tracking":false,"_monsterinsights_sitenote_active":false,"_monsterinsights_sitenote_note":"","_monsterinsights_sitenote_category":0,"footnotes":""},"categories":[56],"tags":[],"class_list":["post-90296","post","type-post","status-publish","format-standard","has-post-thumbnail","hentry","category-economia"],"yoast_head":"<!-- This site is optimized with the Yoast SEO plugin v27.3 - https:\/\/yoast.com\/product\/yoast-seo-wordpress\/ -->\n<title>The Edge el impresionante gigante m\u00e1s sostenible del mundo\u00a0 -<\/title>\n<meta name=\"robots\" content=\"index, follow, max-snippet:-1, max-image-preview:large, max-video-preview:-1\" \/>\n<link rel=\"canonical\" href=\"https:\/\/quehacerpolitico.mx\/?p=90296\" \/>\n<meta property=\"og:locale\" content=\"es_MX\" \/>\n<meta property=\"og:type\" content=\"article\" \/>\n<meta property=\"og:title\" content=\"The Edge el impresionante gigante m\u00e1s sostenible del mundo\u00a0 -\" \/>\n<meta property=\"og:description\" content=\"Por Redacci\u00f3n NotiExpress Internacional | La Revista del Sector Inmobiliario Ubicado en \u00c1msterdam, The Edge...\" \/>\n<meta property=\"og:url\" content=\"https:\/\/quehacerpolitico.mx\/?p=90296\" \/>\n<meta property=\"article:published_time\" content=\"2022-03-03T16:15:29+00:00\" \/>\n<meta property=\"article:modified_time\" content=\"2022-03-03T16:15:33+00:00\" \/>\n<meta property=\"og:image\" content=\"https:\/\/quehacerpolitico.mx\/wp-content\/uploads\/2022\/03\/6B71BAB2-4261-4A23-AE67-517D3AA97BB2.jpeg\" \/>\n\t<meta property=\"og:image:width\" content=\"1235\" \/>\n\t<meta property=\"og:image:height\" content=\"698\" \/>\n\t<meta property=\"og:image:type\" content=\"image\/jpeg\" \/>\n<meta name=\"author\" content=\"Redacci\u00f3n QP\" \/>\n<meta name=\"twitter:card\" content=\"summary_large_image\" \/>\n<meta name=\"twitter:label1\" content=\"Escrito por\" \/>\n\t<meta name=\"twitter:data1\" content=\"Redacci\u00f3n QP\" \/>\n\t<meta name=\"twitter:label2\" content=\"Tiempo de lectura\" \/>\n\t<meta name=\"twitter:data2\" content=\"6 minutos\" \/>\n<script type=\"application\/ld+json\" class=\"yoast-schema-graph\">{\"@context\":\"https:\\\/\\\/schema.org\",\"@graph\":[{\"@type\":\"Article\",\"@id\":\"https:\\\/\\\/quehacerpolitico.mx\\\/?p=90296#article\",\"isPartOf\":{\"@id\":\"https:\\\/\\\/quehacerpolitico.mx\\\/?p=90296\"},\"author\":{\"name\":\"Redacci\u00f3n QP\",\"@id\":\"https:\\\/\\\/quehacerpolitico.mx\\\/#\\\/schema\\\/person\\\/496d8ad2d1d3f8036101dca7ee39e585\"},\"headline\":\"The Edge el impresionante gigante m\u00e1s sostenible del mundo\u00a0\",\"datePublished\":\"2022-03-03T16:15:29+00:00\",\"dateModified\":\"2022-03-03T16:15:33+00:00\",\"mainEntityOfPage\":{\"@id\":\"https:\\\/\\\/quehacerpolitico.mx\\\/?p=90296\"},\"wordCount\":1153,\"commentCount\":0,\"image\":{\"@id\":\"https:\\\/\\\/quehacerpolitico.mx\\\/?p=90296#primaryimage\"},\"thumbnailUrl\":\"https:\\\/\\\/quehacerpolitico.mx\\\/wp-content\\\/uploads\\\/2022\\\/03\\\/6B71BAB2-4261-4A23-AE67-517D3AA97BB2.jpeg\",\"articleSection\":[\"Econom\u00eda\"],\"inLanguage\":\"es\",\"potentialAction\":[{\"@type\":\"CommentAction\",\"name\":\"Comment\",\"target\":[\"https:\\\/\\\/quehacerpolitico.mx\\\/?p=90296#respond\"]}]},{\"@type\":\"WebPage\",\"@id\":\"https:\\\/\\\/quehacerpolitico.mx\\\/?p=90296\",\"url\":\"https:\\\/\\\/quehacerpolitico.mx\\\/?p=90296\",\"name\":\"The Edge el impresionante gigante m\u00e1s sostenible del mundo\u00a0 -\",\"isPartOf\":{\"@id\":\"https:\\\/\\\/quehacerpolitico.mx\\\/#website\"},\"primaryImageOfPage\":{\"@id\":\"https:\\\/\\\/quehacerpolitico.mx\\\/?p=90296#primaryimage\"},\"image\":{\"@id\":\"https:\\\/\\\/quehacerpolitico.mx\\\/?p=90296#primaryimage\"},\"thumbnailUrl\":\"https:\\\/\\\/quehacerpolitico.mx\\\/wp-content\\\/uploads\\\/2022\\\/03\\\/6B71BAB2-4261-4A23-AE67-517D3AA97BB2.jpeg\",\"datePublished\":\"2022-03-03T16:15:29+00:00\",\"dateModified\":\"2022-03-03T16:15:33+00:00\",\"author\":{\"@id\":\"https:\\\/\\\/quehacerpolitico.mx\\\/#\\\/schema\\\/person\\\/496d8ad2d1d3f8036101dca7ee39e585\"},\"breadcrumb\":{\"@id\":\"https:\\\/\\\/quehacerpolitico.mx\\\/?p=90296#breadcrumb\"},\"inLanguage\":\"es\",\"potentialAction\":[{\"@type\":\"ReadAction\",\"target\":[\"https:\\\/\\\/quehacerpolitico.mx\\\/?p=90296\"]}]},{\"@type\":\"ImageObject\",\"inLanguage\":\"es\",\"@id\":\"https:\\\/\\\/quehacerpolitico.mx\\\/?p=90296#primaryimage\",\"url\":\"https:\\\/\\\/quehacerpolitico.mx\\\/wp-content\\\/uploads\\\/2022\\\/03\\\/6B71BAB2-4261-4A23-AE67-517D3AA97BB2.jpeg\",\"contentUrl\":\"https:\\\/\\\/quehacerpolitico.mx\\\/wp-content\\\/uploads\\\/2022\\\/03\\\/6B71BAB2-4261-4A23-AE67-517D3AA97BB2.jpeg\",\"width\":1235,\"height\":698},{\"@type\":\"BreadcrumbList\",\"@id\":\"https:\\\/\\\/quehacerpolitico.mx\\\/?p=90296#breadcrumb\",\"itemListElement\":[{\"@type\":\"ListItem\",\"position\":1,\"name\":\"Inicio\",\"item\":\"https:\\\/\\\/quehacerpolitico.mx\\\/\"},{\"@type\":\"ListItem\",\"position\":2,\"name\":\"The Edge el impresionante gigante m\u00e1s sostenible del mundo\u00a0\"}]},{\"@type\":\"WebSite\",\"@id\":\"https:\\\/\\\/quehacerpolitico.mx\\\/#website\",\"url\":\"https:\\\/\\\/quehacerpolitico.mx\\\/\",\"name\":\"\",\"description\":\"\",\"potentialAction\":[{\"@type\":\"SearchAction\",\"target\":{\"@type\":\"EntryPoint\",\"urlTemplate\":\"https:\\\/\\\/quehacerpolitico.mx\\\/?s={search_term_string}\"},\"query-input\":{\"@type\":\"PropertyValueSpecification\",\"valueRequired\":true,\"valueName\":\"search_term_string\"}}],\"inLanguage\":\"es\"},{\"@type\":\"Person\",\"@id\":\"https:\\\/\\\/quehacerpolitico.mx\\\/#\\\/schema\\\/person\\\/496d8ad2d1d3f8036101dca7ee39e585\",\"name\":\"Redacci\u00f3n QP\",\"image\":{\"@type\":\"ImageObject\",\"inLanguage\":\"es\",\"@id\":\"https:\\\/\\\/secure.gravatar.com\\\/avatar\\\/c7164ed6fdec453195284ad24a5ae5b6e1eed2b848477fa2a4787ba9adf39a41?s=96&d=mm&r=g\",\"url\":\"https:\\\/\\\/secure.gravatar.com\\\/avatar\\\/c7164ed6fdec453195284ad24a5ae5b6e1eed2b848477fa2a4787ba9adf39a41?s=96&d=mm&r=g\",\"contentUrl\":\"https:\\\/\\\/secure.gravatar.com\\\/avatar\\\/c7164ed6fdec453195284ad24a5ae5b6e1eed2b848477fa2a4787ba9adf39a41?s=96&d=mm&r=g\",\"caption\":\"Redacci\u00f3n QP\"},\"url\":\"https:\\\/\\\/quehacerpolitico.mx\\\/?author=2\"}]}<\/script>\n<!-- \/ Yoast SEO plugin. -->","yoast_head_json":{"title":"The Edge el impresionante gigante m\u00e1s sostenible del mundo\u00a0 -","robots":{"index":"index","follow":"follow","max-snippet":"max-snippet:-1","max-image-preview":"max-image-preview:large","max-video-preview":"max-video-preview:-1"},"canonical":"https:\/\/quehacerpolitico.mx\/?p=90296","og_locale":"es_MX","og_type":"article","og_title":"The Edge el impresionante gigante m\u00e1s sostenible del mundo\u00a0 -","og_description":"Por Redacci\u00f3n NotiExpress Internacional | La Revista del Sector Inmobiliario Ubicado en \u00c1msterdam, The Edge...","og_url":"https:\/\/quehacerpolitico.mx\/?p=90296","article_published_time":"2022-03-03T16:15:29+00:00","article_modified_time":"2022-03-03T16:15:33+00:00","og_image":[{"width":1235,"height":698,"url":"https:\/\/quehacerpolitico.mx\/wp-content\/uploads\/2022\/03\/6B71BAB2-4261-4A23-AE67-517D3AA97BB2.jpeg","type":"image\/jpeg"}],"author":"Redacci\u00f3n QP","twitter_card":"summary_large_image","twitter_misc":{"Escrito por":"Redacci\u00f3n QP","Tiempo de lectura":"6 minutos"},"schema":{"@context":"https:\/\/schema.org","@graph":[{"@type":"Article","@id":"https:\/\/quehacerpolitico.mx\/?p=90296#article","isPartOf":{"@id":"https:\/\/quehacerpolitico.mx\/?p=90296"},"author":{"name":"Redacci\u00f3n QP","@id":"https:\/\/quehacerpolitico.mx\/#\/schema\/person\/496d8ad2d1d3f8036101dca7ee39e585"},"headline":"The Edge el impresionante gigante m\u00e1s sostenible del mundo\u00a0","datePublished":"2022-03-03T16:15:29+00:00","dateModified":"2022-03-03T16:15:33+00:00","mainEntityOfPage":{"@id":"https:\/\/quehacerpolitico.mx\/?p=90296"},"wordCount":1153,"commentCount":0,"image":{"@id":"https:\/\/quehacerpolitico.mx\/?p=90296#primaryimage"},"thumbnailUrl":"https:\/\/quehacerpolitico.mx\/wp-content\/uploads\/2022\/03\/6B71BAB2-4261-4A23-AE67-517D3AA97BB2.jpeg","articleSection":["Econom\u00eda"],"inLanguage":"es","potentialAction":[{"@type":"CommentAction","name":"Comment","target":["https:\/\/quehacerpolitico.mx\/?p=90296#respond"]}]},{"@type":"WebPage","@id":"https:\/\/quehacerpolitico.mx\/?p=90296","url":"https:\/\/quehacerpolitico.mx\/?p=90296","name":"The Edge el impresionante gigante m\u00e1s sostenible del mundo\u00a0 -","isPartOf":{"@id":"https:\/\/quehacerpolitico.mx\/#website"},"primaryImageOfPage":{"@id":"https:\/\/quehacerpolitico.mx\/?p=90296#primaryimage"},"image":{"@id":"https:\/\/quehacerpolitico.mx\/?p=90296#primaryimage"},"thumbnailUrl":"https:\/\/quehacerpolitico.mx\/wp-content\/uploads\/2022\/03\/6B71BAB2-4261-4A23-AE67-517D3AA97BB2.jpeg","datePublished":"2022-03-03T16:15:29+00:00","dateModified":"2022-03-03T16:15:33+00:00","author":{"@id":"https:\/\/quehacerpolitico.mx\/#\/schema\/person\/496d8ad2d1d3f8036101dca7ee39e585"},"breadcrumb":{"@id":"https:\/\/quehacerpolitico.mx\/?p=90296#breadcrumb"},"inLanguage":"es","potentialAction":[{"@type":"ReadAction","target":["https:\/\/quehacerpolitico.mx\/?p=90296"]}]},{"@type":"ImageObject","inLanguage":"es","@id":"https:\/\/quehacerpolitico.mx\/?p=90296#primaryimage","url":"https:\/\/quehacerpolitico.mx\/wp-content\/uploads\/2022\/03\/6B71BAB2-4261-4A23-AE67-517D3AA97BB2.jpeg","contentUrl":"https:\/\/quehacerpolitico.mx\/wp-content\/uploads\/2022\/03\/6B71BAB2-4261-4A23-AE67-517D3AA97BB2.jpeg","width":1235,"height":698},{"@type":"BreadcrumbList","@id":"https:\/\/quehacerpolitico.mx\/?p=90296#breadcrumb","itemListElement":[{"@type":"ListItem","position":1,"name":"Inicio","item":"https:\/\/quehacerpolitico.mx\/"},{"@type":"ListItem","position":2,"name":"The Edge el impresionante gigante m\u00e1s sostenible del mundo\u00a0"}]},{"@type":"WebSite","@id":"https:\/\/quehacerpolitico.mx\/#website","url":"https:\/\/quehacerpolitico.mx\/","name":"","description":"","potentialAction":[{"@type":"SearchAction","target":{"@type":"EntryPoint","urlTemplate":"https:\/\/quehacerpolitico.mx\/?s={search_term_string}"},"query-input":{"@type":"PropertyValueSpecification","valueRequired":true,"valueName":"search_term_string"}}],"inLanguage":"es"},{"@type":"Person","@id":"https:\/\/quehacerpolitico.mx\/#\/schema\/person\/496d8ad2d1d3f8036101dca7ee39e585","name":"Redacci\u00f3n QP","image":{"@type":"ImageObject","inLanguage":"es","@id":"https:\/\/secure.gravatar.com\/avatar\/c7164ed6fdec453195284ad24a5ae5b6e1eed2b848477fa2a4787ba9adf39a41?s=96&d=mm&r=g","url":"https:\/\/secure.gravatar.com\/avatar\/c7164ed6fdec453195284ad24a5ae5b6e1eed2b848477fa2a4787ba9adf39a41?s=96&d=mm&r=g","contentUrl":"https:\/\/secure.gravatar.com\/avatar\/c7164ed6fdec453195284ad24a5ae5b6e1eed2b848477fa2a4787ba9adf39a41?s=96&d=mm&r=g","caption":"Redacci\u00f3n QP"},"url":"https:\/\/quehacerpolitico.mx\/?author=2"}]}},"featured_image_urls":{"full":["https:\/\/quehacerpolitico.mx\/wp-content\/uploads\/2022\/03\/6B71BAB2-4261-4A23-AE67-517D3AA97BB2.jpeg",1235,698,false],"thumbnail":["https:\/\/quehacerpolitico.mx\/wp-content\/uploads\/2022\/03\/6B71BAB2-4261-4A23-AE67-517D3AA97BB2-150x150.jpeg",150,150,true],"medium":["https:\/\/quehacerpolitico.mx\/wp-content\/uploads\/2022\/03\/6B71BAB2-4261-4A23-AE67-517D3AA97BB2-300x170.jpeg",300,170,true],"medium_large":["https:\/\/quehacerpolitico.mx\/wp-content\/uploads\/2022\/03\/6B71BAB2-4261-4A23-AE67-517D3AA97BB2-768x434.jpeg",640,362,true],"large":["https:\/\/quehacerpolitico.mx\/wp-content\/uploads\/2022\/03\/6B71BAB2-4261-4A23-AE67-517D3AA97BB2-1024x579.jpeg",640,362,true],"1536x1536":["https:\/\/quehacerpolitico.mx\/wp-content\/uploads\/2022\/03\/6B71BAB2-4261-4A23-AE67-517D3AA97BB2.jpeg",1235,698,false],"2048x2048":["https:\/\/quehacerpolitico.mx\/wp-content\/uploads\/2022\/03\/6B71BAB2-4261-4A23-AE67-517D3AA97BB2.jpeg",1235,698,false],"covernews-featured":["https:\/\/quehacerpolitico.mx\/wp-content\/uploads\/2022\/03\/6B71BAB2-4261-4A23-AE67-517D3AA97BB2.jpeg",1024,579,false],"covernews-medium":["https:\/\/quehacerpolitico.mx\/wp-content\/uploads\/2022\/03\/6B71BAB2-4261-4A23-AE67-517D3AA97BB2.jpeg",540,305,false]},"author_info":{"display_name":"Redacci\u00f3n QP","author_link":"https:\/\/quehacerpolitico.mx\/?author=2"},"category_info":"<a href=\"https:\/\/quehacerpolitico.mx\/?cat=56\" rel=\"category\">Econom\u00eda<\/a>","tag_info":"Econom\u00eda","comment_count":"0","_links":{"self":[{"href":"https:\/\/quehacerpolitico.mx\/index.php?rest_route=\/wp\/v2\/posts\/90296","targetHints":{"allow":["GET"]}}],"collection":[{"href":"https:\/\/quehacerpolitico.mx\/index.php?rest_route=\/wp\/v2\/posts"}],"about":[{"href":"https:\/\/quehacerpolitico.mx\/index.php?rest_route=\/wp\/v2\/types\/post"}],"author":[{"embeddable":true,"href":"https:\/\/quehacerpolitico.mx\/index.php?rest_route=\/wp\/v2\/users\/2"}],"replies":[{"embeddable":true,"href":"https:\/\/quehacerpolitico.mx\/index.php?rest_route=%2Fwp%2Fv2%2Fcomments&post=90296"}],"version-history":[{"count":1,"href":"https:\/\/quehacerpolitico.mx\/index.php?rest_route=\/wp\/v2\/posts\/90296\/revisions"}],"predecessor-version":[{"id":90302,"href":"https:\/\/quehacerpolitico.mx\/index.php?rest_route=\/wp\/v2\/posts\/90296\/revisions\/90302"}],"wp:featuredmedia":[{"embeddable":true,"href":"https:\/\/quehacerpolitico.mx\/index.php?rest_route=\/wp\/v2\/media\/90301"}],"wp:attachment":[{"href":"https:\/\/quehacerpolitico.mx\/index.php?rest_route=%2Fwp%2Fv2%2Fmedia&parent=90296"}],"wp:term":[{"taxonomy":"category","embeddable":true,"href":"https:\/\/quehacerpolitico.mx\/index.php?rest_route=%2Fwp%2Fv2%2Fcategories&post=90296"},{"taxonomy":"post_tag","embeddable":true,"href":"https:\/\/quehacerpolitico.mx\/index.php?rest_route=%2Fwp%2Fv2%2Ftags&post=90296"}],"curies":[{"name":"wp","href":"https:\/\/api.w.org\/{rel}","templated":true}]}}