{"id":90287,"date":"2022-03-03T15:19:22","date_gmt":"2022-03-03T15:19:22","guid":{"rendered":"https:\/\/quehacerpolitico.mx\/?p=90287"},"modified":"2022-03-03T15:19:25","modified_gmt":"2022-03-03T15:19:25","slug":"reportan-sismo-en-mexico-activan-alerta-en-cdmx","status":"publish","type":"post","link":"https:\/\/quehacerpolitico.mx\/?p=90287","title":{"rendered":"Reportan sismo en M\u00e9xico; activan alerta en CDMX\u00a0"},"content":{"rendered":"\n<p>Por Redacci\u00f3n QP<\/p>\n\n\n\n<p>De manera preliminar, el SSN dijo que el sismo tuvo una magnitud de 5.7<\/p>\n\n\n\n<p>El Servicio Sismol\u00f3gico Nacional inform\u00f3 que se registr\u00f3 un temblor hoy 3 de marzo en M\u00e9xico; se activ\u00f3 la alerta s\u00edsimica en la CDMX.<\/p>\n\n\n\n<figure class=\"wp-block-embed is-type-rich is-provider-twitter wp-block-embed-twitter\"><div class=\"wp-block-embed__wrapper\">\n<blockquote class=\"twitter-tweet\" data-width=\"550\" data-dnt=\"true\"><p lang=\"es\" dir=\"ltr\">SISMO Magnitud 5.7 Loc  14 km al NORTE de ISLA, VER 03\/03\/22 08:40:33 Lat 18.15 Lon -95.51 Pf 113 km <a href=\"https:\/\/t.co\/IAuTiYB4Fk\">pic.twitter.com\/IAuTiYB4Fk<\/a><\/p>&mdash; Sismologico Nacional (@SismologicoMX) <a href=\"https:\/\/twitter.com\/SismologicoMX\/status\/1499401482944200707?ref_src=twsrc%5Etfw\">March 3, 2022<\/a><\/blockquote><script async src=\"https:\/\/platform.twitter.com\/widgets.js\" charset=\"utf-8\"><\/script>\n<\/div><\/figure>\n\n\n\n<p>De manera preliminar, el SSN dijo que el sismo tuvo una magnitud de 5.7, y tuvo epicentro 2 kil\u00f3metros al sureste de Isla, Veracruz, con una profundidad de 10 kil\u00f3metros.<\/p>\n\n\n\n<p>\u00bfEvacuan al presidente de Palacio Nacional y a los periodistas los sientan?<\/p>\n\n\n\n<p>\u00bfCu\u00e1l es el protocolo de evacuaci\u00f3n durante en #sismo en la ma\u00f1anera?<\/p>\n\n\n\n<figure class=\"wp-block-embed is-type-rich is-provider-twitter wp-block-embed-twitter\"><div class=\"wp-block-embed__wrapper\">\n<blockquote class=\"twitter-tweet\" data-width=\"550\" data-dnt=\"true\"><p lang=\"es\" dir=\"ltr\">\u00bfEvacuan al presidente de Palacio Nacional y a los periodistas los sientan?<br><br>\u00bfCu\u00e1l es el protocolo de evacuaci\u00f3n durante en <a href=\"https:\/\/twitter.com\/hashtag\/sismo?src=hash&amp;ref_src=twsrc%5Etfw\">#sismo<\/a> en la ma\u00f1anera?<a href=\"https:\/\/t.co\/5PZskiokWr\">pic.twitter.com\/5PZskiokWr<\/a><\/p>&mdash; Ruido en la Red (@RuidoEnLaRed) <a href=\"https:\/\/twitter.com\/RuidoEnLaRed\/status\/1499402684759035913?ref_src=twsrc%5Etfw\">March 3, 2022<\/a><\/blockquote><script async src=\"https:\/\/platform.twitter.com\/widgets.js\" charset=\"utf-8\"><\/script>\n<\/div><\/figure>\n\n\n\n<p>El presidente @lopezobrador_ reanuda la #ma\u00f1anera para informar que por el momento no se reportan da\u00f1os graves por el #sismo de 6.2 de esta ma\u00f1ana<\/p>\n\n\n\n<p>Informa que fue el epicentro fue en Isla, Veracruz y se sinti\u00f3 en Oaxaca, Tuxtepec.<\/p>\n\n\n\n<figure class=\"wp-block-embed is-type-rich is-provider-twitter wp-block-embed-twitter\"><div class=\"wp-block-embed__wrapper\">\n<blockquote class=\"twitter-tweet\" data-width=\"550\" data-dnt=\"true\"><p lang=\"es\" dir=\"ltr\">El presidente <a href=\"https:\/\/twitter.com\/lopezobrador_?ref_src=twsrc%5Etfw\">@lopezobrador_<\/a> reanuda la <a href=\"https:\/\/twitter.com\/hashtag\/ma%C3%B1anera?src=hash&amp;ref_src=twsrc%5Etfw\">#ma\u00f1anera<\/a> para informar que por el momento no se reportan da\u00f1os graves por el <a href=\"https:\/\/twitter.com\/hashtag\/sismo?src=hash&amp;ref_src=twsrc%5Etfw\">#sismo<\/a> de 6.2 de esta ma\u00f1ana<br><br>Informa que fue el epicentro fue en Isla, Veracruz y se sinti\u00f3 en Oaxaca, Tuxtepec. <a href=\"https:\/\/t.co\/Z24qbMN7M9\">pic.twitter.com\/Z24qbMN7M9<\/a><\/p>&mdash; Ruido en la Red (@RuidoEnLaRed) <a href=\"https:\/\/twitter.com\/RuidoEnLaRed\/status\/1499401157797572611?ref_src=twsrc%5Etfw\">March 3, 2022<\/a><\/blockquote><script async src=\"https:\/\/platform.twitter.com\/widgets.js\" charset=\"utf-8\"><\/script>\n<\/div><\/figure>\n\n\n\n<p>Por su parte, la jefa de Gobierno de la Ciudad de M\u00e9xico, Claudia Sheinbaum inform\u00f3 a trav\u00e9s de Twitter que se activaron los protocolos de emergencia, pero esperan m\u00e1s informaci\u00f3n por parte del Sismol\u00f3gico nacional.<\/p>\n\n\n\n<figure class=\"wp-block-embed is-type-rich is-provider-twitter wp-block-embed-twitter\"><div class=\"wp-block-embed__wrapper\">\n<blockquote class=\"twitter-tweet\" data-width=\"550\" data-dnt=\"true\"><p lang=\"es\" dir=\"ltr\">Nos encontramos en la <a href=\"https:\/\/twitter.com\/SSPCMexico?ref_src=twsrc%5Etfw\">@SSPCMexico<\/a> en una reuni\u00f3n con la secretaria <a href=\"https:\/\/twitter.com\/rosaicela_?ref_src=twsrc%5Etfw\">@rosaicela_<\/a> Desde aqu\u00ed informando. <a href=\"https:\/\/t.co\/hRYthyMJyS\">pic.twitter.com\/hRYthyMJyS<\/a><\/p>&mdash; Claudia Sheinbaum Pardo (@Claudiashein) <a href=\"https:\/\/twitter.com\/Claudiashein\/status\/1499399305852960773?ref_src=twsrc%5Etfw\">March 3, 2022<\/a><\/blockquote><script async src=\"https:\/\/platform.twitter.com\/widgets.js\" charset=\"utf-8\"><\/script>\n<\/div><\/figure>\n\n\n\n<figure class=\"wp-block-embed is-type-rich is-provider-twitter wp-block-embed-twitter\"><div class=\"wp-block-embed__wrapper\">\n<blockquote class=\"twitter-tweet\" data-width=\"550\" data-dnt=\"true\"><p lang=\"es\" dir=\"ltr\">Informaci\u00f3n del <a href=\"https:\/\/twitter.com\/SismologicoMX?ref_src=twsrc%5Etfw\">@SismologicoMX<\/a> Ha habido evacuaci\u00f3n de algunos edificios de acuerdo a protocolos. Metro reinicia operaciones. C\u00f3ndores sobrevolando como protocolo <a href=\"https:\/\/t.co\/qQuAiBs9qm\">https:\/\/t.co\/qQuAiBs9qm<\/a> <a href=\"https:\/\/t.co\/EP3wpwK9Tl\">pic.twitter.com\/EP3wpwK9Tl<\/a><\/p>&mdash; Claudia Sheinbaum Pardo (@Claudiashein) <a href=\"https:\/\/twitter.com\/Claudiashein\/status\/1499397876069244930?ref_src=twsrc%5Etfw\">March 3, 2022<\/a><\/blockquote><script async src=\"https:\/\/platform.twitter.com\/widgets.js\" charset=\"utf-8\"><\/script>\n<\/div><\/figure>\n\n\n\n<p>Hasta el momento, no se reportan personas heridas o afectaciones por el temblor de hoy.<\/p>\n","protected":false},"excerpt":{"rendered":"<p>Por Redacci\u00f3n QP De manera preliminar, el SSN dijo que el sismo tuvo una magnitud&#8230;<\/p>\n","protected":false},"author":2,"featured_media":90288,"comment_status":"open","ping_status":"open","sticky":false,"template":"","format":"standard","meta":{"_monsterinsights_skip_tracking":false,"_monsterinsights_sitenote_active":false,"_monsterinsights_sitenote_note":"","_monsterinsights_sitenote_category":0,"footnotes":""},"categories":[55],"tags":[],"class_list":["post-90287","post","type-post","status-publish","format-standard","has-post-thumbnail","hentry","category-cdmx"],"yoast_head":"<!-- This site is optimized with the Yoast SEO plugin v27.3 - https:\/\/yoast.com\/product\/yoast-seo-wordpress\/ -->\n<title>Reportan sismo en M\u00e9xico; activan alerta en CDMX\u00a0 -<\/title>\n<meta name=\"robots\" content=\"index, follow, max-snippet:-1, max-image-preview:large, max-video-preview:-1\" \/>\n<link rel=\"canonical\" href=\"https:\/\/quehacerpolitico.mx\/?p=90287\" \/>\n<meta property=\"og:locale\" content=\"es_MX\" \/>\n<meta property=\"og:type\" content=\"article\" \/>\n<meta property=\"og:title\" content=\"Reportan sismo en M\u00e9xico; activan alerta en CDMX\u00a0 -\" \/>\n<meta property=\"og:description\" content=\"Por Redacci\u00f3n QP De manera preliminar, el SSN dijo que el sismo tuvo una magnitud...\" \/>\n<meta property=\"og:url\" content=\"https:\/\/quehacerpolitico.mx\/?p=90287\" \/>\n<meta property=\"article:published_time\" content=\"2022-03-03T15:19:22+00:00\" \/>\n<meta property=\"article:modified_time\" content=\"2022-03-03T15:19:25+00:00\" \/>\n<meta property=\"og:image\" content=\"https:\/\/quehacerpolitico.mx\/wp-content\/uploads\/2022\/03\/892C4A3B-768E-4793-ACE8-A747F6A541D9.png\" \/>\n\t<meta property=\"og:image:width\" content=\"500\" \/>\n\t<meta property=\"og:image:height\" content=\"300\" \/>\n\t<meta property=\"og:image:type\" content=\"image\/png\" \/>\n<meta name=\"author\" content=\"Redacci\u00f3n QP\" \/>\n<meta name=\"twitter:card\" content=\"summary_large_image\" \/>\n<meta name=\"twitter:label1\" content=\"Escrito por\" \/>\n\t<meta name=\"twitter:data1\" content=\"Redacci\u00f3n QP\" \/>\n\t<meta name=\"twitter:label2\" content=\"Tiempo de lectura\" \/>\n\t<meta name=\"twitter:data2\" content=\"1 minuto\" \/>\n<script type=\"application\/ld+json\" class=\"yoast-schema-graph\">{\"@context\":\"https:\\\/\\\/schema.org\",\"@graph\":[{\"@type\":\"Article\",\"@id\":\"https:\\\/\\\/quehacerpolitico.mx\\\/?p=90287#article\",\"isPartOf\":{\"@id\":\"https:\\\/\\\/quehacerpolitico.mx\\\/?p=90287\"},\"author\":{\"name\":\"Redacci\u00f3n QP\",\"@id\":\"https:\\\/\\\/quehacerpolitico.mx\\\/#\\\/schema\\\/person\\\/496d8ad2d1d3f8036101dca7ee39e585\"},\"headline\":\"Reportan sismo en M\u00e9xico; activan alerta en CDMX\u00a0\",\"datePublished\":\"2022-03-03T15:19:22+00:00\",\"dateModified\":\"2022-03-03T15:19:25+00:00\",\"mainEntityOfPage\":{\"@id\":\"https:\\\/\\\/quehacerpolitico.mx\\\/?p=90287\"},\"wordCount\":235,\"commentCount\":0,\"image\":{\"@id\":\"https:\\\/\\\/quehacerpolitico.mx\\\/?p=90287#primaryimage\"},\"thumbnailUrl\":\"https:\\\/\\\/quehacerpolitico.mx\\\/wp-content\\\/uploads\\\/2022\\\/03\\\/892C4A3B-768E-4793-ACE8-A747F6A541D9.png\",\"articleSection\":[\"CDMX\"],\"inLanguage\":\"es\",\"potentialAction\":[{\"@type\":\"CommentAction\",\"name\":\"Comment\",\"target\":[\"https:\\\/\\\/quehacerpolitico.mx\\\/?p=90287#respond\"]}]},{\"@type\":\"WebPage\",\"@id\":\"https:\\\/\\\/quehacerpolitico.mx\\\/?p=90287\",\"url\":\"https:\\\/\\\/quehacerpolitico.mx\\\/?p=90287\",\"name\":\"Reportan sismo en M\u00e9xico; activan alerta en CDMX\u00a0 -\",\"isPartOf\":{\"@id\":\"https:\\\/\\\/quehacerpolitico.mx\\\/#website\"},\"primaryImageOfPage\":{\"@id\":\"https:\\\/\\\/quehacerpolitico.mx\\\/?p=90287#primaryimage\"},\"image\":{\"@id\":\"https:\\\/\\\/quehacerpolitico.mx\\\/?p=90287#primaryimage\"},\"thumbnailUrl\":\"https:\\\/\\\/quehacerpolitico.mx\\\/wp-content\\\/uploads\\\/2022\\\/03\\\/892C4A3B-768E-4793-ACE8-A747F6A541D9.png\",\"datePublished\":\"2022-03-03T15:19:22+00:00\",\"dateModified\":\"2022-03-03T15:19:25+00:00\",\"author\":{\"@id\":\"https:\\\/\\\/quehacerpolitico.mx\\\/#\\\/schema\\\/person\\\/496d8ad2d1d3f8036101dca7ee39e585\"},\"breadcrumb\":{\"@id\":\"https:\\\/\\\/quehacerpolitico.mx\\\/?p=90287#breadcrumb\"},\"inLanguage\":\"es\",\"potentialAction\":[{\"@type\":\"ReadAction\",\"target\":[\"https:\\\/\\\/quehacerpolitico.mx\\\/?p=90287\"]}]},{\"@type\":\"ImageObject\",\"inLanguage\":\"es\",\"@id\":\"https:\\\/\\\/quehacerpolitico.mx\\\/?p=90287#primaryimage\",\"url\":\"https:\\\/\\\/quehacerpolitico.mx\\\/wp-content\\\/uploads\\\/2022\\\/03\\\/892C4A3B-768E-4793-ACE8-A747F6A541D9.png\",\"contentUrl\":\"https:\\\/\\\/quehacerpolitico.mx\\\/wp-content\\\/uploads\\\/2022\\\/03\\\/892C4A3B-768E-4793-ACE8-A747F6A541D9.png\",\"width\":500,\"height\":300},{\"@type\":\"BreadcrumbList\",\"@id\":\"https:\\\/\\\/quehacerpolitico.mx\\\/?p=90287#breadcrumb\",\"itemListElement\":[{\"@type\":\"ListItem\",\"position\":1,\"name\":\"Inicio\",\"item\":\"https:\\\/\\\/quehacerpolitico.mx\\\/\"},{\"@type\":\"ListItem\",\"position\":2,\"name\":\"Reportan sismo en M\u00e9xico; activan alerta en CDMX\u00a0\"}]},{\"@type\":\"WebSite\",\"@id\":\"https:\\\/\\\/quehacerpolitico.mx\\\/#website\",\"url\":\"https:\\\/\\\/quehacerpolitico.mx\\\/\",\"name\":\"\",\"description\":\"\",\"potentialAction\":[{\"@type\":\"SearchAction\",\"target\":{\"@type\":\"EntryPoint\",\"urlTemplate\":\"https:\\\/\\\/quehacerpolitico.mx\\\/?s={search_term_string}\"},\"query-input\":{\"@type\":\"PropertyValueSpecification\",\"valueRequired\":true,\"valueName\":\"search_term_string\"}}],\"inLanguage\":\"es\"},{\"@type\":\"Person\",\"@id\":\"https:\\\/\\\/quehacerpolitico.mx\\\/#\\\/schema\\\/person\\\/496d8ad2d1d3f8036101dca7ee39e585\",\"name\":\"Redacci\u00f3n QP\",\"image\":{\"@type\":\"ImageObject\",\"inLanguage\":\"es\",\"@id\":\"https:\\\/\\\/secure.gravatar.com\\\/avatar\\\/c7164ed6fdec453195284ad24a5ae5b6e1eed2b848477fa2a4787ba9adf39a41?s=96&d=mm&r=g\",\"url\":\"https:\\\/\\\/secure.gravatar.com\\\/avatar\\\/c7164ed6fdec453195284ad24a5ae5b6e1eed2b848477fa2a4787ba9adf39a41?s=96&d=mm&r=g\",\"contentUrl\":\"https:\\\/\\\/secure.gravatar.com\\\/avatar\\\/c7164ed6fdec453195284ad24a5ae5b6e1eed2b848477fa2a4787ba9adf39a41?s=96&d=mm&r=g\",\"caption\":\"Redacci\u00f3n QP\"},\"url\":\"https:\\\/\\\/quehacerpolitico.mx\\\/?author=2\"}]}<\/script>\n<!-- \/ Yoast SEO plugin. -->","yoast_head_json":{"title":"Reportan sismo en M\u00e9xico; activan alerta en CDMX\u00a0 -","robots":{"index":"index","follow":"follow","max-snippet":"max-snippet:-1","max-image-preview":"max-image-preview:large","max-video-preview":"max-video-preview:-1"},"canonical":"https:\/\/quehacerpolitico.mx\/?p=90287","og_locale":"es_MX","og_type":"article","og_title":"Reportan sismo en M\u00e9xico; activan alerta en CDMX\u00a0 -","og_description":"Por Redacci\u00f3n QP De manera preliminar, el SSN dijo que el sismo tuvo una magnitud...","og_url":"https:\/\/quehacerpolitico.mx\/?p=90287","article_published_time":"2022-03-03T15:19:22+00:00","article_modified_time":"2022-03-03T15:19:25+00:00","og_image":[{"width":500,"height":300,"url":"https:\/\/quehacerpolitico.mx\/wp-content\/uploads\/2022\/03\/892C4A3B-768E-4793-ACE8-A747F6A541D9.png","type":"image\/png"}],"author":"Redacci\u00f3n QP","twitter_card":"summary_large_image","twitter_misc":{"Escrito por":"Redacci\u00f3n QP","Tiempo de lectura":"1 minuto"},"schema":{"@context":"https:\/\/schema.org","@graph":[{"@type":"Article","@id":"https:\/\/quehacerpolitico.mx\/?p=90287#article","isPartOf":{"@id":"https:\/\/quehacerpolitico.mx\/?p=90287"},"author":{"name":"Redacci\u00f3n QP","@id":"https:\/\/quehacerpolitico.mx\/#\/schema\/person\/496d8ad2d1d3f8036101dca7ee39e585"},"headline":"Reportan sismo en M\u00e9xico; activan alerta en CDMX\u00a0","datePublished":"2022-03-03T15:19:22+00:00","dateModified":"2022-03-03T15:19:25+00:00","mainEntityOfPage":{"@id":"https:\/\/quehacerpolitico.mx\/?p=90287"},"wordCount":235,"commentCount":0,"image":{"@id":"https:\/\/quehacerpolitico.mx\/?p=90287#primaryimage"},"thumbnailUrl":"https:\/\/quehacerpolitico.mx\/wp-content\/uploads\/2022\/03\/892C4A3B-768E-4793-ACE8-A747F6A541D9.png","articleSection":["CDMX"],"inLanguage":"es","potentialAction":[{"@type":"CommentAction","name":"Comment","target":["https:\/\/quehacerpolitico.mx\/?p=90287#respond"]}]},{"@type":"WebPage","@id":"https:\/\/quehacerpolitico.mx\/?p=90287","url":"https:\/\/quehacerpolitico.mx\/?p=90287","name":"Reportan sismo en M\u00e9xico; activan alerta en CDMX\u00a0 -","isPartOf":{"@id":"https:\/\/quehacerpolitico.mx\/#website"},"primaryImageOfPage":{"@id":"https:\/\/quehacerpolitico.mx\/?p=90287#primaryimage"},"image":{"@id":"https:\/\/quehacerpolitico.mx\/?p=90287#primaryimage"},"thumbnailUrl":"https:\/\/quehacerpolitico.mx\/wp-content\/uploads\/2022\/03\/892C4A3B-768E-4793-ACE8-A747F6A541D9.png","datePublished":"2022-03-03T15:19:22+00:00","dateModified":"2022-03-03T15:19:25+00:00","author":{"@id":"https:\/\/quehacerpolitico.mx\/#\/schema\/person\/496d8ad2d1d3f8036101dca7ee39e585"},"breadcrumb":{"@id":"https:\/\/quehacerpolitico.mx\/?p=90287#breadcrumb"},"inLanguage":"es","potentialAction":[{"@type":"ReadAction","target":["https:\/\/quehacerpolitico.mx\/?p=90287"]}]},{"@type":"ImageObject","inLanguage":"es","@id":"https:\/\/quehacerpolitico.mx\/?p=90287#primaryimage","url":"https:\/\/quehacerpolitico.mx\/wp-content\/uploads\/2022\/03\/892C4A3B-768E-4793-ACE8-A747F6A541D9.png","contentUrl":"https:\/\/quehacerpolitico.mx\/wp-content\/uploads\/2022\/03\/892C4A3B-768E-4793-ACE8-A747F6A541D9.png","width":500,"height":300},{"@type":"BreadcrumbList","@id":"https:\/\/quehacerpolitico.mx\/?p=90287#breadcrumb","itemListElement":[{"@type":"ListItem","position":1,"name":"Inicio","item":"https:\/\/quehacerpolitico.mx\/"},{"@type":"ListItem","position":2,"name":"Reportan sismo en M\u00e9xico; activan alerta en CDMX\u00a0"}]},{"@type":"WebSite","@id":"https:\/\/quehacerpolitico.mx\/#website","url":"https:\/\/quehacerpolitico.mx\/","name":"","description":"","potentialAction":[{"@type":"SearchAction","target":{"@type":"EntryPoint","urlTemplate":"https:\/\/quehacerpolitico.mx\/?s={search_term_string}"},"query-input":{"@type":"PropertyValueSpecification","valueRequired":true,"valueName":"search_term_string"}}],"inLanguage":"es"},{"@type":"Person","@id":"https:\/\/quehacerpolitico.mx\/#\/schema\/person\/496d8ad2d1d3f8036101dca7ee39e585","name":"Redacci\u00f3n QP","image":{"@type":"ImageObject","inLanguage":"es","@id":"https:\/\/secure.gravatar.com\/avatar\/c7164ed6fdec453195284ad24a5ae5b6e1eed2b848477fa2a4787ba9adf39a41?s=96&d=mm&r=g","url":"https:\/\/secure.gravatar.com\/avatar\/c7164ed6fdec453195284ad24a5ae5b6e1eed2b848477fa2a4787ba9adf39a41?s=96&d=mm&r=g","contentUrl":"https:\/\/secure.gravatar.com\/avatar\/c7164ed6fdec453195284ad24a5ae5b6e1eed2b848477fa2a4787ba9adf39a41?s=96&d=mm&r=g","caption":"Redacci\u00f3n QP"},"url":"https:\/\/quehacerpolitico.mx\/?author=2"}]}},"featured_image_urls":{"full":["https:\/\/quehacerpolitico.mx\/wp-content\/uploads\/2022\/03\/892C4A3B-768E-4793-ACE8-A747F6A541D9.png",500,300,false],"thumbnail":["https:\/\/quehacerpolitico.mx\/wp-content\/uploads\/2022\/03\/892C4A3B-768E-4793-ACE8-A747F6A541D9-150x150.png",150,150,true],"medium":["https:\/\/quehacerpolitico.mx\/wp-content\/uploads\/2022\/03\/892C4A3B-768E-4793-ACE8-A747F6A541D9-300x180.png",300,180,true],"medium_large":["https:\/\/quehacerpolitico.mx\/wp-content\/uploads\/2022\/03\/892C4A3B-768E-4793-ACE8-A747F6A541D9.png",500,300,false],"large":["https:\/\/quehacerpolitico.mx\/wp-content\/uploads\/2022\/03\/892C4A3B-768E-4793-ACE8-A747F6A541D9.png",500,300,false],"1536x1536":["https:\/\/quehacerpolitico.mx\/wp-content\/uploads\/2022\/03\/892C4A3B-768E-4793-ACE8-A747F6A541D9.png",500,300,false],"2048x2048":["https:\/\/quehacerpolitico.mx\/wp-content\/uploads\/2022\/03\/892C4A3B-768E-4793-ACE8-A747F6A541D9.png",500,300,false],"covernews-featured":["https:\/\/quehacerpolitico.mx\/wp-content\/uploads\/2022\/03\/892C4A3B-768E-4793-ACE8-A747F6A541D9.png",500,300,false],"covernews-medium":["https:\/\/quehacerpolitico.mx\/wp-content\/uploads\/2022\/03\/892C4A3B-768E-4793-ACE8-A747F6A541D9.png",500,300,false]},"author_info":{"display_name":"Redacci\u00f3n QP","author_link":"https:\/\/quehacerpolitico.mx\/?author=2"},"category_info":"<a href=\"https:\/\/quehacerpolitico.mx\/?cat=55\" rel=\"category\">CDMX<\/a>","tag_info":"CDMX","comment_count":"0","_links":{"self":[{"href":"https:\/\/quehacerpolitico.mx\/index.php?rest_route=\/wp\/v2\/posts\/90287","targetHints":{"allow":["GET"]}}],"collection":[{"href":"https:\/\/quehacerpolitico.mx\/index.php?rest_route=\/wp\/v2\/posts"}],"about":[{"href":"https:\/\/quehacerpolitico.mx\/index.php?rest_route=\/wp\/v2\/types\/post"}],"author":[{"embeddable":true,"href":"https:\/\/quehacerpolitico.mx\/index.php?rest_route=\/wp\/v2\/users\/2"}],"replies":[{"embeddable":true,"href":"https:\/\/quehacerpolitico.mx\/index.php?rest_route=%2Fwp%2Fv2%2Fcomments&post=90287"}],"version-history":[{"count":1,"href":"https:\/\/quehacerpolitico.mx\/index.php?rest_route=\/wp\/v2\/posts\/90287\/revisions"}],"predecessor-version":[{"id":90289,"href":"https:\/\/quehacerpolitico.mx\/index.php?rest_route=\/wp\/v2\/posts\/90287\/revisions\/90289"}],"wp:featuredmedia":[{"embeddable":true,"href":"https:\/\/quehacerpolitico.mx\/index.php?rest_route=\/wp\/v2\/media\/90288"}],"wp:attachment":[{"href":"https:\/\/quehacerpolitico.mx\/index.php?rest_route=%2Fwp%2Fv2%2Fmedia&parent=90287"}],"wp:term":[{"taxonomy":"category","embeddable":true,"href":"https:\/\/quehacerpolitico.mx\/index.php?rest_route=%2Fwp%2Fv2%2Fcategories&post=90287"},{"taxonomy":"post_tag","embeddable":true,"href":"https:\/\/quehacerpolitico.mx\/index.php?rest_route=%2Fwp%2Fv2%2Ftags&post=90287"}],"curies":[{"name":"wp","href":"https:\/\/api.w.org\/{rel}","templated":true}]}}