{"id":90284,"date":"2022-03-03T14:55:00","date_gmt":"2022-03-03T14:55:00","guid":{"rendered":"https:\/\/quehacerpolitico.mx\/?p=90284"},"modified":"2022-03-03T14:55:04","modified_gmt":"2022-03-03T14:55:04","slug":"las-marchas-y-manifestaciones-este-jueves-3-de-marzo-se-esperan-13-en-cdmx","status":"publish","type":"post","link":"https:\/\/quehacerpolitico.mx\/?p=90284","title":{"rendered":"Las marchas y manifestaciones este jueves 3 de marzo se esperan 13 en CdMx\u00a0"},"content":{"rendered":"\n<p>Por Redacci\u00f3n QP<\/p>\n\n\n\n<p>Este jueves 3 de marzo se realizar\u00e1n 13 concentraciones-marchas a lo largo del d\u00eda en la Ciudad de M\u00e9xico. Aqu\u00ed te decimos d\u00f3nde, para que tomes precauciones.<\/p>\n\n\n\n<p>De acuerdo con el Centro de Comando, Control, C\u00f3mputo, Comunicaciones y Contacto Ciudadano de la Ciudad de M\u00e9xico (C5) este\u00a0<strong>3 de marzo<\/strong>\u00a0se esperan\u00a0<strong>13 marchas y concentraciones a lo largo del d\u00eda<\/strong>, las cuales podr\u00edan afectar la circulaci\u00f3n en vialidades de la capital.<\/p>\n\n\n\n<figure class=\"wp-block-embed is-type-rich is-provider-twitter wp-block-embed-twitter\"><div class=\"wp-block-embed__wrapper\">\n<blockquote class=\"twitter-tweet\" data-width=\"550\" data-dnt=\"true\"><p lang=\"es\" dir=\"ltr\">\u26a0\ufe0f\ud83d\udce2Te compartimos las movilizaciones sociales previstas para este d\u00eda en la CDMX.<a href=\"https:\/\/twitter.com\/hashtag\/MovilidadCDMX?src=hash&amp;ref_src=twsrc%5Etfw\">#MovilidadCDMX<\/a> <a href=\"https:\/\/twitter.com\/hashtag\/C5?src=hash&amp;ref_src=twsrc%5Etfw\">#C5<\/a> <a href=\"https:\/\/t.co\/ktDCrVoheC\">pic.twitter.com\/ktDCrVoheC<\/a><\/p>&mdash; C5 CDMX (@C5_CDMX) <a href=\"https:\/\/twitter.com\/C5_CDMX\/status\/1499356045973413893?ref_src=twsrc%5Etfw\">March 3, 2022<\/a><\/blockquote><script async src=\"https:\/\/platform.twitter.com\/widgets.js\" charset=\"utf-8\"><\/script>\n<\/div><\/figure>\n\n\n\n<p>Durante el d\u00eda se tienen previstas ocho concentraciones en la alcald\u00eda&nbsp;<strong>Cuauht\u00e9moc<\/strong>, una en&nbsp;<strong>Iztapalapa<\/strong>, una en&nbsp;<strong>\u00c1lvaro Obreg\u00f3n<\/strong>, una en<strong>&nbsp;Venustiano Carranza<\/strong>, una en&nbsp;<strong>Tlalpan&nbsp;<\/strong>y otra m\u00e1s en diferentes puntos de la capital.&nbsp;<\/p>\n\n\n\n<h3 class=\"wp-block-heading\">Alcald\u00eda Cuauht\u00e9moc<\/h3>\n\n\n\n<h3 class=\"wp-block-heading\"><\/h3>\n\n\n\n<p>07:00 Concentraci\u00f3n en Plaza de la Constituci\u00f3n, colonia Centro.<\/p>\n\n\n\n<p>09:00 Concentraci\u00f3n en avenida Jos\u00e9 Mar\u00eda Pino Su\u00e1rez, colonia Centro.<\/p>\n\n\n\n<p>10:00 Concentraci\u00f3n en avenida Ricardo Flores Mag\u00f3n y Lerdo, colonia Tabacalera.&nbsp;<\/p>\n\n\n\n<p>11:00 Concentraci\u00f3n \u2013 Marcha en avenida Paseo de la Reforma, Bucareli, colonia Ju\u00e1rez, rumbo a Abraham Gonz\u00e1lez, colonia Ju\u00e1rez.<\/p>\n\n\n\n<p>11:00 Concentraci\u00f3n en Donceles y Allende, colonia Centro.<\/p>\n\n\n\n<p>13:00 Concentraci\u00f3n en Donceles y Allende, colonia Centro.<\/p>\n\n\n\n<p>17:00 Concentraci\u00f3n en avenida Insurgentes Norte, colonia Tabacalera. Durante el d\u00eda: avenida Constituyentes, colonia Bel\u00e9n de las Flores, alcald\u00eda \u00c1lvaro Obreg\u00f3n.<\/p>\n\n\n\n<h3 class=\"wp-block-heading\">Alcald\u00eda Iztapalapa<\/h3>\n\n\n\n<h3 class=\"wp-block-heading\"><\/h3>\n\n\n\n<p>100:00 Concentraci\u00f3n en avenida Reforma, colonia Lomas de San Lorenzo.<\/p>\n\n\n\n<h3 class=\"wp-block-heading\">Alcald\u00eda \u00c1lvaro Obreg\u00f3n<\/h3>\n\n\n\n<h3 class=\"wp-block-heading\"><\/h3>\n\n\n\n<p>10:00 Concentraci\u00f3n en avenida de la Paz, colonia Chimalistac.&nbsp;<\/p>\n\n\n\n<h3 class=\"wp-block-heading\">Alcald\u00eda Venustiano Carranza<\/h3>\n\n\n\n<h3 class=\"wp-block-heading\"><\/h3>\n\n\n\n<p>10:00 Concentraci\u00f3n en Emiliano Zapata, colonia El Parque.&nbsp;<\/p>\n\n\n\n<h3 class=\"wp-block-heading\">Alcald\u00eda Tlalpan<\/h3>\n\n\n\n<h3 class=\"wp-block-heading\"><\/h3>\n\n\n\n<p>18:00 Concentraci\u00f3n en 3\u00aa Oriente y 1\u00aa Norte, colonia Isidro Fabela.<\/p>\n\n\n\n<h3 class=\"wp-block-heading\">Otros puntos<\/h3>\n\n\n\n<h3 class=\"wp-block-heading\"><\/h3>\n\n\n\n<p>07:00 Concentraci\u00f3n \u2013 Marcha en Circuito Interior, colonia Hip\u00f3dromo Condesa. Carlos B. Zetina, colonia Hip\u00f3dromo Condesa. Monte Alt\u00e1i, colonia Lomas de Chapultepec. Corregidora, colonia Lomas de Chapultepec. Antonio de Mendoza, colonia Lomas de Chapultepec. Avenida H. Congreso de la Uni\u00f3n, colonia El Parque.<\/p>\n","protected":false},"excerpt":{"rendered":"<p>Por Redacci\u00f3n QP Este jueves 3 de marzo se realizar\u00e1n 13 concentraciones-marchas a lo largo&#8230;<\/p>\n","protected":false},"author":2,"featured_media":90285,"comment_status":"open","ping_status":"open","sticky":false,"template":"","format":"standard","meta":{"_monsterinsights_skip_tracking":false,"_monsterinsights_sitenote_active":false,"_monsterinsights_sitenote_note":"","_monsterinsights_sitenote_category":0,"footnotes":""},"categories":[55],"tags":[],"class_list":["post-90284","post","type-post","status-publish","format-standard","has-post-thumbnail","hentry","category-cdmx"],"yoast_head":"<!-- This site is optimized with the Yoast SEO plugin v27.3 - https:\/\/yoast.com\/product\/yoast-seo-wordpress\/ -->\n<title>Las marchas y manifestaciones este jueves 3 de marzo se esperan 13 en CdMx\u00a0 -<\/title>\n<meta name=\"robots\" content=\"index, follow, max-snippet:-1, max-image-preview:large, max-video-preview:-1\" \/>\n<link rel=\"canonical\" href=\"https:\/\/quehacerpolitico.mx\/?p=90284\" \/>\n<meta property=\"og:locale\" content=\"es_MX\" \/>\n<meta property=\"og:type\" content=\"article\" \/>\n<meta property=\"og:title\" content=\"Las marchas y manifestaciones este jueves 3 de marzo se esperan 13 en CdMx\u00a0 -\" \/>\n<meta property=\"og:description\" content=\"Por Redacci\u00f3n QP Este jueves 3 de marzo se realizar\u00e1n 13 concentraciones-marchas a lo largo...\" \/>\n<meta property=\"og:url\" content=\"https:\/\/quehacerpolitico.mx\/?p=90284\" \/>\n<meta property=\"article:published_time\" content=\"2022-03-03T14:55:00+00:00\" \/>\n<meta property=\"article:modified_time\" content=\"2022-03-03T14:55:04+00:00\" \/>\n<meta property=\"og:image\" content=\"https:\/\/quehacerpolitico.mx\/wp-content\/uploads\/2022\/03\/468819A6-0A49-45CB-A4DD-9FE9D7574938.jpeg\" \/>\n\t<meta property=\"og:image:width\" content=\"739\" \/>\n\t<meta property=\"og:image:height\" content=\"415\" \/>\n\t<meta property=\"og:image:type\" content=\"image\/jpeg\" \/>\n<meta name=\"author\" content=\"Redacci\u00f3n QP\" \/>\n<meta name=\"twitter:card\" content=\"summary_large_image\" \/>\n<meta name=\"twitter:label1\" content=\"Escrito por\" \/>\n\t<meta name=\"twitter:data1\" content=\"Redacci\u00f3n QP\" \/>\n\t<meta name=\"twitter:label2\" content=\"Tiempo de lectura\" \/>\n\t<meta name=\"twitter:data2\" content=\"2 minutos\" \/>\n<script type=\"application\/ld+json\" class=\"yoast-schema-graph\">{\"@context\":\"https:\\\/\\\/schema.org\",\"@graph\":[{\"@type\":\"Article\",\"@id\":\"https:\\\/\\\/quehacerpolitico.mx\\\/?p=90284#article\",\"isPartOf\":{\"@id\":\"https:\\\/\\\/quehacerpolitico.mx\\\/?p=90284\"},\"author\":{\"name\":\"Redacci\u00f3n QP\",\"@id\":\"https:\\\/\\\/quehacerpolitico.mx\\\/#\\\/schema\\\/person\\\/496d8ad2d1d3f8036101dca7ee39e585\"},\"headline\":\"Las marchas y manifestaciones este jueves 3 de marzo se esperan 13 en CdMx\u00a0\",\"datePublished\":\"2022-03-03T14:55:00+00:00\",\"dateModified\":\"2022-03-03T14:55:04+00:00\",\"mainEntityOfPage\":{\"@id\":\"https:\\\/\\\/quehacerpolitico.mx\\\/?p=90284\"},\"wordCount\":349,\"commentCount\":0,\"image\":{\"@id\":\"https:\\\/\\\/quehacerpolitico.mx\\\/?p=90284#primaryimage\"},\"thumbnailUrl\":\"https:\\\/\\\/quehacerpolitico.mx\\\/wp-content\\\/uploads\\\/2022\\\/03\\\/468819A6-0A49-45CB-A4DD-9FE9D7574938.jpeg\",\"articleSection\":[\"CDMX\"],\"inLanguage\":\"es\",\"potentialAction\":[{\"@type\":\"CommentAction\",\"name\":\"Comment\",\"target\":[\"https:\\\/\\\/quehacerpolitico.mx\\\/?p=90284#respond\"]}]},{\"@type\":\"WebPage\",\"@id\":\"https:\\\/\\\/quehacerpolitico.mx\\\/?p=90284\",\"url\":\"https:\\\/\\\/quehacerpolitico.mx\\\/?p=90284\",\"name\":\"Las marchas y manifestaciones este jueves 3 de marzo se esperan 13 en CdMx\u00a0 -\",\"isPartOf\":{\"@id\":\"https:\\\/\\\/quehacerpolitico.mx\\\/#website\"},\"primaryImageOfPage\":{\"@id\":\"https:\\\/\\\/quehacerpolitico.mx\\\/?p=90284#primaryimage\"},\"image\":{\"@id\":\"https:\\\/\\\/quehacerpolitico.mx\\\/?p=90284#primaryimage\"},\"thumbnailUrl\":\"https:\\\/\\\/quehacerpolitico.mx\\\/wp-content\\\/uploads\\\/2022\\\/03\\\/468819A6-0A49-45CB-A4DD-9FE9D7574938.jpeg\",\"datePublished\":\"2022-03-03T14:55:00+00:00\",\"dateModified\":\"2022-03-03T14:55:04+00:00\",\"author\":{\"@id\":\"https:\\\/\\\/quehacerpolitico.mx\\\/#\\\/schema\\\/person\\\/496d8ad2d1d3f8036101dca7ee39e585\"},\"breadcrumb\":{\"@id\":\"https:\\\/\\\/quehacerpolitico.mx\\\/?p=90284#breadcrumb\"},\"inLanguage\":\"es\",\"potentialAction\":[{\"@type\":\"ReadAction\",\"target\":[\"https:\\\/\\\/quehacerpolitico.mx\\\/?p=90284\"]}]},{\"@type\":\"ImageObject\",\"inLanguage\":\"es\",\"@id\":\"https:\\\/\\\/quehacerpolitico.mx\\\/?p=90284#primaryimage\",\"url\":\"https:\\\/\\\/quehacerpolitico.mx\\\/wp-content\\\/uploads\\\/2022\\\/03\\\/468819A6-0A49-45CB-A4DD-9FE9D7574938.jpeg\",\"contentUrl\":\"https:\\\/\\\/quehacerpolitico.mx\\\/wp-content\\\/uploads\\\/2022\\\/03\\\/468819A6-0A49-45CB-A4DD-9FE9D7574938.jpeg\",\"width\":739,\"height\":415},{\"@type\":\"BreadcrumbList\",\"@id\":\"https:\\\/\\\/quehacerpolitico.mx\\\/?p=90284#breadcrumb\",\"itemListElement\":[{\"@type\":\"ListItem\",\"position\":1,\"name\":\"Inicio\",\"item\":\"https:\\\/\\\/quehacerpolitico.mx\\\/\"},{\"@type\":\"ListItem\",\"position\":2,\"name\":\"Las marchas y manifestaciones este jueves 3 de marzo se esperan 13 en CdMx\u00a0\"}]},{\"@type\":\"WebSite\",\"@id\":\"https:\\\/\\\/quehacerpolitico.mx\\\/#website\",\"url\":\"https:\\\/\\\/quehacerpolitico.mx\\\/\",\"name\":\"\",\"description\":\"\",\"potentialAction\":[{\"@type\":\"SearchAction\",\"target\":{\"@type\":\"EntryPoint\",\"urlTemplate\":\"https:\\\/\\\/quehacerpolitico.mx\\\/?s={search_term_string}\"},\"query-input\":{\"@type\":\"PropertyValueSpecification\",\"valueRequired\":true,\"valueName\":\"search_term_string\"}}],\"inLanguage\":\"es\"},{\"@type\":\"Person\",\"@id\":\"https:\\\/\\\/quehacerpolitico.mx\\\/#\\\/schema\\\/person\\\/496d8ad2d1d3f8036101dca7ee39e585\",\"name\":\"Redacci\u00f3n QP\",\"image\":{\"@type\":\"ImageObject\",\"inLanguage\":\"es\",\"@id\":\"https:\\\/\\\/secure.gravatar.com\\\/avatar\\\/c7164ed6fdec453195284ad24a5ae5b6e1eed2b848477fa2a4787ba9adf39a41?s=96&d=mm&r=g\",\"url\":\"https:\\\/\\\/secure.gravatar.com\\\/avatar\\\/c7164ed6fdec453195284ad24a5ae5b6e1eed2b848477fa2a4787ba9adf39a41?s=96&d=mm&r=g\",\"contentUrl\":\"https:\\\/\\\/secure.gravatar.com\\\/avatar\\\/c7164ed6fdec453195284ad24a5ae5b6e1eed2b848477fa2a4787ba9adf39a41?s=96&d=mm&r=g\",\"caption\":\"Redacci\u00f3n QP\"},\"url\":\"https:\\\/\\\/quehacerpolitico.mx\\\/?author=2\"}]}<\/script>\n<!-- \/ Yoast SEO plugin. -->","yoast_head_json":{"title":"Las marchas y manifestaciones este jueves 3 de marzo se esperan 13 en CdMx\u00a0 -","robots":{"index":"index","follow":"follow","max-snippet":"max-snippet:-1","max-image-preview":"max-image-preview:large","max-video-preview":"max-video-preview:-1"},"canonical":"https:\/\/quehacerpolitico.mx\/?p=90284","og_locale":"es_MX","og_type":"article","og_title":"Las marchas y manifestaciones este jueves 3 de marzo se esperan 13 en CdMx\u00a0 -","og_description":"Por Redacci\u00f3n QP Este jueves 3 de marzo se realizar\u00e1n 13 concentraciones-marchas a lo largo...","og_url":"https:\/\/quehacerpolitico.mx\/?p=90284","article_published_time":"2022-03-03T14:55:00+00:00","article_modified_time":"2022-03-03T14:55:04+00:00","og_image":[{"width":739,"height":415,"url":"https:\/\/quehacerpolitico.mx\/wp-content\/uploads\/2022\/03\/468819A6-0A49-45CB-A4DD-9FE9D7574938.jpeg","type":"image\/jpeg"}],"author":"Redacci\u00f3n QP","twitter_card":"summary_large_image","twitter_misc":{"Escrito por":"Redacci\u00f3n QP","Tiempo de lectura":"2 minutos"},"schema":{"@context":"https:\/\/schema.org","@graph":[{"@type":"Article","@id":"https:\/\/quehacerpolitico.mx\/?p=90284#article","isPartOf":{"@id":"https:\/\/quehacerpolitico.mx\/?p=90284"},"author":{"name":"Redacci\u00f3n QP","@id":"https:\/\/quehacerpolitico.mx\/#\/schema\/person\/496d8ad2d1d3f8036101dca7ee39e585"},"headline":"Las marchas y manifestaciones este jueves 3 de marzo se esperan 13 en CdMx\u00a0","datePublished":"2022-03-03T14:55:00+00:00","dateModified":"2022-03-03T14:55:04+00:00","mainEntityOfPage":{"@id":"https:\/\/quehacerpolitico.mx\/?p=90284"},"wordCount":349,"commentCount":0,"image":{"@id":"https:\/\/quehacerpolitico.mx\/?p=90284#primaryimage"},"thumbnailUrl":"https:\/\/quehacerpolitico.mx\/wp-content\/uploads\/2022\/03\/468819A6-0A49-45CB-A4DD-9FE9D7574938.jpeg","articleSection":["CDMX"],"inLanguage":"es","potentialAction":[{"@type":"CommentAction","name":"Comment","target":["https:\/\/quehacerpolitico.mx\/?p=90284#respond"]}]},{"@type":"WebPage","@id":"https:\/\/quehacerpolitico.mx\/?p=90284","url":"https:\/\/quehacerpolitico.mx\/?p=90284","name":"Las marchas y manifestaciones este jueves 3 de marzo se esperan 13 en CdMx\u00a0 -","isPartOf":{"@id":"https:\/\/quehacerpolitico.mx\/#website"},"primaryImageOfPage":{"@id":"https:\/\/quehacerpolitico.mx\/?p=90284#primaryimage"},"image":{"@id":"https:\/\/quehacerpolitico.mx\/?p=90284#primaryimage"},"thumbnailUrl":"https:\/\/quehacerpolitico.mx\/wp-content\/uploads\/2022\/03\/468819A6-0A49-45CB-A4DD-9FE9D7574938.jpeg","datePublished":"2022-03-03T14:55:00+00:00","dateModified":"2022-03-03T14:55:04+00:00","author":{"@id":"https:\/\/quehacerpolitico.mx\/#\/schema\/person\/496d8ad2d1d3f8036101dca7ee39e585"},"breadcrumb":{"@id":"https:\/\/quehacerpolitico.mx\/?p=90284#breadcrumb"},"inLanguage":"es","potentialAction":[{"@type":"ReadAction","target":["https:\/\/quehacerpolitico.mx\/?p=90284"]}]},{"@type":"ImageObject","inLanguage":"es","@id":"https:\/\/quehacerpolitico.mx\/?p=90284#primaryimage","url":"https:\/\/quehacerpolitico.mx\/wp-content\/uploads\/2022\/03\/468819A6-0A49-45CB-A4DD-9FE9D7574938.jpeg","contentUrl":"https:\/\/quehacerpolitico.mx\/wp-content\/uploads\/2022\/03\/468819A6-0A49-45CB-A4DD-9FE9D7574938.jpeg","width":739,"height":415},{"@type":"BreadcrumbList","@id":"https:\/\/quehacerpolitico.mx\/?p=90284#breadcrumb","itemListElement":[{"@type":"ListItem","position":1,"name":"Inicio","item":"https:\/\/quehacerpolitico.mx\/"},{"@type":"ListItem","position":2,"name":"Las marchas y manifestaciones este jueves 3 de marzo se esperan 13 en CdMx\u00a0"}]},{"@type":"WebSite","@id":"https:\/\/quehacerpolitico.mx\/#website","url":"https:\/\/quehacerpolitico.mx\/","name":"","description":"","potentialAction":[{"@type":"SearchAction","target":{"@type":"EntryPoint","urlTemplate":"https:\/\/quehacerpolitico.mx\/?s={search_term_string}"},"query-input":{"@type":"PropertyValueSpecification","valueRequired":true,"valueName":"search_term_string"}}],"inLanguage":"es"},{"@type":"Person","@id":"https:\/\/quehacerpolitico.mx\/#\/schema\/person\/496d8ad2d1d3f8036101dca7ee39e585","name":"Redacci\u00f3n QP","image":{"@type":"ImageObject","inLanguage":"es","@id":"https:\/\/secure.gravatar.com\/avatar\/c7164ed6fdec453195284ad24a5ae5b6e1eed2b848477fa2a4787ba9adf39a41?s=96&d=mm&r=g","url":"https:\/\/secure.gravatar.com\/avatar\/c7164ed6fdec453195284ad24a5ae5b6e1eed2b848477fa2a4787ba9adf39a41?s=96&d=mm&r=g","contentUrl":"https:\/\/secure.gravatar.com\/avatar\/c7164ed6fdec453195284ad24a5ae5b6e1eed2b848477fa2a4787ba9adf39a41?s=96&d=mm&r=g","caption":"Redacci\u00f3n QP"},"url":"https:\/\/quehacerpolitico.mx\/?author=2"}]}},"featured_image_urls":{"full":["https:\/\/quehacerpolitico.mx\/wp-content\/uploads\/2022\/03\/468819A6-0A49-45CB-A4DD-9FE9D7574938.jpeg",739,415,false],"thumbnail":["https:\/\/quehacerpolitico.mx\/wp-content\/uploads\/2022\/03\/468819A6-0A49-45CB-A4DD-9FE9D7574938-150x150.jpeg",150,150,true],"medium":["https:\/\/quehacerpolitico.mx\/wp-content\/uploads\/2022\/03\/468819A6-0A49-45CB-A4DD-9FE9D7574938-300x168.jpeg",300,168,true],"medium_large":["https:\/\/quehacerpolitico.mx\/wp-content\/uploads\/2022\/03\/468819A6-0A49-45CB-A4DD-9FE9D7574938.jpeg",640,359,false],"large":["https:\/\/quehacerpolitico.mx\/wp-content\/uploads\/2022\/03\/468819A6-0A49-45CB-A4DD-9FE9D7574938.jpeg",640,359,false],"1536x1536":["https:\/\/quehacerpolitico.mx\/wp-content\/uploads\/2022\/03\/468819A6-0A49-45CB-A4DD-9FE9D7574938.jpeg",739,415,false],"2048x2048":["https:\/\/quehacerpolitico.mx\/wp-content\/uploads\/2022\/03\/468819A6-0A49-45CB-A4DD-9FE9D7574938.jpeg",739,415,false],"covernews-featured":["https:\/\/quehacerpolitico.mx\/wp-content\/uploads\/2022\/03\/468819A6-0A49-45CB-A4DD-9FE9D7574938.jpeg",739,415,false],"covernews-medium":["https:\/\/quehacerpolitico.mx\/wp-content\/uploads\/2022\/03\/468819A6-0A49-45CB-A4DD-9FE9D7574938.jpeg",540,303,false]},"author_info":{"display_name":"Redacci\u00f3n QP","author_link":"https:\/\/quehacerpolitico.mx\/?author=2"},"category_info":"<a href=\"https:\/\/quehacerpolitico.mx\/?cat=55\" rel=\"category\">CDMX<\/a>","tag_info":"CDMX","comment_count":"0","_links":{"self":[{"href":"https:\/\/quehacerpolitico.mx\/index.php?rest_route=\/wp\/v2\/posts\/90284","targetHints":{"allow":["GET"]}}],"collection":[{"href":"https:\/\/quehacerpolitico.mx\/index.php?rest_route=\/wp\/v2\/posts"}],"about":[{"href":"https:\/\/quehacerpolitico.mx\/index.php?rest_route=\/wp\/v2\/types\/post"}],"author":[{"embeddable":true,"href":"https:\/\/quehacerpolitico.mx\/index.php?rest_route=\/wp\/v2\/users\/2"}],"replies":[{"embeddable":true,"href":"https:\/\/quehacerpolitico.mx\/index.php?rest_route=%2Fwp%2Fv2%2Fcomments&post=90284"}],"version-history":[{"count":1,"href":"https:\/\/quehacerpolitico.mx\/index.php?rest_route=\/wp\/v2\/posts\/90284\/revisions"}],"predecessor-version":[{"id":90286,"href":"https:\/\/quehacerpolitico.mx\/index.php?rest_route=\/wp\/v2\/posts\/90284\/revisions\/90286"}],"wp:featuredmedia":[{"embeddable":true,"href":"https:\/\/quehacerpolitico.mx\/index.php?rest_route=\/wp\/v2\/media\/90285"}],"wp:attachment":[{"href":"https:\/\/quehacerpolitico.mx\/index.php?rest_route=%2Fwp%2Fv2%2Fmedia&parent=90284"}],"wp:term":[{"taxonomy":"category","embeddable":true,"href":"https:\/\/quehacerpolitico.mx\/index.php?rest_route=%2Fwp%2Fv2%2Fcategories&post=90284"},{"taxonomy":"post_tag","embeddable":true,"href":"https:\/\/quehacerpolitico.mx\/index.php?rest_route=%2Fwp%2Fv2%2Ftags&post=90284"}],"curies":[{"name":"wp","href":"https:\/\/api.w.org\/{rel}","templated":true}]}}