{"id":90281,"date":"2022-03-03T06:14:12","date_gmt":"2022-03-03T06:14:12","guid":{"rendered":"https:\/\/quehacerpolitico.mx\/?p=90281"},"modified":"2022-03-03T06:14:16","modified_gmt":"2022-03-03T06:14:16","slug":"cae-el-contador-lider-regional-de-la-organizacion-cartel-del-golfo","status":"publish","type":"post","link":"https:\/\/quehacerpolitico.mx\/?p=90281","title":{"rendered":"Cae &#8220;El Contador&#8221;, l\u00edder regional de la organizaci\u00f3n: Cartel del Golfo"},"content":{"rendered":"\n<p>Por Redacci\u00f3n QP<\/p>\n\n\n\n<p>Jos\u00e9 Alfredo &#8220;N&#8221; fue detenido en posesi\u00f3n de un arma de fuego calibre 0.380 y 600 paquetes con presuntas metanfetaminas<\/p>\n\n\n\n<p>Autoridades detuvieron este mi\u00e9rcoles a Jos\u00e9 Alfredo &#8220;N&#8221;, conocido como &#8220;El Contador&#8221;, l\u00edder del C\u00e1rtel del Golfo en la Ciudad de M\u00e9xico, inform\u00f3 el gabinete de seguridad del Gobierno.<\/p>\n\n\n\n<p>&#8220;El gabinete de seguridad del Gobierno de M\u00e9xico informa que el Ej\u00e9rcito Mexicano, la Guardia Nacional y la Secretar\u00eda de Seguridad Ciudadana de la Ciudad de M\u00e9xico, con informaci\u00f3n de inteligencia del Centro Nacional de Inteligencia (CNI) lograron la detenci\u00f3n en la capital del pa\u00eds de Jos\u00e9 Alfredo &#8220;N&#8221;, alias &#8216;El Contador&#8217; &#8220;, precis\u00f3 la dependencia en un comunicado.<\/p>\n\n\n\n<p>&#8220;El Contador&#8221;, precisaron las autoridades,\u00a0<strong>es l\u00edder regional de la vertiente del c\u00e1rtel del Golfo-Ciclones-Escorpiones en Tamaulipas<\/strong>, quienes adem\u00e1s del trasiego de drogas y armas est\u00e1n vinculados a diferentes hechos de violencia como los acontecidos en Reynosa, donde asesinaron a 15 personas en junio del a\u00f1o pasado.<\/p>\n\n\n\n<p>El presunto delincuente fue detenido&nbsp;<strong>en posesi\u00f3n de un arma de fuego calibre 0.380 y 600 paquetes color blanco que supuestamente conten\u00edan metanfetaminas<\/strong>. Fue puesto a disposici\u00f3n de la Fiscal\u00eda General de Justicia de la Ciudad de M\u00e9xico.<\/p>\n\n\n\n<p>De acuerdo con la informaci\u00f3n oficial,<strong>\u00a0&#8220;El Contador&#8221; ten\u00eda una orden de aprehensi\u00f3n en su contra girada por un juez del estado de Tamaulipas<\/strong>, por lo que era buscado en todo el pa\u00eds, pues se presume su participaci\u00f3n en diversos delitos.<\/p>\n\n\n\n<p><strong>Esta es la tercera vez que &#8220;El Contador&#8221; es detenido,<\/strong>\u00a0pues ya hab\u00eda sido aprehendido en 2018, cuando estuvo detenido solo por dos d\u00edas y en 2019, cuando s\u00ed pis\u00f3 la c\u00e1rcel pero fue liberado en octubre de 2020.<\/p>\n\n\n\n<p>Con informaci\u00f3n de SUN<\/p>\n","protected":false},"excerpt":{"rendered":"<p>Por Redacci\u00f3n QP Jos\u00e9 Alfredo &#8220;N&#8221; fue detenido en posesi\u00f3n de un arma de fuego&#8230;<\/p>\n","protected":false},"author":2,"featured_media":90282,"comment_status":"open","ping_status":"open","sticky":false,"template":"","format":"standard","meta":{"_monsterinsights_skip_tracking":false,"_monsterinsights_sitenote_active":false,"_monsterinsights_sitenote_note":"","_monsterinsights_sitenote_category":0,"footnotes":""},"categories":[2],"tags":[],"class_list":["post-90281","post","type-post","status-publish","format-standard","has-post-thumbnail","hentry","category-noticias"],"yoast_head":"<!-- This site is optimized with the Yoast SEO plugin v27.3 - https:\/\/yoast.com\/product\/yoast-seo-wordpress\/ -->\n<title>Cae &quot;El Contador&quot;, l\u00edder regional de la organizaci\u00f3n: Cartel del Golfo -<\/title>\n<meta name=\"robots\" content=\"index, follow, max-snippet:-1, max-image-preview:large, max-video-preview:-1\" \/>\n<link rel=\"canonical\" href=\"https:\/\/quehacerpolitico.mx\/?p=90281\" \/>\n<meta property=\"og:locale\" content=\"es_MX\" \/>\n<meta property=\"og:type\" content=\"article\" \/>\n<meta property=\"og:title\" content=\"Cae &quot;El Contador&quot;, l\u00edder regional de la organizaci\u00f3n: Cartel del Golfo -\" \/>\n<meta property=\"og:description\" content=\"Por Redacci\u00f3n QP Jos\u00e9 Alfredo &#8220;N&#8221; fue detenido en posesi\u00f3n de un arma de fuego...\" \/>\n<meta property=\"og:url\" content=\"https:\/\/quehacerpolitico.mx\/?p=90281\" \/>\n<meta property=\"article:published_time\" content=\"2022-03-03T06:14:12+00:00\" \/>\n<meta property=\"article:modified_time\" content=\"2022-03-03T06:14:16+00:00\" \/>\n<meta property=\"og:image\" content=\"https:\/\/quehacerpolitico.mx\/wp-content\/uploads\/2022\/03\/A44915E8-DDCB-4736-977F-FC540D7E9E5A.jpeg\" \/>\n\t<meta property=\"og:image:width\" content=\"400\" \/>\n\t<meta property=\"og:image:height\" content=\"300\" \/>\n\t<meta property=\"og:image:type\" content=\"image\/jpeg\" \/>\n<meta name=\"author\" content=\"Redacci\u00f3n QP\" \/>\n<meta name=\"twitter:card\" content=\"summary_large_image\" \/>\n<meta name=\"twitter:label1\" content=\"Escrito por\" \/>\n\t<meta name=\"twitter:data1\" content=\"Redacci\u00f3n QP\" \/>\n\t<meta name=\"twitter:label2\" content=\"Tiempo de lectura\" \/>\n\t<meta name=\"twitter:data2\" content=\"2 minutos\" \/>\n<script type=\"application\/ld+json\" class=\"yoast-schema-graph\">{\"@context\":\"https:\\\/\\\/schema.org\",\"@graph\":[{\"@type\":\"Article\",\"@id\":\"https:\\\/\\\/quehacerpolitico.mx\\\/?p=90281#article\",\"isPartOf\":{\"@id\":\"https:\\\/\\\/quehacerpolitico.mx\\\/?p=90281\"},\"author\":{\"name\":\"Redacci\u00f3n QP\",\"@id\":\"https:\\\/\\\/quehacerpolitico.mx\\\/#\\\/schema\\\/person\\\/496d8ad2d1d3f8036101dca7ee39e585\"},\"headline\":\"Cae &#8220;El Contador&#8221;, l\u00edder regional de la organizaci\u00f3n: Cartel del Golfo\",\"datePublished\":\"2022-03-03T06:14:12+00:00\",\"dateModified\":\"2022-03-03T06:14:16+00:00\",\"mainEntityOfPage\":{\"@id\":\"https:\\\/\\\/quehacerpolitico.mx\\\/?p=90281\"},\"wordCount\":317,\"commentCount\":0,\"image\":{\"@id\":\"https:\\\/\\\/quehacerpolitico.mx\\\/?p=90281#primaryimage\"},\"thumbnailUrl\":\"https:\\\/\\\/quehacerpolitico.mx\\\/wp-content\\\/uploads\\\/2022\\\/03\\\/A44915E8-DDCB-4736-977F-FC540D7E9E5A.jpeg\",\"articleSection\":[\"Noticias\"],\"inLanguage\":\"es\",\"potentialAction\":[{\"@type\":\"CommentAction\",\"name\":\"Comment\",\"target\":[\"https:\\\/\\\/quehacerpolitico.mx\\\/?p=90281#respond\"]}]},{\"@type\":\"WebPage\",\"@id\":\"https:\\\/\\\/quehacerpolitico.mx\\\/?p=90281\",\"url\":\"https:\\\/\\\/quehacerpolitico.mx\\\/?p=90281\",\"name\":\"Cae \\\"El Contador\\\", l\u00edder regional de la organizaci\u00f3n: Cartel del Golfo -\",\"isPartOf\":{\"@id\":\"https:\\\/\\\/quehacerpolitico.mx\\\/#website\"},\"primaryImageOfPage\":{\"@id\":\"https:\\\/\\\/quehacerpolitico.mx\\\/?p=90281#primaryimage\"},\"image\":{\"@id\":\"https:\\\/\\\/quehacerpolitico.mx\\\/?p=90281#primaryimage\"},\"thumbnailUrl\":\"https:\\\/\\\/quehacerpolitico.mx\\\/wp-content\\\/uploads\\\/2022\\\/03\\\/A44915E8-DDCB-4736-977F-FC540D7E9E5A.jpeg\",\"datePublished\":\"2022-03-03T06:14:12+00:00\",\"dateModified\":\"2022-03-03T06:14:16+00:00\",\"author\":{\"@id\":\"https:\\\/\\\/quehacerpolitico.mx\\\/#\\\/schema\\\/person\\\/496d8ad2d1d3f8036101dca7ee39e585\"},\"breadcrumb\":{\"@id\":\"https:\\\/\\\/quehacerpolitico.mx\\\/?p=90281#breadcrumb\"},\"inLanguage\":\"es\",\"potentialAction\":[{\"@type\":\"ReadAction\",\"target\":[\"https:\\\/\\\/quehacerpolitico.mx\\\/?p=90281\"]}]},{\"@type\":\"ImageObject\",\"inLanguage\":\"es\",\"@id\":\"https:\\\/\\\/quehacerpolitico.mx\\\/?p=90281#primaryimage\",\"url\":\"https:\\\/\\\/quehacerpolitico.mx\\\/wp-content\\\/uploads\\\/2022\\\/03\\\/A44915E8-DDCB-4736-977F-FC540D7E9E5A.jpeg\",\"contentUrl\":\"https:\\\/\\\/quehacerpolitico.mx\\\/wp-content\\\/uploads\\\/2022\\\/03\\\/A44915E8-DDCB-4736-977F-FC540D7E9E5A.jpeg\",\"width\":400,\"height\":300},{\"@type\":\"BreadcrumbList\",\"@id\":\"https:\\\/\\\/quehacerpolitico.mx\\\/?p=90281#breadcrumb\",\"itemListElement\":[{\"@type\":\"ListItem\",\"position\":1,\"name\":\"Inicio\",\"item\":\"https:\\\/\\\/quehacerpolitico.mx\\\/\"},{\"@type\":\"ListItem\",\"position\":2,\"name\":\"Cae &#8220;El Contador&#8221;, l\u00edder regional de la organizaci\u00f3n: Cartel del Golfo\"}]},{\"@type\":\"WebSite\",\"@id\":\"https:\\\/\\\/quehacerpolitico.mx\\\/#website\",\"url\":\"https:\\\/\\\/quehacerpolitico.mx\\\/\",\"name\":\"\",\"description\":\"\",\"potentialAction\":[{\"@type\":\"SearchAction\",\"target\":{\"@type\":\"EntryPoint\",\"urlTemplate\":\"https:\\\/\\\/quehacerpolitico.mx\\\/?s={search_term_string}\"},\"query-input\":{\"@type\":\"PropertyValueSpecification\",\"valueRequired\":true,\"valueName\":\"search_term_string\"}}],\"inLanguage\":\"es\"},{\"@type\":\"Person\",\"@id\":\"https:\\\/\\\/quehacerpolitico.mx\\\/#\\\/schema\\\/person\\\/496d8ad2d1d3f8036101dca7ee39e585\",\"name\":\"Redacci\u00f3n QP\",\"image\":{\"@type\":\"ImageObject\",\"inLanguage\":\"es\",\"@id\":\"https:\\\/\\\/secure.gravatar.com\\\/avatar\\\/c7164ed6fdec453195284ad24a5ae5b6e1eed2b848477fa2a4787ba9adf39a41?s=96&d=mm&r=g\",\"url\":\"https:\\\/\\\/secure.gravatar.com\\\/avatar\\\/c7164ed6fdec453195284ad24a5ae5b6e1eed2b848477fa2a4787ba9adf39a41?s=96&d=mm&r=g\",\"contentUrl\":\"https:\\\/\\\/secure.gravatar.com\\\/avatar\\\/c7164ed6fdec453195284ad24a5ae5b6e1eed2b848477fa2a4787ba9adf39a41?s=96&d=mm&r=g\",\"caption\":\"Redacci\u00f3n QP\"},\"url\":\"https:\\\/\\\/quehacerpolitico.mx\\\/?author=2\"}]}<\/script>\n<!-- \/ Yoast SEO plugin. -->","yoast_head_json":{"title":"Cae \"El Contador\", l\u00edder regional de la organizaci\u00f3n: Cartel del Golfo -","robots":{"index":"index","follow":"follow","max-snippet":"max-snippet:-1","max-image-preview":"max-image-preview:large","max-video-preview":"max-video-preview:-1"},"canonical":"https:\/\/quehacerpolitico.mx\/?p=90281","og_locale":"es_MX","og_type":"article","og_title":"Cae \"El Contador\", l\u00edder regional de la organizaci\u00f3n: Cartel del Golfo -","og_description":"Por Redacci\u00f3n QP Jos\u00e9 Alfredo &#8220;N&#8221; fue detenido en posesi\u00f3n de un arma de fuego...","og_url":"https:\/\/quehacerpolitico.mx\/?p=90281","article_published_time":"2022-03-03T06:14:12+00:00","article_modified_time":"2022-03-03T06:14:16+00:00","og_image":[{"width":400,"height":300,"url":"https:\/\/quehacerpolitico.mx\/wp-content\/uploads\/2022\/03\/A44915E8-DDCB-4736-977F-FC540D7E9E5A.jpeg","type":"image\/jpeg"}],"author":"Redacci\u00f3n QP","twitter_card":"summary_large_image","twitter_misc":{"Escrito por":"Redacci\u00f3n QP","Tiempo de lectura":"2 minutos"},"schema":{"@context":"https:\/\/schema.org","@graph":[{"@type":"Article","@id":"https:\/\/quehacerpolitico.mx\/?p=90281#article","isPartOf":{"@id":"https:\/\/quehacerpolitico.mx\/?p=90281"},"author":{"name":"Redacci\u00f3n QP","@id":"https:\/\/quehacerpolitico.mx\/#\/schema\/person\/496d8ad2d1d3f8036101dca7ee39e585"},"headline":"Cae &#8220;El Contador&#8221;, l\u00edder regional de la organizaci\u00f3n: Cartel del Golfo","datePublished":"2022-03-03T06:14:12+00:00","dateModified":"2022-03-03T06:14:16+00:00","mainEntityOfPage":{"@id":"https:\/\/quehacerpolitico.mx\/?p=90281"},"wordCount":317,"commentCount":0,"image":{"@id":"https:\/\/quehacerpolitico.mx\/?p=90281#primaryimage"},"thumbnailUrl":"https:\/\/quehacerpolitico.mx\/wp-content\/uploads\/2022\/03\/A44915E8-DDCB-4736-977F-FC540D7E9E5A.jpeg","articleSection":["Noticias"],"inLanguage":"es","potentialAction":[{"@type":"CommentAction","name":"Comment","target":["https:\/\/quehacerpolitico.mx\/?p=90281#respond"]}]},{"@type":"WebPage","@id":"https:\/\/quehacerpolitico.mx\/?p=90281","url":"https:\/\/quehacerpolitico.mx\/?p=90281","name":"Cae \"El Contador\", l\u00edder regional de la organizaci\u00f3n: Cartel del Golfo -","isPartOf":{"@id":"https:\/\/quehacerpolitico.mx\/#website"},"primaryImageOfPage":{"@id":"https:\/\/quehacerpolitico.mx\/?p=90281#primaryimage"},"image":{"@id":"https:\/\/quehacerpolitico.mx\/?p=90281#primaryimage"},"thumbnailUrl":"https:\/\/quehacerpolitico.mx\/wp-content\/uploads\/2022\/03\/A44915E8-DDCB-4736-977F-FC540D7E9E5A.jpeg","datePublished":"2022-03-03T06:14:12+00:00","dateModified":"2022-03-03T06:14:16+00:00","author":{"@id":"https:\/\/quehacerpolitico.mx\/#\/schema\/person\/496d8ad2d1d3f8036101dca7ee39e585"},"breadcrumb":{"@id":"https:\/\/quehacerpolitico.mx\/?p=90281#breadcrumb"},"inLanguage":"es","potentialAction":[{"@type":"ReadAction","target":["https:\/\/quehacerpolitico.mx\/?p=90281"]}]},{"@type":"ImageObject","inLanguage":"es","@id":"https:\/\/quehacerpolitico.mx\/?p=90281#primaryimage","url":"https:\/\/quehacerpolitico.mx\/wp-content\/uploads\/2022\/03\/A44915E8-DDCB-4736-977F-FC540D7E9E5A.jpeg","contentUrl":"https:\/\/quehacerpolitico.mx\/wp-content\/uploads\/2022\/03\/A44915E8-DDCB-4736-977F-FC540D7E9E5A.jpeg","width":400,"height":300},{"@type":"BreadcrumbList","@id":"https:\/\/quehacerpolitico.mx\/?p=90281#breadcrumb","itemListElement":[{"@type":"ListItem","position":1,"name":"Inicio","item":"https:\/\/quehacerpolitico.mx\/"},{"@type":"ListItem","position":2,"name":"Cae &#8220;El Contador&#8221;, l\u00edder regional de la organizaci\u00f3n: Cartel del Golfo"}]},{"@type":"WebSite","@id":"https:\/\/quehacerpolitico.mx\/#website","url":"https:\/\/quehacerpolitico.mx\/","name":"","description":"","potentialAction":[{"@type":"SearchAction","target":{"@type":"EntryPoint","urlTemplate":"https:\/\/quehacerpolitico.mx\/?s={search_term_string}"},"query-input":{"@type":"PropertyValueSpecification","valueRequired":true,"valueName":"search_term_string"}}],"inLanguage":"es"},{"@type":"Person","@id":"https:\/\/quehacerpolitico.mx\/#\/schema\/person\/496d8ad2d1d3f8036101dca7ee39e585","name":"Redacci\u00f3n QP","image":{"@type":"ImageObject","inLanguage":"es","@id":"https:\/\/secure.gravatar.com\/avatar\/c7164ed6fdec453195284ad24a5ae5b6e1eed2b848477fa2a4787ba9adf39a41?s=96&d=mm&r=g","url":"https:\/\/secure.gravatar.com\/avatar\/c7164ed6fdec453195284ad24a5ae5b6e1eed2b848477fa2a4787ba9adf39a41?s=96&d=mm&r=g","contentUrl":"https:\/\/secure.gravatar.com\/avatar\/c7164ed6fdec453195284ad24a5ae5b6e1eed2b848477fa2a4787ba9adf39a41?s=96&d=mm&r=g","caption":"Redacci\u00f3n QP"},"url":"https:\/\/quehacerpolitico.mx\/?author=2"}]}},"featured_image_urls":{"full":["https:\/\/quehacerpolitico.mx\/wp-content\/uploads\/2022\/03\/A44915E8-DDCB-4736-977F-FC540D7E9E5A.jpeg",400,300,false],"thumbnail":["https:\/\/quehacerpolitico.mx\/wp-content\/uploads\/2022\/03\/A44915E8-DDCB-4736-977F-FC540D7E9E5A-150x150.jpeg",150,150,true],"medium":["https:\/\/quehacerpolitico.mx\/wp-content\/uploads\/2022\/03\/A44915E8-DDCB-4736-977F-FC540D7E9E5A-300x225.jpeg",300,225,true],"medium_large":["https:\/\/quehacerpolitico.mx\/wp-content\/uploads\/2022\/03\/A44915E8-DDCB-4736-977F-FC540D7E9E5A.jpeg",400,300,false],"large":["https:\/\/quehacerpolitico.mx\/wp-content\/uploads\/2022\/03\/A44915E8-DDCB-4736-977F-FC540D7E9E5A.jpeg",400,300,false],"1536x1536":["https:\/\/quehacerpolitico.mx\/wp-content\/uploads\/2022\/03\/A44915E8-DDCB-4736-977F-FC540D7E9E5A.jpeg",400,300,false],"2048x2048":["https:\/\/quehacerpolitico.mx\/wp-content\/uploads\/2022\/03\/A44915E8-DDCB-4736-977F-FC540D7E9E5A.jpeg",400,300,false],"covernews-featured":["https:\/\/quehacerpolitico.mx\/wp-content\/uploads\/2022\/03\/A44915E8-DDCB-4736-977F-FC540D7E9E5A.jpeg",400,300,false],"covernews-medium":["https:\/\/quehacerpolitico.mx\/wp-content\/uploads\/2022\/03\/A44915E8-DDCB-4736-977F-FC540D7E9E5A.jpeg",400,300,false]},"author_info":{"display_name":"Redacci\u00f3n QP","author_link":"https:\/\/quehacerpolitico.mx\/?author=2"},"category_info":"<a href=\"https:\/\/quehacerpolitico.mx\/?cat=2\" rel=\"category\">Noticias<\/a>","tag_info":"Noticias","comment_count":"0","_links":{"self":[{"href":"https:\/\/quehacerpolitico.mx\/index.php?rest_route=\/wp\/v2\/posts\/90281","targetHints":{"allow":["GET"]}}],"collection":[{"href":"https:\/\/quehacerpolitico.mx\/index.php?rest_route=\/wp\/v2\/posts"}],"about":[{"href":"https:\/\/quehacerpolitico.mx\/index.php?rest_route=\/wp\/v2\/types\/post"}],"author":[{"embeddable":true,"href":"https:\/\/quehacerpolitico.mx\/index.php?rest_route=\/wp\/v2\/users\/2"}],"replies":[{"embeddable":true,"href":"https:\/\/quehacerpolitico.mx\/index.php?rest_route=%2Fwp%2Fv2%2Fcomments&post=90281"}],"version-history":[{"count":1,"href":"https:\/\/quehacerpolitico.mx\/index.php?rest_route=\/wp\/v2\/posts\/90281\/revisions"}],"predecessor-version":[{"id":90283,"href":"https:\/\/quehacerpolitico.mx\/index.php?rest_route=\/wp\/v2\/posts\/90281\/revisions\/90283"}],"wp:featuredmedia":[{"embeddable":true,"href":"https:\/\/quehacerpolitico.mx\/index.php?rest_route=\/wp\/v2\/media\/90282"}],"wp:attachment":[{"href":"https:\/\/quehacerpolitico.mx\/index.php?rest_route=%2Fwp%2Fv2%2Fmedia&parent=90281"}],"wp:term":[{"taxonomy":"category","embeddable":true,"href":"https:\/\/quehacerpolitico.mx\/index.php?rest_route=%2Fwp%2Fv2%2Fcategories&post=90281"},{"taxonomy":"post_tag","embeddable":true,"href":"https:\/\/quehacerpolitico.mx\/index.php?rest_route=%2Fwp%2Fv2%2Ftags&post=90281"}],"curies":[{"name":"wp","href":"https:\/\/api.w.org\/{rel}","templated":true}]}}