{"id":90241,"date":"2022-03-02T16:17:09","date_gmt":"2022-03-02T16:17:09","guid":{"rendered":"https:\/\/quehacerpolitico.mx\/?p=90241"},"modified":"2022-03-02T16:17:12","modified_gmt":"2022-03-02T16:17:12","slug":"plusvalia-nula-en-zonas-aledanas-al-aifa-cae-el-valor-del-sector-residencial","status":"publish","type":"post","link":"https:\/\/quehacerpolitico.mx\/?p=90241","title":{"rendered":"Plusval\u00eda nula en zonas aleda\u00f1as al AIFA cae el valor del sector residencial"},"content":{"rendered":"\n<p>Por Alberto Prado<\/p>\n\n\n\n<p>Director General <\/p>\n\n\n\n<ul class=\"wp-block-list\"><li>A<strong>\u00a0nivel digital<\/strong>\u00a0se ha revelado que las propiedades en las\u00a0<strong>zonas circundantes a Santa Luc\u00eda<\/strong>\u00a0presentaron fluctuaciones\u00a0\u00a0en su oferta y en su valor.<\/li><li>El valor promedio de una\u00a0<strong>propiedad en el \u00e1rea de Tec\u00e1mac<\/strong>\u00a0ha tenido una baja porcentual del 1% pasando de un precio promedio de\u00a0<strong>743 mil pesos a 738 mil pesos<\/strong>\u00a0aproximadamente de\u00a0<strong>enero de 2021 a enero de 2022.<\/strong><\/li><\/ul>\n\n\n\n<figure class=\"wp-block-image size-large\"><img loading=\"lazy\" decoding=\"async\" width=\"799\" height=\"1024\" src=\"https:\/\/quehacerpolitico.mx\/wp-content\/uploads\/2022\/03\/image-8-799x1024.jpeg\" alt=\"\" class=\"wp-image-90242\" srcset=\"https:\/\/quehacerpolitico.mx\/wp-content\/uploads\/2022\/03\/image-8-799x1024.jpeg 799w, https:\/\/quehacerpolitico.mx\/wp-content\/uploads\/2022\/03\/image-8-234x300.jpeg 234w, https:\/\/quehacerpolitico.mx\/wp-content\/uploads\/2022\/03\/image-8-768x984.jpeg 768w, https:\/\/quehacerpolitico.mx\/wp-content\/uploads\/2022\/03\/image-8-1199x1536.jpeg 1199w, https:\/\/quehacerpolitico.mx\/wp-content\/uploads\/2022\/03\/image-8-114x146.jpeg 114w, https:\/\/quehacerpolitico.mx\/wp-content\/uploads\/2022\/03\/image-8-39x50.jpeg 39w, https:\/\/quehacerpolitico.mx\/wp-content\/uploads\/2022\/03\/image-8-59x75.jpeg 59w, https:\/\/quehacerpolitico.mx\/wp-content\/uploads\/2022\/03\/image-8.jpeg 1254w\" sizes=\"auto, (max-width: 799px) 100vw, 799px\" \/><\/figure>\n\n\n\n<p><strong>Falta poco para la\u00a0inauguraci\u00f3n de las operaciones del nuevo Aeropuerto Internacional Felipe \u00c1ngeles\u00a0por lo que es importante saber cu\u00e1l ha sido el impacto en el\u00a0sector inmobiliario de la zona.De acuerdo con los datos de las plataformas inmobiliarias\u00a0este proyecto definitivamente cambiar\u00e1 la plusval\u00eda de las colonias aleda\u00f1as al\u00a0AIFA, en Santa Luc\u00eda, en el municipio de\u00a0Zumpango\u00a0y la zona de Tecamac, que es quiz\u00e1 la que mayor impacto ha tenido desde que se anunci\u00f3 el proyecto, ya que el precio del m2 de terreno se encuentra actualmente alrededor de los\u00a010 mil 264 pesos,en este mismo periodo, pero del 2018 se encontraba en\u00a04 mil 700 pesos,\u00a0es decir, el aumento en su variaci\u00f3n porcentual fue del\u00a0118%.Tambi\u00e9n se reporta que el\u00a0valor promedio de una propiedad\u00a0en el \u00e1rea de Tecamac\u00a0ha tenido una baja porcentual del 1% pasando de un precio promedio de\u00a0743 mil pesos a 738 mil\u00a0pesos\u00a0aproximadamente de\u00a0enero de 2021 a enero de 2022\u00a0y las b\u00fasquedas en l\u00ednea de\u00a0propiedades\u00a0en la zona representan el 83% de participaci\u00f3n sobre el\u00a017% de b\u00fasquedas en Zumpango.<em>\u201cAunque se han presentado variaciones considerables en los precios promedio y por m2, tambi\u00e9n debemos tomar en cuenta que seguimos resolviendo los pendientes provocados por la crisis de la pandemia. Aunque cabe destacar que un bien inmueble siempre va a generar una mayor plusval\u00eda, a\u00fan cuando se encuentre en zonas consolidadas o en reconversi\u00f3n. En este sentido, dicho aumento tambi\u00e9n depende de factores como su ubicaci\u00f3n e inversi\u00f3n, as\u00ed como de las caracter\u00edsticas propias del inmueble\u201d<\/em>De acuerdo a datos de diversas\u00a0plataformas, a nivel digital se ha revelado que las propiedades en las\u00a0zonas circundantes a Santa Luc\u00eda\u00a0presentaron fluctuaciones\u00a0\u00a0en su oferta y en su valor, por ejemplo en\u00a0Zumpango en enero de 2021\u00a0una propiedad ten\u00eda un precio promedio de 443 mil pesos y en enero de 2022 tiene un precio promedio de 454 mil pesos, es decir tuvo una variaci\u00f3n porcentual positiva de 2.5%.As\u00ed la influencia del AIFA en el valor comercial del sector inmobiliario en las zonas aleda\u00f1as al mismo, esperemos y la plusval\u00eda repunte con esta mega construcci\u00f3n de la Cuarta Transformaci\u00f3n y logr\u00e9 los beneficios esperados por los habitantes cercanos a dicha <\/strong>obra.Es cuanto.<\/p>\n\n\n\n<p>No se te olvide que?<\/p>\n\n\n\n<p>En\u00a0NotiExpress | La Revista del Sector Inmobiliario nos ocupamos en la difusi\u00f3n de la industria inmobiliaria generamos contenidos que te ayudar\u00e1n a mantenerte a la vanguardia en tecnolog\u00eda y en tendencias del sector inmobiliario para que puedas ofrecer el mejor servicio y generar m\u00e1s clientes.<\/p>\n\n\n\n<p>\u00c9chale una miradita a nuestra revista mensual donde encontrar\u00e1s la informaci\u00f3n precisa y oportuna con todo lo relacionado al sector inmobiliario aqu\u00ed\u00a0?<a href=\"https:\/\/issuu.com\/notiexpressmx\/docs\/notiexpress_07\">https:\/\/issuu.com\/notiexpressmx\/docs\/notiexpress_07\u00a0<\/a>\u00a0NotiExpress | La Revista del Sector Inmobiliario<\/p>\n\n\n\n<figure class=\"wp-block-image size-large\"><img loading=\"lazy\" decoding=\"async\" width=\"1024\" height=\"570\" src=\"https:\/\/quehacerpolitico.mx\/wp-content\/uploads\/2022\/03\/image-9-1024x570.jpeg\" alt=\"\" class=\"wp-image-90243\" srcset=\"https:\/\/quehacerpolitico.mx\/wp-content\/uploads\/2022\/03\/image-9-1024x570.jpeg 1024w, https:\/\/quehacerpolitico.mx\/wp-content\/uploads\/2022\/03\/image-9-300x167.jpeg 300w, https:\/\/quehacerpolitico.mx\/wp-content\/uploads\/2022\/03\/image-9-768x428.jpeg 768w, https:\/\/quehacerpolitico.mx\/wp-content\/uploads\/2022\/03\/image-9-260x146.jpeg 260w, https:\/\/quehacerpolitico.mx\/wp-content\/uploads\/2022\/03\/image-9-50x28.jpeg 50w, https:\/\/quehacerpolitico.mx\/wp-content\/uploads\/2022\/03\/image-9-135x75.jpeg 135w, https:\/\/quehacerpolitico.mx\/wp-content\/uploads\/2022\/03\/image-9.jpeg 1284w\" sizes=\"auto, (max-width: 1024px) 100vw, 1024px\" \/><\/figure>\n","protected":false},"excerpt":{"rendered":"<p>Por Alberto Prado Director General A\u00a0nivel digital\u00a0se ha revelado que las propiedades en las\u00a0zonas circundantes&#8230;<\/p>\n","protected":false},"author":2,"featured_media":90244,"comment_status":"open","ping_status":"open","sticky":false,"template":"","format":"standard","meta":{"_monsterinsights_skip_tracking":false,"_monsterinsights_sitenote_active":false,"_monsterinsights_sitenote_note":"","_monsterinsights_sitenote_category":0,"footnotes":""},"categories":[56],"tags":[],"class_list":["post-90241","post","type-post","status-publish","format-standard","has-post-thumbnail","hentry","category-economia"],"yoast_head":"<!-- This site is optimized with the Yoast SEO plugin v27.3 - https:\/\/yoast.com\/product\/yoast-seo-wordpress\/ -->\n<title>Plusval\u00eda nula en zonas aleda\u00f1as al AIFA cae el valor del sector residencial -<\/title>\n<meta name=\"robots\" content=\"index, follow, max-snippet:-1, max-image-preview:large, max-video-preview:-1\" \/>\n<link rel=\"canonical\" href=\"https:\/\/quehacerpolitico.mx\/?p=90241\" \/>\n<meta property=\"og:locale\" content=\"es_MX\" \/>\n<meta property=\"og:type\" content=\"article\" \/>\n<meta property=\"og:title\" content=\"Plusval\u00eda nula en zonas aleda\u00f1as al AIFA cae el valor del sector residencial -\" \/>\n<meta property=\"og:description\" content=\"Por Alberto Prado Director General A\u00a0nivel digital\u00a0se ha revelado que las propiedades en las\u00a0zonas circundantes...\" \/>\n<meta property=\"og:url\" content=\"https:\/\/quehacerpolitico.mx\/?p=90241\" \/>\n<meta property=\"article:published_time\" content=\"2022-03-02T16:17:09+00:00\" \/>\n<meta property=\"article:modified_time\" content=\"2022-03-02T16:17:12+00:00\" \/>\n<meta property=\"og:image\" content=\"https:\/\/quehacerpolitico.mx\/wp-content\/uploads\/2022\/03\/AD3A1BCF-6CDC-4DB8-811F-18A8C8B89226.jpeg\" \/>\n\t<meta property=\"og:image:width\" content=\"1254\" \/>\n\t<meta property=\"og:image:height\" content=\"590\" \/>\n\t<meta property=\"og:image:type\" content=\"image\/jpeg\" \/>\n<meta name=\"author\" content=\"Redacci\u00f3n QP\" \/>\n<meta name=\"twitter:card\" content=\"summary_large_image\" \/>\n<meta name=\"twitter:label1\" content=\"Escrito por\" \/>\n\t<meta name=\"twitter:data1\" content=\"Redacci\u00f3n QP\" \/>\n\t<meta name=\"twitter:label2\" content=\"Tiempo de lectura\" \/>\n\t<meta name=\"twitter:data2\" content=\"3 minutos\" \/>\n<script type=\"application\/ld+json\" class=\"yoast-schema-graph\">{\"@context\":\"https:\\\/\\\/schema.org\",\"@graph\":[{\"@type\":\"Article\",\"@id\":\"https:\\\/\\\/quehacerpolitico.mx\\\/?p=90241#article\",\"isPartOf\":{\"@id\":\"https:\\\/\\\/quehacerpolitico.mx\\\/?p=90241\"},\"author\":{\"name\":\"Redacci\u00f3n QP\",\"@id\":\"https:\\\/\\\/quehacerpolitico.mx\\\/#\\\/schema\\\/person\\\/496d8ad2d1d3f8036101dca7ee39e585\"},\"headline\":\"Plusval\u00eda nula en zonas aleda\u00f1as al AIFA cae el valor del sector residencial\",\"datePublished\":\"2022-03-02T16:17:09+00:00\",\"dateModified\":\"2022-03-02T16:17:12+00:00\",\"mainEntityOfPage\":{\"@id\":\"https:\\\/\\\/quehacerpolitico.mx\\\/?p=90241\"},\"wordCount\":563,\"commentCount\":0,\"image\":{\"@id\":\"https:\\\/\\\/quehacerpolitico.mx\\\/?p=90241#primaryimage\"},\"thumbnailUrl\":\"https:\\\/\\\/quehacerpolitico.mx\\\/wp-content\\\/uploads\\\/2022\\\/03\\\/AD3A1BCF-6CDC-4DB8-811F-18A8C8B89226.jpeg\",\"articleSection\":[\"Econom\u00eda\"],\"inLanguage\":\"es\",\"potentialAction\":[{\"@type\":\"CommentAction\",\"name\":\"Comment\",\"target\":[\"https:\\\/\\\/quehacerpolitico.mx\\\/?p=90241#respond\"]}]},{\"@type\":\"WebPage\",\"@id\":\"https:\\\/\\\/quehacerpolitico.mx\\\/?p=90241\",\"url\":\"https:\\\/\\\/quehacerpolitico.mx\\\/?p=90241\",\"name\":\"Plusval\u00eda nula en zonas aleda\u00f1as al AIFA cae el valor del sector residencial -\",\"isPartOf\":{\"@id\":\"https:\\\/\\\/quehacerpolitico.mx\\\/#website\"},\"primaryImageOfPage\":{\"@id\":\"https:\\\/\\\/quehacerpolitico.mx\\\/?p=90241#primaryimage\"},\"image\":{\"@id\":\"https:\\\/\\\/quehacerpolitico.mx\\\/?p=90241#primaryimage\"},\"thumbnailUrl\":\"https:\\\/\\\/quehacerpolitico.mx\\\/wp-content\\\/uploads\\\/2022\\\/03\\\/AD3A1BCF-6CDC-4DB8-811F-18A8C8B89226.jpeg\",\"datePublished\":\"2022-03-02T16:17:09+00:00\",\"dateModified\":\"2022-03-02T16:17:12+00:00\",\"author\":{\"@id\":\"https:\\\/\\\/quehacerpolitico.mx\\\/#\\\/schema\\\/person\\\/496d8ad2d1d3f8036101dca7ee39e585\"},\"breadcrumb\":{\"@id\":\"https:\\\/\\\/quehacerpolitico.mx\\\/?p=90241#breadcrumb\"},\"inLanguage\":\"es\",\"potentialAction\":[{\"@type\":\"ReadAction\",\"target\":[\"https:\\\/\\\/quehacerpolitico.mx\\\/?p=90241\"]}]},{\"@type\":\"ImageObject\",\"inLanguage\":\"es\",\"@id\":\"https:\\\/\\\/quehacerpolitico.mx\\\/?p=90241#primaryimage\",\"url\":\"https:\\\/\\\/quehacerpolitico.mx\\\/wp-content\\\/uploads\\\/2022\\\/03\\\/AD3A1BCF-6CDC-4DB8-811F-18A8C8B89226.jpeg\",\"contentUrl\":\"https:\\\/\\\/quehacerpolitico.mx\\\/wp-content\\\/uploads\\\/2022\\\/03\\\/AD3A1BCF-6CDC-4DB8-811F-18A8C8B89226.jpeg\",\"width\":1254,\"height\":590},{\"@type\":\"BreadcrumbList\",\"@id\":\"https:\\\/\\\/quehacerpolitico.mx\\\/?p=90241#breadcrumb\",\"itemListElement\":[{\"@type\":\"ListItem\",\"position\":1,\"name\":\"Inicio\",\"item\":\"https:\\\/\\\/quehacerpolitico.mx\\\/\"},{\"@type\":\"ListItem\",\"position\":2,\"name\":\"Plusval\u00eda nula en zonas aleda\u00f1as al AIFA cae el valor del sector residencial\"}]},{\"@type\":\"WebSite\",\"@id\":\"https:\\\/\\\/quehacerpolitico.mx\\\/#website\",\"url\":\"https:\\\/\\\/quehacerpolitico.mx\\\/\",\"name\":\"\",\"description\":\"\",\"potentialAction\":[{\"@type\":\"SearchAction\",\"target\":{\"@type\":\"EntryPoint\",\"urlTemplate\":\"https:\\\/\\\/quehacerpolitico.mx\\\/?s={search_term_string}\"},\"query-input\":{\"@type\":\"PropertyValueSpecification\",\"valueRequired\":true,\"valueName\":\"search_term_string\"}}],\"inLanguage\":\"es\"},{\"@type\":\"Person\",\"@id\":\"https:\\\/\\\/quehacerpolitico.mx\\\/#\\\/schema\\\/person\\\/496d8ad2d1d3f8036101dca7ee39e585\",\"name\":\"Redacci\u00f3n QP\",\"image\":{\"@type\":\"ImageObject\",\"inLanguage\":\"es\",\"@id\":\"https:\\\/\\\/secure.gravatar.com\\\/avatar\\\/c7164ed6fdec453195284ad24a5ae5b6e1eed2b848477fa2a4787ba9adf39a41?s=96&d=mm&r=g\",\"url\":\"https:\\\/\\\/secure.gravatar.com\\\/avatar\\\/c7164ed6fdec453195284ad24a5ae5b6e1eed2b848477fa2a4787ba9adf39a41?s=96&d=mm&r=g\",\"contentUrl\":\"https:\\\/\\\/secure.gravatar.com\\\/avatar\\\/c7164ed6fdec453195284ad24a5ae5b6e1eed2b848477fa2a4787ba9adf39a41?s=96&d=mm&r=g\",\"caption\":\"Redacci\u00f3n QP\"},\"url\":\"https:\\\/\\\/quehacerpolitico.mx\\\/?author=2\"}]}<\/script>\n<!-- \/ Yoast SEO plugin. -->","yoast_head_json":{"title":"Plusval\u00eda nula en zonas aleda\u00f1as al AIFA cae el valor del sector residencial -","robots":{"index":"index","follow":"follow","max-snippet":"max-snippet:-1","max-image-preview":"max-image-preview:large","max-video-preview":"max-video-preview:-1"},"canonical":"https:\/\/quehacerpolitico.mx\/?p=90241","og_locale":"es_MX","og_type":"article","og_title":"Plusval\u00eda nula en zonas aleda\u00f1as al AIFA cae el valor del sector residencial -","og_description":"Por Alberto Prado Director General A\u00a0nivel digital\u00a0se ha revelado que las propiedades en las\u00a0zonas circundantes...","og_url":"https:\/\/quehacerpolitico.mx\/?p=90241","article_published_time":"2022-03-02T16:17:09+00:00","article_modified_time":"2022-03-02T16:17:12+00:00","og_image":[{"width":1254,"height":590,"url":"https:\/\/quehacerpolitico.mx\/wp-content\/uploads\/2022\/03\/AD3A1BCF-6CDC-4DB8-811F-18A8C8B89226.jpeg","type":"image\/jpeg"}],"author":"Redacci\u00f3n QP","twitter_card":"summary_large_image","twitter_misc":{"Escrito por":"Redacci\u00f3n QP","Tiempo de lectura":"3 minutos"},"schema":{"@context":"https:\/\/schema.org","@graph":[{"@type":"Article","@id":"https:\/\/quehacerpolitico.mx\/?p=90241#article","isPartOf":{"@id":"https:\/\/quehacerpolitico.mx\/?p=90241"},"author":{"name":"Redacci\u00f3n QP","@id":"https:\/\/quehacerpolitico.mx\/#\/schema\/person\/496d8ad2d1d3f8036101dca7ee39e585"},"headline":"Plusval\u00eda nula en zonas aleda\u00f1as al AIFA cae el valor del sector residencial","datePublished":"2022-03-02T16:17:09+00:00","dateModified":"2022-03-02T16:17:12+00:00","mainEntityOfPage":{"@id":"https:\/\/quehacerpolitico.mx\/?p=90241"},"wordCount":563,"commentCount":0,"image":{"@id":"https:\/\/quehacerpolitico.mx\/?p=90241#primaryimage"},"thumbnailUrl":"https:\/\/quehacerpolitico.mx\/wp-content\/uploads\/2022\/03\/AD3A1BCF-6CDC-4DB8-811F-18A8C8B89226.jpeg","articleSection":["Econom\u00eda"],"inLanguage":"es","potentialAction":[{"@type":"CommentAction","name":"Comment","target":["https:\/\/quehacerpolitico.mx\/?p=90241#respond"]}]},{"@type":"WebPage","@id":"https:\/\/quehacerpolitico.mx\/?p=90241","url":"https:\/\/quehacerpolitico.mx\/?p=90241","name":"Plusval\u00eda nula en zonas aleda\u00f1as al AIFA cae el valor del sector residencial -","isPartOf":{"@id":"https:\/\/quehacerpolitico.mx\/#website"},"primaryImageOfPage":{"@id":"https:\/\/quehacerpolitico.mx\/?p=90241#primaryimage"},"image":{"@id":"https:\/\/quehacerpolitico.mx\/?p=90241#primaryimage"},"thumbnailUrl":"https:\/\/quehacerpolitico.mx\/wp-content\/uploads\/2022\/03\/AD3A1BCF-6CDC-4DB8-811F-18A8C8B89226.jpeg","datePublished":"2022-03-02T16:17:09+00:00","dateModified":"2022-03-02T16:17:12+00:00","author":{"@id":"https:\/\/quehacerpolitico.mx\/#\/schema\/person\/496d8ad2d1d3f8036101dca7ee39e585"},"breadcrumb":{"@id":"https:\/\/quehacerpolitico.mx\/?p=90241#breadcrumb"},"inLanguage":"es","potentialAction":[{"@type":"ReadAction","target":["https:\/\/quehacerpolitico.mx\/?p=90241"]}]},{"@type":"ImageObject","inLanguage":"es","@id":"https:\/\/quehacerpolitico.mx\/?p=90241#primaryimage","url":"https:\/\/quehacerpolitico.mx\/wp-content\/uploads\/2022\/03\/AD3A1BCF-6CDC-4DB8-811F-18A8C8B89226.jpeg","contentUrl":"https:\/\/quehacerpolitico.mx\/wp-content\/uploads\/2022\/03\/AD3A1BCF-6CDC-4DB8-811F-18A8C8B89226.jpeg","width":1254,"height":590},{"@type":"BreadcrumbList","@id":"https:\/\/quehacerpolitico.mx\/?p=90241#breadcrumb","itemListElement":[{"@type":"ListItem","position":1,"name":"Inicio","item":"https:\/\/quehacerpolitico.mx\/"},{"@type":"ListItem","position":2,"name":"Plusval\u00eda nula en zonas aleda\u00f1as al AIFA cae el valor del sector residencial"}]},{"@type":"WebSite","@id":"https:\/\/quehacerpolitico.mx\/#website","url":"https:\/\/quehacerpolitico.mx\/","name":"","description":"","potentialAction":[{"@type":"SearchAction","target":{"@type":"EntryPoint","urlTemplate":"https:\/\/quehacerpolitico.mx\/?s={search_term_string}"},"query-input":{"@type":"PropertyValueSpecification","valueRequired":true,"valueName":"search_term_string"}}],"inLanguage":"es"},{"@type":"Person","@id":"https:\/\/quehacerpolitico.mx\/#\/schema\/person\/496d8ad2d1d3f8036101dca7ee39e585","name":"Redacci\u00f3n QP","image":{"@type":"ImageObject","inLanguage":"es","@id":"https:\/\/secure.gravatar.com\/avatar\/c7164ed6fdec453195284ad24a5ae5b6e1eed2b848477fa2a4787ba9adf39a41?s=96&d=mm&r=g","url":"https:\/\/secure.gravatar.com\/avatar\/c7164ed6fdec453195284ad24a5ae5b6e1eed2b848477fa2a4787ba9adf39a41?s=96&d=mm&r=g","contentUrl":"https:\/\/secure.gravatar.com\/avatar\/c7164ed6fdec453195284ad24a5ae5b6e1eed2b848477fa2a4787ba9adf39a41?s=96&d=mm&r=g","caption":"Redacci\u00f3n QP"},"url":"https:\/\/quehacerpolitico.mx\/?author=2"}]}},"featured_image_urls":{"full":["https:\/\/quehacerpolitico.mx\/wp-content\/uploads\/2022\/03\/AD3A1BCF-6CDC-4DB8-811F-18A8C8B89226.jpeg",1254,590,false],"thumbnail":["https:\/\/quehacerpolitico.mx\/wp-content\/uploads\/2022\/03\/AD3A1BCF-6CDC-4DB8-811F-18A8C8B89226-150x150.jpeg",150,150,true],"medium":["https:\/\/quehacerpolitico.mx\/wp-content\/uploads\/2022\/03\/AD3A1BCF-6CDC-4DB8-811F-18A8C8B89226-300x141.jpeg",300,141,true],"medium_large":["https:\/\/quehacerpolitico.mx\/wp-content\/uploads\/2022\/03\/AD3A1BCF-6CDC-4DB8-811F-18A8C8B89226-768x361.jpeg",640,301,true],"large":["https:\/\/quehacerpolitico.mx\/wp-content\/uploads\/2022\/03\/AD3A1BCF-6CDC-4DB8-811F-18A8C8B89226-1024x482.jpeg",640,301,true],"1536x1536":["https:\/\/quehacerpolitico.mx\/wp-content\/uploads\/2022\/03\/AD3A1BCF-6CDC-4DB8-811F-18A8C8B89226.jpeg",1254,590,false],"2048x2048":["https:\/\/quehacerpolitico.mx\/wp-content\/uploads\/2022\/03\/AD3A1BCF-6CDC-4DB8-811F-18A8C8B89226.jpeg",1254,590,false],"covernews-featured":["https:\/\/quehacerpolitico.mx\/wp-content\/uploads\/2022\/03\/AD3A1BCF-6CDC-4DB8-811F-18A8C8B89226.jpeg",1024,482,false],"covernews-medium":["https:\/\/quehacerpolitico.mx\/wp-content\/uploads\/2022\/03\/AD3A1BCF-6CDC-4DB8-811F-18A8C8B89226.jpeg",540,254,false]},"author_info":{"display_name":"Redacci\u00f3n QP","author_link":"https:\/\/quehacerpolitico.mx\/?author=2"},"category_info":"<a href=\"https:\/\/quehacerpolitico.mx\/?cat=56\" rel=\"category\">Econom\u00eda<\/a>","tag_info":"Econom\u00eda","comment_count":"0","_links":{"self":[{"href":"https:\/\/quehacerpolitico.mx\/index.php?rest_route=\/wp\/v2\/posts\/90241","targetHints":{"allow":["GET"]}}],"collection":[{"href":"https:\/\/quehacerpolitico.mx\/index.php?rest_route=\/wp\/v2\/posts"}],"about":[{"href":"https:\/\/quehacerpolitico.mx\/index.php?rest_route=\/wp\/v2\/types\/post"}],"author":[{"embeddable":true,"href":"https:\/\/quehacerpolitico.mx\/index.php?rest_route=\/wp\/v2\/users\/2"}],"replies":[{"embeddable":true,"href":"https:\/\/quehacerpolitico.mx\/index.php?rest_route=%2Fwp%2Fv2%2Fcomments&post=90241"}],"version-history":[{"count":1,"href":"https:\/\/quehacerpolitico.mx\/index.php?rest_route=\/wp\/v2\/posts\/90241\/revisions"}],"predecessor-version":[{"id":90245,"href":"https:\/\/quehacerpolitico.mx\/index.php?rest_route=\/wp\/v2\/posts\/90241\/revisions\/90245"}],"wp:featuredmedia":[{"embeddable":true,"href":"https:\/\/quehacerpolitico.mx\/index.php?rest_route=\/wp\/v2\/media\/90244"}],"wp:attachment":[{"href":"https:\/\/quehacerpolitico.mx\/index.php?rest_route=%2Fwp%2Fv2%2Fmedia&parent=90241"}],"wp:term":[{"taxonomy":"category","embeddable":true,"href":"https:\/\/quehacerpolitico.mx\/index.php?rest_route=%2Fwp%2Fv2%2Fcategories&post=90241"},{"taxonomy":"post_tag","embeddable":true,"href":"https:\/\/quehacerpolitico.mx\/index.php?rest_route=%2Fwp%2Fv2%2Ftags&post=90241"}],"curies":[{"name":"wp","href":"https:\/\/api.w.org\/{rel}","templated":true}]}}