{"id":90235,"date":"2022-03-02T15:01:29","date_gmt":"2022-03-02T15:01:29","guid":{"rendered":"https:\/\/quehacerpolitico.mx\/?p=90235"},"modified":"2022-03-02T15:01:33","modified_gmt":"2022-03-02T15:01:33","slug":"las-marchas-y-manifestaciones-de-este-miercoles-2-de-marzo-en-la-cdmx","status":"publish","type":"post","link":"https:\/\/quehacerpolitico.mx\/?p=90235","title":{"rendered":"Las marchas y manifestaciones de este mi\u00e9rcoles 2 de marzo en la CdMx\u00a0"},"content":{"rendered":"\n<p>Por Redacci\u00f3n QP<\/p>\n\n\n\n<p>Este mi\u00e9rcoles 2 de marzo se esperan 14 concentraciones-marchas a lo largo del d\u00eda en distintos puntos de la Ciudad de M\u00e9xico. Aqu\u00ed te decimos d\u00f3nde, para que tomes precauciones.<\/p>\n\n\n\n<p>De acuerdo con el Centro de Comando, Control, C\u00f3mputo, Comunicaciones y Contacto Ciudadano de la Ciudad de M\u00e9xico (C5) este\u00a0<strong>2 de marzo se esperan 14 marchas y concentraciones a lo largo del d\u00eda,<\/strong>\u00a0las cuales podr\u00edan afectar la circulaci\u00f3n en vialidades de la capital.<\/p>\n\n\n\n<figure class=\"wp-block-embed is-type-rich is-provider-twitter wp-block-embed-twitter\"><div class=\"wp-block-embed__wrapper\">\n<blockquote class=\"twitter-tweet\" data-width=\"550\" data-dnt=\"true\"><p lang=\"es\" dir=\"ltr\">\u26a0\ufe0f\ud83d\udce2Te compartimos las movilizaciones sociales previstas para este d\u00eda en la CDMX. <a href=\"https:\/\/twitter.com\/hashtag\/MovilidadCDMX?src=hash&amp;ref_src=twsrc%5Etfw\">#MovilidadCDMX<\/a> <a href=\"https:\/\/twitter.com\/hashtag\/C5?src=hash&amp;ref_src=twsrc%5Etfw\">#C5<\/a> <a href=\"https:\/\/t.co\/Wl9392wz52\">pic.twitter.com\/Wl9392wz52<\/a><\/p>&mdash; C5 CDMX (@C5_CDMX) <a href=\"https:\/\/twitter.com\/C5_CDMX\/status\/1498997817880289282?ref_src=twsrc%5Etfw\">March 2, 2022<\/a><\/blockquote><script async src=\"https:\/\/platform.twitter.com\/widgets.js\" charset=\"utf-8\"><\/script>\n<\/div><\/figure>\n\n\n\n<p>Durante el d\u00eda se tienen previstas 10 en la alcald\u00eda&nbsp;<strong>Cuauht\u00e9moc<\/strong>, una en&nbsp;<strong>Iztapalapa<\/strong>, una en&nbsp;<strong>\u00c1lvaro Obreg\u00f3n<\/strong>, una en&nbsp;<strong>Benito Ju\u00e1rez<\/strong>&nbsp;y una m\u00e1s en&nbsp;<strong>Coyoac\u00e1n<\/strong>.&nbsp;<\/p>\n\n\n\n<h3 class=\"wp-block-heading\"><strong>Alcald\u00eda Cuauht\u00e9moc<\/strong><\/h3>\n\n\n\n<h3 class=\"wp-block-heading\"><\/h3>\n\n\n\n<p>07:00 Concentraci\u00f3n &#8211; Marcha en Circuito Interior Mtro. Jos\u00e9 Vasconcelos 204, colonia Hip\u00f3dromo Condesa hacia colonia Lomas de Chapultepec, alcald\u00eda Miguel Hidalgo.&nbsp;<\/p>\n\n\n\n<p>08:00 &#8211; Concentraci\u00f3n en Plaza de la Constituci\u00f3n, colonia Centro.&nbsp;<\/p>\n\n\n\n<p>10:00 Concentraci\u00f3n en Plaza de la Constituci\u00f3n, colonia Centro.&nbsp;<\/p>\n\n\n\n<p>10:00 Concentraci\u00f3n en avenida Insurgentes sur, colonia Hip\u00f3dromo.<\/p>\n\n\n\n<p>11:00 Concentraci\u00f3n en Bucareli 22 y 24, colonia Centro.&nbsp;<\/p>\n\n\n\n<p>12:00 Concentraci\u00f3n en avenida Insurgentes Norte 58, colonia Tabacalera.<\/p>\n\n\n\n<p>17:00 Concentraci\u00f3n en avenida Baja California 200, colonia Roma Sur.&nbsp;<\/p>\n\n\n\n<p>16:00 Concentraci\u00f3n en avenida Insurgentes Centro y avenida Chapultepec, colonia Roma Norte.<\/p>\n\n\n\n<p>17:00 Concentraci\u00f3n en Hamburgo 135, colonia Ju\u00e1rez.<\/p>\n\n\n\n<p>17:00 Concentraci\u00f3n &#8211; rodada en Toledo 22, colonia Ju\u00e1rez.&nbsp;<\/p>\n\n\n\n<p>Durante el d\u00eda: Concentraci\u00f3n en Plaza de la Constituci\u00f3n, colonia Centro.&nbsp;<\/p>\n\n\n\n<p>Durante el d\u00eda: Concentraci\u00f3n en Plaza de la Constituci\u00f3n, colonia Centro.&nbsp;<\/p>\n\n\n\n<h3 class=\"wp-block-heading\"><strong>Alcald\u00eda Cuajimalpa<\/strong><\/h3>\n\n\n\n<h3 class=\"wp-block-heading\"><\/h3>\n\n\n\n<p>07:40 Concentraci\u00f3n &#8211; Marcha en Emiliano Zapata y Lic. Octavio Sent\u00edes G\u00f3mez, colonia Cooperaci\u00f3n Palo Alto, hacia avenida Fray Servando Teresa de Mier y avenida H. Congreso de la Uni\u00f3n, colonia El Parque, alcald\u00eda Venustiano Carranza.&nbsp;<\/p>\n\n\n\n<h3 class=\"wp-block-heading\"><strong>Alcald\u00eda Iztapalapa<\/strong><\/h3>\n\n\n\n<h3 class=\"wp-block-heading\"><\/h3>\n\n\n\n<p>08:30 Concentraci\u00f3n en avenida Reforma, colonia Lomas de San Lorenzo.<\/p>\n\n\n\n<h3 class=\"wp-block-heading\"><strong>Alcald\u00eda \u00c1lvaro Obreg\u00f3n<\/strong><\/h3>\n\n\n\n<h3 class=\"wp-block-heading\"><\/h3>\n\n\n\n<p>11:00 Concentraci\u00f3n en avenida de Las Torres, colonia Molino de Santo Domingo.<\/p>\n\n\n\n<h3 class=\"wp-block-heading\"><strong>Alcald\u00eda Coyoac\u00e1n<\/strong><\/h3>\n\n\n\n<h3 class=\"wp-block-heading\"><\/h3>\n\n\n\n<p>11:00 Concentraci\u00f3n en avenida Insurgentes Sur, Circuito Interior, Ciudad Universitaria.<\/p>\n","protected":false},"excerpt":{"rendered":"<p>Por Redacci\u00f3n QP Este mi\u00e9rcoles 2 de marzo se esperan 14 concentraciones-marchas a lo largo&#8230;<\/p>\n","protected":false},"author":2,"featured_media":90236,"comment_status":"open","ping_status":"open","sticky":false,"template":"","format":"standard","meta":{"_monsterinsights_skip_tracking":false,"_monsterinsights_sitenote_active":false,"_monsterinsights_sitenote_note":"","_monsterinsights_sitenote_category":0,"footnotes":""},"categories":[55],"tags":[],"class_list":["post-90235","post","type-post","status-publish","format-standard","has-post-thumbnail","hentry","category-cdmx"],"yoast_head":"<!-- This site is optimized with the Yoast SEO plugin v27.3 - https:\/\/yoast.com\/product\/yoast-seo-wordpress\/ -->\n<title>Las marchas y manifestaciones de este mi\u00e9rcoles 2 de marzo en la CdMx\u00a0 -<\/title>\n<meta name=\"robots\" content=\"index, follow, max-snippet:-1, max-image-preview:large, max-video-preview:-1\" \/>\n<link rel=\"canonical\" href=\"https:\/\/quehacerpolitico.mx\/?p=90235\" \/>\n<meta property=\"og:locale\" content=\"es_MX\" \/>\n<meta property=\"og:type\" content=\"article\" \/>\n<meta property=\"og:title\" content=\"Las marchas y manifestaciones de este mi\u00e9rcoles 2 de marzo en la CdMx\u00a0 -\" \/>\n<meta property=\"og:description\" content=\"Por Redacci\u00f3n QP Este mi\u00e9rcoles 2 de marzo se esperan 14 concentraciones-marchas a lo largo...\" \/>\n<meta property=\"og:url\" content=\"https:\/\/quehacerpolitico.mx\/?p=90235\" \/>\n<meta property=\"article:published_time\" content=\"2022-03-02T15:01:29+00:00\" \/>\n<meta property=\"article:modified_time\" content=\"2022-03-02T15:01:33+00:00\" \/>\n<meta property=\"og:image\" content=\"https:\/\/quehacerpolitico.mx\/wp-content\/uploads\/2022\/03\/57641BE4-36B1-4D9C-AFDF-00C0D6CBEF0E.jpeg\" \/>\n\t<meta property=\"og:image:width\" content=\"795\" \/>\n\t<meta property=\"og:image:height\" content=\"386\" \/>\n\t<meta property=\"og:image:type\" content=\"image\/jpeg\" \/>\n<meta name=\"author\" content=\"Redacci\u00f3n QP\" \/>\n<meta name=\"twitter:card\" content=\"summary_large_image\" \/>\n<meta name=\"twitter:label1\" content=\"Escrito por\" \/>\n\t<meta name=\"twitter:data1\" content=\"Redacci\u00f3n QP\" \/>\n\t<meta name=\"twitter:label2\" content=\"Tiempo de lectura\" \/>\n\t<meta name=\"twitter:data2\" content=\"2 minutos\" \/>\n<script type=\"application\/ld+json\" class=\"yoast-schema-graph\">{\"@context\":\"https:\\\/\\\/schema.org\",\"@graph\":[{\"@type\":\"Article\",\"@id\":\"https:\\\/\\\/quehacerpolitico.mx\\\/?p=90235#article\",\"isPartOf\":{\"@id\":\"https:\\\/\\\/quehacerpolitico.mx\\\/?p=90235\"},\"author\":{\"name\":\"Redacci\u00f3n QP\",\"@id\":\"https:\\\/\\\/quehacerpolitico.mx\\\/#\\\/schema\\\/person\\\/496d8ad2d1d3f8036101dca7ee39e585\"},\"headline\":\"Las marchas y manifestaciones de este mi\u00e9rcoles 2 de marzo en la CdMx\u00a0\",\"datePublished\":\"2022-03-02T15:01:29+00:00\",\"dateModified\":\"2022-03-02T15:01:33+00:00\",\"mainEntityOfPage\":{\"@id\":\"https:\\\/\\\/quehacerpolitico.mx\\\/?p=90235\"},\"wordCount\":378,\"commentCount\":0,\"image\":{\"@id\":\"https:\\\/\\\/quehacerpolitico.mx\\\/?p=90235#primaryimage\"},\"thumbnailUrl\":\"https:\\\/\\\/quehacerpolitico.mx\\\/wp-content\\\/uploads\\\/2022\\\/03\\\/57641BE4-36B1-4D9C-AFDF-00C0D6CBEF0E.jpeg\",\"articleSection\":[\"CDMX\"],\"inLanguage\":\"es\",\"potentialAction\":[{\"@type\":\"CommentAction\",\"name\":\"Comment\",\"target\":[\"https:\\\/\\\/quehacerpolitico.mx\\\/?p=90235#respond\"]}]},{\"@type\":\"WebPage\",\"@id\":\"https:\\\/\\\/quehacerpolitico.mx\\\/?p=90235\",\"url\":\"https:\\\/\\\/quehacerpolitico.mx\\\/?p=90235\",\"name\":\"Las marchas y manifestaciones de este mi\u00e9rcoles 2 de marzo en la CdMx\u00a0 -\",\"isPartOf\":{\"@id\":\"https:\\\/\\\/quehacerpolitico.mx\\\/#website\"},\"primaryImageOfPage\":{\"@id\":\"https:\\\/\\\/quehacerpolitico.mx\\\/?p=90235#primaryimage\"},\"image\":{\"@id\":\"https:\\\/\\\/quehacerpolitico.mx\\\/?p=90235#primaryimage\"},\"thumbnailUrl\":\"https:\\\/\\\/quehacerpolitico.mx\\\/wp-content\\\/uploads\\\/2022\\\/03\\\/57641BE4-36B1-4D9C-AFDF-00C0D6CBEF0E.jpeg\",\"datePublished\":\"2022-03-02T15:01:29+00:00\",\"dateModified\":\"2022-03-02T15:01:33+00:00\",\"author\":{\"@id\":\"https:\\\/\\\/quehacerpolitico.mx\\\/#\\\/schema\\\/person\\\/496d8ad2d1d3f8036101dca7ee39e585\"},\"breadcrumb\":{\"@id\":\"https:\\\/\\\/quehacerpolitico.mx\\\/?p=90235#breadcrumb\"},\"inLanguage\":\"es\",\"potentialAction\":[{\"@type\":\"ReadAction\",\"target\":[\"https:\\\/\\\/quehacerpolitico.mx\\\/?p=90235\"]}]},{\"@type\":\"ImageObject\",\"inLanguage\":\"es\",\"@id\":\"https:\\\/\\\/quehacerpolitico.mx\\\/?p=90235#primaryimage\",\"url\":\"https:\\\/\\\/quehacerpolitico.mx\\\/wp-content\\\/uploads\\\/2022\\\/03\\\/57641BE4-36B1-4D9C-AFDF-00C0D6CBEF0E.jpeg\",\"contentUrl\":\"https:\\\/\\\/quehacerpolitico.mx\\\/wp-content\\\/uploads\\\/2022\\\/03\\\/57641BE4-36B1-4D9C-AFDF-00C0D6CBEF0E.jpeg\",\"width\":795,\"height\":386},{\"@type\":\"BreadcrumbList\",\"@id\":\"https:\\\/\\\/quehacerpolitico.mx\\\/?p=90235#breadcrumb\",\"itemListElement\":[{\"@type\":\"ListItem\",\"position\":1,\"name\":\"Inicio\",\"item\":\"https:\\\/\\\/quehacerpolitico.mx\\\/\"},{\"@type\":\"ListItem\",\"position\":2,\"name\":\"Las marchas y manifestaciones de este mi\u00e9rcoles 2 de marzo en la CdMx\u00a0\"}]},{\"@type\":\"WebSite\",\"@id\":\"https:\\\/\\\/quehacerpolitico.mx\\\/#website\",\"url\":\"https:\\\/\\\/quehacerpolitico.mx\\\/\",\"name\":\"\",\"description\":\"\",\"potentialAction\":[{\"@type\":\"SearchAction\",\"target\":{\"@type\":\"EntryPoint\",\"urlTemplate\":\"https:\\\/\\\/quehacerpolitico.mx\\\/?s={search_term_string}\"},\"query-input\":{\"@type\":\"PropertyValueSpecification\",\"valueRequired\":true,\"valueName\":\"search_term_string\"}}],\"inLanguage\":\"es\"},{\"@type\":\"Person\",\"@id\":\"https:\\\/\\\/quehacerpolitico.mx\\\/#\\\/schema\\\/person\\\/496d8ad2d1d3f8036101dca7ee39e585\",\"name\":\"Redacci\u00f3n QP\",\"image\":{\"@type\":\"ImageObject\",\"inLanguage\":\"es\",\"@id\":\"https:\\\/\\\/secure.gravatar.com\\\/avatar\\\/c7164ed6fdec453195284ad24a5ae5b6e1eed2b848477fa2a4787ba9adf39a41?s=96&d=mm&r=g\",\"url\":\"https:\\\/\\\/secure.gravatar.com\\\/avatar\\\/c7164ed6fdec453195284ad24a5ae5b6e1eed2b848477fa2a4787ba9adf39a41?s=96&d=mm&r=g\",\"contentUrl\":\"https:\\\/\\\/secure.gravatar.com\\\/avatar\\\/c7164ed6fdec453195284ad24a5ae5b6e1eed2b848477fa2a4787ba9adf39a41?s=96&d=mm&r=g\",\"caption\":\"Redacci\u00f3n QP\"},\"url\":\"https:\\\/\\\/quehacerpolitico.mx\\\/?author=2\"}]}<\/script>\n<!-- \/ Yoast SEO plugin. -->","yoast_head_json":{"title":"Las marchas y manifestaciones de este mi\u00e9rcoles 2 de marzo en la CdMx\u00a0 -","robots":{"index":"index","follow":"follow","max-snippet":"max-snippet:-1","max-image-preview":"max-image-preview:large","max-video-preview":"max-video-preview:-1"},"canonical":"https:\/\/quehacerpolitico.mx\/?p=90235","og_locale":"es_MX","og_type":"article","og_title":"Las marchas y manifestaciones de este mi\u00e9rcoles 2 de marzo en la CdMx\u00a0 -","og_description":"Por Redacci\u00f3n QP Este mi\u00e9rcoles 2 de marzo se esperan 14 concentraciones-marchas a lo largo...","og_url":"https:\/\/quehacerpolitico.mx\/?p=90235","article_published_time":"2022-03-02T15:01:29+00:00","article_modified_time":"2022-03-02T15:01:33+00:00","og_image":[{"width":795,"height":386,"url":"https:\/\/quehacerpolitico.mx\/wp-content\/uploads\/2022\/03\/57641BE4-36B1-4D9C-AFDF-00C0D6CBEF0E.jpeg","type":"image\/jpeg"}],"author":"Redacci\u00f3n QP","twitter_card":"summary_large_image","twitter_misc":{"Escrito por":"Redacci\u00f3n QP","Tiempo de lectura":"2 minutos"},"schema":{"@context":"https:\/\/schema.org","@graph":[{"@type":"Article","@id":"https:\/\/quehacerpolitico.mx\/?p=90235#article","isPartOf":{"@id":"https:\/\/quehacerpolitico.mx\/?p=90235"},"author":{"name":"Redacci\u00f3n QP","@id":"https:\/\/quehacerpolitico.mx\/#\/schema\/person\/496d8ad2d1d3f8036101dca7ee39e585"},"headline":"Las marchas y manifestaciones de este mi\u00e9rcoles 2 de marzo en la CdMx\u00a0","datePublished":"2022-03-02T15:01:29+00:00","dateModified":"2022-03-02T15:01:33+00:00","mainEntityOfPage":{"@id":"https:\/\/quehacerpolitico.mx\/?p=90235"},"wordCount":378,"commentCount":0,"image":{"@id":"https:\/\/quehacerpolitico.mx\/?p=90235#primaryimage"},"thumbnailUrl":"https:\/\/quehacerpolitico.mx\/wp-content\/uploads\/2022\/03\/57641BE4-36B1-4D9C-AFDF-00C0D6CBEF0E.jpeg","articleSection":["CDMX"],"inLanguage":"es","potentialAction":[{"@type":"CommentAction","name":"Comment","target":["https:\/\/quehacerpolitico.mx\/?p=90235#respond"]}]},{"@type":"WebPage","@id":"https:\/\/quehacerpolitico.mx\/?p=90235","url":"https:\/\/quehacerpolitico.mx\/?p=90235","name":"Las marchas y manifestaciones de este mi\u00e9rcoles 2 de marzo en la CdMx\u00a0 -","isPartOf":{"@id":"https:\/\/quehacerpolitico.mx\/#website"},"primaryImageOfPage":{"@id":"https:\/\/quehacerpolitico.mx\/?p=90235#primaryimage"},"image":{"@id":"https:\/\/quehacerpolitico.mx\/?p=90235#primaryimage"},"thumbnailUrl":"https:\/\/quehacerpolitico.mx\/wp-content\/uploads\/2022\/03\/57641BE4-36B1-4D9C-AFDF-00C0D6CBEF0E.jpeg","datePublished":"2022-03-02T15:01:29+00:00","dateModified":"2022-03-02T15:01:33+00:00","author":{"@id":"https:\/\/quehacerpolitico.mx\/#\/schema\/person\/496d8ad2d1d3f8036101dca7ee39e585"},"breadcrumb":{"@id":"https:\/\/quehacerpolitico.mx\/?p=90235#breadcrumb"},"inLanguage":"es","potentialAction":[{"@type":"ReadAction","target":["https:\/\/quehacerpolitico.mx\/?p=90235"]}]},{"@type":"ImageObject","inLanguage":"es","@id":"https:\/\/quehacerpolitico.mx\/?p=90235#primaryimage","url":"https:\/\/quehacerpolitico.mx\/wp-content\/uploads\/2022\/03\/57641BE4-36B1-4D9C-AFDF-00C0D6CBEF0E.jpeg","contentUrl":"https:\/\/quehacerpolitico.mx\/wp-content\/uploads\/2022\/03\/57641BE4-36B1-4D9C-AFDF-00C0D6CBEF0E.jpeg","width":795,"height":386},{"@type":"BreadcrumbList","@id":"https:\/\/quehacerpolitico.mx\/?p=90235#breadcrumb","itemListElement":[{"@type":"ListItem","position":1,"name":"Inicio","item":"https:\/\/quehacerpolitico.mx\/"},{"@type":"ListItem","position":2,"name":"Las marchas y manifestaciones de este mi\u00e9rcoles 2 de marzo en la CdMx\u00a0"}]},{"@type":"WebSite","@id":"https:\/\/quehacerpolitico.mx\/#website","url":"https:\/\/quehacerpolitico.mx\/","name":"","description":"","potentialAction":[{"@type":"SearchAction","target":{"@type":"EntryPoint","urlTemplate":"https:\/\/quehacerpolitico.mx\/?s={search_term_string}"},"query-input":{"@type":"PropertyValueSpecification","valueRequired":true,"valueName":"search_term_string"}}],"inLanguage":"es"},{"@type":"Person","@id":"https:\/\/quehacerpolitico.mx\/#\/schema\/person\/496d8ad2d1d3f8036101dca7ee39e585","name":"Redacci\u00f3n QP","image":{"@type":"ImageObject","inLanguage":"es","@id":"https:\/\/secure.gravatar.com\/avatar\/c7164ed6fdec453195284ad24a5ae5b6e1eed2b848477fa2a4787ba9adf39a41?s=96&d=mm&r=g","url":"https:\/\/secure.gravatar.com\/avatar\/c7164ed6fdec453195284ad24a5ae5b6e1eed2b848477fa2a4787ba9adf39a41?s=96&d=mm&r=g","contentUrl":"https:\/\/secure.gravatar.com\/avatar\/c7164ed6fdec453195284ad24a5ae5b6e1eed2b848477fa2a4787ba9adf39a41?s=96&d=mm&r=g","caption":"Redacci\u00f3n QP"},"url":"https:\/\/quehacerpolitico.mx\/?author=2"}]}},"featured_image_urls":{"full":["https:\/\/quehacerpolitico.mx\/wp-content\/uploads\/2022\/03\/57641BE4-36B1-4D9C-AFDF-00C0D6CBEF0E.jpeg",795,386,false],"thumbnail":["https:\/\/quehacerpolitico.mx\/wp-content\/uploads\/2022\/03\/57641BE4-36B1-4D9C-AFDF-00C0D6CBEF0E-150x150.jpeg",150,150,true],"medium":["https:\/\/quehacerpolitico.mx\/wp-content\/uploads\/2022\/03\/57641BE4-36B1-4D9C-AFDF-00C0D6CBEF0E-300x146.jpeg",300,146,true],"medium_large":["https:\/\/quehacerpolitico.mx\/wp-content\/uploads\/2022\/03\/57641BE4-36B1-4D9C-AFDF-00C0D6CBEF0E-768x373.jpeg",640,311,true],"large":["https:\/\/quehacerpolitico.mx\/wp-content\/uploads\/2022\/03\/57641BE4-36B1-4D9C-AFDF-00C0D6CBEF0E.jpeg",640,311,false],"1536x1536":["https:\/\/quehacerpolitico.mx\/wp-content\/uploads\/2022\/03\/57641BE4-36B1-4D9C-AFDF-00C0D6CBEF0E.jpeg",795,386,false],"2048x2048":["https:\/\/quehacerpolitico.mx\/wp-content\/uploads\/2022\/03\/57641BE4-36B1-4D9C-AFDF-00C0D6CBEF0E.jpeg",795,386,false],"covernews-featured":["https:\/\/quehacerpolitico.mx\/wp-content\/uploads\/2022\/03\/57641BE4-36B1-4D9C-AFDF-00C0D6CBEF0E.jpeg",795,386,false],"covernews-medium":["https:\/\/quehacerpolitico.mx\/wp-content\/uploads\/2022\/03\/57641BE4-36B1-4D9C-AFDF-00C0D6CBEF0E.jpeg",540,262,false]},"author_info":{"display_name":"Redacci\u00f3n QP","author_link":"https:\/\/quehacerpolitico.mx\/?author=2"},"category_info":"<a href=\"https:\/\/quehacerpolitico.mx\/?cat=55\" rel=\"category\">CDMX<\/a>","tag_info":"CDMX","comment_count":"0","_links":{"self":[{"href":"https:\/\/quehacerpolitico.mx\/index.php?rest_route=\/wp\/v2\/posts\/90235","targetHints":{"allow":["GET"]}}],"collection":[{"href":"https:\/\/quehacerpolitico.mx\/index.php?rest_route=\/wp\/v2\/posts"}],"about":[{"href":"https:\/\/quehacerpolitico.mx\/index.php?rest_route=\/wp\/v2\/types\/post"}],"author":[{"embeddable":true,"href":"https:\/\/quehacerpolitico.mx\/index.php?rest_route=\/wp\/v2\/users\/2"}],"replies":[{"embeddable":true,"href":"https:\/\/quehacerpolitico.mx\/index.php?rest_route=%2Fwp%2Fv2%2Fcomments&post=90235"}],"version-history":[{"count":1,"href":"https:\/\/quehacerpolitico.mx\/index.php?rest_route=\/wp\/v2\/posts\/90235\/revisions"}],"predecessor-version":[{"id":90237,"href":"https:\/\/quehacerpolitico.mx\/index.php?rest_route=\/wp\/v2\/posts\/90235\/revisions\/90237"}],"wp:featuredmedia":[{"embeddable":true,"href":"https:\/\/quehacerpolitico.mx\/index.php?rest_route=\/wp\/v2\/media\/90236"}],"wp:attachment":[{"href":"https:\/\/quehacerpolitico.mx\/index.php?rest_route=%2Fwp%2Fv2%2Fmedia&parent=90235"}],"wp:term":[{"taxonomy":"category","embeddable":true,"href":"https:\/\/quehacerpolitico.mx\/index.php?rest_route=%2Fwp%2Fv2%2Fcategories&post=90235"},{"taxonomy":"post_tag","embeddable":true,"href":"https:\/\/quehacerpolitico.mx\/index.php?rest_route=%2Fwp%2Fv2%2Ftags&post=90235"}],"curies":[{"name":"wp","href":"https:\/\/api.w.org\/{rel}","templated":true}]}}