{"id":90210,"date":"2022-03-01T15:21:58","date_gmt":"2022-03-01T15:21:58","guid":{"rendered":"https:\/\/quehacerpolitico.mx\/?p=90210"},"modified":"2022-03-01T15:22:00","modified_gmt":"2022-03-01T15:22:00","slug":"amlo-y-su-ambicion-por-el-poder","status":"publish","type":"post","link":"https:\/\/quehacerpolitico.mx\/?p=90210","title":{"rendered":"<strong>AMLO Y SU AMBICION POR EL PODER<\/strong>"},"content":{"rendered":"\n<p>Por Fortunato pi\u00f1a<\/p>\n\n\n\n<p><strong>f<\/strong><strong>ortu6311<\/strong><strong>@gmail.com<\/strong><\/p>\n\n\n\n<p>Ahora resulta, que al presidente de M\u00e9xico, le preocupa m\u00e1s defender a su hijo de los periodistas, que enfocarse a gobernar, est\u00e1 m\u00e1s claro que si el rio suena es por algo pesado lleva\u2026.y AMLO le preocupa que hablen de su familia ya no haya que hacer para seguir saliendo al quite de que sus hijos son unas blancas palomitas pobrecitos viven en la austeridad. Mejor&nbsp;que se apure y deje&nbsp;depender de los pozos petroleros y busca otros caminos para aumentar el PIB, se supone que tiene asesores economistas que tendr\u00e1n que fijarse donde a apuntalar para que a M\u00e9xico no lo alcance la crisis, recordemos que el horno no&nbsp;est\u00e1&nbsp;para&nbsp;bollos y que nos&nbsp;alcanzara&nbsp;quiera se&nbsp;o no la crisis de &nbsp;este a\u00f1o ser\u00e1 descomunal, hay que procurar ver de d\u00f3nde sacamos m\u00e1s recursos que sean rentables &nbsp;\u00bfY la gente que tiene a su alrededor no lo intuye?<\/p>\n\n\n\n<p>Hasta ahora, la respuesta oficial ha sido vacilante. La mayor\u00eda de las medidas antic\u00edclicas anunciadas a\u00fan no se han concretado. No se observa una estrategia de desarrollo a largo plazo que complemente las pol\u00edticas orientadas a atenuar las consecuencias m\u00e1s inmediatas y enfrentar las secuelas sociales m\u00e1s directas de la recesi\u00f3n. En lugar de adoptar una estrategia integral de estabilizaci\u00f3n, el gobierno present\u00f3 un plan limitado. Esto contrasta con sus acciones en otras \u00e1reas. Aunque viene implementando desde hace tres a\u00f1os una dura pol\u00edtica contra el creciente poder del narcotr\u00e1fico, y aunque tras la incertidumbre inicial tambi\u00e9n logr\u00f3 reaccionar de manera en\u00e9rgica frente al brote de \u00abPandemias\u00bb, el plan de recuperaci\u00f3n econ\u00f3mica es sorprendentemente limitado.<\/p>\n\n\n\n<p>En la campa\u00f1a electoral&nbsp;para las elecciones MORENA, el oficialismo se refiri\u00f3 casi exclusivamente al crimen organizado y la mafia de las drogas, desaf\u00edos tan importantes como la crisis econ\u00f3mica. Antes de celebrarse los comicios ya estaba claro que esta estrategia unidimensional no hab\u00eda resultado convincente para la mayor\u00eda de los electores, preocupados por su futuro econ\u00f3mico y su capacidad de subsistencia, que finalmente terminaron sellando la derrota del oficialista Partido Acci\u00f3n Nacional (PAN). Pocas semanas despu\u00e9s, el gobierno, una vez m\u00e1s, anunci\u00f3 con titubeos sus planes de pol\u00edtica fiscal, orientados a reducir el gasto p\u00fablico y aumentar la competitividad. La&nbsp;aprobaci\u00f3n del presupuesto 2018\/2019&nbsp;se posterg\u00f3 hasta septiembre, cuando se inician las sesiones de la nueva C\u00e1mara de Diputados. Pero el descuido no fue solo del gobierno. La oposici\u00f3n, representada por el Partido Revolucionario Institucional (PRI) y el Partido Revolucionario Democr\u00e1tico (PRD), se refiri\u00f3 de forma muy general a la crisis en su repertorio de cr\u00edticas durante la campa\u00f1a electoral.<\/p>\n\n\n\n<p>Otros datos econ\u00f3micos confirman la tendencia negativa. La inversi\u00f3n extranjera directa, que ya hab\u00eda ca\u00eddo 30% en 2018,&nbsp;continuar\u00e1 disminuyendo en 2021. Las remesas,&nbsp;disminuyeron fuertemente, y la p\u00e9rdida de puestos de trabajo es tan grande como despu\u00e9s de la \u00abcrisis del tequila\u00bb. La ca\u00edda del precio del petr\u00f3leo (40% desde julio de 2008) repercute de manera directa en los hogares, ya que las ganancias de Pemex, la empresa petrolera estatal, constituyen la principal fuente de ingresos del pa\u00eds. En cuanto al turismo, antes de que se iniciara la epidemia de gripe A ya se hablaba de una disminuci\u00f3n como consecuencia de la crisis econ\u00f3mica mundial. Tras la aparici\u00f3n del virus&nbsp;y la decisi\u00f3n de pr\u00e1cticamente clausurar el pa\u00eds a fines de abril, este sector, clave para la econom\u00eda mexicana, ha mostrado una recuperaci\u00f3n muy lenta. Incluso en el verano los hoteles y las playas mexicanas atrajeron a pocos turistas.<\/p>\n\n\n\n<p>Entonces resulta que el gobierno actual ten\u00eda ambiciones de poder, enriquecer a su familia y al \u201cPueblo\u201d como siempre que se siga chupando el dedo total se termina su mandato y si quieren impugnen lo bailado quien se lo quita, esta ambici\u00f3n de poder solo sirve para seguir saqueando al pa\u00eds, con promesas y mas promesas para ser un territorio de primer mundo estamos verdes, mientras no haya gente con preparaci\u00f3n que quiera gobernar bien a nuestro M\u00e9xico de Oro, lamentable siempre habr\u00e1 problemas coyunturales y de fondo o usted qu\u00e9 opina.<\/p>\n","protected":false},"excerpt":{"rendered":"<p>Por Fortunato pi\u00f1a fortu6311@gmail.com Ahora resulta, que al presidente de M\u00e9xico, le preocupa m\u00e1s defender&#8230;<\/p>\n","protected":false},"author":2,"featured_media":90211,"comment_status":"open","ping_status":"open","sticky":false,"template":"","format":"standard","meta":{"_monsterinsights_skip_tracking":false,"_monsterinsights_sitenote_active":false,"_monsterinsights_sitenote_note":"","_monsterinsights_sitenote_category":0,"footnotes":""},"categories":[2],"tags":[],"class_list":["post-90210","post","type-post","status-publish","format-standard","has-post-thumbnail","hentry","category-noticias"],"yoast_head":"<!-- This site is optimized with the Yoast SEO plugin v27.3 - https:\/\/yoast.com\/product\/yoast-seo-wordpress\/ -->\n<title>AMLO Y SU AMBICION POR EL PODER -<\/title>\n<meta name=\"robots\" content=\"index, follow, max-snippet:-1, max-image-preview:large, max-video-preview:-1\" \/>\n<link rel=\"canonical\" href=\"https:\/\/quehacerpolitico.mx\/?p=90210\" \/>\n<meta property=\"og:locale\" content=\"es_MX\" \/>\n<meta property=\"og:type\" content=\"article\" \/>\n<meta property=\"og:title\" content=\"AMLO Y SU AMBICION POR EL PODER -\" \/>\n<meta property=\"og:description\" content=\"Por Fortunato pi\u00f1a fortu6311@gmail.com Ahora resulta, que al presidente de M\u00e9xico, le preocupa m\u00e1s defender...\" \/>\n<meta property=\"og:url\" content=\"https:\/\/quehacerpolitico.mx\/?p=90210\" \/>\n<meta property=\"article:published_time\" content=\"2022-03-01T15:21:58+00:00\" \/>\n<meta property=\"article:modified_time\" content=\"2022-03-01T15:22:00+00:00\" \/>\n<meta property=\"og:image\" content=\"https:\/\/quehacerpolitico.mx\/wp-content\/uploads\/2022\/03\/430948D8-04BB-479C-BA17-36AA8F93350E.jpeg\" \/>\n\t<meta property=\"og:image:width\" content=\"620\" \/>\n\t<meta property=\"og:image:height\" content=\"330\" \/>\n\t<meta property=\"og:image:type\" content=\"image\/jpeg\" \/>\n<meta name=\"author\" content=\"Redacci\u00f3n QP\" \/>\n<meta name=\"twitter:card\" content=\"summary_large_image\" \/>\n<meta name=\"twitter:label1\" content=\"Escrito por\" \/>\n\t<meta name=\"twitter:data1\" content=\"Redacci\u00f3n QP\" \/>\n\t<meta name=\"twitter:label2\" content=\"Tiempo de lectura\" \/>\n\t<meta name=\"twitter:data2\" content=\"4 minutos\" \/>\n<script type=\"application\/ld+json\" class=\"yoast-schema-graph\">{\"@context\":\"https:\\\/\\\/schema.org\",\"@graph\":[{\"@type\":\"Article\",\"@id\":\"https:\\\/\\\/quehacerpolitico.mx\\\/?p=90210#article\",\"isPartOf\":{\"@id\":\"https:\\\/\\\/quehacerpolitico.mx\\\/?p=90210\"},\"author\":{\"name\":\"Redacci\u00f3n QP\",\"@id\":\"https:\\\/\\\/quehacerpolitico.mx\\\/#\\\/schema\\\/person\\\/496d8ad2d1d3f8036101dca7ee39e585\"},\"headline\":\"AMLO Y SU AMBICION POR EL PODER\",\"datePublished\":\"2022-03-01T15:21:58+00:00\",\"dateModified\":\"2022-03-01T15:22:00+00:00\",\"mainEntityOfPage\":{\"@id\":\"https:\\\/\\\/quehacerpolitico.mx\\\/?p=90210\"},\"wordCount\":758,\"commentCount\":0,\"image\":{\"@id\":\"https:\\\/\\\/quehacerpolitico.mx\\\/?p=90210#primaryimage\"},\"thumbnailUrl\":\"https:\\\/\\\/quehacerpolitico.mx\\\/wp-content\\\/uploads\\\/2022\\\/03\\\/430948D8-04BB-479C-BA17-36AA8F93350E.jpeg\",\"articleSection\":[\"Noticias\"],\"inLanguage\":\"es\",\"potentialAction\":[{\"@type\":\"CommentAction\",\"name\":\"Comment\",\"target\":[\"https:\\\/\\\/quehacerpolitico.mx\\\/?p=90210#respond\"]}]},{\"@type\":\"WebPage\",\"@id\":\"https:\\\/\\\/quehacerpolitico.mx\\\/?p=90210\",\"url\":\"https:\\\/\\\/quehacerpolitico.mx\\\/?p=90210\",\"name\":\"AMLO Y SU AMBICION POR EL PODER -\",\"isPartOf\":{\"@id\":\"https:\\\/\\\/quehacerpolitico.mx\\\/#website\"},\"primaryImageOfPage\":{\"@id\":\"https:\\\/\\\/quehacerpolitico.mx\\\/?p=90210#primaryimage\"},\"image\":{\"@id\":\"https:\\\/\\\/quehacerpolitico.mx\\\/?p=90210#primaryimage\"},\"thumbnailUrl\":\"https:\\\/\\\/quehacerpolitico.mx\\\/wp-content\\\/uploads\\\/2022\\\/03\\\/430948D8-04BB-479C-BA17-36AA8F93350E.jpeg\",\"datePublished\":\"2022-03-01T15:21:58+00:00\",\"dateModified\":\"2022-03-01T15:22:00+00:00\",\"author\":{\"@id\":\"https:\\\/\\\/quehacerpolitico.mx\\\/#\\\/schema\\\/person\\\/496d8ad2d1d3f8036101dca7ee39e585\"},\"breadcrumb\":{\"@id\":\"https:\\\/\\\/quehacerpolitico.mx\\\/?p=90210#breadcrumb\"},\"inLanguage\":\"es\",\"potentialAction\":[{\"@type\":\"ReadAction\",\"target\":[\"https:\\\/\\\/quehacerpolitico.mx\\\/?p=90210\"]}]},{\"@type\":\"ImageObject\",\"inLanguage\":\"es\",\"@id\":\"https:\\\/\\\/quehacerpolitico.mx\\\/?p=90210#primaryimage\",\"url\":\"https:\\\/\\\/quehacerpolitico.mx\\\/wp-content\\\/uploads\\\/2022\\\/03\\\/430948D8-04BB-479C-BA17-36AA8F93350E.jpeg\",\"contentUrl\":\"https:\\\/\\\/quehacerpolitico.mx\\\/wp-content\\\/uploads\\\/2022\\\/03\\\/430948D8-04BB-479C-BA17-36AA8F93350E.jpeg\",\"width\":620,\"height\":330},{\"@type\":\"BreadcrumbList\",\"@id\":\"https:\\\/\\\/quehacerpolitico.mx\\\/?p=90210#breadcrumb\",\"itemListElement\":[{\"@type\":\"ListItem\",\"position\":1,\"name\":\"Inicio\",\"item\":\"https:\\\/\\\/quehacerpolitico.mx\\\/\"},{\"@type\":\"ListItem\",\"position\":2,\"name\":\"AMLO Y SU AMBICION POR EL PODER\"}]},{\"@type\":\"WebSite\",\"@id\":\"https:\\\/\\\/quehacerpolitico.mx\\\/#website\",\"url\":\"https:\\\/\\\/quehacerpolitico.mx\\\/\",\"name\":\"\",\"description\":\"\",\"potentialAction\":[{\"@type\":\"SearchAction\",\"target\":{\"@type\":\"EntryPoint\",\"urlTemplate\":\"https:\\\/\\\/quehacerpolitico.mx\\\/?s={search_term_string}\"},\"query-input\":{\"@type\":\"PropertyValueSpecification\",\"valueRequired\":true,\"valueName\":\"search_term_string\"}}],\"inLanguage\":\"es\"},{\"@type\":\"Person\",\"@id\":\"https:\\\/\\\/quehacerpolitico.mx\\\/#\\\/schema\\\/person\\\/496d8ad2d1d3f8036101dca7ee39e585\",\"name\":\"Redacci\u00f3n QP\",\"image\":{\"@type\":\"ImageObject\",\"inLanguage\":\"es\",\"@id\":\"https:\\\/\\\/secure.gravatar.com\\\/avatar\\\/c7164ed6fdec453195284ad24a5ae5b6e1eed2b848477fa2a4787ba9adf39a41?s=96&d=mm&r=g\",\"url\":\"https:\\\/\\\/secure.gravatar.com\\\/avatar\\\/c7164ed6fdec453195284ad24a5ae5b6e1eed2b848477fa2a4787ba9adf39a41?s=96&d=mm&r=g\",\"contentUrl\":\"https:\\\/\\\/secure.gravatar.com\\\/avatar\\\/c7164ed6fdec453195284ad24a5ae5b6e1eed2b848477fa2a4787ba9adf39a41?s=96&d=mm&r=g\",\"caption\":\"Redacci\u00f3n QP\"},\"url\":\"https:\\\/\\\/quehacerpolitico.mx\\\/?author=2\"}]}<\/script>\n<!-- \/ Yoast SEO plugin. -->","yoast_head_json":{"title":"AMLO Y SU AMBICION POR EL PODER -","robots":{"index":"index","follow":"follow","max-snippet":"max-snippet:-1","max-image-preview":"max-image-preview:large","max-video-preview":"max-video-preview:-1"},"canonical":"https:\/\/quehacerpolitico.mx\/?p=90210","og_locale":"es_MX","og_type":"article","og_title":"AMLO Y SU AMBICION POR EL PODER -","og_description":"Por Fortunato pi\u00f1a fortu6311@gmail.com Ahora resulta, que al presidente de M\u00e9xico, le preocupa m\u00e1s defender...","og_url":"https:\/\/quehacerpolitico.mx\/?p=90210","article_published_time":"2022-03-01T15:21:58+00:00","article_modified_time":"2022-03-01T15:22:00+00:00","og_image":[{"width":620,"height":330,"url":"https:\/\/quehacerpolitico.mx\/wp-content\/uploads\/2022\/03\/430948D8-04BB-479C-BA17-36AA8F93350E.jpeg","type":"image\/jpeg"}],"author":"Redacci\u00f3n QP","twitter_card":"summary_large_image","twitter_misc":{"Escrito por":"Redacci\u00f3n QP","Tiempo de lectura":"4 minutos"},"schema":{"@context":"https:\/\/schema.org","@graph":[{"@type":"Article","@id":"https:\/\/quehacerpolitico.mx\/?p=90210#article","isPartOf":{"@id":"https:\/\/quehacerpolitico.mx\/?p=90210"},"author":{"name":"Redacci\u00f3n QP","@id":"https:\/\/quehacerpolitico.mx\/#\/schema\/person\/496d8ad2d1d3f8036101dca7ee39e585"},"headline":"AMLO Y SU AMBICION POR EL PODER","datePublished":"2022-03-01T15:21:58+00:00","dateModified":"2022-03-01T15:22:00+00:00","mainEntityOfPage":{"@id":"https:\/\/quehacerpolitico.mx\/?p=90210"},"wordCount":758,"commentCount":0,"image":{"@id":"https:\/\/quehacerpolitico.mx\/?p=90210#primaryimage"},"thumbnailUrl":"https:\/\/quehacerpolitico.mx\/wp-content\/uploads\/2022\/03\/430948D8-04BB-479C-BA17-36AA8F93350E.jpeg","articleSection":["Noticias"],"inLanguage":"es","potentialAction":[{"@type":"CommentAction","name":"Comment","target":["https:\/\/quehacerpolitico.mx\/?p=90210#respond"]}]},{"@type":"WebPage","@id":"https:\/\/quehacerpolitico.mx\/?p=90210","url":"https:\/\/quehacerpolitico.mx\/?p=90210","name":"AMLO Y SU AMBICION POR EL PODER -","isPartOf":{"@id":"https:\/\/quehacerpolitico.mx\/#website"},"primaryImageOfPage":{"@id":"https:\/\/quehacerpolitico.mx\/?p=90210#primaryimage"},"image":{"@id":"https:\/\/quehacerpolitico.mx\/?p=90210#primaryimage"},"thumbnailUrl":"https:\/\/quehacerpolitico.mx\/wp-content\/uploads\/2022\/03\/430948D8-04BB-479C-BA17-36AA8F93350E.jpeg","datePublished":"2022-03-01T15:21:58+00:00","dateModified":"2022-03-01T15:22:00+00:00","author":{"@id":"https:\/\/quehacerpolitico.mx\/#\/schema\/person\/496d8ad2d1d3f8036101dca7ee39e585"},"breadcrumb":{"@id":"https:\/\/quehacerpolitico.mx\/?p=90210#breadcrumb"},"inLanguage":"es","potentialAction":[{"@type":"ReadAction","target":["https:\/\/quehacerpolitico.mx\/?p=90210"]}]},{"@type":"ImageObject","inLanguage":"es","@id":"https:\/\/quehacerpolitico.mx\/?p=90210#primaryimage","url":"https:\/\/quehacerpolitico.mx\/wp-content\/uploads\/2022\/03\/430948D8-04BB-479C-BA17-36AA8F93350E.jpeg","contentUrl":"https:\/\/quehacerpolitico.mx\/wp-content\/uploads\/2022\/03\/430948D8-04BB-479C-BA17-36AA8F93350E.jpeg","width":620,"height":330},{"@type":"BreadcrumbList","@id":"https:\/\/quehacerpolitico.mx\/?p=90210#breadcrumb","itemListElement":[{"@type":"ListItem","position":1,"name":"Inicio","item":"https:\/\/quehacerpolitico.mx\/"},{"@type":"ListItem","position":2,"name":"AMLO Y SU AMBICION POR EL PODER"}]},{"@type":"WebSite","@id":"https:\/\/quehacerpolitico.mx\/#website","url":"https:\/\/quehacerpolitico.mx\/","name":"","description":"","potentialAction":[{"@type":"SearchAction","target":{"@type":"EntryPoint","urlTemplate":"https:\/\/quehacerpolitico.mx\/?s={search_term_string}"},"query-input":{"@type":"PropertyValueSpecification","valueRequired":true,"valueName":"search_term_string"}}],"inLanguage":"es"},{"@type":"Person","@id":"https:\/\/quehacerpolitico.mx\/#\/schema\/person\/496d8ad2d1d3f8036101dca7ee39e585","name":"Redacci\u00f3n QP","image":{"@type":"ImageObject","inLanguage":"es","@id":"https:\/\/secure.gravatar.com\/avatar\/c7164ed6fdec453195284ad24a5ae5b6e1eed2b848477fa2a4787ba9adf39a41?s=96&d=mm&r=g","url":"https:\/\/secure.gravatar.com\/avatar\/c7164ed6fdec453195284ad24a5ae5b6e1eed2b848477fa2a4787ba9adf39a41?s=96&d=mm&r=g","contentUrl":"https:\/\/secure.gravatar.com\/avatar\/c7164ed6fdec453195284ad24a5ae5b6e1eed2b848477fa2a4787ba9adf39a41?s=96&d=mm&r=g","caption":"Redacci\u00f3n QP"},"url":"https:\/\/quehacerpolitico.mx\/?author=2"}]}},"featured_image_urls":{"full":["https:\/\/quehacerpolitico.mx\/wp-content\/uploads\/2022\/03\/430948D8-04BB-479C-BA17-36AA8F93350E.jpeg",620,330,false],"thumbnail":["https:\/\/quehacerpolitico.mx\/wp-content\/uploads\/2022\/03\/430948D8-04BB-479C-BA17-36AA8F93350E-150x150.jpeg",150,150,true],"medium":["https:\/\/quehacerpolitico.mx\/wp-content\/uploads\/2022\/03\/430948D8-04BB-479C-BA17-36AA8F93350E-300x160.jpeg",300,160,true],"medium_large":["https:\/\/quehacerpolitico.mx\/wp-content\/uploads\/2022\/03\/430948D8-04BB-479C-BA17-36AA8F93350E.jpeg",620,330,false],"large":["https:\/\/quehacerpolitico.mx\/wp-content\/uploads\/2022\/03\/430948D8-04BB-479C-BA17-36AA8F93350E.jpeg",620,330,false],"1536x1536":["https:\/\/quehacerpolitico.mx\/wp-content\/uploads\/2022\/03\/430948D8-04BB-479C-BA17-36AA8F93350E.jpeg",620,330,false],"2048x2048":["https:\/\/quehacerpolitico.mx\/wp-content\/uploads\/2022\/03\/430948D8-04BB-479C-BA17-36AA8F93350E.jpeg",620,330,false],"covernews-featured":["https:\/\/quehacerpolitico.mx\/wp-content\/uploads\/2022\/03\/430948D8-04BB-479C-BA17-36AA8F93350E.jpeg",620,330,false],"covernews-medium":["https:\/\/quehacerpolitico.mx\/wp-content\/uploads\/2022\/03\/430948D8-04BB-479C-BA17-36AA8F93350E.jpeg",540,287,false]},"author_info":{"display_name":"Redacci\u00f3n QP","author_link":"https:\/\/quehacerpolitico.mx\/?author=2"},"category_info":"<a href=\"https:\/\/quehacerpolitico.mx\/?cat=2\" rel=\"category\">Noticias<\/a>","tag_info":"Noticias","comment_count":"0","_links":{"self":[{"href":"https:\/\/quehacerpolitico.mx\/index.php?rest_route=\/wp\/v2\/posts\/90210","targetHints":{"allow":["GET"]}}],"collection":[{"href":"https:\/\/quehacerpolitico.mx\/index.php?rest_route=\/wp\/v2\/posts"}],"about":[{"href":"https:\/\/quehacerpolitico.mx\/index.php?rest_route=\/wp\/v2\/types\/post"}],"author":[{"embeddable":true,"href":"https:\/\/quehacerpolitico.mx\/index.php?rest_route=\/wp\/v2\/users\/2"}],"replies":[{"embeddable":true,"href":"https:\/\/quehacerpolitico.mx\/index.php?rest_route=%2Fwp%2Fv2%2Fcomments&post=90210"}],"version-history":[{"count":1,"href":"https:\/\/quehacerpolitico.mx\/index.php?rest_route=\/wp\/v2\/posts\/90210\/revisions"}],"predecessor-version":[{"id":90212,"href":"https:\/\/quehacerpolitico.mx\/index.php?rest_route=\/wp\/v2\/posts\/90210\/revisions\/90212"}],"wp:featuredmedia":[{"embeddable":true,"href":"https:\/\/quehacerpolitico.mx\/index.php?rest_route=\/wp\/v2\/media\/90211"}],"wp:attachment":[{"href":"https:\/\/quehacerpolitico.mx\/index.php?rest_route=%2Fwp%2Fv2%2Fmedia&parent=90210"}],"wp:term":[{"taxonomy":"category","embeddable":true,"href":"https:\/\/quehacerpolitico.mx\/index.php?rest_route=%2Fwp%2Fv2%2Fcategories&post=90210"},{"taxonomy":"post_tag","embeddable":true,"href":"https:\/\/quehacerpolitico.mx\/index.php?rest_route=%2Fwp%2Fv2%2Ftags&post=90210"}],"curies":[{"name":"wp","href":"https:\/\/api.w.org\/{rel}","templated":true}]}}