{"id":90174,"date":"2022-02-28T16:34:24","date_gmt":"2022-02-28T16:34:24","guid":{"rendered":"https:\/\/quehacerpolitico.mx\/?p=90174"},"modified":"2022-02-28T16:34:30","modified_gmt":"2022-02-28T16:34:30","slug":"malinterpretaron-el-ya-no-puedo-mas-adversarios-estan-desquiciados-amlo","status":"publish","type":"post","link":"https:\/\/quehacerpolitico.mx\/?p=90174","title":{"rendered":"Malinterpretaron el &#8220;ya no puedo m\u00e1s&#8221;, adversarios &#8220;est\u00e1n desquiciados&#8221;: AMLO\u00a0"},"content":{"rendered":"\n<p>Por Redacci\u00f3n QP<\/p>\n\n\n\n<p>AMLO recuerda que le faltan dos a\u00f1os y medio para terminar su mando y retirarse pol\u00edticamente a su quinta de Palenque, Chiapas<\/p>\n\n\n\n<p>El Presidente\u00a0Andres Manuel Lopez Obrador (AMLO) ofreci\u00f3 disculpas a sus adversarios &#8220;los conservadores&#8221; que malinterpretaron su expresi\u00f3n &#8220;ya no puedo m\u00e1s&#8221;, porque -dijo-\u00a0<strong>le faltan dos a\u00f1os y medio para terminar su mando<\/strong>\u00a0y retirarse pol\u00edticamente a su quinta de Palenque, Chiapas.<\/p>\n\n\n\n<figure class=\"wp-block-embed is-type-rich is-provider-twitter wp-block-embed-twitter\"><div class=\"wp-block-embed__wrapper\">\n<blockquote class=\"twitter-tweet\" data-width=\"550\" data-dnt=\"true\"><p lang=\"es\" dir=\"ltr\">\u00a1Qu\u00e9 no estaba cansadoooo!<br><br>Despu\u00e9s de decir que estaba cansado y que cuando se retirara terminaba todo para \u00e9l, AMLO aclar\u00f3 a qu\u00e9 se refer\u00eda. \u00bfSer\u00e1aaaa? <a href=\"https:\/\/t.co\/6D8KLNdmwO\">pic.twitter.com\/6D8KLNdmwO<\/a><\/p>&mdash; Ruido en la Red (@RuidoEnLaRed) <a href=\"https:\/\/twitter.com\/RuidoEnLaRed\/status\/1498295680271589381?ref_src=twsrc%5Etfw\">February 28, 2022<\/a><\/blockquote><script async src=\"https:\/\/platform.twitter.com\/widgets.js\" charset=\"utf-8\"><\/script>\n<\/div><\/figure>\n\n\n\n<p>&#8220;Es parte de la manipulaci\u00f3n que estamos padeciendo en general, es un tiempo decadente en el manejo informativo, no solo en este caso, en todo en el manejo de la informaci\u00f3n de la intervenci\u00f3n de Rusia en Ucrania,\u00a0<strong>hay mentiras al por mayor, notas falsas, im\u00e1genes falsas, es una verg\u00fcenza no solo es un fen\u00f3meno de M\u00e9xico es nivel mundial&#8221;<\/strong>.<\/p>\n\n\n\n<p>En su\u00a0<strong>conferencia de prensa &#8220;ma\u00f1anera&#8221;<\/strong>, el Presidente L\u00f3pez Obrador se\u00f1al\u00f3 que sus adversarios,\u00a0<strong>los conservadores, est\u00e1n desquiciados, buscando todo, para afectarnos, &#8220;afortunadamente no han podido y se enojan m\u00e1s&#8221;<\/strong>.<\/p>\n\n\n\n<p>AMLO dijo que sus opositores interpretaron que estaba cansado, que ya no pod\u00eda, &#8220;imag\u00ednense, me faltan dos a\u00f1os y medio s\u00ed as\u00ed lo decide el pueblo, si en ese d\u00eda que no puedo mencionar, la gente decide que contin\u00fae, tambi\u00e9n si lo decide el creador, la ciencia, no sabemos que nos depara el destino&#8221;.<\/p>\n\n\n\n<p>Enumer\u00f3 todas las mega obras como el nuevo Aeropuerto Felipe \u00c1ngeles, la refiner\u00eda de Dos Bocas, el Tren Maya, programas y planes de su gobierno que est\u00e1n pendientes por concluir.<\/p>\n\n\n\n<p>&#8220;Ya cuando termine, nada m\u00e1s que sigamos concientizando para desterrar de nuestro pa\u00eds la corrupci\u00f3n, terminar de quitar la m\u00e1scara a los conservadores corruptos, hip\u00f3critas, a los &#8216;fif\u00eds&#8217;\u00a0que se sienten de sangre azul y se dan \u00ednfulas de superioridad, aun con su hipocres\u00eda no dejan de mostrar que son racistas y discriminan, y entonces s\u00ed ya a Palenque&#8221;.<\/p>\n\n\n\n<p>Con informaci\u00f3n de SUN<\/p>\n","protected":false},"excerpt":{"rendered":"<p>Por Redacci\u00f3n QP AMLO recuerda que le faltan dos a\u00f1os y medio para terminar su&#8230;<\/p>\n","protected":false},"author":2,"featured_media":90175,"comment_status":"open","ping_status":"open","sticky":false,"template":"","format":"standard","meta":{"_monsterinsights_skip_tracking":false,"_monsterinsights_sitenote_active":false,"_monsterinsights_sitenote_note":"","_monsterinsights_sitenote_category":0,"footnotes":""},"categories":[2],"tags":[],"class_list":["post-90174","post","type-post","status-publish","format-standard","has-post-thumbnail","hentry","category-noticias"],"yoast_head":"<!-- This site is optimized with the Yoast SEO plugin v27.3 - https:\/\/yoast.com\/product\/yoast-seo-wordpress\/ -->\n<title>Malinterpretaron el &quot;ya no puedo m\u00e1s&quot;, adversarios &quot;est\u00e1n desquiciados&quot;: AMLO\u00a0 -<\/title>\n<meta name=\"robots\" content=\"index, follow, max-snippet:-1, max-image-preview:large, max-video-preview:-1\" \/>\n<link rel=\"canonical\" href=\"https:\/\/quehacerpolitico.mx\/?p=90174\" \/>\n<meta property=\"og:locale\" content=\"es_MX\" \/>\n<meta property=\"og:type\" content=\"article\" \/>\n<meta property=\"og:title\" content=\"Malinterpretaron el &quot;ya no puedo m\u00e1s&quot;, adversarios &quot;est\u00e1n desquiciados&quot;: AMLO\u00a0 -\" \/>\n<meta property=\"og:description\" content=\"Por Redacci\u00f3n QP AMLO recuerda que le faltan dos a\u00f1os y medio para terminar su...\" \/>\n<meta property=\"og:url\" content=\"https:\/\/quehacerpolitico.mx\/?p=90174\" \/>\n<meta property=\"article:published_time\" content=\"2022-02-28T16:34:24+00:00\" \/>\n<meta property=\"article:modified_time\" content=\"2022-02-28T16:34:30+00:00\" \/>\n<meta property=\"og:image\" content=\"https:\/\/quehacerpolitico.mx\/wp-content\/uploads\/2022\/02\/98A25BA9-3E29-4B3B-B574-F148F0692A35.jpeg\" \/>\n\t<meta property=\"og:image:width\" content=\"947\" \/>\n\t<meta property=\"og:image:height\" content=\"666\" \/>\n\t<meta property=\"og:image:type\" content=\"image\/jpeg\" \/>\n<meta name=\"author\" content=\"Redacci\u00f3n QP\" \/>\n<meta name=\"twitter:card\" content=\"summary_large_image\" \/>\n<meta name=\"twitter:label1\" content=\"Escrito por\" \/>\n\t<meta name=\"twitter:data1\" content=\"Redacci\u00f3n QP\" \/>\n\t<meta name=\"twitter:label2\" content=\"Tiempo de lectura\" \/>\n\t<meta name=\"twitter:data2\" content=\"2 minutos\" \/>\n<script type=\"application\/ld+json\" class=\"yoast-schema-graph\">{\"@context\":\"https:\\\/\\\/schema.org\",\"@graph\":[{\"@type\":\"Article\",\"@id\":\"https:\\\/\\\/quehacerpolitico.mx\\\/?p=90174#article\",\"isPartOf\":{\"@id\":\"https:\\\/\\\/quehacerpolitico.mx\\\/?p=90174\"},\"author\":{\"name\":\"Redacci\u00f3n QP\",\"@id\":\"https:\\\/\\\/quehacerpolitico.mx\\\/#\\\/schema\\\/person\\\/496d8ad2d1d3f8036101dca7ee39e585\"},\"headline\":\"Malinterpretaron el &#8220;ya no puedo m\u00e1s&#8221;, adversarios &#8220;est\u00e1n desquiciados&#8221;: AMLO\u00a0\",\"datePublished\":\"2022-02-28T16:34:24+00:00\",\"dateModified\":\"2022-02-28T16:34:30+00:00\",\"mainEntityOfPage\":{\"@id\":\"https:\\\/\\\/quehacerpolitico.mx\\\/?p=90174\"},\"wordCount\":358,\"commentCount\":0,\"image\":{\"@id\":\"https:\\\/\\\/quehacerpolitico.mx\\\/?p=90174#primaryimage\"},\"thumbnailUrl\":\"https:\\\/\\\/quehacerpolitico.mx\\\/wp-content\\\/uploads\\\/2022\\\/02\\\/98A25BA9-3E29-4B3B-B574-F148F0692A35.jpeg\",\"articleSection\":[\"Noticias\"],\"inLanguage\":\"es\",\"potentialAction\":[{\"@type\":\"CommentAction\",\"name\":\"Comment\",\"target\":[\"https:\\\/\\\/quehacerpolitico.mx\\\/?p=90174#respond\"]}]},{\"@type\":\"WebPage\",\"@id\":\"https:\\\/\\\/quehacerpolitico.mx\\\/?p=90174\",\"url\":\"https:\\\/\\\/quehacerpolitico.mx\\\/?p=90174\",\"name\":\"Malinterpretaron el \\\"ya no puedo m\u00e1s\\\", adversarios \\\"est\u00e1n desquiciados\\\": AMLO\u00a0 -\",\"isPartOf\":{\"@id\":\"https:\\\/\\\/quehacerpolitico.mx\\\/#website\"},\"primaryImageOfPage\":{\"@id\":\"https:\\\/\\\/quehacerpolitico.mx\\\/?p=90174#primaryimage\"},\"image\":{\"@id\":\"https:\\\/\\\/quehacerpolitico.mx\\\/?p=90174#primaryimage\"},\"thumbnailUrl\":\"https:\\\/\\\/quehacerpolitico.mx\\\/wp-content\\\/uploads\\\/2022\\\/02\\\/98A25BA9-3E29-4B3B-B574-F148F0692A35.jpeg\",\"datePublished\":\"2022-02-28T16:34:24+00:00\",\"dateModified\":\"2022-02-28T16:34:30+00:00\",\"author\":{\"@id\":\"https:\\\/\\\/quehacerpolitico.mx\\\/#\\\/schema\\\/person\\\/496d8ad2d1d3f8036101dca7ee39e585\"},\"breadcrumb\":{\"@id\":\"https:\\\/\\\/quehacerpolitico.mx\\\/?p=90174#breadcrumb\"},\"inLanguage\":\"es\",\"potentialAction\":[{\"@type\":\"ReadAction\",\"target\":[\"https:\\\/\\\/quehacerpolitico.mx\\\/?p=90174\"]}]},{\"@type\":\"ImageObject\",\"inLanguage\":\"es\",\"@id\":\"https:\\\/\\\/quehacerpolitico.mx\\\/?p=90174#primaryimage\",\"url\":\"https:\\\/\\\/quehacerpolitico.mx\\\/wp-content\\\/uploads\\\/2022\\\/02\\\/98A25BA9-3E29-4B3B-B574-F148F0692A35.jpeg\",\"contentUrl\":\"https:\\\/\\\/quehacerpolitico.mx\\\/wp-content\\\/uploads\\\/2022\\\/02\\\/98A25BA9-3E29-4B3B-B574-F148F0692A35.jpeg\",\"width\":947,\"height\":666},{\"@type\":\"BreadcrumbList\",\"@id\":\"https:\\\/\\\/quehacerpolitico.mx\\\/?p=90174#breadcrumb\",\"itemListElement\":[{\"@type\":\"ListItem\",\"position\":1,\"name\":\"Inicio\",\"item\":\"https:\\\/\\\/quehacerpolitico.mx\\\/\"},{\"@type\":\"ListItem\",\"position\":2,\"name\":\"Malinterpretaron el &#8220;ya no puedo m\u00e1s&#8221;, adversarios &#8220;est\u00e1n desquiciados&#8221;: AMLO\u00a0\"}]},{\"@type\":\"WebSite\",\"@id\":\"https:\\\/\\\/quehacerpolitico.mx\\\/#website\",\"url\":\"https:\\\/\\\/quehacerpolitico.mx\\\/\",\"name\":\"\",\"description\":\"\",\"potentialAction\":[{\"@type\":\"SearchAction\",\"target\":{\"@type\":\"EntryPoint\",\"urlTemplate\":\"https:\\\/\\\/quehacerpolitico.mx\\\/?s={search_term_string}\"},\"query-input\":{\"@type\":\"PropertyValueSpecification\",\"valueRequired\":true,\"valueName\":\"search_term_string\"}}],\"inLanguage\":\"es\"},{\"@type\":\"Person\",\"@id\":\"https:\\\/\\\/quehacerpolitico.mx\\\/#\\\/schema\\\/person\\\/496d8ad2d1d3f8036101dca7ee39e585\",\"name\":\"Redacci\u00f3n QP\",\"image\":{\"@type\":\"ImageObject\",\"inLanguage\":\"es\",\"@id\":\"https:\\\/\\\/secure.gravatar.com\\\/avatar\\\/c7164ed6fdec453195284ad24a5ae5b6e1eed2b848477fa2a4787ba9adf39a41?s=96&d=mm&r=g\",\"url\":\"https:\\\/\\\/secure.gravatar.com\\\/avatar\\\/c7164ed6fdec453195284ad24a5ae5b6e1eed2b848477fa2a4787ba9adf39a41?s=96&d=mm&r=g\",\"contentUrl\":\"https:\\\/\\\/secure.gravatar.com\\\/avatar\\\/c7164ed6fdec453195284ad24a5ae5b6e1eed2b848477fa2a4787ba9adf39a41?s=96&d=mm&r=g\",\"caption\":\"Redacci\u00f3n QP\"},\"url\":\"https:\\\/\\\/quehacerpolitico.mx\\\/?author=2\"}]}<\/script>\n<!-- \/ Yoast SEO plugin. -->","yoast_head_json":{"title":"Malinterpretaron el \"ya no puedo m\u00e1s\", adversarios \"est\u00e1n desquiciados\": AMLO\u00a0 -","robots":{"index":"index","follow":"follow","max-snippet":"max-snippet:-1","max-image-preview":"max-image-preview:large","max-video-preview":"max-video-preview:-1"},"canonical":"https:\/\/quehacerpolitico.mx\/?p=90174","og_locale":"es_MX","og_type":"article","og_title":"Malinterpretaron el \"ya no puedo m\u00e1s\", adversarios \"est\u00e1n desquiciados\": AMLO\u00a0 -","og_description":"Por Redacci\u00f3n QP AMLO recuerda que le faltan dos a\u00f1os y medio para terminar su...","og_url":"https:\/\/quehacerpolitico.mx\/?p=90174","article_published_time":"2022-02-28T16:34:24+00:00","article_modified_time":"2022-02-28T16:34:30+00:00","og_image":[{"width":947,"height":666,"url":"https:\/\/quehacerpolitico.mx\/wp-content\/uploads\/2022\/02\/98A25BA9-3E29-4B3B-B574-F148F0692A35.jpeg","type":"image\/jpeg"}],"author":"Redacci\u00f3n QP","twitter_card":"summary_large_image","twitter_misc":{"Escrito por":"Redacci\u00f3n QP","Tiempo de lectura":"2 minutos"},"schema":{"@context":"https:\/\/schema.org","@graph":[{"@type":"Article","@id":"https:\/\/quehacerpolitico.mx\/?p=90174#article","isPartOf":{"@id":"https:\/\/quehacerpolitico.mx\/?p=90174"},"author":{"name":"Redacci\u00f3n QP","@id":"https:\/\/quehacerpolitico.mx\/#\/schema\/person\/496d8ad2d1d3f8036101dca7ee39e585"},"headline":"Malinterpretaron el &#8220;ya no puedo m\u00e1s&#8221;, adversarios &#8220;est\u00e1n desquiciados&#8221;: AMLO\u00a0","datePublished":"2022-02-28T16:34:24+00:00","dateModified":"2022-02-28T16:34:30+00:00","mainEntityOfPage":{"@id":"https:\/\/quehacerpolitico.mx\/?p=90174"},"wordCount":358,"commentCount":0,"image":{"@id":"https:\/\/quehacerpolitico.mx\/?p=90174#primaryimage"},"thumbnailUrl":"https:\/\/quehacerpolitico.mx\/wp-content\/uploads\/2022\/02\/98A25BA9-3E29-4B3B-B574-F148F0692A35.jpeg","articleSection":["Noticias"],"inLanguage":"es","potentialAction":[{"@type":"CommentAction","name":"Comment","target":["https:\/\/quehacerpolitico.mx\/?p=90174#respond"]}]},{"@type":"WebPage","@id":"https:\/\/quehacerpolitico.mx\/?p=90174","url":"https:\/\/quehacerpolitico.mx\/?p=90174","name":"Malinterpretaron el \"ya no puedo m\u00e1s\", adversarios \"est\u00e1n desquiciados\": AMLO\u00a0 -","isPartOf":{"@id":"https:\/\/quehacerpolitico.mx\/#website"},"primaryImageOfPage":{"@id":"https:\/\/quehacerpolitico.mx\/?p=90174#primaryimage"},"image":{"@id":"https:\/\/quehacerpolitico.mx\/?p=90174#primaryimage"},"thumbnailUrl":"https:\/\/quehacerpolitico.mx\/wp-content\/uploads\/2022\/02\/98A25BA9-3E29-4B3B-B574-F148F0692A35.jpeg","datePublished":"2022-02-28T16:34:24+00:00","dateModified":"2022-02-28T16:34:30+00:00","author":{"@id":"https:\/\/quehacerpolitico.mx\/#\/schema\/person\/496d8ad2d1d3f8036101dca7ee39e585"},"breadcrumb":{"@id":"https:\/\/quehacerpolitico.mx\/?p=90174#breadcrumb"},"inLanguage":"es","potentialAction":[{"@type":"ReadAction","target":["https:\/\/quehacerpolitico.mx\/?p=90174"]}]},{"@type":"ImageObject","inLanguage":"es","@id":"https:\/\/quehacerpolitico.mx\/?p=90174#primaryimage","url":"https:\/\/quehacerpolitico.mx\/wp-content\/uploads\/2022\/02\/98A25BA9-3E29-4B3B-B574-F148F0692A35.jpeg","contentUrl":"https:\/\/quehacerpolitico.mx\/wp-content\/uploads\/2022\/02\/98A25BA9-3E29-4B3B-B574-F148F0692A35.jpeg","width":947,"height":666},{"@type":"BreadcrumbList","@id":"https:\/\/quehacerpolitico.mx\/?p=90174#breadcrumb","itemListElement":[{"@type":"ListItem","position":1,"name":"Inicio","item":"https:\/\/quehacerpolitico.mx\/"},{"@type":"ListItem","position":2,"name":"Malinterpretaron el &#8220;ya no puedo m\u00e1s&#8221;, adversarios &#8220;est\u00e1n desquiciados&#8221;: AMLO\u00a0"}]},{"@type":"WebSite","@id":"https:\/\/quehacerpolitico.mx\/#website","url":"https:\/\/quehacerpolitico.mx\/","name":"","description":"","potentialAction":[{"@type":"SearchAction","target":{"@type":"EntryPoint","urlTemplate":"https:\/\/quehacerpolitico.mx\/?s={search_term_string}"},"query-input":{"@type":"PropertyValueSpecification","valueRequired":true,"valueName":"search_term_string"}}],"inLanguage":"es"},{"@type":"Person","@id":"https:\/\/quehacerpolitico.mx\/#\/schema\/person\/496d8ad2d1d3f8036101dca7ee39e585","name":"Redacci\u00f3n QP","image":{"@type":"ImageObject","inLanguage":"es","@id":"https:\/\/secure.gravatar.com\/avatar\/c7164ed6fdec453195284ad24a5ae5b6e1eed2b848477fa2a4787ba9adf39a41?s=96&d=mm&r=g","url":"https:\/\/secure.gravatar.com\/avatar\/c7164ed6fdec453195284ad24a5ae5b6e1eed2b848477fa2a4787ba9adf39a41?s=96&d=mm&r=g","contentUrl":"https:\/\/secure.gravatar.com\/avatar\/c7164ed6fdec453195284ad24a5ae5b6e1eed2b848477fa2a4787ba9adf39a41?s=96&d=mm&r=g","caption":"Redacci\u00f3n QP"},"url":"https:\/\/quehacerpolitico.mx\/?author=2"}]}},"featured_image_urls":{"full":["https:\/\/quehacerpolitico.mx\/wp-content\/uploads\/2022\/02\/98A25BA9-3E29-4B3B-B574-F148F0692A35.jpeg",947,666,false],"thumbnail":["https:\/\/quehacerpolitico.mx\/wp-content\/uploads\/2022\/02\/98A25BA9-3E29-4B3B-B574-F148F0692A35-150x150.jpeg",150,150,true],"medium":["https:\/\/quehacerpolitico.mx\/wp-content\/uploads\/2022\/02\/98A25BA9-3E29-4B3B-B574-F148F0692A35-300x211.jpeg",300,211,true],"medium_large":["https:\/\/quehacerpolitico.mx\/wp-content\/uploads\/2022\/02\/98A25BA9-3E29-4B3B-B574-F148F0692A35-768x540.jpeg",640,450,true],"large":["https:\/\/quehacerpolitico.mx\/wp-content\/uploads\/2022\/02\/98A25BA9-3E29-4B3B-B574-F148F0692A35.jpeg",640,450,false],"1536x1536":["https:\/\/quehacerpolitico.mx\/wp-content\/uploads\/2022\/02\/98A25BA9-3E29-4B3B-B574-F148F0692A35.jpeg",947,666,false],"2048x2048":["https:\/\/quehacerpolitico.mx\/wp-content\/uploads\/2022\/02\/98A25BA9-3E29-4B3B-B574-F148F0692A35.jpeg",947,666,false],"covernews-featured":["https:\/\/quehacerpolitico.mx\/wp-content\/uploads\/2022\/02\/98A25BA9-3E29-4B3B-B574-F148F0692A35.jpeg",947,666,false],"covernews-medium":["https:\/\/quehacerpolitico.mx\/wp-content\/uploads\/2022\/02\/98A25BA9-3E29-4B3B-B574-F148F0692A35.jpeg",483,340,false]},"author_info":{"display_name":"Redacci\u00f3n QP","author_link":"https:\/\/quehacerpolitico.mx\/?author=2"},"category_info":"<a href=\"https:\/\/quehacerpolitico.mx\/?cat=2\" rel=\"category\">Noticias<\/a>","tag_info":"Noticias","comment_count":"0","_links":{"self":[{"href":"https:\/\/quehacerpolitico.mx\/index.php?rest_route=\/wp\/v2\/posts\/90174","targetHints":{"allow":["GET"]}}],"collection":[{"href":"https:\/\/quehacerpolitico.mx\/index.php?rest_route=\/wp\/v2\/posts"}],"about":[{"href":"https:\/\/quehacerpolitico.mx\/index.php?rest_route=\/wp\/v2\/types\/post"}],"author":[{"embeddable":true,"href":"https:\/\/quehacerpolitico.mx\/index.php?rest_route=\/wp\/v2\/users\/2"}],"replies":[{"embeddable":true,"href":"https:\/\/quehacerpolitico.mx\/index.php?rest_route=%2Fwp%2Fv2%2Fcomments&post=90174"}],"version-history":[{"count":1,"href":"https:\/\/quehacerpolitico.mx\/index.php?rest_route=\/wp\/v2\/posts\/90174\/revisions"}],"predecessor-version":[{"id":90176,"href":"https:\/\/quehacerpolitico.mx\/index.php?rest_route=\/wp\/v2\/posts\/90174\/revisions\/90176"}],"wp:featuredmedia":[{"embeddable":true,"href":"https:\/\/quehacerpolitico.mx\/index.php?rest_route=\/wp\/v2\/media\/90175"}],"wp:attachment":[{"href":"https:\/\/quehacerpolitico.mx\/index.php?rest_route=%2Fwp%2Fv2%2Fmedia&parent=90174"}],"wp:term":[{"taxonomy":"category","embeddable":true,"href":"https:\/\/quehacerpolitico.mx\/index.php?rest_route=%2Fwp%2Fv2%2Fcategories&post=90174"},{"taxonomy":"post_tag","embeddable":true,"href":"https:\/\/quehacerpolitico.mx\/index.php?rest_route=%2Fwp%2Fv2%2Ftags&post=90174"}],"curies":[{"name":"wp","href":"https:\/\/api.w.org\/{rel}","templated":true}]}}