{"id":90171,"date":"2022-02-28T16:17:51","date_gmt":"2022-02-28T16:17:51","guid":{"rendered":"https:\/\/quehacerpolitico.mx\/?p=90171"},"modified":"2022-02-28T17:06:09","modified_gmt":"2022-02-28T17:06:09","slug":"comando-ejecuta-a-17-personas-durante-funeral-en-michoacan","status":"publish","type":"post","link":"https:\/\/quehacerpolitico.mx\/?p=90171","title":{"rendered":"Comando ejecuta a 17 personas durante funeral en Michoac\u00e1n\u00a0"},"content":{"rendered":"\n<p>Por Redacci\u00f3n QP<\/p>\n\n\n\n<p>Un grupo armado lleg\u00f3 a un domicilio particular, sac\u00f3 a varias personas y los fusil\u00f3 en plena calle<\/p>\n\n\n\n<p>Sujetos armados irrumpieron ayer en un velorio en San Jos\u00e9 de Gracia, municipio de Marcos Castellanos en Michoac\u00e1n, de donde sacaron a por lo menos una veintena de asistentes, para despu\u00e9s dispararles.<\/p>\n\n\n\n<p>Autoridades locales de seguridad hablan de al menos 17 personas asesinadas y varias m\u00e1s lesionadas, sin que el saldo haya sido confirmado por la Fiscal\u00eda estatal.<\/p>\n\n\n\n<p>El homicidio m\u00faltiple, en el que seg\u00fan informaci\u00f3n preliminar habr\u00edan muerto 17 personas, qued\u00f3 registrado en un video que circula en redes sociales en donde se puede ver a hombres armados que bajan de unas camionetas y ejecutan a las&nbsp;<strong>v\u00edctimas<\/strong>&nbsp;quienes se encuentran contra una pared.<\/p>\n\n\n\n<figure class=\"wp-block-embed is-type-rich is-provider-twitter wp-block-embed-twitter\"><div class=\"wp-block-embed__wrapper\">\n<blockquote class=\"twitter-tweet\" data-width=\"550\" data-dnt=\"true\"><p lang=\"es\" dir=\"ltr\"><a href=\"https:\/\/twitter.com\/hashtag\/EnVideo?src=hash&amp;ref_src=twsrc%5Etfw\">#EnVideo<\/a> | \u26a0\ufe0f \u00a1Im\u00e1genes no aptas para todo p\u00fablico! \u26a0\ufe0f<br><br>Un comando irrumpi\u00f3 en un velorio en la localidad de San Jos\u00e9 de Gracia, en el municipio de <a href=\"https:\/\/twitter.com\/hashtag\/MarcosCastellanos?src=hash&amp;ref_src=twsrc%5Etfw\">#MarcosCastellanos<\/a> y fusil\u00f3 al menos a 10 personas.<br><br>Lee m\u00e1s: <a href=\"https:\/\/t.co\/AtUGyz2ROs\">https:\/\/t.co\/AtUGyz2ROs<\/a> <a href=\"https:\/\/t.co\/6XJiIX9RmA\">pic.twitter.com\/6XJiIX9RmA<\/a><\/p>&mdash; Quadrat\u00edn Michoac\u00e1n (@Quadratin_) <a href=\"https:\/\/twitter.com\/Quadratin_\/status\/1498110656041693188?ref_src=twsrc%5Etfw\">February 28, 2022<\/a><\/blockquote><script async src=\"https:\/\/platform.twitter.com\/widgets.js\" charset=\"utf-8\"><\/script>\n<\/div><\/figure>\n\n\n\n<p>De acuerdo con la informaci\u00f3n de&nbsp;<strong>medios locales,<\/strong>&nbsp;la masacre se registr\u00f3 en el exterior del velatorio, a donde lleg\u00f3 el grupo armado y sac\u00f3 a las v\u00edctimas para luego fusilarlas.<\/p>\n\n\n\n<p>Los homicidios habr\u00edan ocurrido en una regi\u00f3n donde el&nbsp;<strong>C\u00e1rtel Jalisco Nueva Generaci\u00f3n<\/strong>ostenta el control del territorio.<\/p>\n\n\n\n<p>M\u00e9xico registr\u00f3 33 mil 308 homicidios en 2021 despu\u00e9s de los dos a\u00f1os m\u00e1s violentos de su historia, bajo el mandato de&nbsp;Andres Manuel Lopez Obrador con 34 mil 690 v\u00edctimas de asesinatos en 2019 y 34 mil 554 en 2020.<\/p>\n\n\n\n<p>El crimen fue grabado por un habitante del lugar y hecho viral en redes sociales.<\/p>\n\n\n\n<figure class=\"wp-block-embed is-type-rich is-provider-twitter wp-block-embed-twitter\"><div class=\"wp-block-embed__wrapper\">\n<blockquote class=\"twitter-tweet\" data-width=\"550\" data-dnt=\"true\"><p lang=\"art\" dir=\"ltr\">\ud83d\udc47 <a href=\"https:\/\/t.co\/jVexohxdUr\">https:\/\/t.co\/jVexohxdUr<\/a><\/p>&mdash; H\u00e9ctor de Maule\u00f3n (@hdemauleon) <a href=\"https:\/\/twitter.com\/hdemauleon\/status\/1498338451971878916?ref_src=twsrc%5Etfw\">February 28, 2022<\/a><\/blockquote><script async src=\"https:\/\/platform.twitter.com\/widgets.js\" charset=\"utf-8\"><\/script>\n<\/div><\/figure>\n\n\n\n<p>Los homicidios habr\u00edan ocurrido en una regi\u00f3n donde el C\u00e1rtel Nueva Generaci\u00f3n ostenta el control del territorio.<\/p>\n\n\n\n<p>El homicidio m\u00faltiple, en el que seg\u00fan informaci\u00f3n preliminar habr\u00edan muerto 17 personas, qued\u00f3 registrado en un video que circula en redes sociales en donde se puede ver a hombres armados que bajan de unas camionetas y ejecutan a las&nbsp;<strong>v\u00edctimas<\/strong>&nbsp;quienes se encuentran contra una pared.<\/p>\n\n\n\n<p>De acuerdo con la informaci\u00f3n de&nbsp;<strong>medios locales,<\/strong>&nbsp;la masacre se registr\u00f3 en el exterior del velatorio, a donde lleg\u00f3 el grupo armado y sac\u00f3 a las v\u00edctimas para luego fusilarlas.<\/p>\n\n\n\n<p>Los homicidios habr\u00edan ocurrido en una regi\u00f3n donde el&nbsp;<strong>C\u00e1rtel Jalisco Nueva Generaci\u00f3n<\/strong>ostenta el control del territorio.<\/p>\n\n\n\n<p>M\u00e9xico registr\u00f3 33 mil 308 homicidios en 2021 despu\u00e9s de los dos a\u00f1os m\u00e1s violentos de su historia, bajo el mandato de&nbsp;Andres Manuel Lopez Obrador con 34 mil 690 v\u00edctimas de asesinatos en 2019 y 34 mil 554 en 2020.<\/p>\n","protected":false},"excerpt":{"rendered":"<p>Por Redacci\u00f3n QP Un grupo armado lleg\u00f3 a un domicilio particular, sac\u00f3 a varias personas&#8230;<\/p>\n","protected":false},"author":2,"featured_media":90172,"comment_status":"open","ping_status":"open","sticky":false,"template":"","format":"standard","meta":{"_monsterinsights_skip_tracking":false,"_monsterinsights_sitenote_active":false,"_monsterinsights_sitenote_note":"","_monsterinsights_sitenote_category":0,"footnotes":""},"categories":[2],"tags":[],"class_list":["post-90171","post","type-post","status-publish","format-standard","has-post-thumbnail","hentry","category-noticias"],"yoast_head":"<!-- This site is optimized with the Yoast SEO plugin v27.3 - https:\/\/yoast.com\/product\/yoast-seo-wordpress\/ -->\n<title>Comando ejecuta a 17 personas durante funeral en Michoac\u00e1n\u00a0 -<\/title>\n<meta name=\"robots\" content=\"index, follow, max-snippet:-1, max-image-preview:large, max-video-preview:-1\" \/>\n<link rel=\"canonical\" href=\"https:\/\/quehacerpolitico.mx\/?p=90171\" \/>\n<meta property=\"og:locale\" content=\"es_MX\" \/>\n<meta property=\"og:type\" content=\"article\" \/>\n<meta property=\"og:title\" content=\"Comando ejecuta a 17 personas durante funeral en Michoac\u00e1n\u00a0 -\" \/>\n<meta property=\"og:description\" content=\"Por Redacci\u00f3n QP Un grupo armado lleg\u00f3 a un domicilio particular, sac\u00f3 a varias personas...\" \/>\n<meta property=\"og:url\" content=\"https:\/\/quehacerpolitico.mx\/?p=90171\" \/>\n<meta property=\"article:published_time\" content=\"2022-02-28T16:17:51+00:00\" \/>\n<meta property=\"article:modified_time\" content=\"2022-02-28T17:06:09+00:00\" \/>\n<meta property=\"og:image\" content=\"https:\/\/quehacerpolitico.mx\/wp-content\/uploads\/2022\/02\/5F6B4F83-2C83-4427-BE81-EE59E37A65BD.jpeg\" \/>\n\t<meta property=\"og:image:width\" content=\"1284\" \/>\n\t<meta property=\"og:image:height\" content=\"1027\" \/>\n\t<meta property=\"og:image:type\" content=\"image\/jpeg\" \/>\n<meta name=\"author\" content=\"Redacci\u00f3n QP\" \/>\n<meta name=\"twitter:card\" content=\"summary_large_image\" \/>\n<meta name=\"twitter:label1\" content=\"Escrito por\" \/>\n\t<meta name=\"twitter:data1\" content=\"Redacci\u00f3n QP\" \/>\n\t<meta name=\"twitter:label2\" content=\"Tiempo de lectura\" \/>\n\t<meta name=\"twitter:data2\" content=\"2 minutos\" \/>\n<script type=\"application\/ld+json\" class=\"yoast-schema-graph\">{\"@context\":\"https:\\\/\\\/schema.org\",\"@graph\":[{\"@type\":\"Article\",\"@id\":\"https:\\\/\\\/quehacerpolitico.mx\\\/?p=90171#article\",\"isPartOf\":{\"@id\":\"https:\\\/\\\/quehacerpolitico.mx\\\/?p=90171\"},\"author\":{\"name\":\"Redacci\u00f3n QP\",\"@id\":\"https:\\\/\\\/quehacerpolitico.mx\\\/#\\\/schema\\\/person\\\/496d8ad2d1d3f8036101dca7ee39e585\"},\"headline\":\"Comando ejecuta a 17 personas durante funeral en Michoac\u00e1n\u00a0\",\"datePublished\":\"2022-02-28T16:17:51+00:00\",\"dateModified\":\"2022-02-28T17:06:09+00:00\",\"mainEntityOfPage\":{\"@id\":\"https:\\\/\\\/quehacerpolitico.mx\\\/?p=90171\"},\"wordCount\":436,\"commentCount\":0,\"image\":{\"@id\":\"https:\\\/\\\/quehacerpolitico.mx\\\/?p=90171#primaryimage\"},\"thumbnailUrl\":\"https:\\\/\\\/quehacerpolitico.mx\\\/wp-content\\\/uploads\\\/2022\\\/02\\\/5F6B4F83-2C83-4427-BE81-EE59E37A65BD.jpeg\",\"articleSection\":[\"Noticias\"],\"inLanguage\":\"es\",\"potentialAction\":[{\"@type\":\"CommentAction\",\"name\":\"Comment\",\"target\":[\"https:\\\/\\\/quehacerpolitico.mx\\\/?p=90171#respond\"]}]},{\"@type\":\"WebPage\",\"@id\":\"https:\\\/\\\/quehacerpolitico.mx\\\/?p=90171\",\"url\":\"https:\\\/\\\/quehacerpolitico.mx\\\/?p=90171\",\"name\":\"Comando ejecuta a 17 personas durante funeral en Michoac\u00e1n\u00a0 -\",\"isPartOf\":{\"@id\":\"https:\\\/\\\/quehacerpolitico.mx\\\/#website\"},\"primaryImageOfPage\":{\"@id\":\"https:\\\/\\\/quehacerpolitico.mx\\\/?p=90171#primaryimage\"},\"image\":{\"@id\":\"https:\\\/\\\/quehacerpolitico.mx\\\/?p=90171#primaryimage\"},\"thumbnailUrl\":\"https:\\\/\\\/quehacerpolitico.mx\\\/wp-content\\\/uploads\\\/2022\\\/02\\\/5F6B4F83-2C83-4427-BE81-EE59E37A65BD.jpeg\",\"datePublished\":\"2022-02-28T16:17:51+00:00\",\"dateModified\":\"2022-02-28T17:06:09+00:00\",\"author\":{\"@id\":\"https:\\\/\\\/quehacerpolitico.mx\\\/#\\\/schema\\\/person\\\/496d8ad2d1d3f8036101dca7ee39e585\"},\"breadcrumb\":{\"@id\":\"https:\\\/\\\/quehacerpolitico.mx\\\/?p=90171#breadcrumb\"},\"inLanguage\":\"es\",\"potentialAction\":[{\"@type\":\"ReadAction\",\"target\":[\"https:\\\/\\\/quehacerpolitico.mx\\\/?p=90171\"]}]},{\"@type\":\"ImageObject\",\"inLanguage\":\"es\",\"@id\":\"https:\\\/\\\/quehacerpolitico.mx\\\/?p=90171#primaryimage\",\"url\":\"https:\\\/\\\/quehacerpolitico.mx\\\/wp-content\\\/uploads\\\/2022\\\/02\\\/5F6B4F83-2C83-4427-BE81-EE59E37A65BD.jpeg\",\"contentUrl\":\"https:\\\/\\\/quehacerpolitico.mx\\\/wp-content\\\/uploads\\\/2022\\\/02\\\/5F6B4F83-2C83-4427-BE81-EE59E37A65BD.jpeg\",\"width\":1284,\"height\":1027},{\"@type\":\"BreadcrumbList\",\"@id\":\"https:\\\/\\\/quehacerpolitico.mx\\\/?p=90171#breadcrumb\",\"itemListElement\":[{\"@type\":\"ListItem\",\"position\":1,\"name\":\"Inicio\",\"item\":\"https:\\\/\\\/quehacerpolitico.mx\\\/\"},{\"@type\":\"ListItem\",\"position\":2,\"name\":\"Comando ejecuta a 17 personas durante funeral en Michoac\u00e1n\u00a0\"}]},{\"@type\":\"WebSite\",\"@id\":\"https:\\\/\\\/quehacerpolitico.mx\\\/#website\",\"url\":\"https:\\\/\\\/quehacerpolitico.mx\\\/\",\"name\":\"\",\"description\":\"\",\"potentialAction\":[{\"@type\":\"SearchAction\",\"target\":{\"@type\":\"EntryPoint\",\"urlTemplate\":\"https:\\\/\\\/quehacerpolitico.mx\\\/?s={search_term_string}\"},\"query-input\":{\"@type\":\"PropertyValueSpecification\",\"valueRequired\":true,\"valueName\":\"search_term_string\"}}],\"inLanguage\":\"es\"},{\"@type\":\"Person\",\"@id\":\"https:\\\/\\\/quehacerpolitico.mx\\\/#\\\/schema\\\/person\\\/496d8ad2d1d3f8036101dca7ee39e585\",\"name\":\"Redacci\u00f3n QP\",\"image\":{\"@type\":\"ImageObject\",\"inLanguage\":\"es\",\"@id\":\"https:\\\/\\\/secure.gravatar.com\\\/avatar\\\/c7164ed6fdec453195284ad24a5ae5b6e1eed2b848477fa2a4787ba9adf39a41?s=96&d=mm&r=g\",\"url\":\"https:\\\/\\\/secure.gravatar.com\\\/avatar\\\/c7164ed6fdec453195284ad24a5ae5b6e1eed2b848477fa2a4787ba9adf39a41?s=96&d=mm&r=g\",\"contentUrl\":\"https:\\\/\\\/secure.gravatar.com\\\/avatar\\\/c7164ed6fdec453195284ad24a5ae5b6e1eed2b848477fa2a4787ba9adf39a41?s=96&d=mm&r=g\",\"caption\":\"Redacci\u00f3n QP\"},\"url\":\"https:\\\/\\\/quehacerpolitico.mx\\\/?author=2\"}]}<\/script>\n<!-- \/ Yoast SEO plugin. -->","yoast_head_json":{"title":"Comando ejecuta a 17 personas durante funeral en Michoac\u00e1n\u00a0 -","robots":{"index":"index","follow":"follow","max-snippet":"max-snippet:-1","max-image-preview":"max-image-preview:large","max-video-preview":"max-video-preview:-1"},"canonical":"https:\/\/quehacerpolitico.mx\/?p=90171","og_locale":"es_MX","og_type":"article","og_title":"Comando ejecuta a 17 personas durante funeral en Michoac\u00e1n\u00a0 -","og_description":"Por Redacci\u00f3n QP Un grupo armado lleg\u00f3 a un domicilio particular, sac\u00f3 a varias personas...","og_url":"https:\/\/quehacerpolitico.mx\/?p=90171","article_published_time":"2022-02-28T16:17:51+00:00","article_modified_time":"2022-02-28T17:06:09+00:00","og_image":[{"width":1284,"height":1027,"url":"https:\/\/quehacerpolitico.mx\/wp-content\/uploads\/2022\/02\/5F6B4F83-2C83-4427-BE81-EE59E37A65BD.jpeg","type":"image\/jpeg"}],"author":"Redacci\u00f3n QP","twitter_card":"summary_large_image","twitter_misc":{"Escrito por":"Redacci\u00f3n QP","Tiempo de lectura":"2 minutos"},"schema":{"@context":"https:\/\/schema.org","@graph":[{"@type":"Article","@id":"https:\/\/quehacerpolitico.mx\/?p=90171#article","isPartOf":{"@id":"https:\/\/quehacerpolitico.mx\/?p=90171"},"author":{"name":"Redacci\u00f3n QP","@id":"https:\/\/quehacerpolitico.mx\/#\/schema\/person\/496d8ad2d1d3f8036101dca7ee39e585"},"headline":"Comando ejecuta a 17 personas durante funeral en Michoac\u00e1n\u00a0","datePublished":"2022-02-28T16:17:51+00:00","dateModified":"2022-02-28T17:06:09+00:00","mainEntityOfPage":{"@id":"https:\/\/quehacerpolitico.mx\/?p=90171"},"wordCount":436,"commentCount":0,"image":{"@id":"https:\/\/quehacerpolitico.mx\/?p=90171#primaryimage"},"thumbnailUrl":"https:\/\/quehacerpolitico.mx\/wp-content\/uploads\/2022\/02\/5F6B4F83-2C83-4427-BE81-EE59E37A65BD.jpeg","articleSection":["Noticias"],"inLanguage":"es","potentialAction":[{"@type":"CommentAction","name":"Comment","target":["https:\/\/quehacerpolitico.mx\/?p=90171#respond"]}]},{"@type":"WebPage","@id":"https:\/\/quehacerpolitico.mx\/?p=90171","url":"https:\/\/quehacerpolitico.mx\/?p=90171","name":"Comando ejecuta a 17 personas durante funeral en Michoac\u00e1n\u00a0 -","isPartOf":{"@id":"https:\/\/quehacerpolitico.mx\/#website"},"primaryImageOfPage":{"@id":"https:\/\/quehacerpolitico.mx\/?p=90171#primaryimage"},"image":{"@id":"https:\/\/quehacerpolitico.mx\/?p=90171#primaryimage"},"thumbnailUrl":"https:\/\/quehacerpolitico.mx\/wp-content\/uploads\/2022\/02\/5F6B4F83-2C83-4427-BE81-EE59E37A65BD.jpeg","datePublished":"2022-02-28T16:17:51+00:00","dateModified":"2022-02-28T17:06:09+00:00","author":{"@id":"https:\/\/quehacerpolitico.mx\/#\/schema\/person\/496d8ad2d1d3f8036101dca7ee39e585"},"breadcrumb":{"@id":"https:\/\/quehacerpolitico.mx\/?p=90171#breadcrumb"},"inLanguage":"es","potentialAction":[{"@type":"ReadAction","target":["https:\/\/quehacerpolitico.mx\/?p=90171"]}]},{"@type":"ImageObject","inLanguage":"es","@id":"https:\/\/quehacerpolitico.mx\/?p=90171#primaryimage","url":"https:\/\/quehacerpolitico.mx\/wp-content\/uploads\/2022\/02\/5F6B4F83-2C83-4427-BE81-EE59E37A65BD.jpeg","contentUrl":"https:\/\/quehacerpolitico.mx\/wp-content\/uploads\/2022\/02\/5F6B4F83-2C83-4427-BE81-EE59E37A65BD.jpeg","width":1284,"height":1027},{"@type":"BreadcrumbList","@id":"https:\/\/quehacerpolitico.mx\/?p=90171#breadcrumb","itemListElement":[{"@type":"ListItem","position":1,"name":"Inicio","item":"https:\/\/quehacerpolitico.mx\/"},{"@type":"ListItem","position":2,"name":"Comando ejecuta a 17 personas durante funeral en Michoac\u00e1n\u00a0"}]},{"@type":"WebSite","@id":"https:\/\/quehacerpolitico.mx\/#website","url":"https:\/\/quehacerpolitico.mx\/","name":"","description":"","potentialAction":[{"@type":"SearchAction","target":{"@type":"EntryPoint","urlTemplate":"https:\/\/quehacerpolitico.mx\/?s={search_term_string}"},"query-input":{"@type":"PropertyValueSpecification","valueRequired":true,"valueName":"search_term_string"}}],"inLanguage":"es"},{"@type":"Person","@id":"https:\/\/quehacerpolitico.mx\/#\/schema\/person\/496d8ad2d1d3f8036101dca7ee39e585","name":"Redacci\u00f3n QP","image":{"@type":"ImageObject","inLanguage":"es","@id":"https:\/\/secure.gravatar.com\/avatar\/c7164ed6fdec453195284ad24a5ae5b6e1eed2b848477fa2a4787ba9adf39a41?s=96&d=mm&r=g","url":"https:\/\/secure.gravatar.com\/avatar\/c7164ed6fdec453195284ad24a5ae5b6e1eed2b848477fa2a4787ba9adf39a41?s=96&d=mm&r=g","contentUrl":"https:\/\/secure.gravatar.com\/avatar\/c7164ed6fdec453195284ad24a5ae5b6e1eed2b848477fa2a4787ba9adf39a41?s=96&d=mm&r=g","caption":"Redacci\u00f3n QP"},"url":"https:\/\/quehacerpolitico.mx\/?author=2"}]}},"featured_image_urls":{"full":["https:\/\/quehacerpolitico.mx\/wp-content\/uploads\/2022\/02\/5F6B4F83-2C83-4427-BE81-EE59E37A65BD.jpeg",1284,1027,false],"thumbnail":["https:\/\/quehacerpolitico.mx\/wp-content\/uploads\/2022\/02\/5F6B4F83-2C83-4427-BE81-EE59E37A65BD-150x150.jpeg",150,150,true],"medium":["https:\/\/quehacerpolitico.mx\/wp-content\/uploads\/2022\/02\/5F6B4F83-2C83-4427-BE81-EE59E37A65BD-300x240.jpeg",300,240,true],"medium_large":["https:\/\/quehacerpolitico.mx\/wp-content\/uploads\/2022\/02\/5F6B4F83-2C83-4427-BE81-EE59E37A65BD-768x614.jpeg",640,512,true],"large":["https:\/\/quehacerpolitico.mx\/wp-content\/uploads\/2022\/02\/5F6B4F83-2C83-4427-BE81-EE59E37A65BD-1024x819.jpeg",640,512,true],"1536x1536":["https:\/\/quehacerpolitico.mx\/wp-content\/uploads\/2022\/02\/5F6B4F83-2C83-4427-BE81-EE59E37A65BD.jpeg",1284,1027,false],"2048x2048":["https:\/\/quehacerpolitico.mx\/wp-content\/uploads\/2022\/02\/5F6B4F83-2C83-4427-BE81-EE59E37A65BD.jpeg",1284,1027,false],"covernews-featured":["https:\/\/quehacerpolitico.mx\/wp-content\/uploads\/2022\/02\/5F6B4F83-2C83-4427-BE81-EE59E37A65BD.jpeg",1024,819,false],"covernews-medium":["https:\/\/quehacerpolitico.mx\/wp-content\/uploads\/2022\/02\/5F6B4F83-2C83-4427-BE81-EE59E37A65BD.jpeg",425,340,false]},"author_info":{"display_name":"Redacci\u00f3n QP","author_link":"https:\/\/quehacerpolitico.mx\/?author=2"},"category_info":"<a href=\"https:\/\/quehacerpolitico.mx\/?cat=2\" rel=\"category\">Noticias<\/a>","tag_info":"Noticias","comment_count":"0","_links":{"self":[{"href":"https:\/\/quehacerpolitico.mx\/index.php?rest_route=\/wp\/v2\/posts\/90171","targetHints":{"allow":["GET"]}}],"collection":[{"href":"https:\/\/quehacerpolitico.mx\/index.php?rest_route=\/wp\/v2\/posts"}],"about":[{"href":"https:\/\/quehacerpolitico.mx\/index.php?rest_route=\/wp\/v2\/types\/post"}],"author":[{"embeddable":true,"href":"https:\/\/quehacerpolitico.mx\/index.php?rest_route=\/wp\/v2\/users\/2"}],"replies":[{"embeddable":true,"href":"https:\/\/quehacerpolitico.mx\/index.php?rest_route=%2Fwp%2Fv2%2Fcomments&post=90171"}],"version-history":[{"count":2,"href":"https:\/\/quehacerpolitico.mx\/index.php?rest_route=\/wp\/v2\/posts\/90171\/revisions"}],"predecessor-version":[{"id":90180,"href":"https:\/\/quehacerpolitico.mx\/index.php?rest_route=\/wp\/v2\/posts\/90171\/revisions\/90180"}],"wp:featuredmedia":[{"embeddable":true,"href":"https:\/\/quehacerpolitico.mx\/index.php?rest_route=\/wp\/v2\/media\/90172"}],"wp:attachment":[{"href":"https:\/\/quehacerpolitico.mx\/index.php?rest_route=%2Fwp%2Fv2%2Fmedia&parent=90171"}],"wp:term":[{"taxonomy":"category","embeddable":true,"href":"https:\/\/quehacerpolitico.mx\/index.php?rest_route=%2Fwp%2Fv2%2Fcategories&post=90171"},{"taxonomy":"post_tag","embeddable":true,"href":"https:\/\/quehacerpolitico.mx\/index.php?rest_route=%2Fwp%2Fv2%2Ftags&post=90171"}],"curies":[{"name":"wp","href":"https:\/\/api.w.org\/{rel}","templated":true}]}}