{"id":89984,"date":"2022-02-22T04:07:31","date_gmt":"2022-02-22T04:07:31","guid":{"rendered":"https:\/\/quehacerpolitico.mx\/?p=89984"},"modified":"2022-02-22T04:07:34","modified_gmt":"2022-02-22T04:07:34","slug":"amlo-dispuesto-a-que-la-fgr-investigue-a-su-hijo-por-corrupcion","status":"publish","type":"post","link":"https:\/\/quehacerpolitico.mx\/?p=89984","title":{"rendered":"AMLO, dispuesto a que la FGR investigue a su hijo por corrupci\u00f3n\u00a0"},"content":{"rendered":"\n<p>Por Redacci\u00f3n QP<\/p>\n\n\n\n<p>&#8220;No tengo informaci\u00f3n, pero en el caso que se abrieran la carpeta de investigaci\u00f3n no hay ning\u00fan problema, todos debemos de comparecer ante la autoridad&#8221;, afirm\u00f3 L\u00f3pez Obrador durante la &#8220;ma\u00f1anera&#8221;<\/p>\n\n\n\n<p>El Presidente de M\u00e9xico, Andr\u00e9s Manuel L\u00f3pez Obrador (AMLO) se mostr\u00f3 abierto a que la Fiscal\u00eda General de la Rep\u00fablica (FGR) investigue a su hijo Jos\u00e9 Ram\u00f3n L\u00f3pez Beltr\u00e1n por el posible delito de corrupci\u00f3n.&nbsp;<\/p>\n\n\n\n<p>Esto luego de que la FGR iniciara una carpeta de investigaci\u00f3n por posibles hechos de corrupci\u00f3n relacionada con los contratos que Pemex ha entregado a la empresa petrolera Baker Hughes, as\u00ed como con la renta de una casa que habit\u00f3 Jos\u00e9 Ram\u00f3n y su esposa Carolyn Adams en Houston, Texas.<\/p>\n\n\n\n<p>&#8220;No tengo informaci\u00f3n, pero en el caso que se abrieran la carpeta de investigaci\u00f3n no hay ning\u00fan problema, todos debemos de comparecer ante la autoridad y el que nada debe, nada teme. Esto ha quedado de manifiesto que es una campa\u00f1a de desprestigio con la m\u00e1xima del hampa periodismo seg\u00fan la cual, lo repito y lo seguir\u00e9 repitiendo, que &#8220;la calumnia cuando no mancha tizna&#8221;.<\/p>\n\n\n\n<figure class=\"wp-block-embed is-type-video is-provider-youtube wp-block-embed-youtube wp-embed-aspect-16-9 wp-has-aspect-ratio\"><div class=\"wp-block-embed__wrapper\">\n<iframe loading=\"lazy\" title=\"AMLO alienta a que FGR investigue a su hijo por posible corrupci\u00f3n; &quot;el que nada debe, nada teme&quot;\" width=\"640\" height=\"360\" src=\"https:\/\/www.youtube.com\/embed\/h6rWLpJTJlM?feature=oembed\" frameborder=\"0\" allow=\"accelerometer; autoplay; clipboard-write; encrypted-media; gyroscope; picture-in-picture; web-share\" referrerpolicy=\"strict-origin-when-cross-origin\" allowfullscreen><\/iframe>\n<\/div><\/figure>\n\n\n\n<p>Sin embargo,&nbsp;<strong>AMLO pidi\u00f3 a su hijo mayor y a su esposa que no presenten denuncias, y acus\u00f3 que las constantes denuncias son parte de una campa\u00f1a de desprestigio que busca debilitar al gobierno<\/strong>&nbsp;y en especial a \u00e9l, porque sigue contando con el respaldo de la mayor\u00eda de la poblaci\u00f3n y sus opositores &#8220;no van a poder regresar&#8221; a sus privilegios.<\/p>\n\n\n\n<p>&#8220;Si van a presentar denuncias, que se le d\u00e9 curso en contra de Jos\u00e9 Ram\u00f3n, su esposa, que ellos, si lo desean que hagan lo propio, yo les recomendar\u00eda que no lo hagan, que ellos no, que respondan si hay denuncias. Imag\u00ednense, si yo me pongo a denunciar a los que me calumnian pues no tendr\u00eda tiempo para gobernar&#8221;, finaliz\u00f3.<\/p>\n\n\n\n<p>Con informaci\u00f3n de SUN<\/p>\n","protected":false},"excerpt":{"rendered":"<p>Por Redacci\u00f3n QP &#8220;No tengo informaci\u00f3n, pero en el caso que se abrieran la carpeta&#8230;<\/p>\n","protected":false},"author":2,"featured_media":89985,"comment_status":"open","ping_status":"open","sticky":false,"template":"","format":"standard","meta":{"_monsterinsights_skip_tracking":false,"_monsterinsights_sitenote_active":false,"_monsterinsights_sitenote_note":"","_monsterinsights_sitenote_category":0,"footnotes":""},"categories":[2],"tags":[],"class_list":["post-89984","post","type-post","status-publish","format-standard","has-post-thumbnail","hentry","category-noticias"],"yoast_head":"<!-- This site is optimized with the Yoast SEO plugin v27.3 - https:\/\/yoast.com\/product\/yoast-seo-wordpress\/ -->\n<title>AMLO, dispuesto a que la FGR investigue a su hijo por corrupci\u00f3n\u00a0 -<\/title>\n<meta name=\"robots\" content=\"index, follow, max-snippet:-1, max-image-preview:large, max-video-preview:-1\" \/>\n<link rel=\"canonical\" href=\"https:\/\/quehacerpolitico.mx\/?p=89984\" \/>\n<meta property=\"og:locale\" content=\"es_MX\" \/>\n<meta property=\"og:type\" content=\"article\" \/>\n<meta property=\"og:title\" content=\"AMLO, dispuesto a que la FGR investigue a su hijo por corrupci\u00f3n\u00a0 -\" \/>\n<meta property=\"og:description\" content=\"Por Redacci\u00f3n QP &#8220;No tengo informaci\u00f3n, pero en el caso que se abrieran la carpeta...\" \/>\n<meta property=\"og:url\" content=\"https:\/\/quehacerpolitico.mx\/?p=89984\" \/>\n<meta property=\"article:published_time\" content=\"2022-02-22T04:07:31+00:00\" \/>\n<meta property=\"article:modified_time\" content=\"2022-02-22T04:07:34+00:00\" \/>\n<meta property=\"og:image\" content=\"https:\/\/quehacerpolitico.mx\/wp-content\/uploads\/2022\/02\/78E18569-E286-4163-BA21-BE45A21E080B.jpeg\" \/>\n\t<meta property=\"og:image:width\" content=\"950\" \/>\n\t<meta property=\"og:image:height\" content=\"695\" \/>\n\t<meta property=\"og:image:type\" content=\"image\/jpeg\" \/>\n<meta name=\"author\" content=\"Redacci\u00f3n QP\" \/>\n<meta name=\"twitter:card\" content=\"summary_large_image\" \/>\n<meta name=\"twitter:label1\" content=\"Escrito por\" \/>\n\t<meta name=\"twitter:data1\" content=\"Redacci\u00f3n QP\" \/>\n\t<meta name=\"twitter:label2\" content=\"Tiempo de lectura\" \/>\n\t<meta name=\"twitter:data2\" content=\"2 minutos\" \/>\n<script type=\"application\/ld+json\" class=\"yoast-schema-graph\">{\"@context\":\"https:\\\/\\\/schema.org\",\"@graph\":[{\"@type\":\"Article\",\"@id\":\"https:\\\/\\\/quehacerpolitico.mx\\\/?p=89984#article\",\"isPartOf\":{\"@id\":\"https:\\\/\\\/quehacerpolitico.mx\\\/?p=89984\"},\"author\":{\"name\":\"Redacci\u00f3n QP\",\"@id\":\"https:\\\/\\\/quehacerpolitico.mx\\\/#\\\/schema\\\/person\\\/496d8ad2d1d3f8036101dca7ee39e585\"},\"headline\":\"AMLO, dispuesto a que la FGR investigue a su hijo por corrupci\u00f3n\u00a0\",\"datePublished\":\"2022-02-22T04:07:31+00:00\",\"dateModified\":\"2022-02-22T04:07:34+00:00\",\"mainEntityOfPage\":{\"@id\":\"https:\\\/\\\/quehacerpolitico.mx\\\/?p=89984\"},\"wordCount\":363,\"commentCount\":0,\"image\":{\"@id\":\"https:\\\/\\\/quehacerpolitico.mx\\\/?p=89984#primaryimage\"},\"thumbnailUrl\":\"https:\\\/\\\/quehacerpolitico.mx\\\/wp-content\\\/uploads\\\/2022\\\/02\\\/78E18569-E286-4163-BA21-BE45A21E080B.jpeg\",\"articleSection\":[\"Noticias\"],\"inLanguage\":\"es\",\"potentialAction\":[{\"@type\":\"CommentAction\",\"name\":\"Comment\",\"target\":[\"https:\\\/\\\/quehacerpolitico.mx\\\/?p=89984#respond\"]}]},{\"@type\":\"WebPage\",\"@id\":\"https:\\\/\\\/quehacerpolitico.mx\\\/?p=89984\",\"url\":\"https:\\\/\\\/quehacerpolitico.mx\\\/?p=89984\",\"name\":\"AMLO, dispuesto a que la FGR investigue a su hijo por corrupci\u00f3n\u00a0 -\",\"isPartOf\":{\"@id\":\"https:\\\/\\\/quehacerpolitico.mx\\\/#website\"},\"primaryImageOfPage\":{\"@id\":\"https:\\\/\\\/quehacerpolitico.mx\\\/?p=89984#primaryimage\"},\"image\":{\"@id\":\"https:\\\/\\\/quehacerpolitico.mx\\\/?p=89984#primaryimage\"},\"thumbnailUrl\":\"https:\\\/\\\/quehacerpolitico.mx\\\/wp-content\\\/uploads\\\/2022\\\/02\\\/78E18569-E286-4163-BA21-BE45A21E080B.jpeg\",\"datePublished\":\"2022-02-22T04:07:31+00:00\",\"dateModified\":\"2022-02-22T04:07:34+00:00\",\"author\":{\"@id\":\"https:\\\/\\\/quehacerpolitico.mx\\\/#\\\/schema\\\/person\\\/496d8ad2d1d3f8036101dca7ee39e585\"},\"breadcrumb\":{\"@id\":\"https:\\\/\\\/quehacerpolitico.mx\\\/?p=89984#breadcrumb\"},\"inLanguage\":\"es\",\"potentialAction\":[{\"@type\":\"ReadAction\",\"target\":[\"https:\\\/\\\/quehacerpolitico.mx\\\/?p=89984\"]}]},{\"@type\":\"ImageObject\",\"inLanguage\":\"es\",\"@id\":\"https:\\\/\\\/quehacerpolitico.mx\\\/?p=89984#primaryimage\",\"url\":\"https:\\\/\\\/quehacerpolitico.mx\\\/wp-content\\\/uploads\\\/2022\\\/02\\\/78E18569-E286-4163-BA21-BE45A21E080B.jpeg\",\"contentUrl\":\"https:\\\/\\\/quehacerpolitico.mx\\\/wp-content\\\/uploads\\\/2022\\\/02\\\/78E18569-E286-4163-BA21-BE45A21E080B.jpeg\",\"width\":950,\"height\":695},{\"@type\":\"BreadcrumbList\",\"@id\":\"https:\\\/\\\/quehacerpolitico.mx\\\/?p=89984#breadcrumb\",\"itemListElement\":[{\"@type\":\"ListItem\",\"position\":1,\"name\":\"Inicio\",\"item\":\"https:\\\/\\\/quehacerpolitico.mx\\\/\"},{\"@type\":\"ListItem\",\"position\":2,\"name\":\"AMLO, dispuesto a que la FGR investigue a su hijo por corrupci\u00f3n\u00a0\"}]},{\"@type\":\"WebSite\",\"@id\":\"https:\\\/\\\/quehacerpolitico.mx\\\/#website\",\"url\":\"https:\\\/\\\/quehacerpolitico.mx\\\/\",\"name\":\"\",\"description\":\"\",\"potentialAction\":[{\"@type\":\"SearchAction\",\"target\":{\"@type\":\"EntryPoint\",\"urlTemplate\":\"https:\\\/\\\/quehacerpolitico.mx\\\/?s={search_term_string}\"},\"query-input\":{\"@type\":\"PropertyValueSpecification\",\"valueRequired\":true,\"valueName\":\"search_term_string\"}}],\"inLanguage\":\"es\"},{\"@type\":\"Person\",\"@id\":\"https:\\\/\\\/quehacerpolitico.mx\\\/#\\\/schema\\\/person\\\/496d8ad2d1d3f8036101dca7ee39e585\",\"name\":\"Redacci\u00f3n QP\",\"image\":{\"@type\":\"ImageObject\",\"inLanguage\":\"es\",\"@id\":\"https:\\\/\\\/secure.gravatar.com\\\/avatar\\\/c7164ed6fdec453195284ad24a5ae5b6e1eed2b848477fa2a4787ba9adf39a41?s=96&d=mm&r=g\",\"url\":\"https:\\\/\\\/secure.gravatar.com\\\/avatar\\\/c7164ed6fdec453195284ad24a5ae5b6e1eed2b848477fa2a4787ba9adf39a41?s=96&d=mm&r=g\",\"contentUrl\":\"https:\\\/\\\/secure.gravatar.com\\\/avatar\\\/c7164ed6fdec453195284ad24a5ae5b6e1eed2b848477fa2a4787ba9adf39a41?s=96&d=mm&r=g\",\"caption\":\"Redacci\u00f3n QP\"},\"url\":\"https:\\\/\\\/quehacerpolitico.mx\\\/?author=2\"}]}<\/script>\n<!-- \/ Yoast SEO plugin. -->","yoast_head_json":{"title":"AMLO, dispuesto a que la FGR investigue a su hijo por corrupci\u00f3n\u00a0 -","robots":{"index":"index","follow":"follow","max-snippet":"max-snippet:-1","max-image-preview":"max-image-preview:large","max-video-preview":"max-video-preview:-1"},"canonical":"https:\/\/quehacerpolitico.mx\/?p=89984","og_locale":"es_MX","og_type":"article","og_title":"AMLO, dispuesto a que la FGR investigue a su hijo por corrupci\u00f3n\u00a0 -","og_description":"Por Redacci\u00f3n QP &#8220;No tengo informaci\u00f3n, pero en el caso que se abrieran la carpeta...","og_url":"https:\/\/quehacerpolitico.mx\/?p=89984","article_published_time":"2022-02-22T04:07:31+00:00","article_modified_time":"2022-02-22T04:07:34+00:00","og_image":[{"width":950,"height":695,"url":"https:\/\/quehacerpolitico.mx\/wp-content\/uploads\/2022\/02\/78E18569-E286-4163-BA21-BE45A21E080B.jpeg","type":"image\/jpeg"}],"author":"Redacci\u00f3n QP","twitter_card":"summary_large_image","twitter_misc":{"Escrito por":"Redacci\u00f3n QP","Tiempo de lectura":"2 minutos"},"schema":{"@context":"https:\/\/schema.org","@graph":[{"@type":"Article","@id":"https:\/\/quehacerpolitico.mx\/?p=89984#article","isPartOf":{"@id":"https:\/\/quehacerpolitico.mx\/?p=89984"},"author":{"name":"Redacci\u00f3n QP","@id":"https:\/\/quehacerpolitico.mx\/#\/schema\/person\/496d8ad2d1d3f8036101dca7ee39e585"},"headline":"AMLO, dispuesto a que la FGR investigue a su hijo por corrupci\u00f3n\u00a0","datePublished":"2022-02-22T04:07:31+00:00","dateModified":"2022-02-22T04:07:34+00:00","mainEntityOfPage":{"@id":"https:\/\/quehacerpolitico.mx\/?p=89984"},"wordCount":363,"commentCount":0,"image":{"@id":"https:\/\/quehacerpolitico.mx\/?p=89984#primaryimage"},"thumbnailUrl":"https:\/\/quehacerpolitico.mx\/wp-content\/uploads\/2022\/02\/78E18569-E286-4163-BA21-BE45A21E080B.jpeg","articleSection":["Noticias"],"inLanguage":"es","potentialAction":[{"@type":"CommentAction","name":"Comment","target":["https:\/\/quehacerpolitico.mx\/?p=89984#respond"]}]},{"@type":"WebPage","@id":"https:\/\/quehacerpolitico.mx\/?p=89984","url":"https:\/\/quehacerpolitico.mx\/?p=89984","name":"AMLO, dispuesto a que la FGR investigue a su hijo por corrupci\u00f3n\u00a0 -","isPartOf":{"@id":"https:\/\/quehacerpolitico.mx\/#website"},"primaryImageOfPage":{"@id":"https:\/\/quehacerpolitico.mx\/?p=89984#primaryimage"},"image":{"@id":"https:\/\/quehacerpolitico.mx\/?p=89984#primaryimage"},"thumbnailUrl":"https:\/\/quehacerpolitico.mx\/wp-content\/uploads\/2022\/02\/78E18569-E286-4163-BA21-BE45A21E080B.jpeg","datePublished":"2022-02-22T04:07:31+00:00","dateModified":"2022-02-22T04:07:34+00:00","author":{"@id":"https:\/\/quehacerpolitico.mx\/#\/schema\/person\/496d8ad2d1d3f8036101dca7ee39e585"},"breadcrumb":{"@id":"https:\/\/quehacerpolitico.mx\/?p=89984#breadcrumb"},"inLanguage":"es","potentialAction":[{"@type":"ReadAction","target":["https:\/\/quehacerpolitico.mx\/?p=89984"]}]},{"@type":"ImageObject","inLanguage":"es","@id":"https:\/\/quehacerpolitico.mx\/?p=89984#primaryimage","url":"https:\/\/quehacerpolitico.mx\/wp-content\/uploads\/2022\/02\/78E18569-E286-4163-BA21-BE45A21E080B.jpeg","contentUrl":"https:\/\/quehacerpolitico.mx\/wp-content\/uploads\/2022\/02\/78E18569-E286-4163-BA21-BE45A21E080B.jpeg","width":950,"height":695},{"@type":"BreadcrumbList","@id":"https:\/\/quehacerpolitico.mx\/?p=89984#breadcrumb","itemListElement":[{"@type":"ListItem","position":1,"name":"Inicio","item":"https:\/\/quehacerpolitico.mx\/"},{"@type":"ListItem","position":2,"name":"AMLO, dispuesto a que la FGR investigue a su hijo por corrupci\u00f3n\u00a0"}]},{"@type":"WebSite","@id":"https:\/\/quehacerpolitico.mx\/#website","url":"https:\/\/quehacerpolitico.mx\/","name":"","description":"","potentialAction":[{"@type":"SearchAction","target":{"@type":"EntryPoint","urlTemplate":"https:\/\/quehacerpolitico.mx\/?s={search_term_string}"},"query-input":{"@type":"PropertyValueSpecification","valueRequired":true,"valueName":"search_term_string"}}],"inLanguage":"es"},{"@type":"Person","@id":"https:\/\/quehacerpolitico.mx\/#\/schema\/person\/496d8ad2d1d3f8036101dca7ee39e585","name":"Redacci\u00f3n QP","image":{"@type":"ImageObject","inLanguage":"es","@id":"https:\/\/secure.gravatar.com\/avatar\/c7164ed6fdec453195284ad24a5ae5b6e1eed2b848477fa2a4787ba9adf39a41?s=96&d=mm&r=g","url":"https:\/\/secure.gravatar.com\/avatar\/c7164ed6fdec453195284ad24a5ae5b6e1eed2b848477fa2a4787ba9adf39a41?s=96&d=mm&r=g","contentUrl":"https:\/\/secure.gravatar.com\/avatar\/c7164ed6fdec453195284ad24a5ae5b6e1eed2b848477fa2a4787ba9adf39a41?s=96&d=mm&r=g","caption":"Redacci\u00f3n QP"},"url":"https:\/\/quehacerpolitico.mx\/?author=2"}]}},"featured_image_urls":{"full":["https:\/\/quehacerpolitico.mx\/wp-content\/uploads\/2022\/02\/78E18569-E286-4163-BA21-BE45A21E080B.jpeg",950,695,false],"thumbnail":["https:\/\/quehacerpolitico.mx\/wp-content\/uploads\/2022\/02\/78E18569-E286-4163-BA21-BE45A21E080B-150x150.jpeg",150,150,true],"medium":["https:\/\/quehacerpolitico.mx\/wp-content\/uploads\/2022\/02\/78E18569-E286-4163-BA21-BE45A21E080B-300x219.jpeg",300,219,true],"medium_large":["https:\/\/quehacerpolitico.mx\/wp-content\/uploads\/2022\/02\/78E18569-E286-4163-BA21-BE45A21E080B-768x562.jpeg",640,468,true],"large":["https:\/\/quehacerpolitico.mx\/wp-content\/uploads\/2022\/02\/78E18569-E286-4163-BA21-BE45A21E080B.jpeg",640,468,false],"1536x1536":["https:\/\/quehacerpolitico.mx\/wp-content\/uploads\/2022\/02\/78E18569-E286-4163-BA21-BE45A21E080B.jpeg",950,695,false],"2048x2048":["https:\/\/quehacerpolitico.mx\/wp-content\/uploads\/2022\/02\/78E18569-E286-4163-BA21-BE45A21E080B.jpeg",950,695,false],"covernews-featured":["https:\/\/quehacerpolitico.mx\/wp-content\/uploads\/2022\/02\/78E18569-E286-4163-BA21-BE45A21E080B.jpeg",950,695,false],"covernews-medium":["https:\/\/quehacerpolitico.mx\/wp-content\/uploads\/2022\/02\/78E18569-E286-4163-BA21-BE45A21E080B.jpeg",465,340,false]},"author_info":{"display_name":"Redacci\u00f3n QP","author_link":"https:\/\/quehacerpolitico.mx\/?author=2"},"category_info":"<a href=\"https:\/\/quehacerpolitico.mx\/?cat=2\" rel=\"category\">Noticias<\/a>","tag_info":"Noticias","comment_count":"0","_links":{"self":[{"href":"https:\/\/quehacerpolitico.mx\/index.php?rest_route=\/wp\/v2\/posts\/89984","targetHints":{"allow":["GET"]}}],"collection":[{"href":"https:\/\/quehacerpolitico.mx\/index.php?rest_route=\/wp\/v2\/posts"}],"about":[{"href":"https:\/\/quehacerpolitico.mx\/index.php?rest_route=\/wp\/v2\/types\/post"}],"author":[{"embeddable":true,"href":"https:\/\/quehacerpolitico.mx\/index.php?rest_route=\/wp\/v2\/users\/2"}],"replies":[{"embeddable":true,"href":"https:\/\/quehacerpolitico.mx\/index.php?rest_route=%2Fwp%2Fv2%2Fcomments&post=89984"}],"version-history":[{"count":1,"href":"https:\/\/quehacerpolitico.mx\/index.php?rest_route=\/wp\/v2\/posts\/89984\/revisions"}],"predecessor-version":[{"id":89986,"href":"https:\/\/quehacerpolitico.mx\/index.php?rest_route=\/wp\/v2\/posts\/89984\/revisions\/89986"}],"wp:featuredmedia":[{"embeddable":true,"href":"https:\/\/quehacerpolitico.mx\/index.php?rest_route=\/wp\/v2\/media\/89985"}],"wp:attachment":[{"href":"https:\/\/quehacerpolitico.mx\/index.php?rest_route=%2Fwp%2Fv2%2Fmedia&parent=89984"}],"wp:term":[{"taxonomy":"category","embeddable":true,"href":"https:\/\/quehacerpolitico.mx\/index.php?rest_route=%2Fwp%2Fv2%2Fcategories&post=89984"},{"taxonomy":"post_tag","embeddable":true,"href":"https:\/\/quehacerpolitico.mx\/index.php?rest_route=%2Fwp%2Fv2%2Ftags&post=89984"}],"curies":[{"name":"wp","href":"https:\/\/api.w.org\/{rel}","templated":true}]}}