{"id":89972,"date":"2022-02-20T16:26:22","date_gmt":"2022-02-20T16:26:22","guid":{"rendered":"https:\/\/quehacerpolitico.mx\/?p=89972"},"modified":"2022-02-20T16:26:25","modified_gmt":"2022-02-20T16:26:25","slug":"infonavit-coloco-mas-de-52-mil-creditos-mediante-el-programa-unamos-creditos","status":"publish","type":"post","link":"https:\/\/quehacerpolitico.mx\/?p=89972","title":{"rendered":"Infonavit coloc\u00f3 m\u00e1s de 52 mil cr\u00e9ditos mediante el programa Unamos cr\u00e9ditos\u00a0"},"content":{"rendered":"\n<p>Por Redacci\u00f3n NotiExpress | La Revista del Sector Inmobiliario<\/p>\n\n\n\n<p>En 2021, el Instituto del Fondo Nacional de la Vivienda para los Trabajadores (<strong>Infonavit<\/strong>)&nbsp;<strong>otorg\u00f3 52 mil 500 financiamientos a trav\u00e9s del programa Unamos Cr\u00e9ditos.&nbsp;<\/strong><\/p>\n\n\n\n<p>De este total de colocaciones, el organismo inform\u00f3 a Inmobiliare que l<strong>a mayor\u00eda fueron<\/strong> credito de vivienda para parejas<\/p>\n\n\n\n<p><strong>Colocaci\u00f3n de Unamos Cr\u00e9ditos 2021<\/strong>&nbsp;<\/p>\n\n\n\n<figure class=\"wp-block-table\"><table><tbody><tr><td>Tipo de relaci\u00f3n&nbsp;<\/td><td>No. de cr\u00e9ditos&nbsp;<\/td><\/tr><tr><td>Progenitor&nbsp;<\/td><td>4,884<\/td><\/tr><tr><td>Hijo&nbsp;<\/td><td>4,884&nbsp;<\/td><\/tr><tr><td>Hermano&nbsp;<\/td><td>6,218&nbsp;<\/td><\/tr><tr><td>Pareja&nbsp;<\/td><td>23,226<\/td><\/tr><tr><td>Amigo&nbsp;<\/td><td>13,288<\/td><\/tr><tr><td>Total&nbsp;<\/td><td>52,500<\/td><\/tr><\/tbody><\/table><\/figure>\n\n\n\n<p>El programa de&nbsp;<strong>Unamos Cr\u00e9ditos arranc\u00f3 en febrero del 2020<\/strong>, el esquema permite que dos personas sin relaci\u00f3n jur\u00eddica unas sus cr\u00e9ditos de Infonavit para adquirir una vivienda de mayor valor.&nbsp;<\/p>\n\n\n\n<p>Es decir, los interesados puedes hacerse de un patrimonio juntando sus puntos con un padre, hijos, hermanos, suegros, yernos, parejas en uni\u00f3n libre o simplemente amigos.&nbsp;<\/p>\n\n\n\n<h2 class=\"wp-block-heading\" id=\"ademas-del-programa-unamos-creditos-existe-el-credito-conyugal\"><strong>Adem\u00e1s del programa Unamos cr\u00e9ditos, existe el cr\u00e9dito conyugal&nbsp;<\/strong><\/h2>\n\n\n\n<p><strong>El\u00a0Infonavit coloco 28 mil 978 cr\u00e9ditos conyugales en 2021<\/strong>, a diferencia del programa Unamos cr\u00e9ditos, este pr\u00e9stamo es para parejas que se encuentran legalmente casadas; dem\u00e1s el organismo considera los ingresos de ambos c\u00f3nyuges.\u00a0<\/p>\n\n\n\n<p>Una vez aprobado el cr\u00e9dito,&nbsp;<strong>los dos participantes firman el contrato<\/strong>&nbsp;en el que uno es \u201cacreditado\u201d y el otro \u201ccoacreditados\u201d, es decir, ambos son due\u00f1os y se obligan a pagar el pr\u00e9stamo.&nbsp;&nbsp;<\/p>\n\n\n\n<h2 class=\"wp-block-heading\" id=\"mas-de-530-mil-creditos-otorgo-en-el-infonavit-en-2021\"><strong>M\u00e1s de 530 mil cr\u00e9ditos otorg\u00f3 en el Infonavit en 2021&nbsp;<\/strong><\/h2>\n\n\n\n<p>Al cierre del a\u00f1o pasado,&nbsp;<strong>el Infonavit indic\u00f3 que dio 530 mil 525 cr\u00e9ditos,<\/strong>&nbsp;11.6% m\u00e1s que en 2020 y 6.6% superior a la meta de colocaci\u00f3n planteada para 2021.&nbsp;<\/p>\n\n\n\n<p>Del total de los financiamientos,&nbsp;<strong>60.7% fueron destinados a la adquisici\u00f3n de vivienda nueva o existente, construcci\u00f3n y pago de pasivos<\/strong>; y 39.3% para mejoramiento o remodelaci\u00f3n del inmueble.&nbsp;<\/p>\n\n\n\n<p>Los financiamientos otorgados durante 2021 implicaron una derrama econ\u00f3mica de 234 mil 890.8 millones de pesos.<\/p>\n\n\n\n<p>No se te olvide que?<\/p>\n\n\n\n<p>En\u00a0NotiExpress | La Revista del Sector Inmobiliario nos ocupamos en la difusi\u00f3n de la industria inmobiliaria generamos contenidos que te ayudar\u00e1n a mantenerte a la vanguardia en tecnolog\u00eda y en tendencias del sector inmobiliario para que puedas ofrecer el mejor servicio y generar m\u00e1s clientes.<\/p>\n\n\n\n<p>\u00c9chale una miradita a nuestra revista mensual donde encontrar\u00e1s la informaci\u00f3n precisa y oportuna con todo lo relacionado al sector inmobiliario aqu\u00ed\u00a0?https:\/\/issuu.com\/notiexpressmx\/docs\/notiexpress_06\u00a0\u00a0NotiExpress | La Revista del Sector Inmobiliario<\/p>\n\n\n\n<figure class=\"wp-block-image size-large\"><img loading=\"lazy\" decoding=\"async\" width=\"1024\" height=\"570\" src=\"https:\/\/quehacerpolitico.mx\/wp-content\/uploads\/2022\/02\/image-155-1024x570.jpeg\" alt=\"\" class=\"wp-image-89973\" srcset=\"https:\/\/quehacerpolitico.mx\/wp-content\/uploads\/2022\/02\/image-155-1024x570.jpeg 1024w, https:\/\/quehacerpolitico.mx\/wp-content\/uploads\/2022\/02\/image-155-300x167.jpeg 300w, https:\/\/quehacerpolitico.mx\/wp-content\/uploads\/2022\/02\/image-155-768x428.jpeg 768w, https:\/\/quehacerpolitico.mx\/wp-content\/uploads\/2022\/02\/image-155-260x146.jpeg 260w, https:\/\/quehacerpolitico.mx\/wp-content\/uploads\/2022\/02\/image-155-50x28.jpeg 50w, https:\/\/quehacerpolitico.mx\/wp-content\/uploads\/2022\/02\/image-155-135x75.jpeg 135w, https:\/\/quehacerpolitico.mx\/wp-content\/uploads\/2022\/02\/image-155.jpeg 1284w\" sizes=\"auto, (max-width: 1024px) 100vw, 1024px\" \/><\/figure>\n","protected":false},"excerpt":{"rendered":"<p>Por Redacci\u00f3n NotiExpress | La Revista del Sector Inmobiliario En 2021, el Instituto del Fondo&#8230;<\/p>\n","protected":false},"author":2,"featured_media":89974,"comment_status":"open","ping_status":"open","sticky":false,"template":"","format":"standard","meta":{"_monsterinsights_skip_tracking":false,"_monsterinsights_sitenote_active":false,"_monsterinsights_sitenote_note":"","_monsterinsights_sitenote_category":0,"footnotes":""},"categories":[56],"tags":[],"class_list":["post-89972","post","type-post","status-publish","format-standard","has-post-thumbnail","hentry","category-economia"],"yoast_head":"<!-- This site is optimized with the Yoast SEO plugin v27.3 - https:\/\/yoast.com\/product\/yoast-seo-wordpress\/ -->\n<title>Infonavit coloc\u00f3 m\u00e1s de 52 mil cr\u00e9ditos mediante el programa Unamos cr\u00e9ditos\u00a0 -<\/title>\n<meta name=\"robots\" content=\"index, follow, max-snippet:-1, max-image-preview:large, max-video-preview:-1\" \/>\n<link rel=\"canonical\" href=\"https:\/\/quehacerpolitico.mx\/?p=89972\" \/>\n<meta property=\"og:locale\" content=\"es_MX\" \/>\n<meta property=\"og:type\" content=\"article\" \/>\n<meta property=\"og:title\" content=\"Infonavit coloc\u00f3 m\u00e1s de 52 mil cr\u00e9ditos mediante el programa Unamos cr\u00e9ditos\u00a0 -\" \/>\n<meta property=\"og:description\" content=\"Por Redacci\u00f3n NotiExpress | La Revista del Sector Inmobiliario En 2021, el Instituto del Fondo...\" \/>\n<meta property=\"og:url\" content=\"https:\/\/quehacerpolitico.mx\/?p=89972\" \/>\n<meta property=\"article:published_time\" content=\"2022-02-20T16:26:22+00:00\" \/>\n<meta property=\"article:modified_time\" content=\"2022-02-20T16:26:25+00:00\" \/>\n<meta property=\"og:image\" content=\"https:\/\/quehacerpolitico.mx\/wp-content\/uploads\/2022\/02\/B92C57B6-1A12-4AE3-BF9A-168D145F5DAD.jpeg\" \/>\n\t<meta property=\"og:image:width\" content=\"2048\" \/>\n\t<meta property=\"og:image:height\" content=\"1313\" \/>\n\t<meta property=\"og:image:type\" content=\"image\/jpeg\" \/>\n<meta name=\"author\" content=\"Redacci\u00f3n QP\" \/>\n<meta name=\"twitter:card\" content=\"summary_large_image\" \/>\n<meta name=\"twitter:label1\" content=\"Escrito por\" \/>\n\t<meta name=\"twitter:data1\" content=\"Redacci\u00f3n QP\" \/>\n\t<meta name=\"twitter:label2\" content=\"Tiempo de lectura\" \/>\n\t<meta name=\"twitter:data2\" content=\"2 minutos\" \/>\n<script type=\"application\/ld+json\" class=\"yoast-schema-graph\">{\"@context\":\"https:\\\/\\\/schema.org\",\"@graph\":[{\"@type\":\"Article\",\"@id\":\"https:\\\/\\\/quehacerpolitico.mx\\\/?p=89972#article\",\"isPartOf\":{\"@id\":\"https:\\\/\\\/quehacerpolitico.mx\\\/?p=89972\"},\"author\":{\"name\":\"Redacci\u00f3n QP\",\"@id\":\"https:\\\/\\\/quehacerpolitico.mx\\\/#\\\/schema\\\/person\\\/496d8ad2d1d3f8036101dca7ee39e585\"},\"headline\":\"Infonavit coloc\u00f3 m\u00e1s de 52 mil cr\u00e9ditos mediante el programa Unamos cr\u00e9ditos\u00a0\",\"datePublished\":\"2022-02-20T16:26:22+00:00\",\"dateModified\":\"2022-02-20T16:26:25+00:00\",\"mainEntityOfPage\":{\"@id\":\"https:\\\/\\\/quehacerpolitico.mx\\\/?p=89972\"},\"wordCount\":433,\"commentCount\":0,\"image\":{\"@id\":\"https:\\\/\\\/quehacerpolitico.mx\\\/?p=89972#primaryimage\"},\"thumbnailUrl\":\"https:\\\/\\\/quehacerpolitico.mx\\\/wp-content\\\/uploads\\\/2022\\\/02\\\/B92C57B6-1A12-4AE3-BF9A-168D145F5DAD.jpeg\",\"articleSection\":[\"Econom\u00eda\"],\"inLanguage\":\"es\",\"potentialAction\":[{\"@type\":\"CommentAction\",\"name\":\"Comment\",\"target\":[\"https:\\\/\\\/quehacerpolitico.mx\\\/?p=89972#respond\"]}]},{\"@type\":\"WebPage\",\"@id\":\"https:\\\/\\\/quehacerpolitico.mx\\\/?p=89972\",\"url\":\"https:\\\/\\\/quehacerpolitico.mx\\\/?p=89972\",\"name\":\"Infonavit coloc\u00f3 m\u00e1s de 52 mil cr\u00e9ditos mediante el programa Unamos cr\u00e9ditos\u00a0 -\",\"isPartOf\":{\"@id\":\"https:\\\/\\\/quehacerpolitico.mx\\\/#website\"},\"primaryImageOfPage\":{\"@id\":\"https:\\\/\\\/quehacerpolitico.mx\\\/?p=89972#primaryimage\"},\"image\":{\"@id\":\"https:\\\/\\\/quehacerpolitico.mx\\\/?p=89972#primaryimage\"},\"thumbnailUrl\":\"https:\\\/\\\/quehacerpolitico.mx\\\/wp-content\\\/uploads\\\/2022\\\/02\\\/B92C57B6-1A12-4AE3-BF9A-168D145F5DAD.jpeg\",\"datePublished\":\"2022-02-20T16:26:22+00:00\",\"dateModified\":\"2022-02-20T16:26:25+00:00\",\"author\":{\"@id\":\"https:\\\/\\\/quehacerpolitico.mx\\\/#\\\/schema\\\/person\\\/496d8ad2d1d3f8036101dca7ee39e585\"},\"breadcrumb\":{\"@id\":\"https:\\\/\\\/quehacerpolitico.mx\\\/?p=89972#breadcrumb\"},\"inLanguage\":\"es\",\"potentialAction\":[{\"@type\":\"ReadAction\",\"target\":[\"https:\\\/\\\/quehacerpolitico.mx\\\/?p=89972\"]}]},{\"@type\":\"ImageObject\",\"inLanguage\":\"es\",\"@id\":\"https:\\\/\\\/quehacerpolitico.mx\\\/?p=89972#primaryimage\",\"url\":\"https:\\\/\\\/quehacerpolitico.mx\\\/wp-content\\\/uploads\\\/2022\\\/02\\\/B92C57B6-1A12-4AE3-BF9A-168D145F5DAD.jpeg\",\"contentUrl\":\"https:\\\/\\\/quehacerpolitico.mx\\\/wp-content\\\/uploads\\\/2022\\\/02\\\/B92C57B6-1A12-4AE3-BF9A-168D145F5DAD.jpeg\",\"width\":2048,\"height\":1313},{\"@type\":\"BreadcrumbList\",\"@id\":\"https:\\\/\\\/quehacerpolitico.mx\\\/?p=89972#breadcrumb\",\"itemListElement\":[{\"@type\":\"ListItem\",\"position\":1,\"name\":\"Inicio\",\"item\":\"https:\\\/\\\/quehacerpolitico.mx\\\/\"},{\"@type\":\"ListItem\",\"position\":2,\"name\":\"Infonavit coloc\u00f3 m\u00e1s de 52 mil cr\u00e9ditos mediante el programa Unamos cr\u00e9ditos\u00a0\"}]},{\"@type\":\"WebSite\",\"@id\":\"https:\\\/\\\/quehacerpolitico.mx\\\/#website\",\"url\":\"https:\\\/\\\/quehacerpolitico.mx\\\/\",\"name\":\"\",\"description\":\"\",\"potentialAction\":[{\"@type\":\"SearchAction\",\"target\":{\"@type\":\"EntryPoint\",\"urlTemplate\":\"https:\\\/\\\/quehacerpolitico.mx\\\/?s={search_term_string}\"},\"query-input\":{\"@type\":\"PropertyValueSpecification\",\"valueRequired\":true,\"valueName\":\"search_term_string\"}}],\"inLanguage\":\"es\"},{\"@type\":\"Person\",\"@id\":\"https:\\\/\\\/quehacerpolitico.mx\\\/#\\\/schema\\\/person\\\/496d8ad2d1d3f8036101dca7ee39e585\",\"name\":\"Redacci\u00f3n QP\",\"image\":{\"@type\":\"ImageObject\",\"inLanguage\":\"es\",\"@id\":\"https:\\\/\\\/secure.gravatar.com\\\/avatar\\\/c7164ed6fdec453195284ad24a5ae5b6e1eed2b848477fa2a4787ba9adf39a41?s=96&d=mm&r=g\",\"url\":\"https:\\\/\\\/secure.gravatar.com\\\/avatar\\\/c7164ed6fdec453195284ad24a5ae5b6e1eed2b848477fa2a4787ba9adf39a41?s=96&d=mm&r=g\",\"contentUrl\":\"https:\\\/\\\/secure.gravatar.com\\\/avatar\\\/c7164ed6fdec453195284ad24a5ae5b6e1eed2b848477fa2a4787ba9adf39a41?s=96&d=mm&r=g\",\"caption\":\"Redacci\u00f3n QP\"},\"url\":\"https:\\\/\\\/quehacerpolitico.mx\\\/?author=2\"}]}<\/script>\n<!-- \/ Yoast SEO plugin. -->","yoast_head_json":{"title":"Infonavit coloc\u00f3 m\u00e1s de 52 mil cr\u00e9ditos mediante el programa Unamos cr\u00e9ditos\u00a0 -","robots":{"index":"index","follow":"follow","max-snippet":"max-snippet:-1","max-image-preview":"max-image-preview:large","max-video-preview":"max-video-preview:-1"},"canonical":"https:\/\/quehacerpolitico.mx\/?p=89972","og_locale":"es_MX","og_type":"article","og_title":"Infonavit coloc\u00f3 m\u00e1s de 52 mil cr\u00e9ditos mediante el programa Unamos cr\u00e9ditos\u00a0 -","og_description":"Por Redacci\u00f3n NotiExpress | La Revista del Sector Inmobiliario En 2021, el Instituto del Fondo...","og_url":"https:\/\/quehacerpolitico.mx\/?p=89972","article_published_time":"2022-02-20T16:26:22+00:00","article_modified_time":"2022-02-20T16:26:25+00:00","og_image":[{"width":2048,"height":1313,"url":"https:\/\/quehacerpolitico.mx\/wp-content\/uploads\/2022\/02\/B92C57B6-1A12-4AE3-BF9A-168D145F5DAD.jpeg","type":"image\/jpeg"}],"author":"Redacci\u00f3n QP","twitter_card":"summary_large_image","twitter_misc":{"Escrito por":"Redacci\u00f3n QP","Tiempo de lectura":"2 minutos"},"schema":{"@context":"https:\/\/schema.org","@graph":[{"@type":"Article","@id":"https:\/\/quehacerpolitico.mx\/?p=89972#article","isPartOf":{"@id":"https:\/\/quehacerpolitico.mx\/?p=89972"},"author":{"name":"Redacci\u00f3n QP","@id":"https:\/\/quehacerpolitico.mx\/#\/schema\/person\/496d8ad2d1d3f8036101dca7ee39e585"},"headline":"Infonavit coloc\u00f3 m\u00e1s de 52 mil cr\u00e9ditos mediante el programa Unamos cr\u00e9ditos\u00a0","datePublished":"2022-02-20T16:26:22+00:00","dateModified":"2022-02-20T16:26:25+00:00","mainEntityOfPage":{"@id":"https:\/\/quehacerpolitico.mx\/?p=89972"},"wordCount":433,"commentCount":0,"image":{"@id":"https:\/\/quehacerpolitico.mx\/?p=89972#primaryimage"},"thumbnailUrl":"https:\/\/quehacerpolitico.mx\/wp-content\/uploads\/2022\/02\/B92C57B6-1A12-4AE3-BF9A-168D145F5DAD.jpeg","articleSection":["Econom\u00eda"],"inLanguage":"es","potentialAction":[{"@type":"CommentAction","name":"Comment","target":["https:\/\/quehacerpolitico.mx\/?p=89972#respond"]}]},{"@type":"WebPage","@id":"https:\/\/quehacerpolitico.mx\/?p=89972","url":"https:\/\/quehacerpolitico.mx\/?p=89972","name":"Infonavit coloc\u00f3 m\u00e1s de 52 mil cr\u00e9ditos mediante el programa Unamos cr\u00e9ditos\u00a0 -","isPartOf":{"@id":"https:\/\/quehacerpolitico.mx\/#website"},"primaryImageOfPage":{"@id":"https:\/\/quehacerpolitico.mx\/?p=89972#primaryimage"},"image":{"@id":"https:\/\/quehacerpolitico.mx\/?p=89972#primaryimage"},"thumbnailUrl":"https:\/\/quehacerpolitico.mx\/wp-content\/uploads\/2022\/02\/B92C57B6-1A12-4AE3-BF9A-168D145F5DAD.jpeg","datePublished":"2022-02-20T16:26:22+00:00","dateModified":"2022-02-20T16:26:25+00:00","author":{"@id":"https:\/\/quehacerpolitico.mx\/#\/schema\/person\/496d8ad2d1d3f8036101dca7ee39e585"},"breadcrumb":{"@id":"https:\/\/quehacerpolitico.mx\/?p=89972#breadcrumb"},"inLanguage":"es","potentialAction":[{"@type":"ReadAction","target":["https:\/\/quehacerpolitico.mx\/?p=89972"]}]},{"@type":"ImageObject","inLanguage":"es","@id":"https:\/\/quehacerpolitico.mx\/?p=89972#primaryimage","url":"https:\/\/quehacerpolitico.mx\/wp-content\/uploads\/2022\/02\/B92C57B6-1A12-4AE3-BF9A-168D145F5DAD.jpeg","contentUrl":"https:\/\/quehacerpolitico.mx\/wp-content\/uploads\/2022\/02\/B92C57B6-1A12-4AE3-BF9A-168D145F5DAD.jpeg","width":2048,"height":1313},{"@type":"BreadcrumbList","@id":"https:\/\/quehacerpolitico.mx\/?p=89972#breadcrumb","itemListElement":[{"@type":"ListItem","position":1,"name":"Inicio","item":"https:\/\/quehacerpolitico.mx\/"},{"@type":"ListItem","position":2,"name":"Infonavit coloc\u00f3 m\u00e1s de 52 mil cr\u00e9ditos mediante el programa Unamos cr\u00e9ditos\u00a0"}]},{"@type":"WebSite","@id":"https:\/\/quehacerpolitico.mx\/#website","url":"https:\/\/quehacerpolitico.mx\/","name":"","description":"","potentialAction":[{"@type":"SearchAction","target":{"@type":"EntryPoint","urlTemplate":"https:\/\/quehacerpolitico.mx\/?s={search_term_string}"},"query-input":{"@type":"PropertyValueSpecification","valueRequired":true,"valueName":"search_term_string"}}],"inLanguage":"es"},{"@type":"Person","@id":"https:\/\/quehacerpolitico.mx\/#\/schema\/person\/496d8ad2d1d3f8036101dca7ee39e585","name":"Redacci\u00f3n QP","image":{"@type":"ImageObject","inLanguage":"es","@id":"https:\/\/secure.gravatar.com\/avatar\/c7164ed6fdec453195284ad24a5ae5b6e1eed2b848477fa2a4787ba9adf39a41?s=96&d=mm&r=g","url":"https:\/\/secure.gravatar.com\/avatar\/c7164ed6fdec453195284ad24a5ae5b6e1eed2b848477fa2a4787ba9adf39a41?s=96&d=mm&r=g","contentUrl":"https:\/\/secure.gravatar.com\/avatar\/c7164ed6fdec453195284ad24a5ae5b6e1eed2b848477fa2a4787ba9adf39a41?s=96&d=mm&r=g","caption":"Redacci\u00f3n QP"},"url":"https:\/\/quehacerpolitico.mx\/?author=2"}]}},"featured_image_urls":{"full":["https:\/\/quehacerpolitico.mx\/wp-content\/uploads\/2022\/02\/B92C57B6-1A12-4AE3-BF9A-168D145F5DAD.jpeg",2048,1313,false],"thumbnail":["https:\/\/quehacerpolitico.mx\/wp-content\/uploads\/2022\/02\/B92C57B6-1A12-4AE3-BF9A-168D145F5DAD-150x150.jpeg",150,150,true],"medium":["https:\/\/quehacerpolitico.mx\/wp-content\/uploads\/2022\/02\/B92C57B6-1A12-4AE3-BF9A-168D145F5DAD-300x192.jpeg",300,192,true],"medium_large":["https:\/\/quehacerpolitico.mx\/wp-content\/uploads\/2022\/02\/B92C57B6-1A12-4AE3-BF9A-168D145F5DAD-768x492.jpeg",640,410,true],"large":["https:\/\/quehacerpolitico.mx\/wp-content\/uploads\/2022\/02\/B92C57B6-1A12-4AE3-BF9A-168D145F5DAD-1024x657.jpeg",640,411,true],"1536x1536":["https:\/\/quehacerpolitico.mx\/wp-content\/uploads\/2022\/02\/B92C57B6-1A12-4AE3-BF9A-168D145F5DAD-1536x985.jpeg",1536,985,true],"2048x2048":["https:\/\/quehacerpolitico.mx\/wp-content\/uploads\/2022\/02\/B92C57B6-1A12-4AE3-BF9A-168D145F5DAD.jpeg",2048,1313,false],"covernews-featured":["https:\/\/quehacerpolitico.mx\/wp-content\/uploads\/2022\/02\/B92C57B6-1A12-4AE3-BF9A-168D145F5DAD.jpeg",1024,657,false],"covernews-medium":["https:\/\/quehacerpolitico.mx\/wp-content\/uploads\/2022\/02\/B92C57B6-1A12-4AE3-BF9A-168D145F5DAD.jpeg",530,340,false]},"author_info":{"display_name":"Redacci\u00f3n QP","author_link":"https:\/\/quehacerpolitico.mx\/?author=2"},"category_info":"<a href=\"https:\/\/quehacerpolitico.mx\/?cat=56\" rel=\"category\">Econom\u00eda<\/a>","tag_info":"Econom\u00eda","comment_count":"0","_links":{"self":[{"href":"https:\/\/quehacerpolitico.mx\/index.php?rest_route=\/wp\/v2\/posts\/89972","targetHints":{"allow":["GET"]}}],"collection":[{"href":"https:\/\/quehacerpolitico.mx\/index.php?rest_route=\/wp\/v2\/posts"}],"about":[{"href":"https:\/\/quehacerpolitico.mx\/index.php?rest_route=\/wp\/v2\/types\/post"}],"author":[{"embeddable":true,"href":"https:\/\/quehacerpolitico.mx\/index.php?rest_route=\/wp\/v2\/users\/2"}],"replies":[{"embeddable":true,"href":"https:\/\/quehacerpolitico.mx\/index.php?rest_route=%2Fwp%2Fv2%2Fcomments&post=89972"}],"version-history":[{"count":1,"href":"https:\/\/quehacerpolitico.mx\/index.php?rest_route=\/wp\/v2\/posts\/89972\/revisions"}],"predecessor-version":[{"id":89975,"href":"https:\/\/quehacerpolitico.mx\/index.php?rest_route=\/wp\/v2\/posts\/89972\/revisions\/89975"}],"wp:featuredmedia":[{"embeddable":true,"href":"https:\/\/quehacerpolitico.mx\/index.php?rest_route=\/wp\/v2\/media\/89974"}],"wp:attachment":[{"href":"https:\/\/quehacerpolitico.mx\/index.php?rest_route=%2Fwp%2Fv2%2Fmedia&parent=89972"}],"wp:term":[{"taxonomy":"category","embeddable":true,"href":"https:\/\/quehacerpolitico.mx\/index.php?rest_route=%2Fwp%2Fv2%2Fcategories&post=89972"},{"taxonomy":"post_tag","embeddable":true,"href":"https:\/\/quehacerpolitico.mx\/index.php?rest_route=%2Fwp%2Fv2%2Ftags&post=89972"}],"curies":[{"name":"wp","href":"https:\/\/api.w.org\/{rel}","templated":true}]}}