{"id":89966,"date":"2022-02-20T15:50:37","date_gmt":"2022-02-20T15:50:37","guid":{"rendered":"https:\/\/quehacerpolitico.mx\/?p=89966"},"modified":"2022-02-20T15:50:39","modified_gmt":"2022-02-20T15:50:39","slug":"internacionales-carolina-alonso-romei-macron-habla-con-el-presidente-de-ucrania-despues-de-llamada-con-putin","status":"publish","type":"post","link":"https:\/\/quehacerpolitico.mx\/?p=89966","title":{"rendered":"Internacionales\/\/\/Carolina Alonso Romei\/\/\/Macron habla con el presidente de Ucrania despu\u00e9s de llamada con Putin"},"content":{"rendered":"\n<p>Por Carolina Alonso Romei<\/p>\n\n\n\n<p>Internacionalista <\/p>\n\n\n\n<p>La conversaci\u00f3n telef\u00f3nica del presidente de Francia, Emmanuel Macron, con el Vladimir Putin dur\u00f3 1 hora y 45 minutos<\/p>\n\n\n\n<ul class=\"wp-block-list\"><li>Francia indic\u00f3 que este di\u00e1logo con los presidentes de Rusia y Ucrania forma parte de los \u00faltimos esfuerzos posibles y necesarios para evitar un conflicto mayor\u201d<\/li><\/ul>\n\n\n\n<p>El presidente de Francia, Emmanuel Macron, est\u00e1 en di\u00e1logo con su hom\u00f3logo de\u00a0<strong>Ucrania,<\/strong>Volodimir Zelenski, tras sostener una conversaci\u00f3n durante la jornada con el l\u00edder ruso,\u00a0Vladimir Putin, anunci\u00f3 el Palacio del El\u00edseo.<\/p>\n\n\n\n<blockquote class=\"wp-block-quote is-layout-flow wp-block-quote-is-layout-flow\"><p>\u201cLa conversaci\u00f3n telef\u00f3nica con el presidente Putin dur\u00f3 1 hora y 45 minutos. El presidente de la Rep\u00fablica est\u00e1 ahora en un intercambio telef\u00f3nico con el\u00a0<strong>presidente Zelenski<\/strong>\u201c, indic\u00f3 la presidencia francesa.<\/p><p><\/p><\/blockquote>\n\n\n\n<p>Antes de la llamada con Putin, la presidencia francesa indic\u00f3 que este di\u00e1logo forma parte de \u201clos \u00faltimos esfuerzos posibles y necesarios para evitar un conflicto mayor en&nbsp;<strong>Ucrania\u201d,<\/strong>&nbsp;en un momento de m\u00e1xima tensi\u00f3n.<\/p>\n\n\n\n<p>El s\u00e1bado, Macron habl\u00f3 con Zelenski, quien asegur\u00f3 que \u201cno responder\u00eda a las provocaciones\u201d de\u00a0Rusia en la l\u00ednea del frente con los\u00a0<strong>separatistas<\/strong>\u00a0del Donb\u00e1s, seg\u00fan la presidencia de Francia. Tambi\u00e9n le pidi\u00f3 a\u00a0<strong>Macron<\/strong>\u00a0que le expresara a Putin \u201cla disponibilidad de Ucrania para dialogar\u201d.<\/p>\n\n\n\n<p>Pero durante una conferencia sobre seguridad en M\u00fanich, Zelenski inst\u00f3 a Estados Unidos y a la\u00a0<strong>OTAN<\/strong>\u00a0a abandonar la pol\u00edtica de \u201capaciguamiento\u201d de\u00a0<strong>Rusia<\/strong>\u00a0y aumentar su ayuda militar a\u00a0<strong>Kiev.<\/strong>\u00a0Pero, al mismo tiempo pidi\u00f3 no \u201centrar en p\u00e1nico\u201d, durante la conferencia de seguridad en M\u00fanich.<\/p>\n\n\n\n<p>Con informaci\u00f3n de EFE<\/p>\n","protected":false},"excerpt":{"rendered":"<p>Por Carolina Alonso Romei Internacionalista La conversaci\u00f3n telef\u00f3nica del presidente de Francia, Emmanuel Macron, con&#8230;<\/p>\n","protected":false},"author":2,"featured_media":89967,"comment_status":"open","ping_status":"open","sticky":false,"template":"","format":"standard","meta":{"_monsterinsights_skip_tracking":false,"_monsterinsights_sitenote_active":false,"_monsterinsights_sitenote_note":"","_monsterinsights_sitenote_category":0,"footnotes":""},"categories":[1],"tags":[],"class_list":["post-89966","post","type-post","status-publish","format-standard","has-post-thumbnail","hentry","category-sin-categoria"],"yoast_head":"<!-- This site is optimized with the Yoast SEO plugin v27.3 - https:\/\/yoast.com\/product\/yoast-seo-wordpress\/ -->\n<title>Internacionales\/\/\/Carolina Alonso Romei\/\/\/Macron habla con el presidente de Ucrania despu\u00e9s de llamada con Putin -<\/title>\n<meta name=\"robots\" content=\"index, follow, max-snippet:-1, max-image-preview:large, max-video-preview:-1\" \/>\n<link rel=\"canonical\" href=\"https:\/\/quehacerpolitico.mx\/?p=89966\" \/>\n<meta property=\"og:locale\" content=\"es_MX\" \/>\n<meta property=\"og:type\" content=\"article\" \/>\n<meta property=\"og:title\" content=\"Internacionales\/\/\/Carolina Alonso Romei\/\/\/Macron habla con el presidente de Ucrania despu\u00e9s de llamada con Putin -\" \/>\n<meta property=\"og:description\" content=\"Por Carolina Alonso Romei Internacionalista La conversaci\u00f3n telef\u00f3nica del presidente de Francia, Emmanuel Macron, con...\" \/>\n<meta property=\"og:url\" content=\"https:\/\/quehacerpolitico.mx\/?p=89966\" \/>\n<meta property=\"article:published_time\" content=\"2022-02-20T15:50:37+00:00\" \/>\n<meta property=\"article:modified_time\" content=\"2022-02-20T15:50:39+00:00\" \/>\n<meta property=\"og:image\" content=\"https:\/\/quehacerpolitico.mx\/wp-content\/uploads\/2022\/02\/45010EBD-BFDE-40C4-815E-5ABBD6DF7E2B.jpeg\" \/>\n\t<meta property=\"og:image:width\" content=\"739\" \/>\n\t<meta property=\"og:image:height\" content=\"415\" \/>\n\t<meta property=\"og:image:type\" content=\"image\/jpeg\" \/>\n<meta name=\"author\" content=\"Redacci\u00f3n QP\" \/>\n<meta name=\"twitter:card\" content=\"summary_large_image\" \/>\n<meta name=\"twitter:label1\" content=\"Escrito por\" \/>\n\t<meta name=\"twitter:data1\" content=\"Redacci\u00f3n QP\" \/>\n\t<meta name=\"twitter:label2\" content=\"Tiempo de lectura\" \/>\n\t<meta name=\"twitter:data2\" content=\"1 minuto\" \/>\n<script type=\"application\/ld+json\" class=\"yoast-schema-graph\">{\"@context\":\"https:\\\/\\\/schema.org\",\"@graph\":[{\"@type\":\"Article\",\"@id\":\"https:\\\/\\\/quehacerpolitico.mx\\\/?p=89966#article\",\"isPartOf\":{\"@id\":\"https:\\\/\\\/quehacerpolitico.mx\\\/?p=89966\"},\"author\":{\"name\":\"Redacci\u00f3n QP\",\"@id\":\"https:\\\/\\\/quehacerpolitico.mx\\\/#\\\/schema\\\/person\\\/496d8ad2d1d3f8036101dca7ee39e585\"},\"headline\":\"Internacionales\\\/\\\/\\\/Carolina Alonso Romei\\\/\\\/\\\/Macron habla con el presidente de Ucrania despu\u00e9s de llamada con Putin\",\"datePublished\":\"2022-02-20T15:50:37+00:00\",\"dateModified\":\"2022-02-20T15:50:39+00:00\",\"mainEntityOfPage\":{\"@id\":\"https:\\\/\\\/quehacerpolitico.mx\\\/?p=89966\"},\"wordCount\":291,\"commentCount\":0,\"image\":{\"@id\":\"https:\\\/\\\/quehacerpolitico.mx\\\/?p=89966#primaryimage\"},\"thumbnailUrl\":\"https:\\\/\\\/quehacerpolitico.mx\\\/wp-content\\\/uploads\\\/2022\\\/02\\\/45010EBD-BFDE-40C4-815E-5ABBD6DF7E2B.jpeg\",\"articleSection\":[\"Internacionales\"],\"inLanguage\":\"es\",\"potentialAction\":[{\"@type\":\"CommentAction\",\"name\":\"Comment\",\"target\":[\"https:\\\/\\\/quehacerpolitico.mx\\\/?p=89966#respond\"]}]},{\"@type\":\"WebPage\",\"@id\":\"https:\\\/\\\/quehacerpolitico.mx\\\/?p=89966\",\"url\":\"https:\\\/\\\/quehacerpolitico.mx\\\/?p=89966\",\"name\":\"Internacionales\\\/\\\/\\\/Carolina Alonso Romei\\\/\\\/\\\/Macron habla con el presidente de Ucrania despu\u00e9s de llamada con Putin -\",\"isPartOf\":{\"@id\":\"https:\\\/\\\/quehacerpolitico.mx\\\/#website\"},\"primaryImageOfPage\":{\"@id\":\"https:\\\/\\\/quehacerpolitico.mx\\\/?p=89966#primaryimage\"},\"image\":{\"@id\":\"https:\\\/\\\/quehacerpolitico.mx\\\/?p=89966#primaryimage\"},\"thumbnailUrl\":\"https:\\\/\\\/quehacerpolitico.mx\\\/wp-content\\\/uploads\\\/2022\\\/02\\\/45010EBD-BFDE-40C4-815E-5ABBD6DF7E2B.jpeg\",\"datePublished\":\"2022-02-20T15:50:37+00:00\",\"dateModified\":\"2022-02-20T15:50:39+00:00\",\"author\":{\"@id\":\"https:\\\/\\\/quehacerpolitico.mx\\\/#\\\/schema\\\/person\\\/496d8ad2d1d3f8036101dca7ee39e585\"},\"breadcrumb\":{\"@id\":\"https:\\\/\\\/quehacerpolitico.mx\\\/?p=89966#breadcrumb\"},\"inLanguage\":\"es\",\"potentialAction\":[{\"@type\":\"ReadAction\",\"target\":[\"https:\\\/\\\/quehacerpolitico.mx\\\/?p=89966\"]}]},{\"@type\":\"ImageObject\",\"inLanguage\":\"es\",\"@id\":\"https:\\\/\\\/quehacerpolitico.mx\\\/?p=89966#primaryimage\",\"url\":\"https:\\\/\\\/quehacerpolitico.mx\\\/wp-content\\\/uploads\\\/2022\\\/02\\\/45010EBD-BFDE-40C4-815E-5ABBD6DF7E2B.jpeg\",\"contentUrl\":\"https:\\\/\\\/quehacerpolitico.mx\\\/wp-content\\\/uploads\\\/2022\\\/02\\\/45010EBD-BFDE-40C4-815E-5ABBD6DF7E2B.jpeg\",\"width\":739,\"height\":415},{\"@type\":\"BreadcrumbList\",\"@id\":\"https:\\\/\\\/quehacerpolitico.mx\\\/?p=89966#breadcrumb\",\"itemListElement\":[{\"@type\":\"ListItem\",\"position\":1,\"name\":\"Inicio\",\"item\":\"https:\\\/\\\/quehacerpolitico.mx\\\/\"},{\"@type\":\"ListItem\",\"position\":2,\"name\":\"Internacionales\\\/\\\/\\\/Carolina Alonso Romei\\\/\\\/\\\/Macron habla con el presidente de Ucrania despu\u00e9s de llamada con Putin\"}]},{\"@type\":\"WebSite\",\"@id\":\"https:\\\/\\\/quehacerpolitico.mx\\\/#website\",\"url\":\"https:\\\/\\\/quehacerpolitico.mx\\\/\",\"name\":\"\",\"description\":\"\",\"potentialAction\":[{\"@type\":\"SearchAction\",\"target\":{\"@type\":\"EntryPoint\",\"urlTemplate\":\"https:\\\/\\\/quehacerpolitico.mx\\\/?s={search_term_string}\"},\"query-input\":{\"@type\":\"PropertyValueSpecification\",\"valueRequired\":true,\"valueName\":\"search_term_string\"}}],\"inLanguage\":\"es\"},{\"@type\":\"Person\",\"@id\":\"https:\\\/\\\/quehacerpolitico.mx\\\/#\\\/schema\\\/person\\\/496d8ad2d1d3f8036101dca7ee39e585\",\"name\":\"Redacci\u00f3n QP\",\"image\":{\"@type\":\"ImageObject\",\"inLanguage\":\"es\",\"@id\":\"https:\\\/\\\/secure.gravatar.com\\\/avatar\\\/c7164ed6fdec453195284ad24a5ae5b6e1eed2b848477fa2a4787ba9adf39a41?s=96&d=mm&r=g\",\"url\":\"https:\\\/\\\/secure.gravatar.com\\\/avatar\\\/c7164ed6fdec453195284ad24a5ae5b6e1eed2b848477fa2a4787ba9adf39a41?s=96&d=mm&r=g\",\"contentUrl\":\"https:\\\/\\\/secure.gravatar.com\\\/avatar\\\/c7164ed6fdec453195284ad24a5ae5b6e1eed2b848477fa2a4787ba9adf39a41?s=96&d=mm&r=g\",\"caption\":\"Redacci\u00f3n QP\"},\"url\":\"https:\\\/\\\/quehacerpolitico.mx\\\/?author=2\"}]}<\/script>\n<!-- \/ Yoast SEO plugin. -->","yoast_head_json":{"title":"Internacionales\/\/\/Carolina Alonso Romei\/\/\/Macron habla con el presidente de Ucrania despu\u00e9s de llamada con Putin -","robots":{"index":"index","follow":"follow","max-snippet":"max-snippet:-1","max-image-preview":"max-image-preview:large","max-video-preview":"max-video-preview:-1"},"canonical":"https:\/\/quehacerpolitico.mx\/?p=89966","og_locale":"es_MX","og_type":"article","og_title":"Internacionales\/\/\/Carolina Alonso Romei\/\/\/Macron habla con el presidente de Ucrania despu\u00e9s de llamada con Putin -","og_description":"Por Carolina Alonso Romei Internacionalista La conversaci\u00f3n telef\u00f3nica del presidente de Francia, Emmanuel Macron, con...","og_url":"https:\/\/quehacerpolitico.mx\/?p=89966","article_published_time":"2022-02-20T15:50:37+00:00","article_modified_time":"2022-02-20T15:50:39+00:00","og_image":[{"width":739,"height":415,"url":"https:\/\/quehacerpolitico.mx\/wp-content\/uploads\/2022\/02\/45010EBD-BFDE-40C4-815E-5ABBD6DF7E2B.jpeg","type":"image\/jpeg"}],"author":"Redacci\u00f3n QP","twitter_card":"summary_large_image","twitter_misc":{"Escrito por":"Redacci\u00f3n QP","Tiempo de lectura":"1 minuto"},"schema":{"@context":"https:\/\/schema.org","@graph":[{"@type":"Article","@id":"https:\/\/quehacerpolitico.mx\/?p=89966#article","isPartOf":{"@id":"https:\/\/quehacerpolitico.mx\/?p=89966"},"author":{"name":"Redacci\u00f3n QP","@id":"https:\/\/quehacerpolitico.mx\/#\/schema\/person\/496d8ad2d1d3f8036101dca7ee39e585"},"headline":"Internacionales\/\/\/Carolina Alonso Romei\/\/\/Macron habla con el presidente de Ucrania despu\u00e9s de llamada con Putin","datePublished":"2022-02-20T15:50:37+00:00","dateModified":"2022-02-20T15:50:39+00:00","mainEntityOfPage":{"@id":"https:\/\/quehacerpolitico.mx\/?p=89966"},"wordCount":291,"commentCount":0,"image":{"@id":"https:\/\/quehacerpolitico.mx\/?p=89966#primaryimage"},"thumbnailUrl":"https:\/\/quehacerpolitico.mx\/wp-content\/uploads\/2022\/02\/45010EBD-BFDE-40C4-815E-5ABBD6DF7E2B.jpeg","articleSection":["Internacionales"],"inLanguage":"es","potentialAction":[{"@type":"CommentAction","name":"Comment","target":["https:\/\/quehacerpolitico.mx\/?p=89966#respond"]}]},{"@type":"WebPage","@id":"https:\/\/quehacerpolitico.mx\/?p=89966","url":"https:\/\/quehacerpolitico.mx\/?p=89966","name":"Internacionales\/\/\/Carolina Alonso Romei\/\/\/Macron habla con el presidente de Ucrania despu\u00e9s de llamada con Putin -","isPartOf":{"@id":"https:\/\/quehacerpolitico.mx\/#website"},"primaryImageOfPage":{"@id":"https:\/\/quehacerpolitico.mx\/?p=89966#primaryimage"},"image":{"@id":"https:\/\/quehacerpolitico.mx\/?p=89966#primaryimage"},"thumbnailUrl":"https:\/\/quehacerpolitico.mx\/wp-content\/uploads\/2022\/02\/45010EBD-BFDE-40C4-815E-5ABBD6DF7E2B.jpeg","datePublished":"2022-02-20T15:50:37+00:00","dateModified":"2022-02-20T15:50:39+00:00","author":{"@id":"https:\/\/quehacerpolitico.mx\/#\/schema\/person\/496d8ad2d1d3f8036101dca7ee39e585"},"breadcrumb":{"@id":"https:\/\/quehacerpolitico.mx\/?p=89966#breadcrumb"},"inLanguage":"es","potentialAction":[{"@type":"ReadAction","target":["https:\/\/quehacerpolitico.mx\/?p=89966"]}]},{"@type":"ImageObject","inLanguage":"es","@id":"https:\/\/quehacerpolitico.mx\/?p=89966#primaryimage","url":"https:\/\/quehacerpolitico.mx\/wp-content\/uploads\/2022\/02\/45010EBD-BFDE-40C4-815E-5ABBD6DF7E2B.jpeg","contentUrl":"https:\/\/quehacerpolitico.mx\/wp-content\/uploads\/2022\/02\/45010EBD-BFDE-40C4-815E-5ABBD6DF7E2B.jpeg","width":739,"height":415},{"@type":"BreadcrumbList","@id":"https:\/\/quehacerpolitico.mx\/?p=89966#breadcrumb","itemListElement":[{"@type":"ListItem","position":1,"name":"Inicio","item":"https:\/\/quehacerpolitico.mx\/"},{"@type":"ListItem","position":2,"name":"Internacionales\/\/\/Carolina Alonso Romei\/\/\/Macron habla con el presidente de Ucrania despu\u00e9s de llamada con Putin"}]},{"@type":"WebSite","@id":"https:\/\/quehacerpolitico.mx\/#website","url":"https:\/\/quehacerpolitico.mx\/","name":"","description":"","potentialAction":[{"@type":"SearchAction","target":{"@type":"EntryPoint","urlTemplate":"https:\/\/quehacerpolitico.mx\/?s={search_term_string}"},"query-input":{"@type":"PropertyValueSpecification","valueRequired":true,"valueName":"search_term_string"}}],"inLanguage":"es"},{"@type":"Person","@id":"https:\/\/quehacerpolitico.mx\/#\/schema\/person\/496d8ad2d1d3f8036101dca7ee39e585","name":"Redacci\u00f3n QP","image":{"@type":"ImageObject","inLanguage":"es","@id":"https:\/\/secure.gravatar.com\/avatar\/c7164ed6fdec453195284ad24a5ae5b6e1eed2b848477fa2a4787ba9adf39a41?s=96&d=mm&r=g","url":"https:\/\/secure.gravatar.com\/avatar\/c7164ed6fdec453195284ad24a5ae5b6e1eed2b848477fa2a4787ba9adf39a41?s=96&d=mm&r=g","contentUrl":"https:\/\/secure.gravatar.com\/avatar\/c7164ed6fdec453195284ad24a5ae5b6e1eed2b848477fa2a4787ba9adf39a41?s=96&d=mm&r=g","caption":"Redacci\u00f3n QP"},"url":"https:\/\/quehacerpolitico.mx\/?author=2"}]}},"featured_image_urls":{"full":["https:\/\/quehacerpolitico.mx\/wp-content\/uploads\/2022\/02\/45010EBD-BFDE-40C4-815E-5ABBD6DF7E2B.jpeg",739,415,false],"thumbnail":["https:\/\/quehacerpolitico.mx\/wp-content\/uploads\/2022\/02\/45010EBD-BFDE-40C4-815E-5ABBD6DF7E2B-150x150.jpeg",150,150,true],"medium":["https:\/\/quehacerpolitico.mx\/wp-content\/uploads\/2022\/02\/45010EBD-BFDE-40C4-815E-5ABBD6DF7E2B-300x168.jpeg",300,168,true],"medium_large":["https:\/\/quehacerpolitico.mx\/wp-content\/uploads\/2022\/02\/45010EBD-BFDE-40C4-815E-5ABBD6DF7E2B.jpeg",640,359,false],"large":["https:\/\/quehacerpolitico.mx\/wp-content\/uploads\/2022\/02\/45010EBD-BFDE-40C4-815E-5ABBD6DF7E2B.jpeg",640,359,false],"1536x1536":["https:\/\/quehacerpolitico.mx\/wp-content\/uploads\/2022\/02\/45010EBD-BFDE-40C4-815E-5ABBD6DF7E2B.jpeg",739,415,false],"2048x2048":["https:\/\/quehacerpolitico.mx\/wp-content\/uploads\/2022\/02\/45010EBD-BFDE-40C4-815E-5ABBD6DF7E2B.jpeg",739,415,false],"covernews-featured":["https:\/\/quehacerpolitico.mx\/wp-content\/uploads\/2022\/02\/45010EBD-BFDE-40C4-815E-5ABBD6DF7E2B.jpeg",739,415,false],"covernews-medium":["https:\/\/quehacerpolitico.mx\/wp-content\/uploads\/2022\/02\/45010EBD-BFDE-40C4-815E-5ABBD6DF7E2B.jpeg",540,303,false]},"author_info":{"display_name":"Redacci\u00f3n QP","author_link":"https:\/\/quehacerpolitico.mx\/?author=2"},"category_info":"<a href=\"https:\/\/quehacerpolitico.mx\/?cat=1\" rel=\"category\">Internacionales<\/a>","tag_info":"Internacionales","comment_count":"0","_links":{"self":[{"href":"https:\/\/quehacerpolitico.mx\/index.php?rest_route=\/wp\/v2\/posts\/89966","targetHints":{"allow":["GET"]}}],"collection":[{"href":"https:\/\/quehacerpolitico.mx\/index.php?rest_route=\/wp\/v2\/posts"}],"about":[{"href":"https:\/\/quehacerpolitico.mx\/index.php?rest_route=\/wp\/v2\/types\/post"}],"author":[{"embeddable":true,"href":"https:\/\/quehacerpolitico.mx\/index.php?rest_route=\/wp\/v2\/users\/2"}],"replies":[{"embeddable":true,"href":"https:\/\/quehacerpolitico.mx\/index.php?rest_route=%2Fwp%2Fv2%2Fcomments&post=89966"}],"version-history":[{"count":1,"href":"https:\/\/quehacerpolitico.mx\/index.php?rest_route=\/wp\/v2\/posts\/89966\/revisions"}],"predecessor-version":[{"id":89968,"href":"https:\/\/quehacerpolitico.mx\/index.php?rest_route=\/wp\/v2\/posts\/89966\/revisions\/89968"}],"wp:featuredmedia":[{"embeddable":true,"href":"https:\/\/quehacerpolitico.mx\/index.php?rest_route=\/wp\/v2\/media\/89967"}],"wp:attachment":[{"href":"https:\/\/quehacerpolitico.mx\/index.php?rest_route=%2Fwp%2Fv2%2Fmedia&parent=89966"}],"wp:term":[{"taxonomy":"category","embeddable":true,"href":"https:\/\/quehacerpolitico.mx\/index.php?rest_route=%2Fwp%2Fv2%2Fcategories&post=89966"},{"taxonomy":"post_tag","embeddable":true,"href":"https:\/\/quehacerpolitico.mx\/index.php?rest_route=%2Fwp%2Fv2%2Ftags&post=89966"}],"curies":[{"name":"wp","href":"https:\/\/api.w.org\/{rel}","templated":true}]}}