{"id":89963,"date":"2022-02-20T15:39:15","date_gmt":"2022-02-20T15:39:15","guid":{"rendered":"https:\/\/quehacerpolitico.mx\/?p=89963"},"modified":"2022-02-20T15:39:18","modified_gmt":"2022-02-20T15:39:18","slug":"internacionales-carolina-alonso-romei-inglaterra-eliminara-la-obligacion-de-aislamiento-para-los-contagiados-de-covid-19","status":"publish","type":"post","link":"https:\/\/quehacerpolitico.mx\/?p=89963","title":{"rendered":"Internacionales\/\/\/Carolina Alonso Romei\/\/\/Inglaterra eliminar\u00e1 la obligaci\u00f3n de aislamiento para los contagiados de COVID-19"},"content":{"rendered":"\n<p>Por Carolina Alonso Romei<\/p>\n\n\n\n<p>Internacionalista <\/p>\n\n\n\n<p>El Ejecutivo adelant\u00f3 que los sistemas de vigilancia y las medidas de contingencia se mantendr\u00e1n para ser usadas si se necesitan, as\u00ed como una amplia capacidad de test o de programas de vacunaci\u00f3n para responder a nuevas variantes.<\/p>\n\n\n\n<p><strong>Inglaterra eliminar\u00e1<\/strong>\u00a0a partir de la pr\u00f3xima semana todas las<strong>\u00a0restricciones a\u00fan en vigor contra la COVID-19,<\/strong>\u00a0incluida la obligaci\u00f3n de aislarse para los contagiados con la enfermedad.<\/p>\n\n\n\n<p>Downing Street -la oficina del primer ministro brit\u00e1nico- adelant\u00f3<strong>\u00a0este anuncio que el propio jefe del Gobierno, Boris Johnson,<\/strong>\u00a0formalizar\u00e1 la semana que viene,\u00a0<strong>en una estrategia que ha sido criticada desde muchas voces de la comunidad cient\u00edfica<\/strong>\u00a0por el riesgo de que dispare la transmisi\u00f3n del virus.<\/p>\n\n\n\n<p>El Gobierno brit\u00e1nico se\u00f1al\u00f3 en un comunicado que&nbsp;<strong>gracias a la mayor comprensi\u00f3n del virus y a la exitosa campa\u00f1a de vacunaci\u00f3n Inglaterra<\/strong>&nbsp;\u201cpuede pasar ahora de la intervenci\u00f3n gubernamental a la responsabilidad individual\u201d.<\/p>\n\n\n\n<blockquote class=\"wp-block-quote is-layout-flow wp-block-quote-is-layout-flow\"><p>\u201cLa covid no desaparecer\u00e1 repentinamente, y necesitamos aprender a vivir con este virus y seguir protegi\u00e9ndonos sin restringir nuestras libertades\u201d, dijo Johnson, seg\u00fan la nota.<\/p><\/blockquote>\n\n\n\n<p>A juicio del primer ministro, su pa\u00eds \u201cha erigido protecciones fuertes contra este virus en los \u00faltimos dos a\u00f1os a trav\u00e9s de la vacunaci\u00f3n, los test, los tratamientos y la mejor comprensi\u00f3n cient\u00edfica del virus\u201d.<\/p>\n\n\n\n<p>De esa manera, gracias a&nbsp;<strong>la cantidad de gente que ha recibido la vacuna<\/strong>, \u201cestamos en posici\u00f3n de presentar nuestro plan para convivir con la covid esta semana\u201d, agreg\u00f3.<\/p>\n\n\n\n<p>Seg\u00fan los datos oficiales, casi 53 millones de personas (el 91 % de la poblaci\u00f3n) han recibido una dosis de la vacuna; otras 49 millones (85 %), dos; y 38 millones tienen ya el pinchazo de refuerzo.<\/p>\n\n\n\n<figure class=\"wp-block-embed is-type-video is-provider-youtube wp-block-embed-youtube wp-embed-aspect-16-9 wp-has-aspect-ratio\"><div class=\"wp-block-embed__wrapper\">\n<iframe loading=\"lazy\" title=\"Inglaterra espera acabar con cuarentenas para positivos de covid-19 | AFP\" width=\"640\" height=\"360\" src=\"https:\/\/www.youtube.com\/embed\/wV9oBwULDWE?feature=oembed\" frameborder=\"0\" allow=\"accelerometer; autoplay; clipboard-write; encrypted-media; gyroscope; picture-in-picture; web-share\" referrerpolicy=\"strict-origin-when-cross-origin\" allowfullscreen><\/iframe>\n<\/div><\/figure>\n\n\n\n<p>El Ejecutivo adelant\u00f3 que los sistemas de vigilancia y las medidas de contingencia se mantendr\u00e1n para ser usadas si se necesitan, as\u00ed como una amplia capacidad de test o de programas de vacunaci\u00f3n para responder a nuevas variantes.<\/p>\n\n\n\n<p><strong>El Gobierno conservador record\u00f3 el \u201csignificativo peaje\u201d que se han cobrado las restricciones<\/strong>&nbsp;como los confinamientos en los \u00faltimos dos a\u00f1os, que han tenido consecuencias sobre la educaci\u00f3n de los m\u00e1s peque\u00f1os o la salud mental de la poblaci\u00f3n.<\/p>\n\n\n\n<blockquote class=\"wp-block-quote is-layout-flow wp-block-quote-is-layout-flow\"><p>\u201cLa responsabilidad p\u00fablica y la conciencia sobre las pautas de sanidad p\u00fablica deber\u00edan permanecer, como sucede con todas las enfermedades infecciosas, como la gripe\u201d, subray\u00f3 la nota.<\/p><\/blockquote>\n\n\n\n<p>En el anuncio que har\u00e1 Johnson la semana entrante -a priori el lunes-, est\u00e1 previsto que centre la nueva estrategia en la eliminaci\u00f3n de todas las restricciones, la protecci\u00f3n de los vulnerables con intervenciones farmacol\u00f3gicas y test, vigilar la aparici\u00f3n de nuevas variantes y consolidar las innovaciones que ha tra\u00eddo la respuesta a la covid.&nbsp;&nbsp; &nbsp; &nbsp; &nbsp; &nbsp; &nbsp; &nbsp; &nbsp;<\/p>\n\n\n\n<p>Seg\u00fan la Oficina Nacional de Estad\u00edsticas,&nbsp;<strong>una de cada 20 personas en Inglaterra estaba infectada con el coronavirus la semana pasada.<\/strong><\/p>\n\n\n\n<p>La oposici\u00f3n laborista ha recibido con escepticismo el anuncio de Johnson que pretende, en su opini\u00f3n, ocultar los problemas del primer ministro por las fiestas que se celebraron en Downing Street durante la pandemia.<\/p>\n\n\n\n<p>El portavoz laborista de Sanidad, Wes Streeting, acus\u00f3 a Johnson de \u201ccantar victoria antes de que la guerra haya terminado\u201d.<\/p>\n\n\n\n<p><strong>Las autoridades regionales de Escocia, Gales e Irlanda del Norte deben decidir si siguen el ejemplo de Inglaterra y eliminan las restricciones,<\/strong>&nbsp;aunque el ministro gal\u00e9s de Sanidad ya ha criticado la posible medida -no confirmada a\u00fan- de que se deje de facilitar test de ant\u00edgenos gratis a la poblaci\u00f3n en general.&nbsp;<\/p>\n\n\n\n<p><em>Con informaci\u00f3n de EFE<\/em><\/p>\n","protected":false},"excerpt":{"rendered":"<p>Por Carolina Alonso Romei Internacionalista El Ejecutivo adelant\u00f3 que los sistemas de vigilancia y las&#8230;<\/p>\n","protected":false},"author":2,"featured_media":89964,"comment_status":"open","ping_status":"open","sticky":false,"template":"","format":"standard","meta":{"_monsterinsights_skip_tracking":false,"_monsterinsights_sitenote_active":false,"_monsterinsights_sitenote_note":"","_monsterinsights_sitenote_category":0,"footnotes":""},"categories":[1],"tags":[],"class_list":["post-89963","post","type-post","status-publish","format-standard","has-post-thumbnail","hentry","category-sin-categoria"],"yoast_head":"<!-- This site is optimized with the Yoast SEO plugin v27.3 - https:\/\/yoast.com\/product\/yoast-seo-wordpress\/ -->\n<title>Internacionales\/\/\/Carolina Alonso Romei\/\/\/Inglaterra eliminar\u00e1 la obligaci\u00f3n de aislamiento para los contagiados de COVID-19 -<\/title>\n<meta name=\"robots\" content=\"index, follow, max-snippet:-1, max-image-preview:large, max-video-preview:-1\" \/>\n<link rel=\"canonical\" href=\"https:\/\/quehacerpolitico.mx\/?p=89963\" \/>\n<meta property=\"og:locale\" content=\"es_MX\" \/>\n<meta property=\"og:type\" content=\"article\" \/>\n<meta property=\"og:title\" content=\"Internacionales\/\/\/Carolina Alonso Romei\/\/\/Inglaterra eliminar\u00e1 la obligaci\u00f3n de aislamiento para los contagiados de COVID-19 -\" \/>\n<meta property=\"og:description\" content=\"Por Carolina Alonso Romei Internacionalista El Ejecutivo adelant\u00f3 que los sistemas de vigilancia y las...\" \/>\n<meta property=\"og:url\" content=\"https:\/\/quehacerpolitico.mx\/?p=89963\" \/>\n<meta property=\"article:published_time\" content=\"2022-02-20T15:39:15+00:00\" \/>\n<meta property=\"article:modified_time\" content=\"2022-02-20T15:39:18+00:00\" \/>\n<meta property=\"og:image\" content=\"https:\/\/quehacerpolitico.mx\/wp-content\/uploads\/2022\/02\/7F61E3B0-FE16-4668-8BC2-02FE628B7D2E.jpeg\" \/>\n\t<meta property=\"og:image:width\" content=\"1284\" \/>\n\t<meta property=\"og:image:height\" content=\"699\" \/>\n\t<meta property=\"og:image:type\" content=\"image\/jpeg\" \/>\n<meta name=\"author\" content=\"Redacci\u00f3n QP\" \/>\n<meta name=\"twitter:card\" content=\"summary_large_image\" \/>\n<meta name=\"twitter:label1\" content=\"Escrito por\" \/>\n\t<meta name=\"twitter:data1\" content=\"Redacci\u00f3n QP\" \/>\n\t<meta name=\"twitter:label2\" content=\"Tiempo de lectura\" \/>\n\t<meta name=\"twitter:data2\" content=\"3 minutos\" \/>\n<script type=\"application\/ld+json\" class=\"yoast-schema-graph\">{\"@context\":\"https:\\\/\\\/schema.org\",\"@graph\":[{\"@type\":\"Article\",\"@id\":\"https:\\\/\\\/quehacerpolitico.mx\\\/?p=89963#article\",\"isPartOf\":{\"@id\":\"https:\\\/\\\/quehacerpolitico.mx\\\/?p=89963\"},\"author\":{\"name\":\"Redacci\u00f3n QP\",\"@id\":\"https:\\\/\\\/quehacerpolitico.mx\\\/#\\\/schema\\\/person\\\/496d8ad2d1d3f8036101dca7ee39e585\"},\"headline\":\"Internacionales\\\/\\\/\\\/Carolina Alonso Romei\\\/\\\/\\\/Inglaterra eliminar\u00e1 la obligaci\u00f3n de aislamiento para los contagiados de COVID-19\",\"datePublished\":\"2022-02-20T15:39:15+00:00\",\"dateModified\":\"2022-02-20T15:39:18+00:00\",\"mainEntityOfPage\":{\"@id\":\"https:\\\/\\\/quehacerpolitico.mx\\\/?p=89963\"},\"wordCount\":647,\"commentCount\":0,\"image\":{\"@id\":\"https:\\\/\\\/quehacerpolitico.mx\\\/?p=89963#primaryimage\"},\"thumbnailUrl\":\"https:\\\/\\\/quehacerpolitico.mx\\\/wp-content\\\/uploads\\\/2022\\\/02\\\/7F61E3B0-FE16-4668-8BC2-02FE628B7D2E.jpeg\",\"articleSection\":[\"Internacionales\"],\"inLanguage\":\"es\",\"potentialAction\":[{\"@type\":\"CommentAction\",\"name\":\"Comment\",\"target\":[\"https:\\\/\\\/quehacerpolitico.mx\\\/?p=89963#respond\"]}]},{\"@type\":\"WebPage\",\"@id\":\"https:\\\/\\\/quehacerpolitico.mx\\\/?p=89963\",\"url\":\"https:\\\/\\\/quehacerpolitico.mx\\\/?p=89963\",\"name\":\"Internacionales\\\/\\\/\\\/Carolina Alonso Romei\\\/\\\/\\\/Inglaterra eliminar\u00e1 la obligaci\u00f3n de aislamiento para los contagiados de COVID-19 -\",\"isPartOf\":{\"@id\":\"https:\\\/\\\/quehacerpolitico.mx\\\/#website\"},\"primaryImageOfPage\":{\"@id\":\"https:\\\/\\\/quehacerpolitico.mx\\\/?p=89963#primaryimage\"},\"image\":{\"@id\":\"https:\\\/\\\/quehacerpolitico.mx\\\/?p=89963#primaryimage\"},\"thumbnailUrl\":\"https:\\\/\\\/quehacerpolitico.mx\\\/wp-content\\\/uploads\\\/2022\\\/02\\\/7F61E3B0-FE16-4668-8BC2-02FE628B7D2E.jpeg\",\"datePublished\":\"2022-02-20T15:39:15+00:00\",\"dateModified\":\"2022-02-20T15:39:18+00:00\",\"author\":{\"@id\":\"https:\\\/\\\/quehacerpolitico.mx\\\/#\\\/schema\\\/person\\\/496d8ad2d1d3f8036101dca7ee39e585\"},\"breadcrumb\":{\"@id\":\"https:\\\/\\\/quehacerpolitico.mx\\\/?p=89963#breadcrumb\"},\"inLanguage\":\"es\",\"potentialAction\":[{\"@type\":\"ReadAction\",\"target\":[\"https:\\\/\\\/quehacerpolitico.mx\\\/?p=89963\"]}]},{\"@type\":\"ImageObject\",\"inLanguage\":\"es\",\"@id\":\"https:\\\/\\\/quehacerpolitico.mx\\\/?p=89963#primaryimage\",\"url\":\"https:\\\/\\\/quehacerpolitico.mx\\\/wp-content\\\/uploads\\\/2022\\\/02\\\/7F61E3B0-FE16-4668-8BC2-02FE628B7D2E.jpeg\",\"contentUrl\":\"https:\\\/\\\/quehacerpolitico.mx\\\/wp-content\\\/uploads\\\/2022\\\/02\\\/7F61E3B0-FE16-4668-8BC2-02FE628B7D2E.jpeg\",\"width\":1284,\"height\":699},{\"@type\":\"BreadcrumbList\",\"@id\":\"https:\\\/\\\/quehacerpolitico.mx\\\/?p=89963#breadcrumb\",\"itemListElement\":[{\"@type\":\"ListItem\",\"position\":1,\"name\":\"Inicio\",\"item\":\"https:\\\/\\\/quehacerpolitico.mx\\\/\"},{\"@type\":\"ListItem\",\"position\":2,\"name\":\"Internacionales\\\/\\\/\\\/Carolina Alonso Romei\\\/\\\/\\\/Inglaterra eliminar\u00e1 la obligaci\u00f3n de aislamiento para los contagiados de COVID-19\"}]},{\"@type\":\"WebSite\",\"@id\":\"https:\\\/\\\/quehacerpolitico.mx\\\/#website\",\"url\":\"https:\\\/\\\/quehacerpolitico.mx\\\/\",\"name\":\"\",\"description\":\"\",\"potentialAction\":[{\"@type\":\"SearchAction\",\"target\":{\"@type\":\"EntryPoint\",\"urlTemplate\":\"https:\\\/\\\/quehacerpolitico.mx\\\/?s={search_term_string}\"},\"query-input\":{\"@type\":\"PropertyValueSpecification\",\"valueRequired\":true,\"valueName\":\"search_term_string\"}}],\"inLanguage\":\"es\"},{\"@type\":\"Person\",\"@id\":\"https:\\\/\\\/quehacerpolitico.mx\\\/#\\\/schema\\\/person\\\/496d8ad2d1d3f8036101dca7ee39e585\",\"name\":\"Redacci\u00f3n QP\",\"image\":{\"@type\":\"ImageObject\",\"inLanguage\":\"es\",\"@id\":\"https:\\\/\\\/secure.gravatar.com\\\/avatar\\\/c7164ed6fdec453195284ad24a5ae5b6e1eed2b848477fa2a4787ba9adf39a41?s=96&d=mm&r=g\",\"url\":\"https:\\\/\\\/secure.gravatar.com\\\/avatar\\\/c7164ed6fdec453195284ad24a5ae5b6e1eed2b848477fa2a4787ba9adf39a41?s=96&d=mm&r=g\",\"contentUrl\":\"https:\\\/\\\/secure.gravatar.com\\\/avatar\\\/c7164ed6fdec453195284ad24a5ae5b6e1eed2b848477fa2a4787ba9adf39a41?s=96&d=mm&r=g\",\"caption\":\"Redacci\u00f3n QP\"},\"url\":\"https:\\\/\\\/quehacerpolitico.mx\\\/?author=2\"}]}<\/script>\n<!-- \/ Yoast SEO plugin. -->","yoast_head_json":{"title":"Internacionales\/\/\/Carolina Alonso Romei\/\/\/Inglaterra eliminar\u00e1 la obligaci\u00f3n de aislamiento para los contagiados de COVID-19 -","robots":{"index":"index","follow":"follow","max-snippet":"max-snippet:-1","max-image-preview":"max-image-preview:large","max-video-preview":"max-video-preview:-1"},"canonical":"https:\/\/quehacerpolitico.mx\/?p=89963","og_locale":"es_MX","og_type":"article","og_title":"Internacionales\/\/\/Carolina Alonso Romei\/\/\/Inglaterra eliminar\u00e1 la obligaci\u00f3n de aislamiento para los contagiados de COVID-19 -","og_description":"Por Carolina Alonso Romei Internacionalista El Ejecutivo adelant\u00f3 que los sistemas de vigilancia y las...","og_url":"https:\/\/quehacerpolitico.mx\/?p=89963","article_published_time":"2022-02-20T15:39:15+00:00","article_modified_time":"2022-02-20T15:39:18+00:00","og_image":[{"width":1284,"height":699,"url":"https:\/\/quehacerpolitico.mx\/wp-content\/uploads\/2022\/02\/7F61E3B0-FE16-4668-8BC2-02FE628B7D2E.jpeg","type":"image\/jpeg"}],"author":"Redacci\u00f3n QP","twitter_card":"summary_large_image","twitter_misc":{"Escrito por":"Redacci\u00f3n QP","Tiempo de lectura":"3 minutos"},"schema":{"@context":"https:\/\/schema.org","@graph":[{"@type":"Article","@id":"https:\/\/quehacerpolitico.mx\/?p=89963#article","isPartOf":{"@id":"https:\/\/quehacerpolitico.mx\/?p=89963"},"author":{"name":"Redacci\u00f3n QP","@id":"https:\/\/quehacerpolitico.mx\/#\/schema\/person\/496d8ad2d1d3f8036101dca7ee39e585"},"headline":"Internacionales\/\/\/Carolina Alonso Romei\/\/\/Inglaterra eliminar\u00e1 la obligaci\u00f3n de aislamiento para los contagiados de COVID-19","datePublished":"2022-02-20T15:39:15+00:00","dateModified":"2022-02-20T15:39:18+00:00","mainEntityOfPage":{"@id":"https:\/\/quehacerpolitico.mx\/?p=89963"},"wordCount":647,"commentCount":0,"image":{"@id":"https:\/\/quehacerpolitico.mx\/?p=89963#primaryimage"},"thumbnailUrl":"https:\/\/quehacerpolitico.mx\/wp-content\/uploads\/2022\/02\/7F61E3B0-FE16-4668-8BC2-02FE628B7D2E.jpeg","articleSection":["Internacionales"],"inLanguage":"es","potentialAction":[{"@type":"CommentAction","name":"Comment","target":["https:\/\/quehacerpolitico.mx\/?p=89963#respond"]}]},{"@type":"WebPage","@id":"https:\/\/quehacerpolitico.mx\/?p=89963","url":"https:\/\/quehacerpolitico.mx\/?p=89963","name":"Internacionales\/\/\/Carolina Alonso Romei\/\/\/Inglaterra eliminar\u00e1 la obligaci\u00f3n de aislamiento para los contagiados de COVID-19 -","isPartOf":{"@id":"https:\/\/quehacerpolitico.mx\/#website"},"primaryImageOfPage":{"@id":"https:\/\/quehacerpolitico.mx\/?p=89963#primaryimage"},"image":{"@id":"https:\/\/quehacerpolitico.mx\/?p=89963#primaryimage"},"thumbnailUrl":"https:\/\/quehacerpolitico.mx\/wp-content\/uploads\/2022\/02\/7F61E3B0-FE16-4668-8BC2-02FE628B7D2E.jpeg","datePublished":"2022-02-20T15:39:15+00:00","dateModified":"2022-02-20T15:39:18+00:00","author":{"@id":"https:\/\/quehacerpolitico.mx\/#\/schema\/person\/496d8ad2d1d3f8036101dca7ee39e585"},"breadcrumb":{"@id":"https:\/\/quehacerpolitico.mx\/?p=89963#breadcrumb"},"inLanguage":"es","potentialAction":[{"@type":"ReadAction","target":["https:\/\/quehacerpolitico.mx\/?p=89963"]}]},{"@type":"ImageObject","inLanguage":"es","@id":"https:\/\/quehacerpolitico.mx\/?p=89963#primaryimage","url":"https:\/\/quehacerpolitico.mx\/wp-content\/uploads\/2022\/02\/7F61E3B0-FE16-4668-8BC2-02FE628B7D2E.jpeg","contentUrl":"https:\/\/quehacerpolitico.mx\/wp-content\/uploads\/2022\/02\/7F61E3B0-FE16-4668-8BC2-02FE628B7D2E.jpeg","width":1284,"height":699},{"@type":"BreadcrumbList","@id":"https:\/\/quehacerpolitico.mx\/?p=89963#breadcrumb","itemListElement":[{"@type":"ListItem","position":1,"name":"Inicio","item":"https:\/\/quehacerpolitico.mx\/"},{"@type":"ListItem","position":2,"name":"Internacionales\/\/\/Carolina Alonso Romei\/\/\/Inglaterra eliminar\u00e1 la obligaci\u00f3n de aislamiento para los contagiados de COVID-19"}]},{"@type":"WebSite","@id":"https:\/\/quehacerpolitico.mx\/#website","url":"https:\/\/quehacerpolitico.mx\/","name":"","description":"","potentialAction":[{"@type":"SearchAction","target":{"@type":"EntryPoint","urlTemplate":"https:\/\/quehacerpolitico.mx\/?s={search_term_string}"},"query-input":{"@type":"PropertyValueSpecification","valueRequired":true,"valueName":"search_term_string"}}],"inLanguage":"es"},{"@type":"Person","@id":"https:\/\/quehacerpolitico.mx\/#\/schema\/person\/496d8ad2d1d3f8036101dca7ee39e585","name":"Redacci\u00f3n QP","image":{"@type":"ImageObject","inLanguage":"es","@id":"https:\/\/secure.gravatar.com\/avatar\/c7164ed6fdec453195284ad24a5ae5b6e1eed2b848477fa2a4787ba9adf39a41?s=96&d=mm&r=g","url":"https:\/\/secure.gravatar.com\/avatar\/c7164ed6fdec453195284ad24a5ae5b6e1eed2b848477fa2a4787ba9adf39a41?s=96&d=mm&r=g","contentUrl":"https:\/\/secure.gravatar.com\/avatar\/c7164ed6fdec453195284ad24a5ae5b6e1eed2b848477fa2a4787ba9adf39a41?s=96&d=mm&r=g","caption":"Redacci\u00f3n QP"},"url":"https:\/\/quehacerpolitico.mx\/?author=2"}]}},"featured_image_urls":{"full":["https:\/\/quehacerpolitico.mx\/wp-content\/uploads\/2022\/02\/7F61E3B0-FE16-4668-8BC2-02FE628B7D2E.jpeg",1284,699,false],"thumbnail":["https:\/\/quehacerpolitico.mx\/wp-content\/uploads\/2022\/02\/7F61E3B0-FE16-4668-8BC2-02FE628B7D2E-150x150.jpeg",150,150,true],"medium":["https:\/\/quehacerpolitico.mx\/wp-content\/uploads\/2022\/02\/7F61E3B0-FE16-4668-8BC2-02FE628B7D2E-300x163.jpeg",300,163,true],"medium_large":["https:\/\/quehacerpolitico.mx\/wp-content\/uploads\/2022\/02\/7F61E3B0-FE16-4668-8BC2-02FE628B7D2E-768x418.jpeg",640,348,true],"large":["https:\/\/quehacerpolitico.mx\/wp-content\/uploads\/2022\/02\/7F61E3B0-FE16-4668-8BC2-02FE628B7D2E-1024x557.jpeg",640,348,true],"1536x1536":["https:\/\/quehacerpolitico.mx\/wp-content\/uploads\/2022\/02\/7F61E3B0-FE16-4668-8BC2-02FE628B7D2E.jpeg",1284,699,false],"2048x2048":["https:\/\/quehacerpolitico.mx\/wp-content\/uploads\/2022\/02\/7F61E3B0-FE16-4668-8BC2-02FE628B7D2E.jpeg",1284,699,false],"covernews-featured":["https:\/\/quehacerpolitico.mx\/wp-content\/uploads\/2022\/02\/7F61E3B0-FE16-4668-8BC2-02FE628B7D2E.jpeg",1024,557,false],"covernews-medium":["https:\/\/quehacerpolitico.mx\/wp-content\/uploads\/2022\/02\/7F61E3B0-FE16-4668-8BC2-02FE628B7D2E.jpeg",540,294,false]},"author_info":{"display_name":"Redacci\u00f3n QP","author_link":"https:\/\/quehacerpolitico.mx\/?author=2"},"category_info":"<a href=\"https:\/\/quehacerpolitico.mx\/?cat=1\" rel=\"category\">Internacionales<\/a>","tag_info":"Internacionales","comment_count":"0","_links":{"self":[{"href":"https:\/\/quehacerpolitico.mx\/index.php?rest_route=\/wp\/v2\/posts\/89963","targetHints":{"allow":["GET"]}}],"collection":[{"href":"https:\/\/quehacerpolitico.mx\/index.php?rest_route=\/wp\/v2\/posts"}],"about":[{"href":"https:\/\/quehacerpolitico.mx\/index.php?rest_route=\/wp\/v2\/types\/post"}],"author":[{"embeddable":true,"href":"https:\/\/quehacerpolitico.mx\/index.php?rest_route=\/wp\/v2\/users\/2"}],"replies":[{"embeddable":true,"href":"https:\/\/quehacerpolitico.mx\/index.php?rest_route=%2Fwp%2Fv2%2Fcomments&post=89963"}],"version-history":[{"count":1,"href":"https:\/\/quehacerpolitico.mx\/index.php?rest_route=\/wp\/v2\/posts\/89963\/revisions"}],"predecessor-version":[{"id":89965,"href":"https:\/\/quehacerpolitico.mx\/index.php?rest_route=\/wp\/v2\/posts\/89963\/revisions\/89965"}],"wp:featuredmedia":[{"embeddable":true,"href":"https:\/\/quehacerpolitico.mx\/index.php?rest_route=\/wp\/v2\/media\/89964"}],"wp:attachment":[{"href":"https:\/\/quehacerpolitico.mx\/index.php?rest_route=%2Fwp%2Fv2%2Fmedia&parent=89963"}],"wp:term":[{"taxonomy":"category","embeddable":true,"href":"https:\/\/quehacerpolitico.mx\/index.php?rest_route=%2Fwp%2Fv2%2Fcategories&post=89963"},{"taxonomy":"post_tag","embeddable":true,"href":"https:\/\/quehacerpolitico.mx\/index.php?rest_route=%2Fwp%2Fv2%2Ftags&post=89963"}],"curies":[{"name":"wp","href":"https:\/\/api.w.org\/{rel}","templated":true}]}}