{"id":89938,"date":"2022-02-18T19:10:29","date_gmt":"2022-02-18T19:10:29","guid":{"rendered":"https:\/\/quehacerpolitico.mx\/?p=89938"},"modified":"2022-02-18T19:10:47","modified_gmt":"2022-02-18T19:10:47","slug":"roberto-palazuelos-decide-bajarse-del-proceso-a-la-gubernatura-de-quintana-roo","status":"publish","type":"post","link":"https:\/\/quehacerpolitico.mx\/?p=89938","title":{"rendered":"Roberto Palazuelos decide bajarse del proceso a la gubernatura de Quintana Roo\u00a0"},"content":{"rendered":"\n<p>Por Redacci\u00f3n QP<\/p>\n\n\n\n<p>El actor aclara qu\u00e9 lo hizo tomar esa decisi\u00f3n y qu\u00e9 es lo que le espera<\/p>\n\n\n\n<p>El actor Roberto Palazuelos&nbsp;<strong>decidi\u00f3 \u201cbajarse\u201d del proceso a la candidatura para gobernar Quintana Roo.<\/strong><\/p>\n\n\n\n<p>Lo anterior, dijo,&nbsp;<strong>luego de&nbsp;escuchar del dirigente nacional de Movimiento Ciudadano, Dante Delgado,<\/strong>&nbsp;que la militancia est\u00e1 renuente a su postulaci\u00f3n por temor a que afecte la \u201cmarca pol\u00edtica\u201d, luego de las declaraciones y esc\u00e1ndalos en los que se ha visto envuelto.<\/p>\n\n\n\n<p>\u00a0A\u00f1di\u00f3 que \u201clo vi muy presionado, muy preocupado por su marca y pues, le dije que mejor me hago a un lado y me respondi\u00f3 que s\u00ed, que era mejor que me hiciera a un lado\u201d.<\/p>\n\n\n\n<p>\u201cMe bajo antes de que me bajen, porque&nbsp;hay un grupo dentro de MC que se siente ofendido y preocupado por mis declaraciones&nbsp;y c\u00f3mo pueden manchar la imagen de la marca\u201d, expres\u00f3.<\/p>\n\n\n\n<p>El \u201cDiamante Negro\u201d descart\u00f3 que la decisi\u00f3n tenga que ver con acuerdos pol\u00edticos de alto nivel.<\/p>\n\n\n\n<figure class=\"wp-block-image size-large\"><img loading=\"lazy\" decoding=\"async\" width=\"603\" height=\"1024\" src=\"https:\/\/quehacerpolitico.mx\/wp-content\/uploads\/2022\/02\/image-149-603x1024.jpeg\" alt=\"\" class=\"wp-image-89940\" srcset=\"https:\/\/quehacerpolitico.mx\/wp-content\/uploads\/2022\/02\/image-149-603x1024.jpeg 603w, https:\/\/quehacerpolitico.mx\/wp-content\/uploads\/2022\/02\/image-149-177x300.jpeg 177w, https:\/\/quehacerpolitico.mx\/wp-content\/uploads\/2022\/02\/image-149-768x1305.jpeg 768w, https:\/\/quehacerpolitico.mx\/wp-content\/uploads\/2022\/02\/image-149-904x1536.jpeg 904w, https:\/\/quehacerpolitico.mx\/wp-content\/uploads\/2022\/02\/image-149-1206x2048.jpeg 1206w, https:\/\/quehacerpolitico.mx\/wp-content\/uploads\/2022\/02\/image-149-86x146.jpeg 86w, https:\/\/quehacerpolitico.mx\/wp-content\/uploads\/2022\/02\/image-149-29x50.jpeg 29w, https:\/\/quehacerpolitico.mx\/wp-content\/uploads\/2022\/02\/image-149-44x75.jpeg 44w, https:\/\/quehacerpolitico.mx\/wp-content\/uploads\/2022\/02\/image-149.jpeg 1284w\" sizes=\"auto, (max-width: 603px) 100vw, 603px\" \/><\/figure>\n\n\n\n<h2 class=\"wp-block-heading\" id=\"si-no-me-quieren-a-que-me-quedo\">\u201cSi no me quieren, \u00bfa qu\u00e9 me quedo?<\/h2>\n\n\n\n<p>El actor Roberto Palazuelos coment\u00f3&nbsp;que se va con la frente en alto y que regresar\u00e1 a sus negocios y al escenario.<\/p>\n\n\n\n<p>&#8220;Me voy, enorme en las encuestas, sabiendo que<strong>&nbsp;yo representaba la \u00fanica oposici\u00f3n real y el \u00fanico que pod\u00eda ganar era yo<\/strong>. Regresar\u00e9 a mis negocios y tambi\u00e9n aclarar\u00e9 en juzgados las calumnias de las que fui objeto&#8221;.<\/p>\n\n\n\n<p>\u201cTambi\u00e9n me voy preocupado por la situaci\u00f3n del estado, porque le quitaron la esperanza a Quintana Roo.&nbsp;Yo perd\u00ed la candidatura, pero gan\u00e9 una amistad en Dante Delgado, que es uno de esos pol\u00edticos que ya no hay. Se lo perdieron ellos (MC), Quintana Roo y M\u00e9xico, porque si Quintana Roo pierde calidad de vida, pierde la naci\u00f3n\u201d, consider\u00f3.<\/p>\n\n\n\n<p>Sobre el senador de Morena, Jos\u00e9 Luis Pech, quien podr\u00eda ser designado candidato, Palazuelos&nbsp;<strong>lo describi\u00f3 como un hombre por el cual siente un gran respeto, que en las encuestas no sale tan bien parado en posicionamiento<\/strong>, pero es el que menos negativos registra.<\/p>\n\n\n\n<p>\u201cEso es sumamente importante, porque lo coloca como una persona decente, y eso es muy importante\u201d, subray\u00f3, al responder que Dante no le confirm\u00f3 si el senador ser\u00eda el elegido.&nbsp;<\/p>\n\n\n\n<h2 class=\"wp-block-heading\" id=\"la-definicion-es-manana-durante-la-asamblea\">La definici\u00f3n es ma\u00f1ana durante la Asamblea<\/h2>\n\n\n\n<p>La definici\u00f3n se dar\u00e1 ma\u00f1ana durante la Asamblea que sostenga el partido, siendo uno de los puntos que se abordar\u00e1n.<\/p>\n\n\n\n<figure class=\"wp-block-embed is-type-rich is-provider-twitter wp-block-embed-twitter\"><div class=\"wp-block-embed__wrapper\">\n<blockquote class=\"twitter-tweet\" data-width=\"550\" data-dnt=\"true\"><p lang=\"es\" dir=\"ltr\">\ud83d\udd34Este s\u00e1bado deciden el futuro de <a href=\"https:\/\/twitter.com\/robpalazuelos?ref_src=twsrc%5Etfw\">@robpalazuelos<\/a>.<br><br>Esta es la convocatoria para la sesi\u00f3n extraordinaria de <a href=\"https:\/\/twitter.com\/MovCiudadanoMX?ref_src=twsrc%5Etfw\">@MovCiudadanoMX<\/a>.<br><br>El punto 8 ser\u00e1 la elecci\u00f3n de la persona candidata en Quintana Roo.<br><br>Abajo, las firmas de <a href=\"https:\/\/twitter.com\/DanteDelgado?ref_src=twsrc%5Etfw\">@DanteDelgado<\/a> y <a href=\"https:\/\/twitter.com\/JZavalaGt?ref_src=twsrc%5Etfw\">@JZavalaGt<\/a>. <a href=\"https:\/\/t.co\/94ucfHgsti\">pic.twitter.com\/94ucfHgsti<\/a><\/p>&mdash; Enrique Hern\u00e1ndez Alc\u00e1zar (@EnriqueEnVivo) <a href=\"https:\/\/twitter.com\/EnriqueEnVivo\/status\/1494403826182406144?ref_src=twsrc%5Etfw\">February 17, 2022<\/a><\/blockquote><script async src=\"https:\/\/platform.twitter.com\/widgets.js\" charset=\"utf-8\"><\/script>\n<\/div><\/figure>\n\n\n\n<h2 class=\"wp-block-heading\" id=\"cuales-fueron-sus-comentarios-polemicos\">\u00bfCu\u00e1les fueron sus comentarios pol\u00e9micos?<\/h2>\n\n\n\n<h2 class=\"wp-block-heading\" id=\"declara-ajustaremos-cuentas\">Declara: &#8220;Ajustaremos cuentas&#8221;<\/h2>\n\n\n\n<p>El ex\u00a0precandidato al gobierno de Quintana Roo, Roberto Palazuelos, lanz\u00f3 el pasado 4\u00a0 de febrero\u00a0una fuerte advertencia a todos sus opositores\u00a0al asegurar en un programa televisivo que\u00a0ajustaria cuentas con sus adversarios cuando llegara al poder.<\/p>\n\n\n\n<p>\u201cA m\u00ed ninguna guerra sucia me va a parar y todas esas gentes que est\u00e1n difam\u00e1ndome, que est\u00e1n haciendo cosas, yo estoy apuntando (&#8230;) y estoy tomando nota. Ya llegar\u00e1 el momento cuando yo sea titular del Ejecutivo que ajustemos cuentas\u201d, dijo ese d\u00eda.<\/p>\n\n\n\n<h2 class=\"wp-block-heading\" id=\"se-retracta\">Se retracta<\/h2>\n\n\n\n<p>Al d\u00eda siguiente de esas declaraciones se retract\u00f3 y\u00a0reconoci\u00f3 que \u201del poder no es para ajustar cuentas. Las revanchas personales no son justicia&#8221;.<\/p>\n\n\n\n<p>&#8220;Mi meta es la justicia, no la revancha&#8221;.&nbsp;Quiero que el poder p\u00fablico sirva para que nadie viva injusticias ni calumnias. Para que el sistema trabaje para la gente&nbsp;y no en perseguir adversarios pol\u00edticos&#8221;.&nbsp;<\/p>\n\n\n\n<h2 class=\"wp-block-heading\" id=\"palazuelos-presume-haber-participado-en-asesinato\">Palazuelos presume haber participado en asesinato<\/h2>\n\n\n\n<p>El 7 de febrero, internautas retomaron una entrevista en la que\u00a0Palazuelos admiti\u00f3 haber participado en una trifulca a balazos en la que, seg\u00fan confes\u00f3, murieron dos personas.<\/p>\n\n\n\n<p>\u201cMatamos al gordo, matamos a otro wey\u201d, confes\u00f3; sin embargo, dijo que por su \u201cconocimiento jur\u00eddico\u201d se trataba de \u201cleg\u00edtima defensa\u201d.<\/p>\n\n\n\n<p>Tras la difusi\u00f3n del video, el actor\u00a0dijo que el nunca mato a nadie y que Morena hab\u00eda lanzado una campa\u00f1a en su contra para desprestigiarlo.<\/p>\n\n\n\n<p>&#8220;Yo nunca mat\u00e9 a nadie, yo dispar\u00e9 al aire, disuad\u00ed al aire, ten\u00eda una&nbsp;portaci\u00f3n&nbsp;de arma&nbsp;de la Defensa, no tengo antecedentes penales, nunca he matado a nadie y est\u00e1n haciendo todo este rollo porque quieren tapar los esc\u00e1ndalos de la casa en Houston&#8221;, acus\u00f3.<\/p>\n\n\n\n<h2 class=\"wp-block-heading\" id=\"se-pronunciaron-en-contra-de-palazuelos\">Se pronunciaron en contra&nbsp;de Palazuelos<\/h2>\n\n\n\n<p><strong>La senadora Patricia Mercado<\/strong>&nbsp;calific\u00f3 a principios de febrero de &#8220;grav\u00edsimo&#8221; que el precandidato haya amenazado con un &#8220;ajuste de cuentas&#8221; a una mujer que defendi\u00f3 sus derechos laborales.<\/p>\n\n\n\n<p>&#8220;Es inadmisible amenazar con usar un eventual poder como gobernador para tomar venganzas personales&#8221;, se\u00f1al\u00f3 la legisladora en su cuenta de Twitter.<\/p>\n\n\n\n<p>Por su parte, &nbsp;<strong>el coordinador de los diputados de Movimiento Ciudadano (MC), Jorge \u00c1lvarez Maynez,&nbsp;<\/strong>coincidi\u00f3 en esa ocasi\u00f3n y dijo que &#8220;el poder no es para ajustar cuentas. Las revanchas personales no son justicia&#8221;.<\/p>\n\n\n\n<p>A\u00f1adi\u00f3 en sus redes sociales que eso &#8220;hay que dej\u00e1rselo claro a los candidatos y a un presidente que persigue a quienes piensan distinto con los instrumentos del poder p\u00fablico. En Movimiento Ciudadano estamos obligados a ser distintos&#8221;.<\/p>\n\n\n\n<p>E<strong>l dirigente del Morena en Quintana Roo, Humberto Aldana Navarro,<\/strong>&nbsp;advirti\u00f3 que &#8220;un asesino confeso&#8221; no debe gobernar el Estado.<\/p>\n\n\n\n<p>Aldana Navarro consider\u00f3 lamentable &#8220;la frivolidad que vemos, hasta d\u00f3nde ha ca\u00eddo el nivel de la pol\u00edtica&#8221; y afirm\u00f3 que debe impedirse que el patrimonio de la poblaci\u00f3n de la entidad &#8220;se convierta nuevamente en tesoro de piratas que s\u00f3lo miran por sus intereses, viven de apariencias y nada aportan a la soluci\u00f3n de los problemas urgentes como el combate a la pobreza&#8221;.<\/p>\n\n\n\n<p>Ligado con lideres de los carteles como el del Golfo<\/p>\n\n\n\n<figure class=\"wp-block-embed is-type-rich is-provider-twitter wp-block-embed-twitter\"><div class=\"wp-block-embed__wrapper\">\n<blockquote class=\"twitter-tweet\" data-width=\"550\" data-dnt=\"true\"><p lang=\"es\" dir=\"ltr\">\ud83d\udea8\u00a1ROBERTO PALAZUELOS CON EL EXL\u00cdDER DEL C\u00c1RTEL DEL GOLFO! <br><br>S\u00ed, as\u00ed como lo ven, el presunto candidato de <a href=\"https:\/\/twitter.com\/MovCiudadanoMX?ref_src=twsrc%5Etfw\">@MovCiudadanoMX<\/a> para gobernar Quintana Roo, code\u00e1ndose con los narcos. <br><br>\u00bfSorprendidos? Yo no \ud83d\udc85 <a href=\"https:\/\/t.co\/MwjwJt23VT\">pic.twitter.com\/MwjwJt23VT<\/a><\/p>&mdash; Ruido en la Red (@RuidoEnLaRed) <a href=\"https:\/\/twitter.com\/RuidoEnLaRed\/status\/1494703948275589129?ref_src=twsrc%5Etfw\">February 18, 2022<\/a><\/blockquote><script async src=\"https:\/\/platform.twitter.com\/widgets.js\" charset=\"utf-8\"><\/script>\n<\/div><\/figure>\n","protected":false},"excerpt":{"rendered":"<p>Por Redacci\u00f3n QP El actor aclara qu\u00e9 lo hizo tomar esa decisi\u00f3n y qu\u00e9 es&#8230;<\/p>\n","protected":false},"author":2,"featured_media":89941,"comment_status":"open","ping_status":"open","sticky":false,"template":"","format":"standard","meta":{"_monsterinsights_skip_tracking":false,"_monsterinsights_sitenote_active":false,"_monsterinsights_sitenote_note":"","_monsterinsights_sitenote_category":0,"footnotes":""},"categories":[2],"tags":[],"class_list":["post-89938","post","type-post","status-publish","format-standard","has-post-thumbnail","hentry","category-noticias"],"yoast_head":"<!-- This site is optimized with the Yoast SEO plugin v27.3 - https:\/\/yoast.com\/product\/yoast-seo-wordpress\/ -->\n<title>Roberto Palazuelos decide bajarse del proceso a la gubernatura de Quintana Roo\u00a0 -<\/title>\n<meta name=\"robots\" content=\"index, follow, max-snippet:-1, max-image-preview:large, max-video-preview:-1\" \/>\n<link rel=\"canonical\" href=\"https:\/\/quehacerpolitico.mx\/?p=89938\" \/>\n<meta property=\"og:locale\" content=\"es_MX\" \/>\n<meta property=\"og:type\" content=\"article\" \/>\n<meta property=\"og:title\" content=\"Roberto Palazuelos decide bajarse del proceso a la gubernatura de Quintana Roo\u00a0 -\" \/>\n<meta property=\"og:description\" content=\"Por Redacci\u00f3n QP El actor aclara qu\u00e9 lo hizo tomar esa decisi\u00f3n y qu\u00e9 es...\" \/>\n<meta property=\"og:url\" content=\"https:\/\/quehacerpolitico.mx\/?p=89938\" \/>\n<meta property=\"article:published_time\" content=\"2022-02-18T19:10:29+00:00\" \/>\n<meta property=\"article:modified_time\" content=\"2022-02-18T19:10:47+00:00\" \/>\n<meta property=\"og:image\" content=\"https:\/\/quehacerpolitico.mx\/wp-content\/uploads\/2022\/02\/019A5AA6-AA55-4BB2-B4A3-A7919A3B3CAB.webp\" \/>\n\t<meta property=\"og:image:width\" content=\"1960\" \/>\n\t<meta property=\"og:image:height\" content=\"1305\" \/>\n\t<meta property=\"og:image:type\" content=\"image\/webp\" \/>\n<meta name=\"author\" content=\"Redacci\u00f3n QP\" \/>\n<meta name=\"twitter:card\" content=\"summary_large_image\" \/>\n<meta name=\"twitter:label1\" content=\"Escrito por\" \/>\n\t<meta name=\"twitter:data1\" content=\"Redacci\u00f3n QP\" \/>\n\t<meta name=\"twitter:label2\" content=\"Tiempo de lectura\" \/>\n\t<meta name=\"twitter:data2\" content=\"5 minutos\" \/>\n<script type=\"application\/ld+json\" class=\"yoast-schema-graph\">{\"@context\":\"https:\\\/\\\/schema.org\",\"@graph\":[{\"@type\":\"Article\",\"@id\":\"https:\\\/\\\/quehacerpolitico.mx\\\/?p=89938#article\",\"isPartOf\":{\"@id\":\"https:\\\/\\\/quehacerpolitico.mx\\\/?p=89938\"},\"author\":{\"name\":\"Redacci\u00f3n QP\",\"@id\":\"https:\\\/\\\/quehacerpolitico.mx\\\/#\\\/schema\\\/person\\\/496d8ad2d1d3f8036101dca7ee39e585\"},\"headline\":\"Roberto Palazuelos decide bajarse del proceso a la gubernatura de Quintana Roo\u00a0\",\"datePublished\":\"2022-02-18T19:10:29+00:00\",\"dateModified\":\"2022-02-18T19:10:47+00:00\",\"mainEntityOfPage\":{\"@id\":\"https:\\\/\\\/quehacerpolitico.mx\\\/?p=89938\"},\"wordCount\":990,\"commentCount\":0,\"image\":{\"@id\":\"https:\\\/\\\/quehacerpolitico.mx\\\/?p=89938#primaryimage\"},\"thumbnailUrl\":\"https:\\\/\\\/quehacerpolitico.mx\\\/wp-content\\\/uploads\\\/2022\\\/02\\\/019A5AA6-AA55-4BB2-B4A3-A7919A3B3CAB.webp\",\"articleSection\":[\"Noticias\"],\"inLanguage\":\"es\",\"potentialAction\":[{\"@type\":\"CommentAction\",\"name\":\"Comment\",\"target\":[\"https:\\\/\\\/quehacerpolitico.mx\\\/?p=89938#respond\"]}]},{\"@type\":\"WebPage\",\"@id\":\"https:\\\/\\\/quehacerpolitico.mx\\\/?p=89938\",\"url\":\"https:\\\/\\\/quehacerpolitico.mx\\\/?p=89938\",\"name\":\"Roberto Palazuelos decide bajarse del proceso a la gubernatura de Quintana Roo\u00a0 -\",\"isPartOf\":{\"@id\":\"https:\\\/\\\/quehacerpolitico.mx\\\/#website\"},\"primaryImageOfPage\":{\"@id\":\"https:\\\/\\\/quehacerpolitico.mx\\\/?p=89938#primaryimage\"},\"image\":{\"@id\":\"https:\\\/\\\/quehacerpolitico.mx\\\/?p=89938#primaryimage\"},\"thumbnailUrl\":\"https:\\\/\\\/quehacerpolitico.mx\\\/wp-content\\\/uploads\\\/2022\\\/02\\\/019A5AA6-AA55-4BB2-B4A3-A7919A3B3CAB.webp\",\"datePublished\":\"2022-02-18T19:10:29+00:00\",\"dateModified\":\"2022-02-18T19:10:47+00:00\",\"author\":{\"@id\":\"https:\\\/\\\/quehacerpolitico.mx\\\/#\\\/schema\\\/person\\\/496d8ad2d1d3f8036101dca7ee39e585\"},\"breadcrumb\":{\"@id\":\"https:\\\/\\\/quehacerpolitico.mx\\\/?p=89938#breadcrumb\"},\"inLanguage\":\"es\",\"potentialAction\":[{\"@type\":\"ReadAction\",\"target\":[\"https:\\\/\\\/quehacerpolitico.mx\\\/?p=89938\"]}]},{\"@type\":\"ImageObject\",\"inLanguage\":\"es\",\"@id\":\"https:\\\/\\\/quehacerpolitico.mx\\\/?p=89938#primaryimage\",\"url\":\"https:\\\/\\\/quehacerpolitico.mx\\\/wp-content\\\/uploads\\\/2022\\\/02\\\/019A5AA6-AA55-4BB2-B4A3-A7919A3B3CAB.webp\",\"contentUrl\":\"https:\\\/\\\/quehacerpolitico.mx\\\/wp-content\\\/uploads\\\/2022\\\/02\\\/019A5AA6-AA55-4BB2-B4A3-A7919A3B3CAB.webp\",\"width\":1960,\"height\":1305},{\"@type\":\"BreadcrumbList\",\"@id\":\"https:\\\/\\\/quehacerpolitico.mx\\\/?p=89938#breadcrumb\",\"itemListElement\":[{\"@type\":\"ListItem\",\"position\":1,\"name\":\"Inicio\",\"item\":\"https:\\\/\\\/quehacerpolitico.mx\\\/\"},{\"@type\":\"ListItem\",\"position\":2,\"name\":\"Roberto Palazuelos decide bajarse del proceso a la gubernatura de Quintana Roo\u00a0\"}]},{\"@type\":\"WebSite\",\"@id\":\"https:\\\/\\\/quehacerpolitico.mx\\\/#website\",\"url\":\"https:\\\/\\\/quehacerpolitico.mx\\\/\",\"name\":\"\",\"description\":\"\",\"potentialAction\":[{\"@type\":\"SearchAction\",\"target\":{\"@type\":\"EntryPoint\",\"urlTemplate\":\"https:\\\/\\\/quehacerpolitico.mx\\\/?s={search_term_string}\"},\"query-input\":{\"@type\":\"PropertyValueSpecification\",\"valueRequired\":true,\"valueName\":\"search_term_string\"}}],\"inLanguage\":\"es\"},{\"@type\":\"Person\",\"@id\":\"https:\\\/\\\/quehacerpolitico.mx\\\/#\\\/schema\\\/person\\\/496d8ad2d1d3f8036101dca7ee39e585\",\"name\":\"Redacci\u00f3n QP\",\"image\":{\"@type\":\"ImageObject\",\"inLanguage\":\"es\",\"@id\":\"https:\\\/\\\/secure.gravatar.com\\\/avatar\\\/c7164ed6fdec453195284ad24a5ae5b6e1eed2b848477fa2a4787ba9adf39a41?s=96&d=mm&r=g\",\"url\":\"https:\\\/\\\/secure.gravatar.com\\\/avatar\\\/c7164ed6fdec453195284ad24a5ae5b6e1eed2b848477fa2a4787ba9adf39a41?s=96&d=mm&r=g\",\"contentUrl\":\"https:\\\/\\\/secure.gravatar.com\\\/avatar\\\/c7164ed6fdec453195284ad24a5ae5b6e1eed2b848477fa2a4787ba9adf39a41?s=96&d=mm&r=g\",\"caption\":\"Redacci\u00f3n QP\"},\"url\":\"https:\\\/\\\/quehacerpolitico.mx\\\/?author=2\"}]}<\/script>\n<!-- \/ Yoast SEO plugin. -->","yoast_head_json":{"title":"Roberto Palazuelos decide bajarse del proceso a la gubernatura de Quintana Roo\u00a0 -","robots":{"index":"index","follow":"follow","max-snippet":"max-snippet:-1","max-image-preview":"max-image-preview:large","max-video-preview":"max-video-preview:-1"},"canonical":"https:\/\/quehacerpolitico.mx\/?p=89938","og_locale":"es_MX","og_type":"article","og_title":"Roberto Palazuelos decide bajarse del proceso a la gubernatura de Quintana Roo\u00a0 -","og_description":"Por Redacci\u00f3n QP El actor aclara qu\u00e9 lo hizo tomar esa decisi\u00f3n y qu\u00e9 es...","og_url":"https:\/\/quehacerpolitico.mx\/?p=89938","article_published_time":"2022-02-18T19:10:29+00:00","article_modified_time":"2022-02-18T19:10:47+00:00","og_image":[{"width":1960,"height":1305,"url":"https:\/\/quehacerpolitico.mx\/wp-content\/uploads\/2022\/02\/019A5AA6-AA55-4BB2-B4A3-A7919A3B3CAB.webp","type":"image\/webp"}],"author":"Redacci\u00f3n QP","twitter_card":"summary_large_image","twitter_misc":{"Escrito por":"Redacci\u00f3n QP","Tiempo de lectura":"5 minutos"},"schema":{"@context":"https:\/\/schema.org","@graph":[{"@type":"Article","@id":"https:\/\/quehacerpolitico.mx\/?p=89938#article","isPartOf":{"@id":"https:\/\/quehacerpolitico.mx\/?p=89938"},"author":{"name":"Redacci\u00f3n QP","@id":"https:\/\/quehacerpolitico.mx\/#\/schema\/person\/496d8ad2d1d3f8036101dca7ee39e585"},"headline":"Roberto Palazuelos decide bajarse del proceso a la gubernatura de Quintana Roo\u00a0","datePublished":"2022-02-18T19:10:29+00:00","dateModified":"2022-02-18T19:10:47+00:00","mainEntityOfPage":{"@id":"https:\/\/quehacerpolitico.mx\/?p=89938"},"wordCount":990,"commentCount":0,"image":{"@id":"https:\/\/quehacerpolitico.mx\/?p=89938#primaryimage"},"thumbnailUrl":"https:\/\/quehacerpolitico.mx\/wp-content\/uploads\/2022\/02\/019A5AA6-AA55-4BB2-B4A3-A7919A3B3CAB.webp","articleSection":["Noticias"],"inLanguage":"es","potentialAction":[{"@type":"CommentAction","name":"Comment","target":["https:\/\/quehacerpolitico.mx\/?p=89938#respond"]}]},{"@type":"WebPage","@id":"https:\/\/quehacerpolitico.mx\/?p=89938","url":"https:\/\/quehacerpolitico.mx\/?p=89938","name":"Roberto Palazuelos decide bajarse del proceso a la gubernatura de Quintana Roo\u00a0 -","isPartOf":{"@id":"https:\/\/quehacerpolitico.mx\/#website"},"primaryImageOfPage":{"@id":"https:\/\/quehacerpolitico.mx\/?p=89938#primaryimage"},"image":{"@id":"https:\/\/quehacerpolitico.mx\/?p=89938#primaryimage"},"thumbnailUrl":"https:\/\/quehacerpolitico.mx\/wp-content\/uploads\/2022\/02\/019A5AA6-AA55-4BB2-B4A3-A7919A3B3CAB.webp","datePublished":"2022-02-18T19:10:29+00:00","dateModified":"2022-02-18T19:10:47+00:00","author":{"@id":"https:\/\/quehacerpolitico.mx\/#\/schema\/person\/496d8ad2d1d3f8036101dca7ee39e585"},"breadcrumb":{"@id":"https:\/\/quehacerpolitico.mx\/?p=89938#breadcrumb"},"inLanguage":"es","potentialAction":[{"@type":"ReadAction","target":["https:\/\/quehacerpolitico.mx\/?p=89938"]}]},{"@type":"ImageObject","inLanguage":"es","@id":"https:\/\/quehacerpolitico.mx\/?p=89938#primaryimage","url":"https:\/\/quehacerpolitico.mx\/wp-content\/uploads\/2022\/02\/019A5AA6-AA55-4BB2-B4A3-A7919A3B3CAB.webp","contentUrl":"https:\/\/quehacerpolitico.mx\/wp-content\/uploads\/2022\/02\/019A5AA6-AA55-4BB2-B4A3-A7919A3B3CAB.webp","width":1960,"height":1305},{"@type":"BreadcrumbList","@id":"https:\/\/quehacerpolitico.mx\/?p=89938#breadcrumb","itemListElement":[{"@type":"ListItem","position":1,"name":"Inicio","item":"https:\/\/quehacerpolitico.mx\/"},{"@type":"ListItem","position":2,"name":"Roberto Palazuelos decide bajarse del proceso a la gubernatura de Quintana Roo\u00a0"}]},{"@type":"WebSite","@id":"https:\/\/quehacerpolitico.mx\/#website","url":"https:\/\/quehacerpolitico.mx\/","name":"","description":"","potentialAction":[{"@type":"SearchAction","target":{"@type":"EntryPoint","urlTemplate":"https:\/\/quehacerpolitico.mx\/?s={search_term_string}"},"query-input":{"@type":"PropertyValueSpecification","valueRequired":true,"valueName":"search_term_string"}}],"inLanguage":"es"},{"@type":"Person","@id":"https:\/\/quehacerpolitico.mx\/#\/schema\/person\/496d8ad2d1d3f8036101dca7ee39e585","name":"Redacci\u00f3n QP","image":{"@type":"ImageObject","inLanguage":"es","@id":"https:\/\/secure.gravatar.com\/avatar\/c7164ed6fdec453195284ad24a5ae5b6e1eed2b848477fa2a4787ba9adf39a41?s=96&d=mm&r=g","url":"https:\/\/secure.gravatar.com\/avatar\/c7164ed6fdec453195284ad24a5ae5b6e1eed2b848477fa2a4787ba9adf39a41?s=96&d=mm&r=g","contentUrl":"https:\/\/secure.gravatar.com\/avatar\/c7164ed6fdec453195284ad24a5ae5b6e1eed2b848477fa2a4787ba9adf39a41?s=96&d=mm&r=g","caption":"Redacci\u00f3n QP"},"url":"https:\/\/quehacerpolitico.mx\/?author=2"}]}},"featured_image_urls":{"full":["https:\/\/quehacerpolitico.mx\/wp-content\/uploads\/2022\/02\/019A5AA6-AA55-4BB2-B4A3-A7919A3B3CAB.webp",1960,1305,false],"thumbnail":["https:\/\/quehacerpolitico.mx\/wp-content\/uploads\/2022\/02\/019A5AA6-AA55-4BB2-B4A3-A7919A3B3CAB-150x150.webp",150,150,true],"medium":["https:\/\/quehacerpolitico.mx\/wp-content\/uploads\/2022\/02\/019A5AA6-AA55-4BB2-B4A3-A7919A3B3CAB-300x200.webp",300,200,true],"medium_large":["https:\/\/quehacerpolitico.mx\/wp-content\/uploads\/2022\/02\/019A5AA6-AA55-4BB2-B4A3-A7919A3B3CAB-768x511.webp",640,426,true],"large":["https:\/\/quehacerpolitico.mx\/wp-content\/uploads\/2022\/02\/019A5AA6-AA55-4BB2-B4A3-A7919A3B3CAB-1024x682.webp",640,426,true],"1536x1536":["https:\/\/quehacerpolitico.mx\/wp-content\/uploads\/2022\/02\/019A5AA6-AA55-4BB2-B4A3-A7919A3B3CAB-1536x1023.webp",1536,1023,true],"2048x2048":["https:\/\/quehacerpolitico.mx\/wp-content\/uploads\/2022\/02\/019A5AA6-AA55-4BB2-B4A3-A7919A3B3CAB.webp",1960,1305,false],"covernews-featured":["https:\/\/quehacerpolitico.mx\/wp-content\/uploads\/2022\/02\/019A5AA6-AA55-4BB2-B4A3-A7919A3B3CAB.webp",1024,682,false],"covernews-medium":["https:\/\/quehacerpolitico.mx\/wp-content\/uploads\/2022\/02\/019A5AA6-AA55-4BB2-B4A3-A7919A3B3CAB.webp",511,340,false]},"author_info":{"display_name":"Redacci\u00f3n QP","author_link":"https:\/\/quehacerpolitico.mx\/?author=2"},"category_info":"<a href=\"https:\/\/quehacerpolitico.mx\/?cat=2\" rel=\"category\">Noticias<\/a>","tag_info":"Noticias","comment_count":"0","_links":{"self":[{"href":"https:\/\/quehacerpolitico.mx\/index.php?rest_route=\/wp\/v2\/posts\/89938","targetHints":{"allow":["GET"]}}],"collection":[{"href":"https:\/\/quehacerpolitico.mx\/index.php?rest_route=\/wp\/v2\/posts"}],"about":[{"href":"https:\/\/quehacerpolitico.mx\/index.php?rest_route=\/wp\/v2\/types\/post"}],"author":[{"embeddable":true,"href":"https:\/\/quehacerpolitico.mx\/index.php?rest_route=\/wp\/v2\/users\/2"}],"replies":[{"embeddable":true,"href":"https:\/\/quehacerpolitico.mx\/index.php?rest_route=%2Fwp%2Fv2%2Fcomments&post=89938"}],"version-history":[{"count":1,"href":"https:\/\/quehacerpolitico.mx\/index.php?rest_route=\/wp\/v2\/posts\/89938\/revisions"}],"predecessor-version":[{"id":89942,"href":"https:\/\/quehacerpolitico.mx\/index.php?rest_route=\/wp\/v2\/posts\/89938\/revisions\/89942"}],"wp:featuredmedia":[{"embeddable":true,"href":"https:\/\/quehacerpolitico.mx\/index.php?rest_route=\/wp\/v2\/media\/89941"}],"wp:attachment":[{"href":"https:\/\/quehacerpolitico.mx\/index.php?rest_route=%2Fwp%2Fv2%2Fmedia&parent=89938"}],"wp:term":[{"taxonomy":"category","embeddable":true,"href":"https:\/\/quehacerpolitico.mx\/index.php?rest_route=%2Fwp%2Fv2%2Fcategories&post=89938"},{"taxonomy":"post_tag","embeddable":true,"href":"https:\/\/quehacerpolitico.mx\/index.php?rest_route=%2Fwp%2Fv2%2Ftags&post=89938"}],"curies":[{"name":"wp","href":"https:\/\/api.w.org\/{rel}","templated":true}]}}