{"id":89935,"date":"2022-02-18T18:42:22","date_gmt":"2022-02-18T18:42:22","guid":{"rendered":"https:\/\/quehacerpolitico.mx\/?p=89935"},"modified":"2022-02-18T18:42:37","modified_gmt":"2022-02-18T18:42:37","slug":"amlo-reconoce-que-todavia-falta-mas-trabajo-para-garantizar-la-paz-en-mexico","status":"publish","type":"post","link":"https:\/\/quehacerpolitico.mx\/?p=89935","title":{"rendered":"AMLO reconoce que &#8220;todav\u00eda falta&#8221; m\u00e1s trabajo para garantizar la paz en M\u00e9xico\u00a0"},"content":{"rendered":"\n<p>Por Redacci\u00f3n QP<\/p>\n\n\n\n<p>L\u00f3pez Obrador indic\u00f3 que este pr\u00f3ximo lunes en Palacio Nacional se presentar\u00e1 el informe de seguridad mensual del Gabinete<\/p>\n\n\n\n<p>El Presidente de M\u00e9xico, Andr\u00e9s Manuel L\u00f3pez Obrador (AMLO) reconoci\u00f3 este viernes que pese a que se ha avanzado en materia de seguridad, todav\u00eda falta m\u00e1s trabajo para garantizar la paz y tranquilidad de la poblaci\u00f3n.<\/p>\n\n\n\n<p>En la &#8220;ma\u00f1anera&#8221; de hoy\u00a0acompa\u00f1ado por la gobernadora Mar\u00eda Eugenia Campos Galv\u00e1n (PAN),\u00a0<strong>AMLO indic\u00f3 que este pr\u00f3ximo lunes en Palacio Nacional se presentar\u00e1 el informe de seguridad mensual del Gabinete de Seguridad, en donde adelant\u00f3 &#8220;hay buenas noticias, pero falta m\u00e1s trabajo&#8221;<\/strong>.<\/p>\n\n\n\n<p>&#8220;Estamos todos los d\u00edas enfrentando el problema grave de inseguridad y se va avanzando. Este lunes precisamente corresponde informar de c\u00f3mo vamos a nivel nacional, como est\u00e1 el \u00edndice delictivo y adelanto de que son buenos los resultados, sin embargo faltan m\u00e1s trabajo, el que no haya impunidad.&#8221;, asegur\u00f3 AMLO<\/p>\n\n\n\n<p>&#8220;Hemos decidido por convicci\u00f3n de que el cometa un delito tiene que ser castigado, sea quien sea, cero impunidad&#8221;<\/p>\n\n\n\n<p>En las instalaciones del Noveno Regimiento de Caballer\u00eda Motorizado,&nbsp;<strong>AMLO&nbsp;asegur\u00f3 que ni \u00e9l ni la gobernadora Mar\u00eda Eugenia Campos Galv\u00e1n tienen permiso para pelearse<\/strong>&nbsp;cuando se trata de resolver garantizar la seguridad de la poblaci\u00f3n.<\/p>\n\n\n\n<p>Reconoci\u00f3 que se puede tener diferencias, pero se debe de trabajar en conjunto para garantizar la paz y la tranquilidad de los ciudadanos.<\/p>\n\n\n\n<p>&#8220;No nos pelamos y si acaso nos pelemos, no va a ser por eso. No tenemos permiso para pelearnos cuando se trata de la seguridad de los ciudadanos, podemos tener diferencias, pero trabajar juntos para garantizar la paz y la tranquilidad de los ciudadanos&#8221;, agreg\u00f3.<\/p>\n\n\n\n<figure class=\"wp-block-embed is-type-video is-provider-youtube wp-block-embed-youtube wp-embed-aspect-16-9 wp-has-aspect-ratio\"><div class=\"wp-block-embed__wrapper\">\n<iframe loading=\"lazy\" title=\"#ConferenciaPresidente desde Ciudad Ju\u00e1rez, Chihuahua | Viernes 18 de febrero de 2022.\" width=\"640\" height=\"360\" src=\"https:\/\/www.youtube.com\/embed\/enT9r-E-pz4?feature=oembed\" frameborder=\"0\" allow=\"accelerometer; autoplay; clipboard-write; encrypted-media; gyroscope; picture-in-picture; web-share\" referrerpolicy=\"strict-origin-when-cross-origin\" allowfullscreen><\/iframe>\n<\/div><\/figure>\n\n\n\n<p>Con informaci\u00f3n de SUN<\/p>\n","protected":false},"excerpt":{"rendered":"<p>Por Redacci\u00f3n QP L\u00f3pez Obrador indic\u00f3 que este pr\u00f3ximo lunes en Palacio Nacional se presentar\u00e1&#8230;<\/p>\n","protected":false},"author":2,"featured_media":89936,"comment_status":"open","ping_status":"open","sticky":false,"template":"","format":"standard","meta":{"_monsterinsights_skip_tracking":false,"_monsterinsights_sitenote_active":false,"_monsterinsights_sitenote_note":"","_monsterinsights_sitenote_category":0,"footnotes":""},"categories":[2],"tags":[],"class_list":["post-89935","post","type-post","status-publish","format-standard","has-post-thumbnail","hentry","category-noticias"],"yoast_head":"<!-- This site is optimized with the Yoast SEO plugin v27.3 - https:\/\/yoast.com\/product\/yoast-seo-wordpress\/ -->\n<title>AMLO reconoce que &quot;todav\u00eda falta&quot; m\u00e1s trabajo para garantizar la paz en M\u00e9xico\u00a0 -<\/title>\n<meta name=\"robots\" content=\"index, follow, max-snippet:-1, max-image-preview:large, max-video-preview:-1\" \/>\n<link rel=\"canonical\" href=\"https:\/\/quehacerpolitico.mx\/?p=89935\" \/>\n<meta property=\"og:locale\" content=\"es_MX\" \/>\n<meta property=\"og:type\" content=\"article\" \/>\n<meta property=\"og:title\" content=\"AMLO reconoce que &quot;todav\u00eda falta&quot; m\u00e1s trabajo para garantizar la paz en M\u00e9xico\u00a0 -\" \/>\n<meta property=\"og:description\" content=\"Por Redacci\u00f3n QP L\u00f3pez Obrador indic\u00f3 que este pr\u00f3ximo lunes en Palacio Nacional se presentar\u00e1...\" \/>\n<meta property=\"og:url\" content=\"https:\/\/quehacerpolitico.mx\/?p=89935\" \/>\n<meta property=\"article:published_time\" content=\"2022-02-18T18:42:22+00:00\" \/>\n<meta property=\"article:modified_time\" content=\"2022-02-18T18:42:37+00:00\" \/>\n<meta property=\"og:image\" content=\"https:\/\/quehacerpolitico.mx\/wp-content\/uploads\/2022\/02\/9D235B89-FDE2-42BF-9A84-8F876AC71858.jpeg\" \/>\n\t<meta property=\"og:image:width\" content=\"952\" \/>\n\t<meta property=\"og:image:height\" content=\"646\" \/>\n\t<meta property=\"og:image:type\" content=\"image\/jpeg\" \/>\n<meta name=\"author\" content=\"Redacci\u00f3n QP\" \/>\n<meta name=\"twitter:card\" content=\"summary_large_image\" \/>\n<meta name=\"twitter:label1\" content=\"Escrito por\" \/>\n\t<meta name=\"twitter:data1\" content=\"Redacci\u00f3n QP\" \/>\n\t<meta name=\"twitter:label2\" content=\"Tiempo de lectura\" \/>\n\t<meta name=\"twitter:data2\" content=\"2 minutos\" \/>\n<script type=\"application\/ld+json\" class=\"yoast-schema-graph\">{\"@context\":\"https:\\\/\\\/schema.org\",\"@graph\":[{\"@type\":\"Article\",\"@id\":\"https:\\\/\\\/quehacerpolitico.mx\\\/?p=89935#article\",\"isPartOf\":{\"@id\":\"https:\\\/\\\/quehacerpolitico.mx\\\/?p=89935\"},\"author\":{\"name\":\"Redacci\u00f3n QP\",\"@id\":\"https:\\\/\\\/quehacerpolitico.mx\\\/#\\\/schema\\\/person\\\/496d8ad2d1d3f8036101dca7ee39e585\"},\"headline\":\"AMLO reconoce que &#8220;todav\u00eda falta&#8221; m\u00e1s trabajo para garantizar la paz en M\u00e9xico\u00a0\",\"datePublished\":\"2022-02-18T18:42:22+00:00\",\"dateModified\":\"2022-02-18T18:42:37+00:00\",\"mainEntityOfPage\":{\"@id\":\"https:\\\/\\\/quehacerpolitico.mx\\\/?p=89935\"},\"wordCount\":327,\"commentCount\":0,\"image\":{\"@id\":\"https:\\\/\\\/quehacerpolitico.mx\\\/?p=89935#primaryimage\"},\"thumbnailUrl\":\"https:\\\/\\\/quehacerpolitico.mx\\\/wp-content\\\/uploads\\\/2022\\\/02\\\/9D235B89-FDE2-42BF-9A84-8F876AC71858.jpeg\",\"articleSection\":[\"Noticias\"],\"inLanguage\":\"es\",\"potentialAction\":[{\"@type\":\"CommentAction\",\"name\":\"Comment\",\"target\":[\"https:\\\/\\\/quehacerpolitico.mx\\\/?p=89935#respond\"]}]},{\"@type\":\"WebPage\",\"@id\":\"https:\\\/\\\/quehacerpolitico.mx\\\/?p=89935\",\"url\":\"https:\\\/\\\/quehacerpolitico.mx\\\/?p=89935\",\"name\":\"AMLO reconoce que \\\"todav\u00eda falta\\\" m\u00e1s trabajo para garantizar la paz en M\u00e9xico\u00a0 -\",\"isPartOf\":{\"@id\":\"https:\\\/\\\/quehacerpolitico.mx\\\/#website\"},\"primaryImageOfPage\":{\"@id\":\"https:\\\/\\\/quehacerpolitico.mx\\\/?p=89935#primaryimage\"},\"image\":{\"@id\":\"https:\\\/\\\/quehacerpolitico.mx\\\/?p=89935#primaryimage\"},\"thumbnailUrl\":\"https:\\\/\\\/quehacerpolitico.mx\\\/wp-content\\\/uploads\\\/2022\\\/02\\\/9D235B89-FDE2-42BF-9A84-8F876AC71858.jpeg\",\"datePublished\":\"2022-02-18T18:42:22+00:00\",\"dateModified\":\"2022-02-18T18:42:37+00:00\",\"author\":{\"@id\":\"https:\\\/\\\/quehacerpolitico.mx\\\/#\\\/schema\\\/person\\\/496d8ad2d1d3f8036101dca7ee39e585\"},\"breadcrumb\":{\"@id\":\"https:\\\/\\\/quehacerpolitico.mx\\\/?p=89935#breadcrumb\"},\"inLanguage\":\"es\",\"potentialAction\":[{\"@type\":\"ReadAction\",\"target\":[\"https:\\\/\\\/quehacerpolitico.mx\\\/?p=89935\"]}]},{\"@type\":\"ImageObject\",\"inLanguage\":\"es\",\"@id\":\"https:\\\/\\\/quehacerpolitico.mx\\\/?p=89935#primaryimage\",\"url\":\"https:\\\/\\\/quehacerpolitico.mx\\\/wp-content\\\/uploads\\\/2022\\\/02\\\/9D235B89-FDE2-42BF-9A84-8F876AC71858.jpeg\",\"contentUrl\":\"https:\\\/\\\/quehacerpolitico.mx\\\/wp-content\\\/uploads\\\/2022\\\/02\\\/9D235B89-FDE2-42BF-9A84-8F876AC71858.jpeg\",\"width\":952,\"height\":646},{\"@type\":\"BreadcrumbList\",\"@id\":\"https:\\\/\\\/quehacerpolitico.mx\\\/?p=89935#breadcrumb\",\"itemListElement\":[{\"@type\":\"ListItem\",\"position\":1,\"name\":\"Inicio\",\"item\":\"https:\\\/\\\/quehacerpolitico.mx\\\/\"},{\"@type\":\"ListItem\",\"position\":2,\"name\":\"AMLO reconoce que &#8220;todav\u00eda falta&#8221; m\u00e1s trabajo para garantizar la paz en M\u00e9xico\u00a0\"}]},{\"@type\":\"WebSite\",\"@id\":\"https:\\\/\\\/quehacerpolitico.mx\\\/#website\",\"url\":\"https:\\\/\\\/quehacerpolitico.mx\\\/\",\"name\":\"\",\"description\":\"\",\"potentialAction\":[{\"@type\":\"SearchAction\",\"target\":{\"@type\":\"EntryPoint\",\"urlTemplate\":\"https:\\\/\\\/quehacerpolitico.mx\\\/?s={search_term_string}\"},\"query-input\":{\"@type\":\"PropertyValueSpecification\",\"valueRequired\":true,\"valueName\":\"search_term_string\"}}],\"inLanguage\":\"es\"},{\"@type\":\"Person\",\"@id\":\"https:\\\/\\\/quehacerpolitico.mx\\\/#\\\/schema\\\/person\\\/496d8ad2d1d3f8036101dca7ee39e585\",\"name\":\"Redacci\u00f3n QP\",\"image\":{\"@type\":\"ImageObject\",\"inLanguage\":\"es\",\"@id\":\"https:\\\/\\\/secure.gravatar.com\\\/avatar\\\/c7164ed6fdec453195284ad24a5ae5b6e1eed2b848477fa2a4787ba9adf39a41?s=96&d=mm&r=g\",\"url\":\"https:\\\/\\\/secure.gravatar.com\\\/avatar\\\/c7164ed6fdec453195284ad24a5ae5b6e1eed2b848477fa2a4787ba9adf39a41?s=96&d=mm&r=g\",\"contentUrl\":\"https:\\\/\\\/secure.gravatar.com\\\/avatar\\\/c7164ed6fdec453195284ad24a5ae5b6e1eed2b848477fa2a4787ba9adf39a41?s=96&d=mm&r=g\",\"caption\":\"Redacci\u00f3n QP\"},\"url\":\"https:\\\/\\\/quehacerpolitico.mx\\\/?author=2\"}]}<\/script>\n<!-- \/ Yoast SEO plugin. -->","yoast_head_json":{"title":"AMLO reconoce que \"todav\u00eda falta\" m\u00e1s trabajo para garantizar la paz en M\u00e9xico\u00a0 -","robots":{"index":"index","follow":"follow","max-snippet":"max-snippet:-1","max-image-preview":"max-image-preview:large","max-video-preview":"max-video-preview:-1"},"canonical":"https:\/\/quehacerpolitico.mx\/?p=89935","og_locale":"es_MX","og_type":"article","og_title":"AMLO reconoce que \"todav\u00eda falta\" m\u00e1s trabajo para garantizar la paz en M\u00e9xico\u00a0 -","og_description":"Por Redacci\u00f3n QP L\u00f3pez Obrador indic\u00f3 que este pr\u00f3ximo lunes en Palacio Nacional se presentar\u00e1...","og_url":"https:\/\/quehacerpolitico.mx\/?p=89935","article_published_time":"2022-02-18T18:42:22+00:00","article_modified_time":"2022-02-18T18:42:37+00:00","og_image":[{"width":952,"height":646,"url":"https:\/\/quehacerpolitico.mx\/wp-content\/uploads\/2022\/02\/9D235B89-FDE2-42BF-9A84-8F876AC71858.jpeg","type":"image\/jpeg"}],"author":"Redacci\u00f3n QP","twitter_card":"summary_large_image","twitter_misc":{"Escrito por":"Redacci\u00f3n QP","Tiempo de lectura":"2 minutos"},"schema":{"@context":"https:\/\/schema.org","@graph":[{"@type":"Article","@id":"https:\/\/quehacerpolitico.mx\/?p=89935#article","isPartOf":{"@id":"https:\/\/quehacerpolitico.mx\/?p=89935"},"author":{"name":"Redacci\u00f3n QP","@id":"https:\/\/quehacerpolitico.mx\/#\/schema\/person\/496d8ad2d1d3f8036101dca7ee39e585"},"headline":"AMLO reconoce que &#8220;todav\u00eda falta&#8221; m\u00e1s trabajo para garantizar la paz en M\u00e9xico\u00a0","datePublished":"2022-02-18T18:42:22+00:00","dateModified":"2022-02-18T18:42:37+00:00","mainEntityOfPage":{"@id":"https:\/\/quehacerpolitico.mx\/?p=89935"},"wordCount":327,"commentCount":0,"image":{"@id":"https:\/\/quehacerpolitico.mx\/?p=89935#primaryimage"},"thumbnailUrl":"https:\/\/quehacerpolitico.mx\/wp-content\/uploads\/2022\/02\/9D235B89-FDE2-42BF-9A84-8F876AC71858.jpeg","articleSection":["Noticias"],"inLanguage":"es","potentialAction":[{"@type":"CommentAction","name":"Comment","target":["https:\/\/quehacerpolitico.mx\/?p=89935#respond"]}]},{"@type":"WebPage","@id":"https:\/\/quehacerpolitico.mx\/?p=89935","url":"https:\/\/quehacerpolitico.mx\/?p=89935","name":"AMLO reconoce que \"todav\u00eda falta\" m\u00e1s trabajo para garantizar la paz en M\u00e9xico\u00a0 -","isPartOf":{"@id":"https:\/\/quehacerpolitico.mx\/#website"},"primaryImageOfPage":{"@id":"https:\/\/quehacerpolitico.mx\/?p=89935#primaryimage"},"image":{"@id":"https:\/\/quehacerpolitico.mx\/?p=89935#primaryimage"},"thumbnailUrl":"https:\/\/quehacerpolitico.mx\/wp-content\/uploads\/2022\/02\/9D235B89-FDE2-42BF-9A84-8F876AC71858.jpeg","datePublished":"2022-02-18T18:42:22+00:00","dateModified":"2022-02-18T18:42:37+00:00","author":{"@id":"https:\/\/quehacerpolitico.mx\/#\/schema\/person\/496d8ad2d1d3f8036101dca7ee39e585"},"breadcrumb":{"@id":"https:\/\/quehacerpolitico.mx\/?p=89935#breadcrumb"},"inLanguage":"es","potentialAction":[{"@type":"ReadAction","target":["https:\/\/quehacerpolitico.mx\/?p=89935"]}]},{"@type":"ImageObject","inLanguage":"es","@id":"https:\/\/quehacerpolitico.mx\/?p=89935#primaryimage","url":"https:\/\/quehacerpolitico.mx\/wp-content\/uploads\/2022\/02\/9D235B89-FDE2-42BF-9A84-8F876AC71858.jpeg","contentUrl":"https:\/\/quehacerpolitico.mx\/wp-content\/uploads\/2022\/02\/9D235B89-FDE2-42BF-9A84-8F876AC71858.jpeg","width":952,"height":646},{"@type":"BreadcrumbList","@id":"https:\/\/quehacerpolitico.mx\/?p=89935#breadcrumb","itemListElement":[{"@type":"ListItem","position":1,"name":"Inicio","item":"https:\/\/quehacerpolitico.mx\/"},{"@type":"ListItem","position":2,"name":"AMLO reconoce que &#8220;todav\u00eda falta&#8221; m\u00e1s trabajo para garantizar la paz en M\u00e9xico\u00a0"}]},{"@type":"WebSite","@id":"https:\/\/quehacerpolitico.mx\/#website","url":"https:\/\/quehacerpolitico.mx\/","name":"","description":"","potentialAction":[{"@type":"SearchAction","target":{"@type":"EntryPoint","urlTemplate":"https:\/\/quehacerpolitico.mx\/?s={search_term_string}"},"query-input":{"@type":"PropertyValueSpecification","valueRequired":true,"valueName":"search_term_string"}}],"inLanguage":"es"},{"@type":"Person","@id":"https:\/\/quehacerpolitico.mx\/#\/schema\/person\/496d8ad2d1d3f8036101dca7ee39e585","name":"Redacci\u00f3n QP","image":{"@type":"ImageObject","inLanguage":"es","@id":"https:\/\/secure.gravatar.com\/avatar\/c7164ed6fdec453195284ad24a5ae5b6e1eed2b848477fa2a4787ba9adf39a41?s=96&d=mm&r=g","url":"https:\/\/secure.gravatar.com\/avatar\/c7164ed6fdec453195284ad24a5ae5b6e1eed2b848477fa2a4787ba9adf39a41?s=96&d=mm&r=g","contentUrl":"https:\/\/secure.gravatar.com\/avatar\/c7164ed6fdec453195284ad24a5ae5b6e1eed2b848477fa2a4787ba9adf39a41?s=96&d=mm&r=g","caption":"Redacci\u00f3n QP"},"url":"https:\/\/quehacerpolitico.mx\/?author=2"}]}},"featured_image_urls":{"full":["https:\/\/quehacerpolitico.mx\/wp-content\/uploads\/2022\/02\/9D235B89-FDE2-42BF-9A84-8F876AC71858.jpeg",952,646,false],"thumbnail":["https:\/\/quehacerpolitico.mx\/wp-content\/uploads\/2022\/02\/9D235B89-FDE2-42BF-9A84-8F876AC71858-150x150.jpeg",150,150,true],"medium":["https:\/\/quehacerpolitico.mx\/wp-content\/uploads\/2022\/02\/9D235B89-FDE2-42BF-9A84-8F876AC71858-300x204.jpeg",300,204,true],"medium_large":["https:\/\/quehacerpolitico.mx\/wp-content\/uploads\/2022\/02\/9D235B89-FDE2-42BF-9A84-8F876AC71858-768x521.jpeg",640,434,true],"large":["https:\/\/quehacerpolitico.mx\/wp-content\/uploads\/2022\/02\/9D235B89-FDE2-42BF-9A84-8F876AC71858.jpeg",640,434,false],"1536x1536":["https:\/\/quehacerpolitico.mx\/wp-content\/uploads\/2022\/02\/9D235B89-FDE2-42BF-9A84-8F876AC71858.jpeg",952,646,false],"2048x2048":["https:\/\/quehacerpolitico.mx\/wp-content\/uploads\/2022\/02\/9D235B89-FDE2-42BF-9A84-8F876AC71858.jpeg",952,646,false],"covernews-featured":["https:\/\/quehacerpolitico.mx\/wp-content\/uploads\/2022\/02\/9D235B89-FDE2-42BF-9A84-8F876AC71858.jpeg",952,646,false],"covernews-medium":["https:\/\/quehacerpolitico.mx\/wp-content\/uploads\/2022\/02\/9D235B89-FDE2-42BF-9A84-8F876AC71858.jpeg",501,340,false]},"author_info":{"display_name":"Redacci\u00f3n QP","author_link":"https:\/\/quehacerpolitico.mx\/?author=2"},"category_info":"<a href=\"https:\/\/quehacerpolitico.mx\/?cat=2\" rel=\"category\">Noticias<\/a>","tag_info":"Noticias","comment_count":"0","_links":{"self":[{"href":"https:\/\/quehacerpolitico.mx\/index.php?rest_route=\/wp\/v2\/posts\/89935","targetHints":{"allow":["GET"]}}],"collection":[{"href":"https:\/\/quehacerpolitico.mx\/index.php?rest_route=\/wp\/v2\/posts"}],"about":[{"href":"https:\/\/quehacerpolitico.mx\/index.php?rest_route=\/wp\/v2\/types\/post"}],"author":[{"embeddable":true,"href":"https:\/\/quehacerpolitico.mx\/index.php?rest_route=\/wp\/v2\/users\/2"}],"replies":[{"embeddable":true,"href":"https:\/\/quehacerpolitico.mx\/index.php?rest_route=%2Fwp%2Fv2%2Fcomments&post=89935"}],"version-history":[{"count":1,"href":"https:\/\/quehacerpolitico.mx\/index.php?rest_route=\/wp\/v2\/posts\/89935\/revisions"}],"predecessor-version":[{"id":89937,"href":"https:\/\/quehacerpolitico.mx\/index.php?rest_route=\/wp\/v2\/posts\/89935\/revisions\/89937"}],"wp:featuredmedia":[{"embeddable":true,"href":"https:\/\/quehacerpolitico.mx\/index.php?rest_route=\/wp\/v2\/media\/89936"}],"wp:attachment":[{"href":"https:\/\/quehacerpolitico.mx\/index.php?rest_route=%2Fwp%2Fv2%2Fmedia&parent=89935"}],"wp:term":[{"taxonomy":"category","embeddable":true,"href":"https:\/\/quehacerpolitico.mx\/index.php?rest_route=%2Fwp%2Fv2%2Fcategories&post=89935"},{"taxonomy":"post_tag","embeddable":true,"href":"https:\/\/quehacerpolitico.mx\/index.php?rest_route=%2Fwp%2Fv2%2Ftags&post=89935"}],"curies":[{"name":"wp","href":"https:\/\/api.w.org\/{rel}","templated":true}]}}