{"id":89929,"date":"2022-02-18T15:59:19","date_gmt":"2022-02-18T15:59:19","guid":{"rendered":"https:\/\/quehacerpolitico.mx\/?p=89929"},"modified":"2022-02-18T15:59:22","modified_gmt":"2022-02-18T15:59:22","slug":"la-administracionestrategica-del-tiempo","status":"publish","type":"post","link":"https:\/\/quehacerpolitico.mx\/?p=89929","title":{"rendered":"LA ADMINISTRACI\u00d3N<br>ESTRATEGICA DEL TIEMPO"},"content":{"rendered":"\n<p>Por Dr Alberto del Arco<\/p>\n\n\n\n<p>De acuerdo con lo que analizamos en el n\u00famero anterior, es importante en primer lugar:<br>a) planificar haciendo una lista de objeti-<br>vos a cumplir, los minutos m\u00e1s producti-<br>vos del d\u00eda son los dedicados a planificar.<br>b) priorizar: decidir cu\u00e1les de ellos son<br>los m\u00e1s importantes para que encabecen<br>: la lista c) agendar: determinar cuando se<br>har\u00e1 cada uno de los puntos o tareas a<br>realizar. La clave no es dar prioridad a lo<br>que est\u00e1 en la agenda, sino ordenar en<br>la agenda las prioridades, eliminando la adicci\u00f3n de lo urgente.<\/p>\n\n\n\n<p>En este sentido, la planeaci\u00f3n juega<br>un papel determinante en la optimiza-<br>ci\u00f3n del tiempo, un aporte fundamental<br>es el realizado por Stephen Covey y<br>su matriz de administraci\u00f3n del tiempo<br>la cual analizaremos con la ayuda del<br>siguiente gr\u00e1fico:<\/p>\n\n\n\n<p>Esta matriz plantea un plano cartesiano com-<br>puesto por dos ejes: el horizontal para asuntos<br>urgentes y no urgentes y el vertical que va de lo<br>no importante a lo importante, el resultado son<br>cuatro cuadrantes determinados por las diversas<br>combinaciones, es decir cuadrante I asuntos<br>&#8220;importantes\/urgentes&#8221;, cuadrante Il &#8220;asuntos<br>&#8220;importantes\/no urgentes, cuadrante IIl asuntos<br>&#8220;no importantes\/urgentes&#8221; y cuadrante IV asun-<br>tos &#8220;no importantes\/no urgentes&#8221;.<\/p>\n\n\n\n<p>De acuerdo con Covey, usualmente solemos<br>administrar nuestro tiempo conforme al cuadran-<br>te I, es decir nos manejamos siempre con asuntos<br>que son importantes y urgentes, siempre con ven-<br>cimientos pr\u00f3ximos, prisas y situaciones cr\u00edticas, lo<br>que nos lleva a manejamos con altos niveles de estr\u00e9s y tensi\u00f3n.<\/p>\n\n\n\n<figure class=\"wp-block-image size-large\"><img loading=\"lazy\" decoding=\"async\" width=\"804\" height=\"1024\" src=\"https:\/\/quehacerpolitico.mx\/wp-content\/uploads\/2022\/02\/image-147-804x1024.jpeg\" alt=\"\" class=\"wp-image-89931\" srcset=\"https:\/\/quehacerpolitico.mx\/wp-content\/uploads\/2022\/02\/image-147-804x1024.jpeg 804w, https:\/\/quehacerpolitico.mx\/wp-content\/uploads\/2022\/02\/image-147-236x300.jpeg 236w, https:\/\/quehacerpolitico.mx\/wp-content\/uploads\/2022\/02\/image-147-768x978.jpeg 768w, https:\/\/quehacerpolitico.mx\/wp-content\/uploads\/2022\/02\/image-147-1207x1536.jpeg 1207w, https:\/\/quehacerpolitico.mx\/wp-content\/uploads\/2022\/02\/image-147-115x146.jpeg 115w, https:\/\/quehacerpolitico.mx\/wp-content\/uploads\/2022\/02\/image-147-39x50.jpeg 39w, https:\/\/quehacerpolitico.mx\/wp-content\/uploads\/2022\/02\/image-147-59x75.jpeg 59w, https:\/\/quehacerpolitico.mx\/wp-content\/uploads\/2022\/02\/image-147.jpeg 1257w\" sizes=\"auto, (max-width: 804px) 100vw, 804px\" \/><\/figure>\n\n\n\n<p>Esta matriz plantea un plano cartesiano compuesto por dos ejes:&nbsp;el horizontal&nbsp;para&nbsp;asuntos urgentes y no urgentes y el vertical que va de lo no importante a lo importante, el resultado son cuatro cuadrantes determinados por las diversas combinaciones, es decir cuadrante I asuntos \u201cimportantes\/urgentes\u201d, cuadrante II \u201casuntos \u201cimportantes\/no urgentes\u201d, cuadrante III asuntos \u201cno importantes\/urgentes\u201d y cuadrante IV asuntos \u201cno importantes\/no urgentes\u201d.<\/p>\n\n\n\n<p>\u200bDe acuerdo con&nbsp;Covey, usualmente solemos administrar nuestro tiempo conforme al cuadrante I, es decir nos manejamos siempre con asuntos que son importantes y urgentes, siempre con vencimientos pr\u00f3ximos, prisas y situaciones cr\u00edticas, lo que nos lleva a manejarnos con altos niveles de estr\u00e9s y tensi\u00f3n.<\/p>\n\n\n\n<p>\u200bEl problema con este cuadrante es que com\u00fanmente damos prioridad a lo urgente sobre lo importante, creamos como dijimos l\u00edneas arriba una dependencia hacia lo urgente y nos sentimos mal si no trabajamos a ese ritmo, un buen ejemplo de ello son las llamadas telef\u00f3nicas, las cuales por naturaleza son&nbsp;urgentes&nbsp;pero no siempre importantes, sin embargo invariablemente vamos a contestar una llamada telef\u00f3nica.<\/p>\n\n\n\n<p>\u200bDe hecho, con la proliferaci\u00f3n del tel\u00e9fono celular se sabe que muchos accidentes automovil\u00edsticos son propiciados por la casi obligatoria atenci\u00f3n al timbre telef\u00f3nico, si recordamos que la gran mayor\u00eda de llamadas telef\u00f3nicas no son urgentes, nos daremos cuenta&nbsp;que&nbsp;destinamos mucho tiempo a actividades urgentes que no son importantes.<\/p>\n\n\n\n<p>\u200bEste mal h\u00e1bito, como se hab\u00eda se\u00f1alado antes, genera tensi\u00f3n, ansiedad y estr\u00e9s, lo que por condici\u00f3n natural propicia que nos desplacemos hacia el cuadrante III, centr\u00e1ndonos por completo en las actividades urgentes y dando paso a la \u201cdependencia a lo urgente\u201d, atendiendo mas llamadas, correos irrelevantes, interrupciones continuas y actividades populares.<\/p>\n\n\n\n<p>\u200bEl desenlace fatal para este mal habito de administraci\u00f3n del tiempo resulta en nuestra inevitable ca\u00edda al cuadrante IV, recordando que el estr\u00e9s y la tensi\u00f3n son generadas justamente por el car\u00e1cter urgente de los asuntos, lo importante ya lo hemos dejado atr\u00e1s y comienza a ejercer otro tipo de presi\u00f3n derivada del incumplimiento.<\/p>\n\n\n\n<p>\u200bEl cuadrante IV se caracteriza por un total y necesario escape hacia actividades relajantes y liberadoras, trivialidades y perdida de tiempo, esas actividades pueden generar abusos, son necesarias para liberar la&nbsp;tensi\u00f3n&nbsp;pero son improductivas y nos conducen a la ineficiencia, ineficacia y probablemente al fracaso, si se vuelven cr\u00f3nicas. Lo m\u00e1s indicado de acuerdo con&nbsp;Covey&nbsp;es administrar el tiempo en el cuadrante II, que implica dar prioridad a lo importante sobre lo urgente, para lo cual es imprescindible desarrollar tres habilidades b\u00e1sicas, la de planeaci\u00f3n, la de desarrollar relaciones fruct\u00edferas y la de aprendizaje.<\/p>\n\n\n\n<p>\u200bLa habilidad de planeaci\u00f3n nos permitir\u00e1 concentrarnos en los aspectos importantes del trabajo, y ser\u00e1 una directriz que nos permita mantenernos en la disciplina de lo importante, la planeaci\u00f3n es visualizar un futuro deseado y organizar las actividades que me llevar\u00e1n a ese futuro vali\u00e9ndonos de diversas herramientas como son los programas, los presupuestos y los c\u00f3digos.<\/p>\n\n\n\n<p>\u200bLa habilidad de desarrollar relaciones fruct\u00edferas es fundamental para mantenernos en el cuadrante II, ya que mucho del ejercicio de planeaci\u00f3n depende de las decisiones y acciones de otras personas o instituciones que est\u00e1n relacionadas con nuestras actividades, el establecer relaciones fruct\u00edferas y beneficiosas equivale a preparar la tierra en donde hemos de sembrar.<\/p>\n\n\n\n<p>\u200bConcluyendo, el aprendizaje va a permitir que pueda establecer modelos que puedan ser replicables en otras \u00e1reas de la organizaci\u00f3n o incluso en otras organizaciones, el aprendizaje genera crecimiento y desarrollo, y debe manifestarse a nivel organizacional en la capacidad de registro y modificaci\u00f3n de la conducta.<\/p>\n\n\n\n<p>\u200bEs preciso para el consultor inmobiliario adoptar una administraci\u00f3n del tiempo conforme a lo que se establece en el cuadrante II, de esta forma el tiempo \u201cjugar\u00e1 a favor\u201d del profesional inmobiliario incrementando de esta forma su productividad, este modelo fue tomado del libro de Stephen\u00a0Covey\u00a0\u201clos 7 h\u00e1bitos de la gente altamente efectiva\u201d cuya lectura es muy recomendable.<\/p>\n\n\n\n<figure class=\"wp-block-image size-large\"><img loading=\"lazy\" decoding=\"async\" width=\"846\" height=\"1024\" src=\"https:\/\/quehacerpolitico.mx\/wp-content\/uploads\/2022\/02\/image-148-846x1024.jpeg\" alt=\"\" class=\"wp-image-89932\" srcset=\"https:\/\/quehacerpolitico.mx\/wp-content\/uploads\/2022\/02\/image-148-846x1024.jpeg 846w, https:\/\/quehacerpolitico.mx\/wp-content\/uploads\/2022\/02\/image-148-248x300.jpeg 248w, https:\/\/quehacerpolitico.mx\/wp-content\/uploads\/2022\/02\/image-148-768x930.jpeg 768w, https:\/\/quehacerpolitico.mx\/wp-content\/uploads\/2022\/02\/image-148-121x146.jpeg 121w, https:\/\/quehacerpolitico.mx\/wp-content\/uploads\/2022\/02\/image-148-41x50.jpeg 41w, https:\/\/quehacerpolitico.mx\/wp-content\/uploads\/2022\/02\/image-148-62x75.jpeg 62w, https:\/\/quehacerpolitico.mx\/wp-content\/uploads\/2022\/02\/image-148.jpeg 1250w\" sizes=\"auto, (max-width: 846px) 100vw, 846px\" \/><\/figure>\n\n\n\n<p>No se te olvide que?<\/p>\n\n\n\n<p>En\u00a0NotiExpress | La Revista del Sector Inmobiliario nos ocupamos en la difusi\u00f3n de la industria inmobiliaria generamos contenidos que te ayudar\u00e1n a mantenerte a la vanguardia en tecnolog\u00eda y en tendencias del sector inmobiliario para que puedas ofrecer el mejor servicio y generar m\u00e1s clientes.<\/p>\n\n\n\n<p>\u00c9chale una miradita a nuestra revista mensual donde encontrar\u00e1s la informaci\u00f3n precisa y oportuna con todo lo relacionado al sector inmobiliario aqu\u00ed\u00a0?https:\/\/issuu.com\/notiexpressmx\/docs\/notiexpress_06\u00a0\u00a0NotiExpress | La Revista del Sector Inmobiliario<\/p>\n\n\n\n<figure class=\"wp-block-image size-large\"><img loading=\"lazy\" decoding=\"async\" width=\"1024\" height=\"570\" src=\"https:\/\/quehacerpolitico.mx\/wp-content\/uploads\/2022\/02\/image-146-1024x570.jpeg\" alt=\"\" class=\"wp-image-89930\" srcset=\"https:\/\/quehacerpolitico.mx\/wp-content\/uploads\/2022\/02\/image-146-1024x570.jpeg 1024w, https:\/\/quehacerpolitico.mx\/wp-content\/uploads\/2022\/02\/image-146-300x167.jpeg 300w, https:\/\/quehacerpolitico.mx\/wp-content\/uploads\/2022\/02\/image-146-768x428.jpeg 768w, https:\/\/quehacerpolitico.mx\/wp-content\/uploads\/2022\/02\/image-146-260x146.jpeg 260w, https:\/\/quehacerpolitico.mx\/wp-content\/uploads\/2022\/02\/image-146-50x28.jpeg 50w, https:\/\/quehacerpolitico.mx\/wp-content\/uploads\/2022\/02\/image-146-135x75.jpeg 135w, https:\/\/quehacerpolitico.mx\/wp-content\/uploads\/2022\/02\/image-146.jpeg 1284w\" sizes=\"auto, (max-width: 1024px) 100vw, 1024px\" \/><\/figure>\n","protected":false},"excerpt":{"rendered":"<p>Por Dr Alberto del Arco De acuerdo con lo que analizamos en el n\u00famero anterior,&#8230;<\/p>\n","protected":false},"author":2,"featured_media":89933,"comment_status":"open","ping_status":"open","sticky":false,"template":"","format":"standard","meta":{"_monsterinsights_skip_tracking":false,"_monsterinsights_sitenote_active":false,"_monsterinsights_sitenote_note":"","_monsterinsights_sitenote_category":0,"footnotes":""},"categories":[56],"tags":[],"class_list":["post-89929","post","type-post","status-publish","format-standard","has-post-thumbnail","hentry","category-economia"],"yoast_head":"<!-- This site is optimized with the Yoast SEO plugin v27.3 - https:\/\/yoast.com\/product\/yoast-seo-wordpress\/ -->\n<title>LA ADMINISTRACI\u00d3NESTRATEGICA DEL TIEMPO -<\/title>\n<meta name=\"robots\" content=\"index, follow, max-snippet:-1, max-image-preview:large, max-video-preview:-1\" \/>\n<link rel=\"canonical\" href=\"https:\/\/quehacerpolitico.mx\/?p=89929\" \/>\n<meta property=\"og:locale\" content=\"es_MX\" \/>\n<meta property=\"og:type\" content=\"article\" \/>\n<meta property=\"og:title\" content=\"LA ADMINISTRACI\u00d3NESTRATEGICA DEL TIEMPO -\" \/>\n<meta property=\"og:description\" content=\"Por Dr Alberto del Arco De acuerdo con lo que analizamos en el n\u00famero anterior,...\" \/>\n<meta property=\"og:url\" content=\"https:\/\/quehacerpolitico.mx\/?p=89929\" \/>\n<meta property=\"article:published_time\" content=\"2022-02-18T15:59:19+00:00\" \/>\n<meta property=\"article:modified_time\" content=\"2022-02-18T15:59:22+00:00\" \/>\n<meta property=\"og:image\" content=\"https:\/\/quehacerpolitico.mx\/wp-content\/uploads\/2022\/02\/8BB11578-7BC1-4EF1-9FBB-870032FFF675.jpeg\" \/>\n\t<meta property=\"og:image:width\" content=\"1257\" \/>\n\t<meta property=\"og:image:height\" content=\"1600\" \/>\n\t<meta property=\"og:image:type\" content=\"image\/jpeg\" \/>\n<meta name=\"author\" content=\"Redacci\u00f3n QP\" \/>\n<meta name=\"twitter:card\" content=\"summary_large_image\" \/>\n<meta name=\"twitter:label1\" content=\"Escrito por\" \/>\n\t<meta name=\"twitter:data1\" content=\"Redacci\u00f3n QP\" \/>\n\t<meta name=\"twitter:label2\" content=\"Tiempo de lectura\" \/>\n\t<meta name=\"twitter:data2\" content=\"5 minutos\" \/>\n<script type=\"application\/ld+json\" class=\"yoast-schema-graph\">{\"@context\":\"https:\\\/\\\/schema.org\",\"@graph\":[{\"@type\":\"Article\",\"@id\":\"https:\\\/\\\/quehacerpolitico.mx\\\/?p=89929#article\",\"isPartOf\":{\"@id\":\"https:\\\/\\\/quehacerpolitico.mx\\\/?p=89929\"},\"author\":{\"name\":\"Redacci\u00f3n QP\",\"@id\":\"https:\\\/\\\/quehacerpolitico.mx\\\/#\\\/schema\\\/person\\\/496d8ad2d1d3f8036101dca7ee39e585\"},\"headline\":\"LA ADMINISTRACI\u00d3N ESTRATEGICA DEL TIEMPO\",\"datePublished\":\"2022-02-18T15:59:19+00:00\",\"dateModified\":\"2022-02-18T15:59:22+00:00\",\"mainEntityOfPage\":{\"@id\":\"https:\\\/\\\/quehacerpolitico.mx\\\/?p=89929\"},\"wordCount\":1046,\"commentCount\":0,\"image\":{\"@id\":\"https:\\\/\\\/quehacerpolitico.mx\\\/?p=89929#primaryimage\"},\"thumbnailUrl\":\"https:\\\/\\\/quehacerpolitico.mx\\\/wp-content\\\/uploads\\\/2022\\\/02\\\/8BB11578-7BC1-4EF1-9FBB-870032FFF675.jpeg\",\"articleSection\":[\"Econom\u00eda\"],\"inLanguage\":\"es\",\"potentialAction\":[{\"@type\":\"CommentAction\",\"name\":\"Comment\",\"target\":[\"https:\\\/\\\/quehacerpolitico.mx\\\/?p=89929#respond\"]}]},{\"@type\":\"WebPage\",\"@id\":\"https:\\\/\\\/quehacerpolitico.mx\\\/?p=89929\",\"url\":\"https:\\\/\\\/quehacerpolitico.mx\\\/?p=89929\",\"name\":\"LA ADMINISTRACI\u00d3N ESTRATEGICA DEL TIEMPO -\",\"isPartOf\":{\"@id\":\"https:\\\/\\\/quehacerpolitico.mx\\\/#website\"},\"primaryImageOfPage\":{\"@id\":\"https:\\\/\\\/quehacerpolitico.mx\\\/?p=89929#primaryimage\"},\"image\":{\"@id\":\"https:\\\/\\\/quehacerpolitico.mx\\\/?p=89929#primaryimage\"},\"thumbnailUrl\":\"https:\\\/\\\/quehacerpolitico.mx\\\/wp-content\\\/uploads\\\/2022\\\/02\\\/8BB11578-7BC1-4EF1-9FBB-870032FFF675.jpeg\",\"datePublished\":\"2022-02-18T15:59:19+00:00\",\"dateModified\":\"2022-02-18T15:59:22+00:00\",\"author\":{\"@id\":\"https:\\\/\\\/quehacerpolitico.mx\\\/#\\\/schema\\\/person\\\/496d8ad2d1d3f8036101dca7ee39e585\"},\"breadcrumb\":{\"@id\":\"https:\\\/\\\/quehacerpolitico.mx\\\/?p=89929#breadcrumb\"},\"inLanguage\":\"es\",\"potentialAction\":[{\"@type\":\"ReadAction\",\"target\":[\"https:\\\/\\\/quehacerpolitico.mx\\\/?p=89929\"]}]},{\"@type\":\"ImageObject\",\"inLanguage\":\"es\",\"@id\":\"https:\\\/\\\/quehacerpolitico.mx\\\/?p=89929#primaryimage\",\"url\":\"https:\\\/\\\/quehacerpolitico.mx\\\/wp-content\\\/uploads\\\/2022\\\/02\\\/8BB11578-7BC1-4EF1-9FBB-870032FFF675.jpeg\",\"contentUrl\":\"https:\\\/\\\/quehacerpolitico.mx\\\/wp-content\\\/uploads\\\/2022\\\/02\\\/8BB11578-7BC1-4EF1-9FBB-870032FFF675.jpeg\",\"width\":1257,\"height\":1600},{\"@type\":\"BreadcrumbList\",\"@id\":\"https:\\\/\\\/quehacerpolitico.mx\\\/?p=89929#breadcrumb\",\"itemListElement\":[{\"@type\":\"ListItem\",\"position\":1,\"name\":\"Inicio\",\"item\":\"https:\\\/\\\/quehacerpolitico.mx\\\/\"},{\"@type\":\"ListItem\",\"position\":2,\"name\":\"LA ADMINISTRACI\u00d3NESTRATEGICA DEL TIEMPO\"}]},{\"@type\":\"WebSite\",\"@id\":\"https:\\\/\\\/quehacerpolitico.mx\\\/#website\",\"url\":\"https:\\\/\\\/quehacerpolitico.mx\\\/\",\"name\":\"\",\"description\":\"\",\"potentialAction\":[{\"@type\":\"SearchAction\",\"target\":{\"@type\":\"EntryPoint\",\"urlTemplate\":\"https:\\\/\\\/quehacerpolitico.mx\\\/?s={search_term_string}\"},\"query-input\":{\"@type\":\"PropertyValueSpecification\",\"valueRequired\":true,\"valueName\":\"search_term_string\"}}],\"inLanguage\":\"es\"},{\"@type\":\"Person\",\"@id\":\"https:\\\/\\\/quehacerpolitico.mx\\\/#\\\/schema\\\/person\\\/496d8ad2d1d3f8036101dca7ee39e585\",\"name\":\"Redacci\u00f3n QP\",\"image\":{\"@type\":\"ImageObject\",\"inLanguage\":\"es\",\"@id\":\"https:\\\/\\\/secure.gravatar.com\\\/avatar\\\/c7164ed6fdec453195284ad24a5ae5b6e1eed2b848477fa2a4787ba9adf39a41?s=96&d=mm&r=g\",\"url\":\"https:\\\/\\\/secure.gravatar.com\\\/avatar\\\/c7164ed6fdec453195284ad24a5ae5b6e1eed2b848477fa2a4787ba9adf39a41?s=96&d=mm&r=g\",\"contentUrl\":\"https:\\\/\\\/secure.gravatar.com\\\/avatar\\\/c7164ed6fdec453195284ad24a5ae5b6e1eed2b848477fa2a4787ba9adf39a41?s=96&d=mm&r=g\",\"caption\":\"Redacci\u00f3n QP\"},\"url\":\"https:\\\/\\\/quehacerpolitico.mx\\\/?author=2\"}]}<\/script>\n<!-- \/ Yoast SEO plugin. -->","yoast_head_json":{"title":"LA ADMINISTRACI\u00d3NESTRATEGICA DEL TIEMPO -","robots":{"index":"index","follow":"follow","max-snippet":"max-snippet:-1","max-image-preview":"max-image-preview:large","max-video-preview":"max-video-preview:-1"},"canonical":"https:\/\/quehacerpolitico.mx\/?p=89929","og_locale":"es_MX","og_type":"article","og_title":"LA ADMINISTRACI\u00d3NESTRATEGICA DEL TIEMPO -","og_description":"Por Dr Alberto del Arco De acuerdo con lo que analizamos en el n\u00famero anterior,...","og_url":"https:\/\/quehacerpolitico.mx\/?p=89929","article_published_time":"2022-02-18T15:59:19+00:00","article_modified_time":"2022-02-18T15:59:22+00:00","og_image":[{"width":1257,"height":1600,"url":"https:\/\/quehacerpolitico.mx\/wp-content\/uploads\/2022\/02\/8BB11578-7BC1-4EF1-9FBB-870032FFF675.jpeg","type":"image\/jpeg"}],"author":"Redacci\u00f3n QP","twitter_card":"summary_large_image","twitter_misc":{"Escrito por":"Redacci\u00f3n QP","Tiempo de lectura":"5 minutos"},"schema":{"@context":"https:\/\/schema.org","@graph":[{"@type":"Article","@id":"https:\/\/quehacerpolitico.mx\/?p=89929#article","isPartOf":{"@id":"https:\/\/quehacerpolitico.mx\/?p=89929"},"author":{"name":"Redacci\u00f3n QP","@id":"https:\/\/quehacerpolitico.mx\/#\/schema\/person\/496d8ad2d1d3f8036101dca7ee39e585"},"headline":"LA ADMINISTRACI\u00d3N ESTRATEGICA DEL TIEMPO","datePublished":"2022-02-18T15:59:19+00:00","dateModified":"2022-02-18T15:59:22+00:00","mainEntityOfPage":{"@id":"https:\/\/quehacerpolitico.mx\/?p=89929"},"wordCount":1046,"commentCount":0,"image":{"@id":"https:\/\/quehacerpolitico.mx\/?p=89929#primaryimage"},"thumbnailUrl":"https:\/\/quehacerpolitico.mx\/wp-content\/uploads\/2022\/02\/8BB11578-7BC1-4EF1-9FBB-870032FFF675.jpeg","articleSection":["Econom\u00eda"],"inLanguage":"es","potentialAction":[{"@type":"CommentAction","name":"Comment","target":["https:\/\/quehacerpolitico.mx\/?p=89929#respond"]}]},{"@type":"WebPage","@id":"https:\/\/quehacerpolitico.mx\/?p=89929","url":"https:\/\/quehacerpolitico.mx\/?p=89929","name":"LA ADMINISTRACI\u00d3N ESTRATEGICA DEL TIEMPO -","isPartOf":{"@id":"https:\/\/quehacerpolitico.mx\/#website"},"primaryImageOfPage":{"@id":"https:\/\/quehacerpolitico.mx\/?p=89929#primaryimage"},"image":{"@id":"https:\/\/quehacerpolitico.mx\/?p=89929#primaryimage"},"thumbnailUrl":"https:\/\/quehacerpolitico.mx\/wp-content\/uploads\/2022\/02\/8BB11578-7BC1-4EF1-9FBB-870032FFF675.jpeg","datePublished":"2022-02-18T15:59:19+00:00","dateModified":"2022-02-18T15:59:22+00:00","author":{"@id":"https:\/\/quehacerpolitico.mx\/#\/schema\/person\/496d8ad2d1d3f8036101dca7ee39e585"},"breadcrumb":{"@id":"https:\/\/quehacerpolitico.mx\/?p=89929#breadcrumb"},"inLanguage":"es","potentialAction":[{"@type":"ReadAction","target":["https:\/\/quehacerpolitico.mx\/?p=89929"]}]},{"@type":"ImageObject","inLanguage":"es","@id":"https:\/\/quehacerpolitico.mx\/?p=89929#primaryimage","url":"https:\/\/quehacerpolitico.mx\/wp-content\/uploads\/2022\/02\/8BB11578-7BC1-4EF1-9FBB-870032FFF675.jpeg","contentUrl":"https:\/\/quehacerpolitico.mx\/wp-content\/uploads\/2022\/02\/8BB11578-7BC1-4EF1-9FBB-870032FFF675.jpeg","width":1257,"height":1600},{"@type":"BreadcrumbList","@id":"https:\/\/quehacerpolitico.mx\/?p=89929#breadcrumb","itemListElement":[{"@type":"ListItem","position":1,"name":"Inicio","item":"https:\/\/quehacerpolitico.mx\/"},{"@type":"ListItem","position":2,"name":"LA ADMINISTRACI\u00d3NESTRATEGICA DEL TIEMPO"}]},{"@type":"WebSite","@id":"https:\/\/quehacerpolitico.mx\/#website","url":"https:\/\/quehacerpolitico.mx\/","name":"","description":"","potentialAction":[{"@type":"SearchAction","target":{"@type":"EntryPoint","urlTemplate":"https:\/\/quehacerpolitico.mx\/?s={search_term_string}"},"query-input":{"@type":"PropertyValueSpecification","valueRequired":true,"valueName":"search_term_string"}}],"inLanguage":"es"},{"@type":"Person","@id":"https:\/\/quehacerpolitico.mx\/#\/schema\/person\/496d8ad2d1d3f8036101dca7ee39e585","name":"Redacci\u00f3n QP","image":{"@type":"ImageObject","inLanguage":"es","@id":"https:\/\/secure.gravatar.com\/avatar\/c7164ed6fdec453195284ad24a5ae5b6e1eed2b848477fa2a4787ba9adf39a41?s=96&d=mm&r=g","url":"https:\/\/secure.gravatar.com\/avatar\/c7164ed6fdec453195284ad24a5ae5b6e1eed2b848477fa2a4787ba9adf39a41?s=96&d=mm&r=g","contentUrl":"https:\/\/secure.gravatar.com\/avatar\/c7164ed6fdec453195284ad24a5ae5b6e1eed2b848477fa2a4787ba9adf39a41?s=96&d=mm&r=g","caption":"Redacci\u00f3n QP"},"url":"https:\/\/quehacerpolitico.mx\/?author=2"}]}},"featured_image_urls":{"full":["https:\/\/quehacerpolitico.mx\/wp-content\/uploads\/2022\/02\/8BB11578-7BC1-4EF1-9FBB-870032FFF675.jpeg",1257,1600,false],"thumbnail":["https:\/\/quehacerpolitico.mx\/wp-content\/uploads\/2022\/02\/8BB11578-7BC1-4EF1-9FBB-870032FFF675-150x150.jpeg",150,150,true],"medium":["https:\/\/quehacerpolitico.mx\/wp-content\/uploads\/2022\/02\/8BB11578-7BC1-4EF1-9FBB-870032FFF675-236x300.jpeg",236,300,true],"medium_large":["https:\/\/quehacerpolitico.mx\/wp-content\/uploads\/2022\/02\/8BB11578-7BC1-4EF1-9FBB-870032FFF675-768x978.jpeg",640,815,true],"large":["https:\/\/quehacerpolitico.mx\/wp-content\/uploads\/2022\/02\/8BB11578-7BC1-4EF1-9FBB-870032FFF675-804x1024.jpeg",640,815,true],"1536x1536":["https:\/\/quehacerpolitico.mx\/wp-content\/uploads\/2022\/02\/8BB11578-7BC1-4EF1-9FBB-870032FFF675-1207x1536.jpeg",1207,1536,true],"2048x2048":["https:\/\/quehacerpolitico.mx\/wp-content\/uploads\/2022\/02\/8BB11578-7BC1-4EF1-9FBB-870032FFF675.jpeg",1257,1600,false],"covernews-featured":["https:\/\/quehacerpolitico.mx\/wp-content\/uploads\/2022\/02\/8BB11578-7BC1-4EF1-9FBB-870032FFF675.jpeg",1024,1303,false],"covernews-medium":["https:\/\/quehacerpolitico.mx\/wp-content\/uploads\/2022\/02\/8BB11578-7BC1-4EF1-9FBB-870032FFF675.jpeg",267,340,false]},"author_info":{"display_name":"Redacci\u00f3n QP","author_link":"https:\/\/quehacerpolitico.mx\/?author=2"},"category_info":"<a href=\"https:\/\/quehacerpolitico.mx\/?cat=56\" rel=\"category\">Econom\u00eda<\/a>","tag_info":"Econom\u00eda","comment_count":"0","_links":{"self":[{"href":"https:\/\/quehacerpolitico.mx\/index.php?rest_route=\/wp\/v2\/posts\/89929","targetHints":{"allow":["GET"]}}],"collection":[{"href":"https:\/\/quehacerpolitico.mx\/index.php?rest_route=\/wp\/v2\/posts"}],"about":[{"href":"https:\/\/quehacerpolitico.mx\/index.php?rest_route=\/wp\/v2\/types\/post"}],"author":[{"embeddable":true,"href":"https:\/\/quehacerpolitico.mx\/index.php?rest_route=\/wp\/v2\/users\/2"}],"replies":[{"embeddable":true,"href":"https:\/\/quehacerpolitico.mx\/index.php?rest_route=%2Fwp%2Fv2%2Fcomments&post=89929"}],"version-history":[{"count":1,"href":"https:\/\/quehacerpolitico.mx\/index.php?rest_route=\/wp\/v2\/posts\/89929\/revisions"}],"predecessor-version":[{"id":89934,"href":"https:\/\/quehacerpolitico.mx\/index.php?rest_route=\/wp\/v2\/posts\/89929\/revisions\/89934"}],"wp:featuredmedia":[{"embeddable":true,"href":"https:\/\/quehacerpolitico.mx\/index.php?rest_route=\/wp\/v2\/media\/89933"}],"wp:attachment":[{"href":"https:\/\/quehacerpolitico.mx\/index.php?rest_route=%2Fwp%2Fv2%2Fmedia&parent=89929"}],"wp:term":[{"taxonomy":"category","embeddable":true,"href":"https:\/\/quehacerpolitico.mx\/index.php?rest_route=%2Fwp%2Fv2%2Fcategories&post=89929"},{"taxonomy":"post_tag","embeddable":true,"href":"https:\/\/quehacerpolitico.mx\/index.php?rest_route=%2Fwp%2Fv2%2Ftags&post=89929"}],"curies":[{"name":"wp","href":"https:\/\/api.w.org\/{rel}","templated":true}]}}