{"id":89911,"date":"2022-02-18T05:02:00","date_gmt":"2022-02-18T05:02:00","guid":{"rendered":"https:\/\/quehacerpolitico.mx\/?p=89911"},"modified":"2022-02-18T05:02:05","modified_gmt":"2022-02-18T05:02:05","slug":"lo-estas-machucando-haganse-a-un-lado-le-decian-al-hombre-que-se-colgo-de-la-camioneta-de-amlo","status":"publish","type":"post","link":"https:\/\/quehacerpolitico.mx\/?p=89911","title":{"rendered":"&#8220;Lo est\u00e1s\u00a0machucando&#8221;, &#8220;h\u00e1ganse a un lado&#8221;, le dec\u00edan al hombre, que se colg\u00f3 de la camioneta de AMLO"},"content":{"rendered":"\n<p>Por Redacci\u00f3n QP<\/p>\n\n\n\n<p>El Presidente acude a Tijuana y se enfrenta a una serie de manifestaciones<\/p>\n\n\n\n<p>El&nbsp;<strong>Presidente Andr\u00e9s Manuel L\u00f3pez Obrador (AMLO)<\/strong>&nbsp;llev\u00f3 a cabo hoy su&nbsp;conferencia matutina y la reuni\u00f3n del Gabinete de Seguridad en Tijuana, Baja California.&nbsp;<\/p>\n\n\n\n<p>En un video difundido en redes sociales, se aprecia que al salir de la Segunda Zona Militar en Tijuana,<strong>&nbsp;<\/strong>donde se realiz\u00f3 la ma\u00f1anera,<strong>&nbsp;un grupo de manifestantes le impide el paso al Presidente.<\/strong><\/p>\n\n\n\n<p>En las im\u00e1genes\u00a0se ve incluso\u00a0a un hombre que se cuelga del cofre de la camioneta donde viajaba\u00a0 L\u00f3pez Obrador\u00a0a manera de protesta y no se suelta.<\/p>\n\n\n\n<p><strong>&#8220;Lo est\u00e1s&nbsp;machucando&#8221;, &#8220;h\u00e1ganse a un lado&#8221;, le dec\u00edan al hombre<\/strong>, quien despu\u00e9s de unos minutos se alej\u00f3.<\/p>\n\n\n\n<p>Algunos otros inconformes golpearon el auto del Mandatario y gritaron consignas como &#8220;Justicia para Margarito&#8221;, uno de los periodistas asesinados en lo que va del a\u00f1o.<\/p>\n\n\n\n<p>Tambi\u00e9n se manifestaron personas jubiladas para exigir servicios m\u00e9dicos y&nbsp;representantes de la comunidad LGBT con todo y banderas de orgullo.<\/p>\n\n\n\n<h2 class=\"wp-block-heading\" id=\"periodistas-piden-justicia\">Periodistas piden justicia<\/h2>\n\n\n\n<p>Durante la ma\u00f1anera de hoy,\u00a0periodistas pidieron justicia por los cinco colegas que han sido asesinados en lo que va del a\u00f1o en M\u00e9xico.<\/p>\n\n\n\n<p>Un grupo de comunicadores exigi\u00f3 al Presidente protecci\u00f3n al gremio.<\/p>\n\n\n\n<p>En ese estado fueron asesinados Margarito Mart\u00ednez Esquivel y Lourdes Maldonado.<\/p>\n\n\n\n<figure class=\"wp-block-embed is-type-rich is-provider-twitter wp-block-embed-twitter\"><div class=\"wp-block-embed__wrapper\">\n<blockquote class=\"twitter-tweet\" data-width=\"550\" data-dnt=\"true\"><p lang=\"es\" dir=\"ltr\">En medio de m\u00faltiples protestas, as\u00ed la salida del presidente <a href=\"https:\/\/twitter.com\/lopezobrador_?ref_src=twsrc%5Etfw\">@lopezobrador_<\/a> de la segunda zona militar en Tijuana, Baja California. <br><br>Un hombre incluso se colg\u00f3 de la camioneta, y algunos la golpearon. <br><br>(Video: <a href=\"https:\/\/twitter.com\/Radio_Formula?ref_src=twsrc%5Etfw\">@Radio_Formula<\/a> \/ <a href=\"https:\/\/twitter.com\/sarapablo1?ref_src=twsrc%5Etfw\">@sarapablo1<\/a>) <a href=\"https:\/\/t.co\/5XqwK5QhVq\">pic.twitter.com\/5XqwK5QhVq<\/a><\/p>&mdash; Joaqu\u00edn L\u00f3pez-D\u00f3riga (@lopezdoriga) <a href=\"https:\/\/twitter.com\/lopezdoriga\/status\/1494415236341846016?ref_src=twsrc%5Etfw\">February 17, 2022<\/a><\/blockquote><script async src=\"https:\/\/platform.twitter.com\/widgets.js\" charset=\"utf-8\"><\/script>\n<\/div><\/figure>\n","protected":false},"excerpt":{"rendered":"<p>Por Redacci\u00f3n QP El Presidente acude a Tijuana y se enfrenta a una serie de&#8230;<\/p>\n","protected":false},"author":2,"featured_media":89912,"comment_status":"open","ping_status":"open","sticky":false,"template":"","format":"standard","meta":{"_monsterinsights_skip_tracking":false,"_monsterinsights_sitenote_active":false,"_monsterinsights_sitenote_note":"","_monsterinsights_sitenote_category":0,"footnotes":""},"categories":[2],"tags":[],"class_list":["post-89911","post","type-post","status-publish","format-standard","has-post-thumbnail","hentry","category-noticias"],"yoast_head":"<!-- This site is optimized with the Yoast SEO plugin v27.3 - https:\/\/yoast.com\/product\/yoast-seo-wordpress\/ -->\n<title>&quot;Lo est\u00e1s\u00a0machucando&quot;, &quot;h\u00e1ganse a un lado&quot;, le dec\u00edan al hombre, que se colg\u00f3 de la camioneta de AMLO -<\/title>\n<meta name=\"robots\" content=\"index, follow, max-snippet:-1, max-image-preview:large, max-video-preview:-1\" \/>\n<link rel=\"canonical\" href=\"https:\/\/quehacerpolitico.mx\/?p=89911\" \/>\n<meta property=\"og:locale\" content=\"es_MX\" \/>\n<meta property=\"og:type\" content=\"article\" \/>\n<meta property=\"og:title\" content=\"&quot;Lo est\u00e1s\u00a0machucando&quot;, &quot;h\u00e1ganse a un lado&quot;, le dec\u00edan al hombre, que se colg\u00f3 de la camioneta de AMLO -\" \/>\n<meta property=\"og:description\" content=\"Por Redacci\u00f3n QP El Presidente acude a Tijuana y se enfrenta a una serie de...\" \/>\n<meta property=\"og:url\" content=\"https:\/\/quehacerpolitico.mx\/?p=89911\" \/>\n<meta property=\"article:published_time\" content=\"2022-02-18T05:02:00+00:00\" \/>\n<meta property=\"article:modified_time\" content=\"2022-02-18T05:02:05+00:00\" \/>\n<meta property=\"og:image\" content=\"https:\/\/quehacerpolitico.mx\/wp-content\/uploads\/2022\/02\/8C3D5576-D658-451B-8A52-F45FCEC8ED6A.jpeg\" \/>\n\t<meta property=\"og:image:width\" content=\"1284\" \/>\n\t<meta property=\"og:image:height\" content=\"701\" \/>\n\t<meta property=\"og:image:type\" content=\"image\/jpeg\" \/>\n<meta name=\"author\" content=\"Redacci\u00f3n QP\" \/>\n<meta name=\"twitter:card\" content=\"summary_large_image\" \/>\n<meta name=\"twitter:label1\" content=\"Escrito por\" \/>\n\t<meta name=\"twitter:data1\" content=\"Redacci\u00f3n QP\" \/>\n\t<meta name=\"twitter:label2\" content=\"Tiempo de lectura\" \/>\n\t<meta name=\"twitter:data2\" content=\"1 minuto\" \/>\n<script type=\"application\/ld+json\" class=\"yoast-schema-graph\">{\"@context\":\"https:\\\/\\\/schema.org\",\"@graph\":[{\"@type\":\"Article\",\"@id\":\"https:\\\/\\\/quehacerpolitico.mx\\\/?p=89911#article\",\"isPartOf\":{\"@id\":\"https:\\\/\\\/quehacerpolitico.mx\\\/?p=89911\"},\"author\":{\"name\":\"Redacci\u00f3n QP\",\"@id\":\"https:\\\/\\\/quehacerpolitico.mx\\\/#\\\/schema\\\/person\\\/496d8ad2d1d3f8036101dca7ee39e585\"},\"headline\":\"&#8220;Lo est\u00e1s\u00a0machucando&#8221;, &#8220;h\u00e1ganse a un lado&#8221;, le dec\u00edan al hombre, que se colg\u00f3 de la camioneta de AMLO\",\"datePublished\":\"2022-02-18T05:02:00+00:00\",\"dateModified\":\"2022-02-18T05:02:05+00:00\",\"mainEntityOfPage\":{\"@id\":\"https:\\\/\\\/quehacerpolitico.mx\\\/?p=89911\"},\"wordCount\":272,\"commentCount\":0,\"image\":{\"@id\":\"https:\\\/\\\/quehacerpolitico.mx\\\/?p=89911#primaryimage\"},\"thumbnailUrl\":\"https:\\\/\\\/quehacerpolitico.mx\\\/wp-content\\\/uploads\\\/2022\\\/02\\\/8C3D5576-D658-451B-8A52-F45FCEC8ED6A.jpeg\",\"articleSection\":[\"Noticias\"],\"inLanguage\":\"es\",\"potentialAction\":[{\"@type\":\"CommentAction\",\"name\":\"Comment\",\"target\":[\"https:\\\/\\\/quehacerpolitico.mx\\\/?p=89911#respond\"]}]},{\"@type\":\"WebPage\",\"@id\":\"https:\\\/\\\/quehacerpolitico.mx\\\/?p=89911\",\"url\":\"https:\\\/\\\/quehacerpolitico.mx\\\/?p=89911\",\"name\":\"\\\"Lo est\u00e1s\u00a0machucando\\\", \\\"h\u00e1ganse a un lado\\\", le dec\u00edan al hombre, que se colg\u00f3 de la camioneta de AMLO -\",\"isPartOf\":{\"@id\":\"https:\\\/\\\/quehacerpolitico.mx\\\/#website\"},\"primaryImageOfPage\":{\"@id\":\"https:\\\/\\\/quehacerpolitico.mx\\\/?p=89911#primaryimage\"},\"image\":{\"@id\":\"https:\\\/\\\/quehacerpolitico.mx\\\/?p=89911#primaryimage\"},\"thumbnailUrl\":\"https:\\\/\\\/quehacerpolitico.mx\\\/wp-content\\\/uploads\\\/2022\\\/02\\\/8C3D5576-D658-451B-8A52-F45FCEC8ED6A.jpeg\",\"datePublished\":\"2022-02-18T05:02:00+00:00\",\"dateModified\":\"2022-02-18T05:02:05+00:00\",\"author\":{\"@id\":\"https:\\\/\\\/quehacerpolitico.mx\\\/#\\\/schema\\\/person\\\/496d8ad2d1d3f8036101dca7ee39e585\"},\"breadcrumb\":{\"@id\":\"https:\\\/\\\/quehacerpolitico.mx\\\/?p=89911#breadcrumb\"},\"inLanguage\":\"es\",\"potentialAction\":[{\"@type\":\"ReadAction\",\"target\":[\"https:\\\/\\\/quehacerpolitico.mx\\\/?p=89911\"]}]},{\"@type\":\"ImageObject\",\"inLanguage\":\"es\",\"@id\":\"https:\\\/\\\/quehacerpolitico.mx\\\/?p=89911#primaryimage\",\"url\":\"https:\\\/\\\/quehacerpolitico.mx\\\/wp-content\\\/uploads\\\/2022\\\/02\\\/8C3D5576-D658-451B-8A52-F45FCEC8ED6A.jpeg\",\"contentUrl\":\"https:\\\/\\\/quehacerpolitico.mx\\\/wp-content\\\/uploads\\\/2022\\\/02\\\/8C3D5576-D658-451B-8A52-F45FCEC8ED6A.jpeg\",\"width\":1284,\"height\":701},{\"@type\":\"BreadcrumbList\",\"@id\":\"https:\\\/\\\/quehacerpolitico.mx\\\/?p=89911#breadcrumb\",\"itemListElement\":[{\"@type\":\"ListItem\",\"position\":1,\"name\":\"Inicio\",\"item\":\"https:\\\/\\\/quehacerpolitico.mx\\\/\"},{\"@type\":\"ListItem\",\"position\":2,\"name\":\"&#8220;Lo est\u00e1s\u00a0machucando&#8221;, &#8220;h\u00e1ganse a un lado&#8221;, le dec\u00edan al hombre, que se colg\u00f3 de la camioneta de AMLO\"}]},{\"@type\":\"WebSite\",\"@id\":\"https:\\\/\\\/quehacerpolitico.mx\\\/#website\",\"url\":\"https:\\\/\\\/quehacerpolitico.mx\\\/\",\"name\":\"\",\"description\":\"\",\"potentialAction\":[{\"@type\":\"SearchAction\",\"target\":{\"@type\":\"EntryPoint\",\"urlTemplate\":\"https:\\\/\\\/quehacerpolitico.mx\\\/?s={search_term_string}\"},\"query-input\":{\"@type\":\"PropertyValueSpecification\",\"valueRequired\":true,\"valueName\":\"search_term_string\"}}],\"inLanguage\":\"es\"},{\"@type\":\"Person\",\"@id\":\"https:\\\/\\\/quehacerpolitico.mx\\\/#\\\/schema\\\/person\\\/496d8ad2d1d3f8036101dca7ee39e585\",\"name\":\"Redacci\u00f3n QP\",\"image\":{\"@type\":\"ImageObject\",\"inLanguage\":\"es\",\"@id\":\"https:\\\/\\\/secure.gravatar.com\\\/avatar\\\/c7164ed6fdec453195284ad24a5ae5b6e1eed2b848477fa2a4787ba9adf39a41?s=96&d=mm&r=g\",\"url\":\"https:\\\/\\\/secure.gravatar.com\\\/avatar\\\/c7164ed6fdec453195284ad24a5ae5b6e1eed2b848477fa2a4787ba9adf39a41?s=96&d=mm&r=g\",\"contentUrl\":\"https:\\\/\\\/secure.gravatar.com\\\/avatar\\\/c7164ed6fdec453195284ad24a5ae5b6e1eed2b848477fa2a4787ba9adf39a41?s=96&d=mm&r=g\",\"caption\":\"Redacci\u00f3n QP\"},\"url\":\"https:\\\/\\\/quehacerpolitico.mx\\\/?author=2\"}]}<\/script>\n<!-- \/ Yoast SEO plugin. -->","yoast_head_json":{"title":"\"Lo est\u00e1s\u00a0machucando\", \"h\u00e1ganse a un lado\", le dec\u00edan al hombre, que se colg\u00f3 de la camioneta de AMLO -","robots":{"index":"index","follow":"follow","max-snippet":"max-snippet:-1","max-image-preview":"max-image-preview:large","max-video-preview":"max-video-preview:-1"},"canonical":"https:\/\/quehacerpolitico.mx\/?p=89911","og_locale":"es_MX","og_type":"article","og_title":"\"Lo est\u00e1s\u00a0machucando\", \"h\u00e1ganse a un lado\", le dec\u00edan al hombre, que se colg\u00f3 de la camioneta de AMLO -","og_description":"Por Redacci\u00f3n QP El Presidente acude a Tijuana y se enfrenta a una serie de...","og_url":"https:\/\/quehacerpolitico.mx\/?p=89911","article_published_time":"2022-02-18T05:02:00+00:00","article_modified_time":"2022-02-18T05:02:05+00:00","og_image":[{"width":1284,"height":701,"url":"https:\/\/quehacerpolitico.mx\/wp-content\/uploads\/2022\/02\/8C3D5576-D658-451B-8A52-F45FCEC8ED6A.jpeg","type":"image\/jpeg"}],"author":"Redacci\u00f3n QP","twitter_card":"summary_large_image","twitter_misc":{"Escrito por":"Redacci\u00f3n QP","Tiempo de lectura":"1 minuto"},"schema":{"@context":"https:\/\/schema.org","@graph":[{"@type":"Article","@id":"https:\/\/quehacerpolitico.mx\/?p=89911#article","isPartOf":{"@id":"https:\/\/quehacerpolitico.mx\/?p=89911"},"author":{"name":"Redacci\u00f3n QP","@id":"https:\/\/quehacerpolitico.mx\/#\/schema\/person\/496d8ad2d1d3f8036101dca7ee39e585"},"headline":"&#8220;Lo est\u00e1s\u00a0machucando&#8221;, &#8220;h\u00e1ganse a un lado&#8221;, le dec\u00edan al hombre, que se colg\u00f3 de la camioneta de AMLO","datePublished":"2022-02-18T05:02:00+00:00","dateModified":"2022-02-18T05:02:05+00:00","mainEntityOfPage":{"@id":"https:\/\/quehacerpolitico.mx\/?p=89911"},"wordCount":272,"commentCount":0,"image":{"@id":"https:\/\/quehacerpolitico.mx\/?p=89911#primaryimage"},"thumbnailUrl":"https:\/\/quehacerpolitico.mx\/wp-content\/uploads\/2022\/02\/8C3D5576-D658-451B-8A52-F45FCEC8ED6A.jpeg","articleSection":["Noticias"],"inLanguage":"es","potentialAction":[{"@type":"CommentAction","name":"Comment","target":["https:\/\/quehacerpolitico.mx\/?p=89911#respond"]}]},{"@type":"WebPage","@id":"https:\/\/quehacerpolitico.mx\/?p=89911","url":"https:\/\/quehacerpolitico.mx\/?p=89911","name":"\"Lo est\u00e1s\u00a0machucando\", \"h\u00e1ganse a un lado\", le dec\u00edan al hombre, que se colg\u00f3 de la camioneta de AMLO -","isPartOf":{"@id":"https:\/\/quehacerpolitico.mx\/#website"},"primaryImageOfPage":{"@id":"https:\/\/quehacerpolitico.mx\/?p=89911#primaryimage"},"image":{"@id":"https:\/\/quehacerpolitico.mx\/?p=89911#primaryimage"},"thumbnailUrl":"https:\/\/quehacerpolitico.mx\/wp-content\/uploads\/2022\/02\/8C3D5576-D658-451B-8A52-F45FCEC8ED6A.jpeg","datePublished":"2022-02-18T05:02:00+00:00","dateModified":"2022-02-18T05:02:05+00:00","author":{"@id":"https:\/\/quehacerpolitico.mx\/#\/schema\/person\/496d8ad2d1d3f8036101dca7ee39e585"},"breadcrumb":{"@id":"https:\/\/quehacerpolitico.mx\/?p=89911#breadcrumb"},"inLanguage":"es","potentialAction":[{"@type":"ReadAction","target":["https:\/\/quehacerpolitico.mx\/?p=89911"]}]},{"@type":"ImageObject","inLanguage":"es","@id":"https:\/\/quehacerpolitico.mx\/?p=89911#primaryimage","url":"https:\/\/quehacerpolitico.mx\/wp-content\/uploads\/2022\/02\/8C3D5576-D658-451B-8A52-F45FCEC8ED6A.jpeg","contentUrl":"https:\/\/quehacerpolitico.mx\/wp-content\/uploads\/2022\/02\/8C3D5576-D658-451B-8A52-F45FCEC8ED6A.jpeg","width":1284,"height":701},{"@type":"BreadcrumbList","@id":"https:\/\/quehacerpolitico.mx\/?p=89911#breadcrumb","itemListElement":[{"@type":"ListItem","position":1,"name":"Inicio","item":"https:\/\/quehacerpolitico.mx\/"},{"@type":"ListItem","position":2,"name":"&#8220;Lo est\u00e1s\u00a0machucando&#8221;, &#8220;h\u00e1ganse a un lado&#8221;, le dec\u00edan al hombre, que se colg\u00f3 de la camioneta de AMLO"}]},{"@type":"WebSite","@id":"https:\/\/quehacerpolitico.mx\/#website","url":"https:\/\/quehacerpolitico.mx\/","name":"","description":"","potentialAction":[{"@type":"SearchAction","target":{"@type":"EntryPoint","urlTemplate":"https:\/\/quehacerpolitico.mx\/?s={search_term_string}"},"query-input":{"@type":"PropertyValueSpecification","valueRequired":true,"valueName":"search_term_string"}}],"inLanguage":"es"},{"@type":"Person","@id":"https:\/\/quehacerpolitico.mx\/#\/schema\/person\/496d8ad2d1d3f8036101dca7ee39e585","name":"Redacci\u00f3n QP","image":{"@type":"ImageObject","inLanguage":"es","@id":"https:\/\/secure.gravatar.com\/avatar\/c7164ed6fdec453195284ad24a5ae5b6e1eed2b848477fa2a4787ba9adf39a41?s=96&d=mm&r=g","url":"https:\/\/secure.gravatar.com\/avatar\/c7164ed6fdec453195284ad24a5ae5b6e1eed2b848477fa2a4787ba9adf39a41?s=96&d=mm&r=g","contentUrl":"https:\/\/secure.gravatar.com\/avatar\/c7164ed6fdec453195284ad24a5ae5b6e1eed2b848477fa2a4787ba9adf39a41?s=96&d=mm&r=g","caption":"Redacci\u00f3n QP"},"url":"https:\/\/quehacerpolitico.mx\/?author=2"}]}},"featured_image_urls":{"full":["https:\/\/quehacerpolitico.mx\/wp-content\/uploads\/2022\/02\/8C3D5576-D658-451B-8A52-F45FCEC8ED6A.jpeg",1284,701,false],"thumbnail":["https:\/\/quehacerpolitico.mx\/wp-content\/uploads\/2022\/02\/8C3D5576-D658-451B-8A52-F45FCEC8ED6A-150x150.jpeg",150,150,true],"medium":["https:\/\/quehacerpolitico.mx\/wp-content\/uploads\/2022\/02\/8C3D5576-D658-451B-8A52-F45FCEC8ED6A-300x164.jpeg",300,164,true],"medium_large":["https:\/\/quehacerpolitico.mx\/wp-content\/uploads\/2022\/02\/8C3D5576-D658-451B-8A52-F45FCEC8ED6A-768x419.jpeg",640,349,true],"large":["https:\/\/quehacerpolitico.mx\/wp-content\/uploads\/2022\/02\/8C3D5576-D658-451B-8A52-F45FCEC8ED6A-1024x559.jpeg",640,349,true],"1536x1536":["https:\/\/quehacerpolitico.mx\/wp-content\/uploads\/2022\/02\/8C3D5576-D658-451B-8A52-F45FCEC8ED6A.jpeg",1284,701,false],"2048x2048":["https:\/\/quehacerpolitico.mx\/wp-content\/uploads\/2022\/02\/8C3D5576-D658-451B-8A52-F45FCEC8ED6A.jpeg",1284,701,false],"covernews-featured":["https:\/\/quehacerpolitico.mx\/wp-content\/uploads\/2022\/02\/8C3D5576-D658-451B-8A52-F45FCEC8ED6A.jpeg",1024,559,false],"covernews-medium":["https:\/\/quehacerpolitico.mx\/wp-content\/uploads\/2022\/02\/8C3D5576-D658-451B-8A52-F45FCEC8ED6A.jpeg",540,295,false]},"author_info":{"display_name":"Redacci\u00f3n QP","author_link":"https:\/\/quehacerpolitico.mx\/?author=2"},"category_info":"<a href=\"https:\/\/quehacerpolitico.mx\/?cat=2\" rel=\"category\">Noticias<\/a>","tag_info":"Noticias","comment_count":"0","_links":{"self":[{"href":"https:\/\/quehacerpolitico.mx\/index.php?rest_route=\/wp\/v2\/posts\/89911","targetHints":{"allow":["GET"]}}],"collection":[{"href":"https:\/\/quehacerpolitico.mx\/index.php?rest_route=\/wp\/v2\/posts"}],"about":[{"href":"https:\/\/quehacerpolitico.mx\/index.php?rest_route=\/wp\/v2\/types\/post"}],"author":[{"embeddable":true,"href":"https:\/\/quehacerpolitico.mx\/index.php?rest_route=\/wp\/v2\/users\/2"}],"replies":[{"embeddable":true,"href":"https:\/\/quehacerpolitico.mx\/index.php?rest_route=%2Fwp%2Fv2%2Fcomments&post=89911"}],"version-history":[{"count":1,"href":"https:\/\/quehacerpolitico.mx\/index.php?rest_route=\/wp\/v2\/posts\/89911\/revisions"}],"predecessor-version":[{"id":89913,"href":"https:\/\/quehacerpolitico.mx\/index.php?rest_route=\/wp\/v2\/posts\/89911\/revisions\/89913"}],"wp:featuredmedia":[{"embeddable":true,"href":"https:\/\/quehacerpolitico.mx\/index.php?rest_route=\/wp\/v2\/media\/89912"}],"wp:attachment":[{"href":"https:\/\/quehacerpolitico.mx\/index.php?rest_route=%2Fwp%2Fv2%2Fmedia&parent=89911"}],"wp:term":[{"taxonomy":"category","embeddable":true,"href":"https:\/\/quehacerpolitico.mx\/index.php?rest_route=%2Fwp%2Fv2%2Fcategories&post=89911"},{"taxonomy":"post_tag","embeddable":true,"href":"https:\/\/quehacerpolitico.mx\/index.php?rest_route=%2Fwp%2Fv2%2Ftags&post=89911"}],"curies":[{"name":"wp","href":"https:\/\/api.w.org\/{rel}","templated":true}]}}