{"id":89904,"date":"2022-02-18T04:40:33","date_gmt":"2022-02-18T04:40:33","guid":{"rendered":"https:\/\/quehacerpolitico.mx\/?p=89904"},"modified":"2022-02-18T04:40:37","modified_gmt":"2022-02-18T04:40:37","slug":"hoy-mexico-registra-21-mil-565-nuevos-casos-del-covid-19-y-470-muertes","status":"publish","type":"post","link":"https:\/\/quehacerpolitico.mx\/?p=89904","title":{"rendered":"Hoy M\u00e9xico registra 21 mil 565 nuevos casos del COVID-19  y 470 muertes\u00a0"},"content":{"rendered":"\n<p>Por Redacci\u00f3n QP<\/p>\n\n\n\n<p>Actualmente hay 82 mil 102 casos activos COVID, seg\u00fan datos de la Secretar\u00eda de Salud<\/p>\n\n\n\n<p>M\u00e9xico registr\u00f3 este jueves\u00a0<strong>470 nuevos fallecimientos<\/strong>\u00a0y\u00a0<strong>21 mil 565 contagios\u00a0<\/strong>por el COVID-19, de manera que suma<strong>\u00a0cinco millones 366 mil 405 casos<\/strong>, y acumula\u00a0<strong>314 mil 598 decesos en total<\/strong>, inform\u00f3 la Secretar\u00eda de Salud.<\/p>\n\n\n\n<figure class=\"wp-block-image size-full\"><img loading=\"lazy\" decoding=\"async\" width=\"976\" height=\"910\" src=\"https:\/\/quehacerpolitico.mx\/wp-content\/uploads\/2022\/02\/image-139.jpeg\" alt=\"\" class=\"wp-image-89905\" srcset=\"https:\/\/quehacerpolitico.mx\/wp-content\/uploads\/2022\/02\/image-139.jpeg 976w, https:\/\/quehacerpolitico.mx\/wp-content\/uploads\/2022\/02\/image-139-300x280.jpeg 300w, https:\/\/quehacerpolitico.mx\/wp-content\/uploads\/2022\/02\/image-139-768x716.jpeg 768w, https:\/\/quehacerpolitico.mx\/wp-content\/uploads\/2022\/02\/image-139-157x146.jpeg 157w, https:\/\/quehacerpolitico.mx\/wp-content\/uploads\/2022\/02\/image-139-50x47.jpeg 50w, https:\/\/quehacerpolitico.mx\/wp-content\/uploads\/2022\/02\/image-139-80x75.jpeg 80w\" sizes=\"auto, (max-width: 976px) 100vw, 976px\" \/><\/figure>\n\n\n\n<p>Hace una semana, el 10 de febrero se registraron 927 decesos, la cifra m\u00e1s alta durante la cuarta ola.<\/p>\n\n\n\n<p>Con estos datos, M\u00e9xico es el decimosexto pa\u00eds en el mundo en n\u00famero de contagios confirmados y es el quinto con m\u00e1s decesos por esta causa, por detr\u00e1s de Estados Unidos, Brasil, India y Rusia, seg\u00fan el recuento de la Universidad Johns Hopkins.<\/p>\n\n\n\n<p>Las autoridades sanitarias reconocen que, con base en las actas de defunci\u00f3n, el pa\u00eds puede rozar los\u00a0<strong>460 mil\u00a0fallecimientos\u00a0<\/strong>y estiman que M\u00e9xico acumula en realidad\u00a0<strong>cinco millones 639 mil 080 contagios.<\/strong><\/p>\n\n\n\n<figure class=\"wp-block-image size-full\"><img loading=\"lazy\" decoding=\"async\" width=\"640\" height=\"549\" src=\"https:\/\/quehacerpolitico.mx\/wp-content\/uploads\/2022\/02\/image-142.jpeg\" alt=\"\" class=\"wp-image-89908\" srcset=\"https:\/\/quehacerpolitico.mx\/wp-content\/uploads\/2022\/02\/image-142.jpeg 640w, https:\/\/quehacerpolitico.mx\/wp-content\/uploads\/2022\/02\/image-142-300x257.jpeg 300w, https:\/\/quehacerpolitico.mx\/wp-content\/uploads\/2022\/02\/image-142-170x146.jpeg 170w, https:\/\/quehacerpolitico.mx\/wp-content\/uploads\/2022\/02\/image-142-50x43.jpeg 50w, https:\/\/quehacerpolitico.mx\/wp-content\/uploads\/2022\/02\/image-142-87x75.jpeg 87w\" sizes=\"auto, (max-width: 640px) 100vw, 640px\" \/><\/figure>\n\n\n\n<figure class=\"wp-block-image size-full\"><img loading=\"lazy\" decoding=\"async\" width=\"482\" height=\"861\" src=\"https:\/\/quehacerpolitico.mx\/wp-content\/uploads\/2022\/02\/image-141.jpeg\" alt=\"\" class=\"wp-image-89907\" srcset=\"https:\/\/quehacerpolitico.mx\/wp-content\/uploads\/2022\/02\/image-141.jpeg 482w, https:\/\/quehacerpolitico.mx\/wp-content\/uploads\/2022\/02\/image-141-168x300.jpeg 168w, https:\/\/quehacerpolitico.mx\/wp-content\/uploads\/2022\/02\/image-141-82x146.jpeg 82w, https:\/\/quehacerpolitico.mx\/wp-content\/uploads\/2022\/02\/image-141-28x50.jpeg 28w, https:\/\/quehacerpolitico.mx\/wp-content\/uploads\/2022\/02\/image-141-42x75.jpeg 42w\" sizes=\"auto, (max-width: 482px) 100vw, 482px\" \/><\/figure>\n\n\n\n<p>De los contagios confirmados,\u00a0<strong>hay 82 mil 102 casos activos<\/strong>, que han presentado s\u00edntomas durante los \u00faltimos 14 d\u00edas y suponen el<strong>\u00a01.5%<\/strong>\u00a0del total.<\/p>\n\n\n\n<figure class=\"wp-block-image size-large\"><img loading=\"lazy\" decoding=\"async\" width=\"827\" height=\"1024\" src=\"https:\/\/quehacerpolitico.mx\/wp-content\/uploads\/2022\/02\/image-140-827x1024.jpeg\" alt=\"\" class=\"wp-image-89906\" srcset=\"https:\/\/quehacerpolitico.mx\/wp-content\/uploads\/2022\/02\/image-140-827x1024.jpeg 827w, https:\/\/quehacerpolitico.mx\/wp-content\/uploads\/2022\/02\/image-140-242x300.jpeg 242w, https:\/\/quehacerpolitico.mx\/wp-content\/uploads\/2022\/02\/image-140-768x951.jpeg 768w, https:\/\/quehacerpolitico.mx\/wp-content\/uploads\/2022\/02\/image-140-118x146.jpeg 118w, https:\/\/quehacerpolitico.mx\/wp-content\/uploads\/2022\/02\/image-140-40x50.jpeg 40w, https:\/\/quehacerpolitico.mx\/wp-content\/uploads\/2022\/02\/image-140-61x75.jpeg 61w, https:\/\/quehacerpolitico.mx\/wp-content\/uploads\/2022\/02\/image-140.jpeg 976w\" sizes=\"auto, (max-width: 827px) 100vw, 827px\" \/><\/figure>\n\n\n\n<p>Adem\u00e1s, desde el inicio de la pandemia se han recuperado&nbsp;<strong>cuatro millones 612 mil 278 personas.<\/strong><\/p>\n\n\n\n<p><strong>La ocupaci\u00f3n media de camas generales se sit\u00faa en un 27% y la de terapia intensiva en un 20%.<\/strong><\/p>\n\n\n\n<h2 class=\"wp-block-heading\" id=\"plan-de-vacunacion\">Plan de vacunaci\u00f3n<\/h2>\n\n\n\n<p>Las autoridades tambi\u00e9n indicaron que dentro del programa de vacunaci\u00f3n se han administrado m\u00e1s de&nbsp;<strong>174.96 millones<\/strong>&nbsp;de dosis, al sumar&nbsp;<strong>un millon 140 mil 834<\/strong>&nbsp;durante la \u00faltima jornada.<\/p>\n\n\n\n<p>El Gobierno de M\u00e9xico afirma que es el noveno pa\u00eds que m\u00e1s dosis ha aplicado en n\u00fameros absolutos.<\/p>\n\n\n\n<p>De los 126 millones de habitantes,<strong>&nbsp;84.92 millones<\/strong>de mexicanos han recibido al menos una dosis de la vacuna, con lo que 90% de la poblaci\u00f3n de 18 a\u00f1os y m\u00e1s han recibido al menos una aplicaci\u00f3n.<\/p>\n\n\n\n<p>En tanto,\u00a0<strong>78.8 millones<\/strong>\u00a0han completado su esquema de vacunaci\u00f3n.<\/p>\n\n\n\n<figure class=\"wp-block-embed is-type-video is-provider-youtube wp-block-embed-youtube wp-embed-aspect-16-9 wp-has-aspect-ratio\"><div class=\"wp-block-embed__wrapper\">\n<iframe loading=\"lazy\" title=\"M\u00e9xico suma 470 muertes y 25 mil 565 contagios de Covid-19 en 24 horas\" width=\"640\" height=\"360\" src=\"https:\/\/www.youtube.com\/embed\/lic_wEoXjzY?feature=oembed\" frameborder=\"0\" allow=\"accelerometer; autoplay; clipboard-write; encrypted-media; gyroscope; picture-in-picture; web-share\" referrerpolicy=\"strict-origin-when-cross-origin\" allowfullscreen><\/iframe>\n<\/div><\/figure>\n\n\n\n<p>Con informaci\u00f3n de EFE<\/p>\n","protected":false},"excerpt":{"rendered":"<p>Por Redacci\u00f3n QP Actualmente hay 82 mil 102 casos activos COVID, seg\u00fan datos de la&#8230;<\/p>\n","protected":false},"author":2,"featured_media":89909,"comment_status":"open","ping_status":"open","sticky":false,"template":"","format":"standard","meta":{"_monsterinsights_skip_tracking":false,"_monsterinsights_sitenote_active":false,"_monsterinsights_sitenote_note":"","_monsterinsights_sitenote_category":0,"footnotes":""},"categories":[2],"tags":[],"class_list":["post-89904","post","type-post","status-publish","format-standard","has-post-thumbnail","hentry","category-noticias"],"yoast_head":"<!-- This site is optimized with the Yoast SEO plugin v27.3 - https:\/\/yoast.com\/product\/yoast-seo-wordpress\/ -->\n<title>Hoy M\u00e9xico registra 21 mil 565 nuevos casos del COVID-19 y 470 muertes\u00a0 -<\/title>\n<meta name=\"robots\" content=\"index, follow, max-snippet:-1, max-image-preview:large, max-video-preview:-1\" \/>\n<link rel=\"canonical\" href=\"https:\/\/quehacerpolitico.mx\/?p=89904\" \/>\n<meta property=\"og:locale\" content=\"es_MX\" \/>\n<meta property=\"og:type\" content=\"article\" \/>\n<meta property=\"og:title\" content=\"Hoy M\u00e9xico registra 21 mil 565 nuevos casos del COVID-19 y 470 muertes\u00a0 -\" \/>\n<meta property=\"og:description\" content=\"Por Redacci\u00f3n QP Actualmente hay 82 mil 102 casos activos COVID, seg\u00fan datos de la...\" \/>\n<meta property=\"og:url\" content=\"https:\/\/quehacerpolitico.mx\/?p=89904\" \/>\n<meta property=\"article:published_time\" content=\"2022-02-18T04:40:33+00:00\" \/>\n<meta property=\"article:modified_time\" content=\"2022-02-18T04:40:37+00:00\" \/>\n<meta property=\"og:image\" content=\"https:\/\/quehacerpolitico.mx\/wp-content\/uploads\/2022\/02\/656708FC-6D97-4EB6-AB91-686B2B49C90E.jpeg\" \/>\n\t<meta property=\"og:image:width\" content=\"1080\" \/>\n\t<meta property=\"og:image:height\" content=\"699\" \/>\n\t<meta property=\"og:image:type\" content=\"image\/jpeg\" \/>\n<meta name=\"author\" content=\"Redacci\u00f3n QP\" \/>\n<meta name=\"twitter:card\" content=\"summary_large_image\" \/>\n<meta name=\"twitter:label1\" content=\"Escrito por\" \/>\n\t<meta name=\"twitter:data1\" content=\"Redacci\u00f3n QP\" \/>\n\t<meta name=\"twitter:label2\" content=\"Tiempo de lectura\" \/>\n\t<meta name=\"twitter:data2\" content=\"2 minutos\" \/>\n<script type=\"application\/ld+json\" class=\"yoast-schema-graph\">{\"@context\":\"https:\\\/\\\/schema.org\",\"@graph\":[{\"@type\":\"Article\",\"@id\":\"https:\\\/\\\/quehacerpolitico.mx\\\/?p=89904#article\",\"isPartOf\":{\"@id\":\"https:\\\/\\\/quehacerpolitico.mx\\\/?p=89904\"},\"author\":{\"name\":\"Redacci\u00f3n QP\",\"@id\":\"https:\\\/\\\/quehacerpolitico.mx\\\/#\\\/schema\\\/person\\\/496d8ad2d1d3f8036101dca7ee39e585\"},\"headline\":\"Hoy M\u00e9xico registra 21 mil 565 nuevos casos del COVID-19 y 470 muertes\u00a0\",\"datePublished\":\"2022-02-18T04:40:33+00:00\",\"dateModified\":\"2022-02-18T04:40:37+00:00\",\"mainEntityOfPage\":{\"@id\":\"https:\\\/\\\/quehacerpolitico.mx\\\/?p=89904\"},\"wordCount\":338,\"commentCount\":0,\"image\":{\"@id\":\"https:\\\/\\\/quehacerpolitico.mx\\\/?p=89904#primaryimage\"},\"thumbnailUrl\":\"https:\\\/\\\/quehacerpolitico.mx\\\/wp-content\\\/uploads\\\/2022\\\/02\\\/656708FC-6D97-4EB6-AB91-686B2B49C90E.jpeg\",\"articleSection\":[\"Noticias\"],\"inLanguage\":\"es\",\"potentialAction\":[{\"@type\":\"CommentAction\",\"name\":\"Comment\",\"target\":[\"https:\\\/\\\/quehacerpolitico.mx\\\/?p=89904#respond\"]}]},{\"@type\":\"WebPage\",\"@id\":\"https:\\\/\\\/quehacerpolitico.mx\\\/?p=89904\",\"url\":\"https:\\\/\\\/quehacerpolitico.mx\\\/?p=89904\",\"name\":\"Hoy M\u00e9xico registra 21 mil 565 nuevos casos del COVID-19 y 470 muertes\u00a0 -\",\"isPartOf\":{\"@id\":\"https:\\\/\\\/quehacerpolitico.mx\\\/#website\"},\"primaryImageOfPage\":{\"@id\":\"https:\\\/\\\/quehacerpolitico.mx\\\/?p=89904#primaryimage\"},\"image\":{\"@id\":\"https:\\\/\\\/quehacerpolitico.mx\\\/?p=89904#primaryimage\"},\"thumbnailUrl\":\"https:\\\/\\\/quehacerpolitico.mx\\\/wp-content\\\/uploads\\\/2022\\\/02\\\/656708FC-6D97-4EB6-AB91-686B2B49C90E.jpeg\",\"datePublished\":\"2022-02-18T04:40:33+00:00\",\"dateModified\":\"2022-02-18T04:40:37+00:00\",\"author\":{\"@id\":\"https:\\\/\\\/quehacerpolitico.mx\\\/#\\\/schema\\\/person\\\/496d8ad2d1d3f8036101dca7ee39e585\"},\"breadcrumb\":{\"@id\":\"https:\\\/\\\/quehacerpolitico.mx\\\/?p=89904#breadcrumb\"},\"inLanguage\":\"es\",\"potentialAction\":[{\"@type\":\"ReadAction\",\"target\":[\"https:\\\/\\\/quehacerpolitico.mx\\\/?p=89904\"]}]},{\"@type\":\"ImageObject\",\"inLanguage\":\"es\",\"@id\":\"https:\\\/\\\/quehacerpolitico.mx\\\/?p=89904#primaryimage\",\"url\":\"https:\\\/\\\/quehacerpolitico.mx\\\/wp-content\\\/uploads\\\/2022\\\/02\\\/656708FC-6D97-4EB6-AB91-686B2B49C90E.jpeg\",\"contentUrl\":\"https:\\\/\\\/quehacerpolitico.mx\\\/wp-content\\\/uploads\\\/2022\\\/02\\\/656708FC-6D97-4EB6-AB91-686B2B49C90E.jpeg\",\"width\":1080,\"height\":699},{\"@type\":\"BreadcrumbList\",\"@id\":\"https:\\\/\\\/quehacerpolitico.mx\\\/?p=89904#breadcrumb\",\"itemListElement\":[{\"@type\":\"ListItem\",\"position\":1,\"name\":\"Inicio\",\"item\":\"https:\\\/\\\/quehacerpolitico.mx\\\/\"},{\"@type\":\"ListItem\",\"position\":2,\"name\":\"Hoy M\u00e9xico registra 21 mil 565 nuevos casos del COVID-19 y 470 muertes\u00a0\"}]},{\"@type\":\"WebSite\",\"@id\":\"https:\\\/\\\/quehacerpolitico.mx\\\/#website\",\"url\":\"https:\\\/\\\/quehacerpolitico.mx\\\/\",\"name\":\"\",\"description\":\"\",\"potentialAction\":[{\"@type\":\"SearchAction\",\"target\":{\"@type\":\"EntryPoint\",\"urlTemplate\":\"https:\\\/\\\/quehacerpolitico.mx\\\/?s={search_term_string}\"},\"query-input\":{\"@type\":\"PropertyValueSpecification\",\"valueRequired\":true,\"valueName\":\"search_term_string\"}}],\"inLanguage\":\"es\"},{\"@type\":\"Person\",\"@id\":\"https:\\\/\\\/quehacerpolitico.mx\\\/#\\\/schema\\\/person\\\/496d8ad2d1d3f8036101dca7ee39e585\",\"name\":\"Redacci\u00f3n QP\",\"image\":{\"@type\":\"ImageObject\",\"inLanguage\":\"es\",\"@id\":\"https:\\\/\\\/secure.gravatar.com\\\/avatar\\\/c7164ed6fdec453195284ad24a5ae5b6e1eed2b848477fa2a4787ba9adf39a41?s=96&d=mm&r=g\",\"url\":\"https:\\\/\\\/secure.gravatar.com\\\/avatar\\\/c7164ed6fdec453195284ad24a5ae5b6e1eed2b848477fa2a4787ba9adf39a41?s=96&d=mm&r=g\",\"contentUrl\":\"https:\\\/\\\/secure.gravatar.com\\\/avatar\\\/c7164ed6fdec453195284ad24a5ae5b6e1eed2b848477fa2a4787ba9adf39a41?s=96&d=mm&r=g\",\"caption\":\"Redacci\u00f3n QP\"},\"url\":\"https:\\\/\\\/quehacerpolitico.mx\\\/?author=2\"}]}<\/script>\n<!-- \/ Yoast SEO plugin. -->","yoast_head_json":{"title":"Hoy M\u00e9xico registra 21 mil 565 nuevos casos del COVID-19 y 470 muertes\u00a0 -","robots":{"index":"index","follow":"follow","max-snippet":"max-snippet:-1","max-image-preview":"max-image-preview:large","max-video-preview":"max-video-preview:-1"},"canonical":"https:\/\/quehacerpolitico.mx\/?p=89904","og_locale":"es_MX","og_type":"article","og_title":"Hoy M\u00e9xico registra 21 mil 565 nuevos casos del COVID-19 y 470 muertes\u00a0 -","og_description":"Por Redacci\u00f3n QP Actualmente hay 82 mil 102 casos activos COVID, seg\u00fan datos de la...","og_url":"https:\/\/quehacerpolitico.mx\/?p=89904","article_published_time":"2022-02-18T04:40:33+00:00","article_modified_time":"2022-02-18T04:40:37+00:00","og_image":[{"width":1080,"height":699,"url":"https:\/\/quehacerpolitico.mx\/wp-content\/uploads\/2022\/02\/656708FC-6D97-4EB6-AB91-686B2B49C90E.jpeg","type":"image\/jpeg"}],"author":"Redacci\u00f3n QP","twitter_card":"summary_large_image","twitter_misc":{"Escrito por":"Redacci\u00f3n QP","Tiempo de lectura":"2 minutos"},"schema":{"@context":"https:\/\/schema.org","@graph":[{"@type":"Article","@id":"https:\/\/quehacerpolitico.mx\/?p=89904#article","isPartOf":{"@id":"https:\/\/quehacerpolitico.mx\/?p=89904"},"author":{"name":"Redacci\u00f3n QP","@id":"https:\/\/quehacerpolitico.mx\/#\/schema\/person\/496d8ad2d1d3f8036101dca7ee39e585"},"headline":"Hoy M\u00e9xico registra 21 mil 565 nuevos casos del COVID-19 y 470 muertes\u00a0","datePublished":"2022-02-18T04:40:33+00:00","dateModified":"2022-02-18T04:40:37+00:00","mainEntityOfPage":{"@id":"https:\/\/quehacerpolitico.mx\/?p=89904"},"wordCount":338,"commentCount":0,"image":{"@id":"https:\/\/quehacerpolitico.mx\/?p=89904#primaryimage"},"thumbnailUrl":"https:\/\/quehacerpolitico.mx\/wp-content\/uploads\/2022\/02\/656708FC-6D97-4EB6-AB91-686B2B49C90E.jpeg","articleSection":["Noticias"],"inLanguage":"es","potentialAction":[{"@type":"CommentAction","name":"Comment","target":["https:\/\/quehacerpolitico.mx\/?p=89904#respond"]}]},{"@type":"WebPage","@id":"https:\/\/quehacerpolitico.mx\/?p=89904","url":"https:\/\/quehacerpolitico.mx\/?p=89904","name":"Hoy M\u00e9xico registra 21 mil 565 nuevos casos del COVID-19 y 470 muertes\u00a0 -","isPartOf":{"@id":"https:\/\/quehacerpolitico.mx\/#website"},"primaryImageOfPage":{"@id":"https:\/\/quehacerpolitico.mx\/?p=89904#primaryimage"},"image":{"@id":"https:\/\/quehacerpolitico.mx\/?p=89904#primaryimage"},"thumbnailUrl":"https:\/\/quehacerpolitico.mx\/wp-content\/uploads\/2022\/02\/656708FC-6D97-4EB6-AB91-686B2B49C90E.jpeg","datePublished":"2022-02-18T04:40:33+00:00","dateModified":"2022-02-18T04:40:37+00:00","author":{"@id":"https:\/\/quehacerpolitico.mx\/#\/schema\/person\/496d8ad2d1d3f8036101dca7ee39e585"},"breadcrumb":{"@id":"https:\/\/quehacerpolitico.mx\/?p=89904#breadcrumb"},"inLanguage":"es","potentialAction":[{"@type":"ReadAction","target":["https:\/\/quehacerpolitico.mx\/?p=89904"]}]},{"@type":"ImageObject","inLanguage":"es","@id":"https:\/\/quehacerpolitico.mx\/?p=89904#primaryimage","url":"https:\/\/quehacerpolitico.mx\/wp-content\/uploads\/2022\/02\/656708FC-6D97-4EB6-AB91-686B2B49C90E.jpeg","contentUrl":"https:\/\/quehacerpolitico.mx\/wp-content\/uploads\/2022\/02\/656708FC-6D97-4EB6-AB91-686B2B49C90E.jpeg","width":1080,"height":699},{"@type":"BreadcrumbList","@id":"https:\/\/quehacerpolitico.mx\/?p=89904#breadcrumb","itemListElement":[{"@type":"ListItem","position":1,"name":"Inicio","item":"https:\/\/quehacerpolitico.mx\/"},{"@type":"ListItem","position":2,"name":"Hoy M\u00e9xico registra 21 mil 565 nuevos casos del COVID-19 y 470 muertes\u00a0"}]},{"@type":"WebSite","@id":"https:\/\/quehacerpolitico.mx\/#website","url":"https:\/\/quehacerpolitico.mx\/","name":"","description":"","potentialAction":[{"@type":"SearchAction","target":{"@type":"EntryPoint","urlTemplate":"https:\/\/quehacerpolitico.mx\/?s={search_term_string}"},"query-input":{"@type":"PropertyValueSpecification","valueRequired":true,"valueName":"search_term_string"}}],"inLanguage":"es"},{"@type":"Person","@id":"https:\/\/quehacerpolitico.mx\/#\/schema\/person\/496d8ad2d1d3f8036101dca7ee39e585","name":"Redacci\u00f3n QP","image":{"@type":"ImageObject","inLanguage":"es","@id":"https:\/\/secure.gravatar.com\/avatar\/c7164ed6fdec453195284ad24a5ae5b6e1eed2b848477fa2a4787ba9adf39a41?s=96&d=mm&r=g","url":"https:\/\/secure.gravatar.com\/avatar\/c7164ed6fdec453195284ad24a5ae5b6e1eed2b848477fa2a4787ba9adf39a41?s=96&d=mm&r=g","contentUrl":"https:\/\/secure.gravatar.com\/avatar\/c7164ed6fdec453195284ad24a5ae5b6e1eed2b848477fa2a4787ba9adf39a41?s=96&d=mm&r=g","caption":"Redacci\u00f3n QP"},"url":"https:\/\/quehacerpolitico.mx\/?author=2"}]}},"featured_image_urls":{"full":["https:\/\/quehacerpolitico.mx\/wp-content\/uploads\/2022\/02\/656708FC-6D97-4EB6-AB91-686B2B49C90E.jpeg",1080,699,false],"thumbnail":["https:\/\/quehacerpolitico.mx\/wp-content\/uploads\/2022\/02\/656708FC-6D97-4EB6-AB91-686B2B49C90E-150x150.jpeg",150,150,true],"medium":["https:\/\/quehacerpolitico.mx\/wp-content\/uploads\/2022\/02\/656708FC-6D97-4EB6-AB91-686B2B49C90E-300x194.jpeg",300,194,true],"medium_large":["https:\/\/quehacerpolitico.mx\/wp-content\/uploads\/2022\/02\/656708FC-6D97-4EB6-AB91-686B2B49C90E-768x497.jpeg",640,414,true],"large":["https:\/\/quehacerpolitico.mx\/wp-content\/uploads\/2022\/02\/656708FC-6D97-4EB6-AB91-686B2B49C90E-1024x663.jpeg",640,414,true],"1536x1536":["https:\/\/quehacerpolitico.mx\/wp-content\/uploads\/2022\/02\/656708FC-6D97-4EB6-AB91-686B2B49C90E.jpeg",1080,699,false],"2048x2048":["https:\/\/quehacerpolitico.mx\/wp-content\/uploads\/2022\/02\/656708FC-6D97-4EB6-AB91-686B2B49C90E.jpeg",1080,699,false],"covernews-featured":["https:\/\/quehacerpolitico.mx\/wp-content\/uploads\/2022\/02\/656708FC-6D97-4EB6-AB91-686B2B49C90E.jpeg",1024,663,false],"covernews-medium":["https:\/\/quehacerpolitico.mx\/wp-content\/uploads\/2022\/02\/656708FC-6D97-4EB6-AB91-686B2B49C90E.jpeg",525,340,false]},"author_info":{"display_name":"Redacci\u00f3n QP","author_link":"https:\/\/quehacerpolitico.mx\/?author=2"},"category_info":"<a href=\"https:\/\/quehacerpolitico.mx\/?cat=2\" rel=\"category\">Noticias<\/a>","tag_info":"Noticias","comment_count":"0","_links":{"self":[{"href":"https:\/\/quehacerpolitico.mx\/index.php?rest_route=\/wp\/v2\/posts\/89904","targetHints":{"allow":["GET"]}}],"collection":[{"href":"https:\/\/quehacerpolitico.mx\/index.php?rest_route=\/wp\/v2\/posts"}],"about":[{"href":"https:\/\/quehacerpolitico.mx\/index.php?rest_route=\/wp\/v2\/types\/post"}],"author":[{"embeddable":true,"href":"https:\/\/quehacerpolitico.mx\/index.php?rest_route=\/wp\/v2\/users\/2"}],"replies":[{"embeddable":true,"href":"https:\/\/quehacerpolitico.mx\/index.php?rest_route=%2Fwp%2Fv2%2Fcomments&post=89904"}],"version-history":[{"count":1,"href":"https:\/\/quehacerpolitico.mx\/index.php?rest_route=\/wp\/v2\/posts\/89904\/revisions"}],"predecessor-version":[{"id":89910,"href":"https:\/\/quehacerpolitico.mx\/index.php?rest_route=\/wp\/v2\/posts\/89904\/revisions\/89910"}],"wp:featuredmedia":[{"embeddable":true,"href":"https:\/\/quehacerpolitico.mx\/index.php?rest_route=\/wp\/v2\/media\/89909"}],"wp:attachment":[{"href":"https:\/\/quehacerpolitico.mx\/index.php?rest_route=%2Fwp%2Fv2%2Fmedia&parent=89904"}],"wp:term":[{"taxonomy":"category","embeddable":true,"href":"https:\/\/quehacerpolitico.mx\/index.php?rest_route=%2Fwp%2Fv2%2Fcategories&post=89904"},{"taxonomy":"post_tag","embeddable":true,"href":"https:\/\/quehacerpolitico.mx\/index.php?rest_route=%2Fwp%2Fv2%2Ftags&post=89904"}],"curies":[{"name":"wp","href":"https:\/\/api.w.org\/{rel}","templated":true}]}}