{"id":8959,"date":"2018-11-11T15:22:31","date_gmt":"2018-11-11T15:22:31","guid":{"rendered":"http:\/\/quehacerpolitico.mx\/internacionales-carolina-alonso-romei-si-europa-gasta-mas-en-defensa-no-sera-para-comprar-armas-a-eu-sino-para-construir-autonomia-dice-macron\/"},"modified":"2018-11-11T15:22:31","modified_gmt":"2018-11-11T15:22:31","slug":"internacionales-carolina-alonso-romei-si-europa-gasta-mas-en-defensa-no-sera-para-comprar-armas-a-eu-sino-para-construir-autonomia-dice-macron","status":"publish","type":"post","link":"https:\/\/quehacerpolitico.mx\/?p=8959","title":{"rendered":"Internacionales\/\/\/Carolina Alonso Romei\/\/\/Si Europa gasta m\u00e1s en defensa no ser\u00e1 para comprar armas a EU, sino para \u201cconstruir autonom\u00eda\u201d, dice Macron"},"content":{"rendered":"<h1>Si Europa gasta m\u00e1s en defensa no ser\u00e1 para comprar armas a EU, sino para \u201cconstruir autonom\u00eda\u201d, dice Macron<\/h1>\n<p>Por Carolina Alonso Romei<\/p>\n<p>Internacionalista<\/p>\n<p>El Presidente franc\u00e9s, <strong>Emmanuel Macron<\/strong>, afirm\u00f3 hoy que si los europeos aumentan el <strong>presupuesto militar<\/strong> es para \u201cconstruir\u201d su autonom\u00eda, no para \u201ccomprar armas estadounidenses\u201d, ante la insistencia del mandatario estadounidense, <strong>Donald Trump<\/strong>, de que incrementen su gasto en defensa.<\/p>\n<blockquote>\n<p>\u201cNo quiero que los europeos aumenten su presupuesto de defensa para comprar armas americanas u otras. Si aumentamos el presupuesto es para construir nuestra autonom\u00eda\u201d, asegur\u00f3 Macron en una entrevista exclusiva con la cadena estadounidense <em>CNN<\/em>.<\/p>\n<\/blockquote>\n<p>Trump y Macron sostuvieron este s\u00e1bado un encuentro bilateral en <strong>Par\u00eds<\/strong>, donde el mandatario estadounidense se encuentra de visita oficial para participar en los actos de conmemoraci\u00f3n el centenario del final de la <strong>Primera Guerra Mundial<\/strong> (1914-1918).<\/p>\n<p>La llegada de Trump a Francia arranc\u00f3 con pol\u00e9mica, ya que nada m\u00e1s aterrizar el viernes en Par\u00eds escribi\u00f3 un mensaje en Twitter en el que consideraba \u201cmuy insultante\u201d que Macron propusiese un ej\u00e9rcito europeo \u201cpara protegerse a s\u00ed misma de EU., China y Rusia\u201d.<\/p>\n<p>En la entrevista de hoy, el Presidente franc\u00e9s eludi\u00f3 calificar el mensaje su hom\u00f3logo estadounidense como un error y se\u00f1al\u00f3 que prefiere llevar a cabo sus labores diplom\u00e1ticas \u201ca trav\u00e9s de discusiones directas\u201d, y no mediante tuits.<\/p>\n<p>\u201cCreo que tuvimos una discusi\u00f3n muy clara. \u00c9l est\u00e1 en favor compartir mejor las cargas dentro de la OTAN. Estoy de acuerdo en eso. Y creo que para mejor compartir las cargas, todos nosotros necesitamos m\u00e1s Europa\u201d, subray\u00f3 Macron.<\/p>\n<p>El Presidente franc\u00e9s insisti\u00f3 en que \u201ces un fuerte creyente en la cooperaci\u00f3n entre diferentes pueblos\u201d y que \u201cesta cooperaci\u00f3n es buena para todo el mundo\u201d.<\/p>\n<p>\u201cMientras que los nacionalistas a veces est\u00e1n m\u00e1s basados en un enfoque unilateral y la ley del m\u00e1s fuerte, lo que no es mi caso. Esa probablemente sea nuestra diferencia\u201d, reflexion\u00f3 sobre su relaci\u00f3n Trump.<\/p>\n<p>Cerca de 70 jefes de Estado y de Gobierno asisten hoy a la ceremonia conmemorativa del centenario del armisticio entre las Potencias Aliadas y Alemania de la Primera Guerra Mundial que se celebra en el Arco de Triunfo de Par\u00eds.<\/p>\n<p>Con Informaci\u00f3n de EFE<\/p>\n","protected":false},"excerpt":{"rendered":"<p>Si Europa gasta m\u00e1s en defensa no ser\u00e1 para comprar armas a EU, sino para \u201cconstruir autonom\u00eda\u201d, dice Macron<br \/>\nPor Carolina Alonso Romei<br \/>\nInternacionalista<\/p>\n","protected":false},"author":2,"featured_media":8958,"comment_status":"open","ping_status":"open","sticky":false,"template":"","format":"standard","meta":{"_monsterinsights_skip_tracking":false,"_monsterinsights_sitenote_active":false,"_monsterinsights_sitenote_note":"","_monsterinsights_sitenote_category":0,"footnotes":""},"categories":[1],"tags":[],"class_list":["post-8959","post","type-post","status-publish","format-standard","has-post-thumbnail","hentry","category-sin-categoria"],"yoast_head":"<!-- This site is optimized with the Yoast SEO plugin v27.3 - https:\/\/yoast.com\/product\/yoast-seo-wordpress\/ -->\n<title>Internacionales\/\/\/Carolina Alonso Romei\/\/\/Si Europa gasta m\u00e1s en defensa no ser\u00e1 para comprar armas a EU, sino para \u201cconstruir autonom\u00eda\u201d, dice Macron -<\/title>\n<meta name=\"robots\" content=\"index, follow, max-snippet:-1, max-image-preview:large, max-video-preview:-1\" \/>\n<link rel=\"canonical\" href=\"https:\/\/quehacerpolitico.mx\/?p=8959\" \/>\n<meta property=\"og:locale\" content=\"es_MX\" \/>\n<meta property=\"og:type\" content=\"article\" \/>\n<meta property=\"og:title\" content=\"Internacionales\/\/\/Carolina Alonso Romei\/\/\/Si Europa gasta m\u00e1s en defensa no ser\u00e1 para comprar armas a EU, sino para \u201cconstruir autonom\u00eda\u201d, dice Macron -\" \/>\n<meta property=\"og:description\" content=\"Si Europa gasta m\u00e1s en defensa no ser\u00e1 para comprar armas a EU, sino para \u201cconstruir autonom\u00eda\u201d, dice Macron Por Carolina Alonso Romei Internacionalista\" \/>\n<meta property=\"og:url\" content=\"https:\/\/quehacerpolitico.mx\/?p=8959\" \/>\n<meta property=\"article:published_time\" content=\"2018-11-11T15:22:31+00:00\" \/>\n<meta name=\"author\" content=\"Redacci\u00f3n QP\" \/>\n<meta name=\"twitter:card\" content=\"summary_large_image\" \/>\n<meta name=\"twitter:label1\" content=\"Escrito por\" \/>\n\t<meta name=\"twitter:data1\" content=\"Redacci\u00f3n QP\" \/>\n\t<meta name=\"twitter:label2\" content=\"Tiempo de lectura\" \/>\n\t<meta name=\"twitter:data2\" content=\"2 minutos\" \/>\n<script type=\"application\/ld+json\" class=\"yoast-schema-graph\">{\"@context\":\"https:\\\/\\\/schema.org\",\"@graph\":[{\"@type\":\"Article\",\"@id\":\"https:\\\/\\\/quehacerpolitico.mx\\\/?p=8959#article\",\"isPartOf\":{\"@id\":\"https:\\\/\\\/quehacerpolitico.mx\\\/?p=8959\"},\"author\":{\"name\":\"Redacci\u00f3n QP\",\"@id\":\"https:\\\/\\\/quehacerpolitico.mx\\\/#\\\/schema\\\/person\\\/496d8ad2d1d3f8036101dca7ee39e585\"},\"headline\":\"Internacionales\\\/\\\/\\\/Carolina Alonso Romei\\\/\\\/\\\/Si Europa gasta m\u00e1s en defensa no ser\u00e1 para comprar armas a EU, sino para \u201cconstruir autonom\u00eda\u201d, dice Macron\",\"datePublished\":\"2018-11-11T15:22:31+00:00\",\"mainEntityOfPage\":{\"@id\":\"https:\\\/\\\/quehacerpolitico.mx\\\/?p=8959\"},\"wordCount\":415,\"commentCount\":0,\"image\":{\"@id\":\"https:\\\/\\\/quehacerpolitico.mx\\\/?p=8959#primaryimage\"},\"thumbnailUrl\":\"\",\"articleSection\":[\"Internacionales\"],\"inLanguage\":\"es\",\"potentialAction\":[{\"@type\":\"CommentAction\",\"name\":\"Comment\",\"target\":[\"https:\\\/\\\/quehacerpolitico.mx\\\/?p=8959#respond\"]}]},{\"@type\":\"WebPage\",\"@id\":\"https:\\\/\\\/quehacerpolitico.mx\\\/?p=8959\",\"url\":\"https:\\\/\\\/quehacerpolitico.mx\\\/?p=8959\",\"name\":\"Internacionales\\\/\\\/\\\/Carolina Alonso Romei\\\/\\\/\\\/Si Europa gasta m\u00e1s en defensa no ser\u00e1 para comprar armas a EU, sino para \u201cconstruir autonom\u00eda\u201d, dice Macron -\",\"isPartOf\":{\"@id\":\"https:\\\/\\\/quehacerpolitico.mx\\\/#website\"},\"primaryImageOfPage\":{\"@id\":\"https:\\\/\\\/quehacerpolitico.mx\\\/?p=8959#primaryimage\"},\"image\":{\"@id\":\"https:\\\/\\\/quehacerpolitico.mx\\\/?p=8959#primaryimage\"},\"thumbnailUrl\":\"\",\"datePublished\":\"2018-11-11T15:22:31+00:00\",\"author\":{\"@id\":\"https:\\\/\\\/quehacerpolitico.mx\\\/#\\\/schema\\\/person\\\/496d8ad2d1d3f8036101dca7ee39e585\"},\"breadcrumb\":{\"@id\":\"https:\\\/\\\/quehacerpolitico.mx\\\/?p=8959#breadcrumb\"},\"inLanguage\":\"es\",\"potentialAction\":[{\"@type\":\"ReadAction\",\"target\":[\"https:\\\/\\\/quehacerpolitico.mx\\\/?p=8959\"]}]},{\"@type\":\"ImageObject\",\"inLanguage\":\"es\",\"@id\":\"https:\\\/\\\/quehacerpolitico.mx\\\/?p=8959#primaryimage\",\"url\":\"\",\"contentUrl\":\"\"},{\"@type\":\"BreadcrumbList\",\"@id\":\"https:\\\/\\\/quehacerpolitico.mx\\\/?p=8959#breadcrumb\",\"itemListElement\":[{\"@type\":\"ListItem\",\"position\":1,\"name\":\"Inicio\",\"item\":\"https:\\\/\\\/quehacerpolitico.mx\\\/\"},{\"@type\":\"ListItem\",\"position\":2,\"name\":\"Internacionales\\\/\\\/\\\/Carolina Alonso Romei\\\/\\\/\\\/Si Europa gasta m\u00e1s en defensa no ser\u00e1 para comprar armas a EU, sino para \u201cconstruir autonom\u00eda\u201d, dice Macron\"}]},{\"@type\":\"WebSite\",\"@id\":\"https:\\\/\\\/quehacerpolitico.mx\\\/#website\",\"url\":\"https:\\\/\\\/quehacerpolitico.mx\\\/\",\"name\":\"\",\"description\":\"\",\"potentialAction\":[{\"@type\":\"SearchAction\",\"target\":{\"@type\":\"EntryPoint\",\"urlTemplate\":\"https:\\\/\\\/quehacerpolitico.mx\\\/?s={search_term_string}\"},\"query-input\":{\"@type\":\"PropertyValueSpecification\",\"valueRequired\":true,\"valueName\":\"search_term_string\"}}],\"inLanguage\":\"es\"},{\"@type\":\"Person\",\"@id\":\"https:\\\/\\\/quehacerpolitico.mx\\\/#\\\/schema\\\/person\\\/496d8ad2d1d3f8036101dca7ee39e585\",\"name\":\"Redacci\u00f3n QP\",\"image\":{\"@type\":\"ImageObject\",\"inLanguage\":\"es\",\"@id\":\"https:\\\/\\\/secure.gravatar.com\\\/avatar\\\/c7164ed6fdec453195284ad24a5ae5b6e1eed2b848477fa2a4787ba9adf39a41?s=96&d=mm&r=g\",\"url\":\"https:\\\/\\\/secure.gravatar.com\\\/avatar\\\/c7164ed6fdec453195284ad24a5ae5b6e1eed2b848477fa2a4787ba9adf39a41?s=96&d=mm&r=g\",\"contentUrl\":\"https:\\\/\\\/secure.gravatar.com\\\/avatar\\\/c7164ed6fdec453195284ad24a5ae5b6e1eed2b848477fa2a4787ba9adf39a41?s=96&d=mm&r=g\",\"caption\":\"Redacci\u00f3n QP\"},\"url\":\"https:\\\/\\\/quehacerpolitico.mx\\\/?author=2\"}]}<\/script>\n<!-- \/ Yoast SEO plugin. -->","yoast_head_json":{"title":"Internacionales\/\/\/Carolina Alonso Romei\/\/\/Si Europa gasta m\u00e1s en defensa no ser\u00e1 para comprar armas a EU, sino para \u201cconstruir autonom\u00eda\u201d, dice Macron -","robots":{"index":"index","follow":"follow","max-snippet":"max-snippet:-1","max-image-preview":"max-image-preview:large","max-video-preview":"max-video-preview:-1"},"canonical":"https:\/\/quehacerpolitico.mx\/?p=8959","og_locale":"es_MX","og_type":"article","og_title":"Internacionales\/\/\/Carolina Alonso Romei\/\/\/Si Europa gasta m\u00e1s en defensa no ser\u00e1 para comprar armas a EU, sino para \u201cconstruir autonom\u00eda\u201d, dice Macron -","og_description":"Si Europa gasta m\u00e1s en defensa no ser\u00e1 para comprar armas a EU, sino para \u201cconstruir autonom\u00eda\u201d, dice Macron Por Carolina Alonso Romei Internacionalista","og_url":"https:\/\/quehacerpolitico.mx\/?p=8959","article_published_time":"2018-11-11T15:22:31+00:00","author":"Redacci\u00f3n QP","twitter_card":"summary_large_image","twitter_misc":{"Escrito por":"Redacci\u00f3n QP","Tiempo de lectura":"2 minutos"},"schema":{"@context":"https:\/\/schema.org","@graph":[{"@type":"Article","@id":"https:\/\/quehacerpolitico.mx\/?p=8959#article","isPartOf":{"@id":"https:\/\/quehacerpolitico.mx\/?p=8959"},"author":{"name":"Redacci\u00f3n QP","@id":"https:\/\/quehacerpolitico.mx\/#\/schema\/person\/496d8ad2d1d3f8036101dca7ee39e585"},"headline":"Internacionales\/\/\/Carolina Alonso Romei\/\/\/Si Europa gasta m\u00e1s en defensa no ser\u00e1 para comprar armas a EU, sino para \u201cconstruir autonom\u00eda\u201d, dice Macron","datePublished":"2018-11-11T15:22:31+00:00","mainEntityOfPage":{"@id":"https:\/\/quehacerpolitico.mx\/?p=8959"},"wordCount":415,"commentCount":0,"image":{"@id":"https:\/\/quehacerpolitico.mx\/?p=8959#primaryimage"},"thumbnailUrl":"","articleSection":["Internacionales"],"inLanguage":"es","potentialAction":[{"@type":"CommentAction","name":"Comment","target":["https:\/\/quehacerpolitico.mx\/?p=8959#respond"]}]},{"@type":"WebPage","@id":"https:\/\/quehacerpolitico.mx\/?p=8959","url":"https:\/\/quehacerpolitico.mx\/?p=8959","name":"Internacionales\/\/\/Carolina Alonso Romei\/\/\/Si Europa gasta m\u00e1s en defensa no ser\u00e1 para comprar armas a EU, sino para \u201cconstruir autonom\u00eda\u201d, dice Macron -","isPartOf":{"@id":"https:\/\/quehacerpolitico.mx\/#website"},"primaryImageOfPage":{"@id":"https:\/\/quehacerpolitico.mx\/?p=8959#primaryimage"},"image":{"@id":"https:\/\/quehacerpolitico.mx\/?p=8959#primaryimage"},"thumbnailUrl":"","datePublished":"2018-11-11T15:22:31+00:00","author":{"@id":"https:\/\/quehacerpolitico.mx\/#\/schema\/person\/496d8ad2d1d3f8036101dca7ee39e585"},"breadcrumb":{"@id":"https:\/\/quehacerpolitico.mx\/?p=8959#breadcrumb"},"inLanguage":"es","potentialAction":[{"@type":"ReadAction","target":["https:\/\/quehacerpolitico.mx\/?p=8959"]}]},{"@type":"ImageObject","inLanguage":"es","@id":"https:\/\/quehacerpolitico.mx\/?p=8959#primaryimage","url":"","contentUrl":""},{"@type":"BreadcrumbList","@id":"https:\/\/quehacerpolitico.mx\/?p=8959#breadcrumb","itemListElement":[{"@type":"ListItem","position":1,"name":"Inicio","item":"https:\/\/quehacerpolitico.mx\/"},{"@type":"ListItem","position":2,"name":"Internacionales\/\/\/Carolina Alonso Romei\/\/\/Si Europa gasta m\u00e1s en defensa no ser\u00e1 para comprar armas a EU, sino para \u201cconstruir autonom\u00eda\u201d, dice Macron"}]},{"@type":"WebSite","@id":"https:\/\/quehacerpolitico.mx\/#website","url":"https:\/\/quehacerpolitico.mx\/","name":"","description":"","potentialAction":[{"@type":"SearchAction","target":{"@type":"EntryPoint","urlTemplate":"https:\/\/quehacerpolitico.mx\/?s={search_term_string}"},"query-input":{"@type":"PropertyValueSpecification","valueRequired":true,"valueName":"search_term_string"}}],"inLanguage":"es"},{"@type":"Person","@id":"https:\/\/quehacerpolitico.mx\/#\/schema\/person\/496d8ad2d1d3f8036101dca7ee39e585","name":"Redacci\u00f3n QP","image":{"@type":"ImageObject","inLanguage":"es","@id":"https:\/\/secure.gravatar.com\/avatar\/c7164ed6fdec453195284ad24a5ae5b6e1eed2b848477fa2a4787ba9adf39a41?s=96&d=mm&r=g","url":"https:\/\/secure.gravatar.com\/avatar\/c7164ed6fdec453195284ad24a5ae5b6e1eed2b848477fa2a4787ba9adf39a41?s=96&d=mm&r=g","contentUrl":"https:\/\/secure.gravatar.com\/avatar\/c7164ed6fdec453195284ad24a5ae5b6e1eed2b848477fa2a4787ba9adf39a41?s=96&d=mm&r=g","caption":"Redacci\u00f3n QP"},"url":"https:\/\/quehacerpolitico.mx\/?author=2"}]}},"featured_image_urls":{"full":"","thumbnail":"","medium":"","medium_large":"","large":"","1536x1536":"","2048x2048":"","covernews-featured":"","covernews-medium":""},"author_info":{"display_name":"Redacci\u00f3n QP","author_link":"https:\/\/quehacerpolitico.mx\/?author=2"},"category_info":"<a href=\"https:\/\/quehacerpolitico.mx\/?cat=1\" rel=\"category\">Internacionales<\/a>","tag_info":"Internacionales","comment_count":"0","_links":{"self":[{"href":"https:\/\/quehacerpolitico.mx\/index.php?rest_route=\/wp\/v2\/posts\/8959","targetHints":{"allow":["GET"]}}],"collection":[{"href":"https:\/\/quehacerpolitico.mx\/index.php?rest_route=\/wp\/v2\/posts"}],"about":[{"href":"https:\/\/quehacerpolitico.mx\/index.php?rest_route=\/wp\/v2\/types\/post"}],"author":[{"embeddable":true,"href":"https:\/\/quehacerpolitico.mx\/index.php?rest_route=\/wp\/v2\/users\/2"}],"replies":[{"embeddable":true,"href":"https:\/\/quehacerpolitico.mx\/index.php?rest_route=%2Fwp%2Fv2%2Fcomments&post=8959"}],"version-history":[{"count":0,"href":"https:\/\/quehacerpolitico.mx\/index.php?rest_route=\/wp\/v2\/posts\/8959\/revisions"}],"wp:featuredmedia":[{"embeddable":true,"href":"https:\/\/quehacerpolitico.mx\/index.php?rest_route=\/"}],"wp:attachment":[{"href":"https:\/\/quehacerpolitico.mx\/index.php?rest_route=%2Fwp%2Fv2%2Fmedia&parent=8959"}],"wp:term":[{"taxonomy":"category","embeddable":true,"href":"https:\/\/quehacerpolitico.mx\/index.php?rest_route=%2Fwp%2Fv2%2Fcategories&post=8959"},{"taxonomy":"post_tag","embeddable":true,"href":"https:\/\/quehacerpolitico.mx\/index.php?rest_route=%2Fwp%2Fv2%2Ftags&post=8959"}],"curies":[{"name":"wp","href":"https:\/\/api.w.org\/{rel}","templated":true}]}}