{"id":8951,"date":"2018-11-11T04:30:47","date_gmt":"2018-11-11T04:30:47","guid":{"rendered":"http:\/\/quehacerpolitico.mx\/video-carmen-aristegui-agradece-a-la-maldita-vecindad-cancion-que-le-dedico-tras-la-casa-blanca\/"},"modified":"2018-11-11T04:30:47","modified_gmt":"2018-11-11T04:30:47","slug":"video-carmen-aristegui-agradece-a-la-maldita-vecindad-cancion-que-le-dedico-tras-la-casa-blanca","status":"publish","type":"post","link":"https:\/\/quehacerpolitico.mx\/?p=8951","title":{"rendered":"VIDEO: Carmen Aristegui agradece a la Maldita Vecindad canci\u00f3n que le dedic\u00f3 tras la \u201ccasa blanca\u201d"},"content":{"rendered":"<h1>VIDEO: Carmen Aristegui agradece a la Maldita Vecindad canci\u00f3n que le dedic\u00f3 tras la \u201ccasa blanca\u201d<\/h1>\n<p>Por Redacci\u00f3n QP<\/p>\n<p><strong>Carmen Aristegui Flores<\/strong>envi\u00f3 un mensaje de agradecimiento a <strong>la Maldita Vecindad<\/strong>, grupo que se mostr\u00f3 solidario despu\u00e9s de que la periodista y su equipo fueran despedidos por la investigaci\u00f3n <strong><em>La Casa Blanca de Pe\u00f1a Nieto<\/em><\/strong>.<\/p>\n<p>https:\/\/www.facebook.com\/malditavecindad\/videos\/552933125132496\/<\/p>\n<blockquote>\n<p>\u201cGracias a ellos porque, en su momento, nos enviaron un menaje de solidaridad. Mucho agradezco. Hace algunos a\u00f1os, con la canci\u00f3n que van escuchar ustedes ahora, para cerrar este concierto, nos enviaron un mensaje de solidaridad contra la censura que est\u00e1bamos viviendo en la radio mexicana\u201d, narr\u00f3 Aristegui.<\/p>\n<\/blockquote>\n<p>El mensaje fue trasmitido en el Z\u00f3calo de la Ciudad de M\u00e9xico, frente a miles de j\u00f3venes que asistieron ayer al concierto de la Semana de las Juventudes.<\/p>\n<blockquote>\n<p>\u201cLa cantaron y la dedicaron en alguna cumbre de Taj\u00edn, en Veracruz.\u00a0Ellos dedicaron \u2018Don palabras\u2019 al grupo de periodistas del que formo parte y que fue echado de la radio mexicana por hacer una investigaci\u00f3n llamada <em>La Casa Blanca de Enrique Pe\u00f1a Nieto<\/em>\u201d, cont\u00f3 Carmen Aristegui.<\/p>\n<\/blockquote>\n<p>La periodista dijo que la casa blanca, que a\u00fan est\u00e1 en las Lomas, debe seguir siendo investigada.<\/p>\n<p>El rostro de Carmen se borr\u00f3, despu\u00e9s, de las pantallas instaladas en el Z\u00f3calo, y entonces apareci\u00f3 la Maldita Vecindad y\u00a0\u2018\u2018Don palabras\u2019\u2019.<\/p>\n<blockquote>\n<p>La letra dice as\u00ed:\u00a0\u201cVive esta historia en cada barrio.\u00a0Por la calle de Vieira viene ya Don Palabras, recitando poes\u00eda.\u00a0Viene canta que canta.\u00a0Cierto d\u00eda Don Palabras me cont\u00f3 una extra\u00f1a historia de c\u00f3mo nacen las cosas, cada vez que uno las nombra.<\/p>\n<\/blockquote>\n<p>\u201cEl tiempo vive en la memoria. Una noche lo encontr\u00e9, hab\u00eda llovido, lo recuerdo bien.\u00a0Se acercaba a los autos cuando les tocaba el alto.\u00a0A trav\u00e9s de la ventana lo escuchaban hablar, con su voz apasionada.\u00a0Volver casi real un olvidado amor, un antiguo dolor que ni el tiempo borr\u00f3.\u00a0Vive esta historia en cada barrio.<\/p>\n<p>\u201cPor la calle de Vieira viene ya Don Palabras, recitando poes\u00eda.\u00a0Viene canta que canta.<\/p>\n<p>\u201cDichosos los poetas pobres, de ellos ser\u00e1 el reino de los cielos.\u00a0As\u00ed empezaba nuestro amigo su andar en la ciudad sin sue\u00f1os, caminando a su lado todo puede pasar.\u00a0Un se\u00f1or adormilado puede ser un Don Juan, dispuesto a enamorar a\u00a0la g\u00fcera del pan como princesa.\u00a0De boca en boca, viajando en sue\u00f1os.<\/p>\n<p><iframe loading=\"lazy\" title=\"Maldita Vecindad Y los Hijos Del 5to Patio - Don Palabras\" width=\"640\" height=\"480\" src=\"https:\/\/www.youtube.com\/embed\/QlgbRLeuXFo?feature=oembed\" frameborder=\"0\" allow=\"accelerometer; autoplay; clipboard-write; encrypted-media; gyroscope; picture-in-picture; web-share\" referrerpolicy=\"strict-origin-when-cross-origin\" allowfullscreen><\/iframe><\/p>\n<p>MVS despidi\u00f3 a Aristegui un domingo 15 de marzo de 2015, despu\u00e9s de dar a conocer que el Presidente Pe\u00f1a y su esposa ten\u00edan una residencia multimillonaria, \u201cla casa blanca\u201d, que le hab\u00eda entregado la constructora Grupo Higa, gran beneficiaria de contratos tanto en su gobierno nacional como en el Estado de M\u00e9xico.<\/p>\n<blockquote>\n<p>Aristegui ha recibido decenas de premios en M\u00e9xico y en el extranjero por su coraje y arrojo. En 2015, el Premio Gabriel Garc\u00eda M\u00e1rquez de Periodismo y ese mismo a\u00f1o, la Orden del M\u00e9rito de la Rep\u00fablica Federal de Alemania, en el grado de Cruz de Caballero.\u00a0En 2016, el Premio Internacional de Periodismo Knight.<\/p>\n<\/blockquote>\n<p>Aristegui ha demostrado durante a\u00f1os una voluntad inquebrantable para enfrentarse al poder.<\/p>\n<p>En septiembre del 2018, Carmen Aristegui anunci\u00f3 su regreso a la radio.<\/p>\n","protected":false},"excerpt":{"rendered":"<p>VIDEO: Carmen Aristegui agradece a la Maldita Vecindad canci\u00f3n que le dedic\u00f3 tras la \u201ccasa blanca\u201d<br \/>\nPor Redacci\u00f3n QP<\/p>\n","protected":false},"author":2,"featured_media":8950,"comment_status":"open","ping_status":"open","sticky":false,"template":"","format":"standard","meta":{"_monsterinsights_skip_tracking":false,"_monsterinsights_sitenote_active":false,"_monsterinsights_sitenote_note":"","_monsterinsights_sitenote_category":0,"footnotes":""},"categories":[2],"tags":[],"class_list":["post-8951","post","type-post","status-publish","format-standard","has-post-thumbnail","hentry","category-noticias"],"yoast_head":"<!-- This site is optimized with the Yoast SEO plugin v27.3 - https:\/\/yoast.com\/product\/yoast-seo-wordpress\/ -->\n<title>VIDEO: Carmen Aristegui agradece a la Maldita Vecindad canci\u00f3n que le dedic\u00f3 tras la \u201ccasa blanca\u201d -<\/title>\n<meta name=\"robots\" content=\"index, follow, max-snippet:-1, max-image-preview:large, max-video-preview:-1\" \/>\n<link rel=\"canonical\" href=\"https:\/\/quehacerpolitico.mx\/?p=8951\" \/>\n<meta property=\"og:locale\" content=\"es_MX\" \/>\n<meta property=\"og:type\" content=\"article\" \/>\n<meta property=\"og:title\" content=\"VIDEO: Carmen Aristegui agradece a la Maldita Vecindad canci\u00f3n que le dedic\u00f3 tras la \u201ccasa blanca\u201d -\" \/>\n<meta property=\"og:description\" content=\"VIDEO: Carmen Aristegui agradece a la Maldita Vecindad canci\u00f3n que le dedic\u00f3 tras la \u201ccasa blanca\u201d Por Redacci\u00f3n QP\" \/>\n<meta property=\"og:url\" content=\"https:\/\/quehacerpolitico.mx\/?p=8951\" \/>\n<meta property=\"article:published_time\" content=\"2018-11-11T04:30:47+00:00\" \/>\n<meta name=\"author\" content=\"Redacci\u00f3n QP\" \/>\n<meta name=\"twitter:card\" content=\"summary_large_image\" \/>\n<meta name=\"twitter:label1\" content=\"Escrito por\" \/>\n\t<meta name=\"twitter:data1\" content=\"Redacci\u00f3n QP\" \/>\n\t<meta name=\"twitter:label2\" content=\"Tiempo de lectura\" \/>\n\t<meta name=\"twitter:data2\" content=\"3 minutos\" \/>\n<script type=\"application\/ld+json\" class=\"yoast-schema-graph\">{\"@context\":\"https:\\\/\\\/schema.org\",\"@graph\":[{\"@type\":\"Article\",\"@id\":\"https:\\\/\\\/quehacerpolitico.mx\\\/?p=8951#article\",\"isPartOf\":{\"@id\":\"https:\\\/\\\/quehacerpolitico.mx\\\/?p=8951\"},\"author\":{\"name\":\"Redacci\u00f3n QP\",\"@id\":\"https:\\\/\\\/quehacerpolitico.mx\\\/#\\\/schema\\\/person\\\/496d8ad2d1d3f8036101dca7ee39e585\"},\"headline\":\"VIDEO: Carmen Aristegui agradece a la Maldita Vecindad canci\u00f3n que le dedic\u00f3 tras la \u201ccasa blanca\u201d\",\"datePublished\":\"2018-11-11T04:30:47+00:00\",\"mainEntityOfPage\":{\"@id\":\"https:\\\/\\\/quehacerpolitico.mx\\\/?p=8951\"},\"wordCount\":583,\"commentCount\":0,\"image\":{\"@id\":\"https:\\\/\\\/quehacerpolitico.mx\\\/?p=8951#primaryimage\"},\"thumbnailUrl\":\"\",\"articleSection\":[\"Noticias\"],\"inLanguage\":\"es\",\"potentialAction\":[{\"@type\":\"CommentAction\",\"name\":\"Comment\",\"target\":[\"https:\\\/\\\/quehacerpolitico.mx\\\/?p=8951#respond\"]}]},{\"@type\":\"WebPage\",\"@id\":\"https:\\\/\\\/quehacerpolitico.mx\\\/?p=8951\",\"url\":\"https:\\\/\\\/quehacerpolitico.mx\\\/?p=8951\",\"name\":\"VIDEO: Carmen Aristegui agradece a la Maldita Vecindad canci\u00f3n que le dedic\u00f3 tras la \u201ccasa blanca\u201d -\",\"isPartOf\":{\"@id\":\"https:\\\/\\\/quehacerpolitico.mx\\\/#website\"},\"primaryImageOfPage\":{\"@id\":\"https:\\\/\\\/quehacerpolitico.mx\\\/?p=8951#primaryimage\"},\"image\":{\"@id\":\"https:\\\/\\\/quehacerpolitico.mx\\\/?p=8951#primaryimage\"},\"thumbnailUrl\":\"\",\"datePublished\":\"2018-11-11T04:30:47+00:00\",\"author\":{\"@id\":\"https:\\\/\\\/quehacerpolitico.mx\\\/#\\\/schema\\\/person\\\/496d8ad2d1d3f8036101dca7ee39e585\"},\"breadcrumb\":{\"@id\":\"https:\\\/\\\/quehacerpolitico.mx\\\/?p=8951#breadcrumb\"},\"inLanguage\":\"es\",\"potentialAction\":[{\"@type\":\"ReadAction\",\"target\":[\"https:\\\/\\\/quehacerpolitico.mx\\\/?p=8951\"]}]},{\"@type\":\"ImageObject\",\"inLanguage\":\"es\",\"@id\":\"https:\\\/\\\/quehacerpolitico.mx\\\/?p=8951#primaryimage\",\"url\":\"\",\"contentUrl\":\"\"},{\"@type\":\"BreadcrumbList\",\"@id\":\"https:\\\/\\\/quehacerpolitico.mx\\\/?p=8951#breadcrumb\",\"itemListElement\":[{\"@type\":\"ListItem\",\"position\":1,\"name\":\"Inicio\",\"item\":\"https:\\\/\\\/quehacerpolitico.mx\\\/\"},{\"@type\":\"ListItem\",\"position\":2,\"name\":\"VIDEO: Carmen Aristegui agradece a la Maldita Vecindad canci\u00f3n que le dedic\u00f3 tras la \u201ccasa blanca\u201d\"}]},{\"@type\":\"WebSite\",\"@id\":\"https:\\\/\\\/quehacerpolitico.mx\\\/#website\",\"url\":\"https:\\\/\\\/quehacerpolitico.mx\\\/\",\"name\":\"\",\"description\":\"\",\"potentialAction\":[{\"@type\":\"SearchAction\",\"target\":{\"@type\":\"EntryPoint\",\"urlTemplate\":\"https:\\\/\\\/quehacerpolitico.mx\\\/?s={search_term_string}\"},\"query-input\":{\"@type\":\"PropertyValueSpecification\",\"valueRequired\":true,\"valueName\":\"search_term_string\"}}],\"inLanguage\":\"es\"},{\"@type\":\"Person\",\"@id\":\"https:\\\/\\\/quehacerpolitico.mx\\\/#\\\/schema\\\/person\\\/496d8ad2d1d3f8036101dca7ee39e585\",\"name\":\"Redacci\u00f3n QP\",\"image\":{\"@type\":\"ImageObject\",\"inLanguage\":\"es\",\"@id\":\"https:\\\/\\\/secure.gravatar.com\\\/avatar\\\/c7164ed6fdec453195284ad24a5ae5b6e1eed2b848477fa2a4787ba9adf39a41?s=96&d=mm&r=g\",\"url\":\"https:\\\/\\\/secure.gravatar.com\\\/avatar\\\/c7164ed6fdec453195284ad24a5ae5b6e1eed2b848477fa2a4787ba9adf39a41?s=96&d=mm&r=g\",\"contentUrl\":\"https:\\\/\\\/secure.gravatar.com\\\/avatar\\\/c7164ed6fdec453195284ad24a5ae5b6e1eed2b848477fa2a4787ba9adf39a41?s=96&d=mm&r=g\",\"caption\":\"Redacci\u00f3n QP\"},\"url\":\"https:\\\/\\\/quehacerpolitico.mx\\\/?author=2\"}]}<\/script>\n<!-- \/ Yoast SEO plugin. -->","yoast_head_json":{"title":"VIDEO: Carmen Aristegui agradece a la Maldita Vecindad canci\u00f3n que le dedic\u00f3 tras la \u201ccasa blanca\u201d -","robots":{"index":"index","follow":"follow","max-snippet":"max-snippet:-1","max-image-preview":"max-image-preview:large","max-video-preview":"max-video-preview:-1"},"canonical":"https:\/\/quehacerpolitico.mx\/?p=8951","og_locale":"es_MX","og_type":"article","og_title":"VIDEO: Carmen Aristegui agradece a la Maldita Vecindad canci\u00f3n que le dedic\u00f3 tras la \u201ccasa blanca\u201d -","og_description":"VIDEO: Carmen Aristegui agradece a la Maldita Vecindad canci\u00f3n que le dedic\u00f3 tras la \u201ccasa blanca\u201d Por Redacci\u00f3n QP","og_url":"https:\/\/quehacerpolitico.mx\/?p=8951","article_published_time":"2018-11-11T04:30:47+00:00","author":"Redacci\u00f3n QP","twitter_card":"summary_large_image","twitter_misc":{"Escrito por":"Redacci\u00f3n QP","Tiempo de lectura":"3 minutos"},"schema":{"@context":"https:\/\/schema.org","@graph":[{"@type":"Article","@id":"https:\/\/quehacerpolitico.mx\/?p=8951#article","isPartOf":{"@id":"https:\/\/quehacerpolitico.mx\/?p=8951"},"author":{"name":"Redacci\u00f3n QP","@id":"https:\/\/quehacerpolitico.mx\/#\/schema\/person\/496d8ad2d1d3f8036101dca7ee39e585"},"headline":"VIDEO: Carmen Aristegui agradece a la Maldita Vecindad canci\u00f3n que le dedic\u00f3 tras la \u201ccasa blanca\u201d","datePublished":"2018-11-11T04:30:47+00:00","mainEntityOfPage":{"@id":"https:\/\/quehacerpolitico.mx\/?p=8951"},"wordCount":583,"commentCount":0,"image":{"@id":"https:\/\/quehacerpolitico.mx\/?p=8951#primaryimage"},"thumbnailUrl":"","articleSection":["Noticias"],"inLanguage":"es","potentialAction":[{"@type":"CommentAction","name":"Comment","target":["https:\/\/quehacerpolitico.mx\/?p=8951#respond"]}]},{"@type":"WebPage","@id":"https:\/\/quehacerpolitico.mx\/?p=8951","url":"https:\/\/quehacerpolitico.mx\/?p=8951","name":"VIDEO: Carmen Aristegui agradece a la Maldita Vecindad canci\u00f3n que le dedic\u00f3 tras la \u201ccasa blanca\u201d -","isPartOf":{"@id":"https:\/\/quehacerpolitico.mx\/#website"},"primaryImageOfPage":{"@id":"https:\/\/quehacerpolitico.mx\/?p=8951#primaryimage"},"image":{"@id":"https:\/\/quehacerpolitico.mx\/?p=8951#primaryimage"},"thumbnailUrl":"","datePublished":"2018-11-11T04:30:47+00:00","author":{"@id":"https:\/\/quehacerpolitico.mx\/#\/schema\/person\/496d8ad2d1d3f8036101dca7ee39e585"},"breadcrumb":{"@id":"https:\/\/quehacerpolitico.mx\/?p=8951#breadcrumb"},"inLanguage":"es","potentialAction":[{"@type":"ReadAction","target":["https:\/\/quehacerpolitico.mx\/?p=8951"]}]},{"@type":"ImageObject","inLanguage":"es","@id":"https:\/\/quehacerpolitico.mx\/?p=8951#primaryimage","url":"","contentUrl":""},{"@type":"BreadcrumbList","@id":"https:\/\/quehacerpolitico.mx\/?p=8951#breadcrumb","itemListElement":[{"@type":"ListItem","position":1,"name":"Inicio","item":"https:\/\/quehacerpolitico.mx\/"},{"@type":"ListItem","position":2,"name":"VIDEO: Carmen Aristegui agradece a la Maldita Vecindad canci\u00f3n que le dedic\u00f3 tras la \u201ccasa blanca\u201d"}]},{"@type":"WebSite","@id":"https:\/\/quehacerpolitico.mx\/#website","url":"https:\/\/quehacerpolitico.mx\/","name":"","description":"","potentialAction":[{"@type":"SearchAction","target":{"@type":"EntryPoint","urlTemplate":"https:\/\/quehacerpolitico.mx\/?s={search_term_string}"},"query-input":{"@type":"PropertyValueSpecification","valueRequired":true,"valueName":"search_term_string"}}],"inLanguage":"es"},{"@type":"Person","@id":"https:\/\/quehacerpolitico.mx\/#\/schema\/person\/496d8ad2d1d3f8036101dca7ee39e585","name":"Redacci\u00f3n QP","image":{"@type":"ImageObject","inLanguage":"es","@id":"https:\/\/secure.gravatar.com\/avatar\/c7164ed6fdec453195284ad24a5ae5b6e1eed2b848477fa2a4787ba9adf39a41?s=96&d=mm&r=g","url":"https:\/\/secure.gravatar.com\/avatar\/c7164ed6fdec453195284ad24a5ae5b6e1eed2b848477fa2a4787ba9adf39a41?s=96&d=mm&r=g","contentUrl":"https:\/\/secure.gravatar.com\/avatar\/c7164ed6fdec453195284ad24a5ae5b6e1eed2b848477fa2a4787ba9adf39a41?s=96&d=mm&r=g","caption":"Redacci\u00f3n QP"},"url":"https:\/\/quehacerpolitico.mx\/?author=2"}]}},"featured_image_urls":{"full":"","thumbnail":"","medium":"","medium_large":"","large":"","1536x1536":"","2048x2048":"","covernews-featured":"","covernews-medium":""},"author_info":{"display_name":"Redacci\u00f3n QP","author_link":"https:\/\/quehacerpolitico.mx\/?author=2"},"category_info":"<a href=\"https:\/\/quehacerpolitico.mx\/?cat=2\" rel=\"category\">Noticias<\/a>","tag_info":"Noticias","comment_count":"0","_links":{"self":[{"href":"https:\/\/quehacerpolitico.mx\/index.php?rest_route=\/wp\/v2\/posts\/8951","targetHints":{"allow":["GET"]}}],"collection":[{"href":"https:\/\/quehacerpolitico.mx\/index.php?rest_route=\/wp\/v2\/posts"}],"about":[{"href":"https:\/\/quehacerpolitico.mx\/index.php?rest_route=\/wp\/v2\/types\/post"}],"author":[{"embeddable":true,"href":"https:\/\/quehacerpolitico.mx\/index.php?rest_route=\/wp\/v2\/users\/2"}],"replies":[{"embeddable":true,"href":"https:\/\/quehacerpolitico.mx\/index.php?rest_route=%2Fwp%2Fv2%2Fcomments&post=8951"}],"version-history":[{"count":0,"href":"https:\/\/quehacerpolitico.mx\/index.php?rest_route=\/wp\/v2\/posts\/8951\/revisions"}],"wp:featuredmedia":[{"embeddable":true,"href":"https:\/\/quehacerpolitico.mx\/index.php?rest_route=\/"}],"wp:attachment":[{"href":"https:\/\/quehacerpolitico.mx\/index.php?rest_route=%2Fwp%2Fv2%2Fmedia&parent=8951"}],"wp:term":[{"taxonomy":"category","embeddable":true,"href":"https:\/\/quehacerpolitico.mx\/index.php?rest_route=%2Fwp%2Fv2%2Fcategories&post=8951"},{"taxonomy":"post_tag","embeddable":true,"href":"https:\/\/quehacerpolitico.mx\/index.php?rest_route=%2Fwp%2Fv2%2Ftags&post=8951"}],"curies":[{"name":"wp","href":"https:\/\/api.w.org\/{rel}","templated":true}]}}