{"id":89208,"date":"2022-01-31T17:13:11","date_gmt":"2022-01-31T17:13:11","guid":{"rendered":"https:\/\/quehacerpolitico.mx\/?p=89208"},"modified":"2022-01-31T17:13:14","modified_gmt":"2022-01-31T17:13:14","slug":"amlo-sobre-las-acusaciones-a-su-hijo-mayor-la-senora-tiene-dinero","status":"publish","type":"post","link":"https:\/\/quehacerpolitico.mx\/?p=89208","title":{"rendered":"AMLO sobre las acusaciones a su hijo mayor: &#8220;La se\u00f1ora tiene dinero&#8221;\u00a0"},"content":{"rendered":"\n<p>Por Redacci\u00f3n QP<\/p>\n\n\n\n<p>&#8220;En este gobierno no tienen influencia mis hijos, no se le da contrato a ning\u00fan recomendado&#8221;, dice\u00a0AMLO<\/p>\n\n\n\n<figure class=\"wp-block-embed is-type-video is-provider-youtube wp-block-embed-youtube wp-embed-aspect-16-9 wp-has-aspect-ratio\"><div class=\"wp-block-embed__wrapper\">\n<iframe loading=\"lazy\" title=\"&quot;La se\u00f1ora tiene dinero y no tiene nada que ver con el gobierno&quot;, dice AMLO de su nuera\" width=\"640\" height=\"360\" src=\"https:\/\/www.youtube.com\/embed\/G5yqgBIKCjA?feature=oembed\" frameborder=\"0\" allow=\"accelerometer; autoplay; clipboard-write; encrypted-media; gyroscope; picture-in-picture; web-share\" referrerpolicy=\"strict-origin-when-cross-origin\" allowfullscreen><\/iframe>\n<\/div><\/figure>\n\n\n\n<p>El Presidente\u00a0Andres Manuel Lopez Obrador (AMLO) respondi\u00f3 la ma\u00f1ana de este lunes a la pol\u00e9mica generada tras la publicaci\u00f3n que se\u00f1ala a su hijo mayor, Jos\u00e9 Ram\u00f3n L\u00f3pez Beltr\u00e1n, y la mansi\u00f3n en la que vive y que est\u00e1 valuada en un mill\u00f3n de d\u00f3lares, en Houston, en Estados Unidos.<\/p>\n\n\n\n<p><strong>&#8220;En este gobierno no tienen influencia mis hijos, no se le da contrato a ning\u00fan recomendado&#8221;<\/strong>, dijo AMLO sobre el esc\u00e1ndalo de los lujos de su hijo Jos\u00e9 Ram\u00f3n L\u00f3pez Beltr\u00e1n.<\/p>\n\n\n\n<figure class=\"wp-block-embed is-type-rich is-provider-twitter wp-block-embed-twitter\"><div class=\"wp-block-embed__wrapper\">\n<blockquote class=\"twitter-tweet\" data-width=\"550\" data-dnt=\"true\"><p lang=\"es\" dir=\"ltr\">&quot;En el asunto del matrimonio (&#8230;) ellos se casaron y, al parecer, LA SE\u00d1ORA TIENE DINERO&quot;<br><br>Eso fue lo que dijo el presidente <a href=\"https:\/\/twitter.com\/lopezobrador_?ref_src=twsrc%5Etfw\">@lopezobrador_<\/a> sobre el esc\u00e1ndalo de las casas millonarias de su hijo mayor, Jos\u00e9 Ram\u00f3n. <a href=\"https:\/\/t.co\/WAAmi0ckXK\">pic.twitter.com\/WAAmi0ckXK<\/a><\/p>&mdash; Ruido en la Red (@RuidoEnLaRed) <a href=\"https:\/\/twitter.com\/RuidoEnLaRed\/status\/1488162362817404929?ref_src=twsrc%5Etfw\">January 31, 2022<\/a><\/blockquote><script async src=\"https:\/\/platform.twitter.com\/widgets.js\" charset=\"utf-8\"><\/script>\n<\/div><\/figure>\n\n\n\n<p>Esta ma\u00f1ana en su conferencia matutina, conocida como\u00a0\u201cma\u00f1anera\u201d el Presidente L\u00f3pez Obrador dijo que\u00a0<strong>en el caso del matrimonio de su hijo con Carolyn Adams, &#8220;est\u00e1 complicado meterse porque al parecer la se\u00f1ora tiene dinero y no tiene nada que ver con el gobierno&#8221;<\/strong>.<\/p>\n\n\n\n<h3 class=\"wp-block-heading\" id=\"la-polemica-del-hijo-del-presidente-lopez-obrador\">La pol\u00e9mica del hijo del Presidente L\u00f3pez Obrador&nbsp;<\/h3>\n\n\n\n<p>Sin negar la informaci\u00f3n, AMLO se refiri\u00f3 a la publicaci\u00f3n de Latinus y Mexicanos Contra la Corrupci\u00f3n y la Impunidad (MCCI), que descubrieron que L\u00f3pez Beltr\u00e1n y su pareja, Carolyn Adams, han ocupado dos residencias al norte de Houston, cada una valorada en cerca de 1 mill\u00f3n de d\u00f3lares.<\/p>\n\n\n\n<p><strong>Tras vivir en la mansi\u00f3n del directivo de Baker Hughes, contratista de Petr\u00f3leos Mexicanos (Pemex), L\u00f3pez Beltr\u00e1n se mud\u00f3 a una residencia nueva en el condado de Harris<\/strong>, que est\u00e1 a nombre de su pareja, Carolyn Adams, seg\u00fan MCCI.<\/p>\n\n\n\n<p>Adem\u00e1s,&nbsp;<strong>el hijo de AMLO viajar\u00eda en un autom\u00f3vil de lujo, valorado en 68 mil 675 d\u00f3lares, a nombre de su esposa<\/strong>.<\/p>\n\n\n\n<p>La primera residencia que L\u00f3pez Beltr\u00e1n y Adams ocuparon, entre 2019 y 2020, pertenec\u00eda a Keith L. Schilling, de Baker Hughes, que en agosto de 2019 firm\u00f3 en Villahermosa, Tabasco, un contrato de Pemex por 85 millones de d\u00f3lares, seg\u00fan MCCI.<\/p>\n\n\n\n<p>El Presidente L\u00f3pez Obrador insisti\u00f3 en que sus hijos &#8220;no tienen influencia&#8221; y&nbsp;<strong>critic\u00f3 al periodista Carlos Loret de Mola, de Latinus, por ser &#8220;un mercenario&#8221;<\/strong>.<\/p>\n\n\n\n<p>Tambi\u00e9n cuestion\u00f3 a la periodista Carmen Aristegui, identificada con la izquierda mexicana, por comparar el esc\u00e1ndalo con la &#8220;Casa Blanca&#8221; de Ang\u00e9lica Rivera, exesposa del presidente Enrique Pe\u00f1a Nieto (2012-2018).<\/p>\n\n\n\n<p>&#8220;Ni un contrato, ni una recomendaci\u00f3n, no somos iguales, pero este se\u00f1or Loret de Mola es un mercenario e hizo un esc\u00e1ndalo porque cree que somos iguales. No. \u00c9l estaba y sigue estando al servicio de la mafia del poder&#8221;, manifest\u00f3.&nbsp;<\/p>\n\n\n\n<p>Con informaci\u00f3n de SUN y EFE<\/p>\n","protected":false},"excerpt":{"rendered":"<p>Por Redacci\u00f3n QP &#8220;En este gobierno no tienen influencia mis hijos, no se le da&#8230;<\/p>\n","protected":false},"author":2,"featured_media":89209,"comment_status":"open","ping_status":"open","sticky":false,"template":"","format":"standard","meta":{"_monsterinsights_skip_tracking":false,"_monsterinsights_sitenote_active":false,"_monsterinsights_sitenote_note":"","_monsterinsights_sitenote_category":0,"footnotes":""},"categories":[2],"tags":[],"class_list":["post-89208","post","type-post","status-publish","format-standard","has-post-thumbnail","hentry","category-noticias"],"yoast_head":"<!-- This site is optimized with the Yoast SEO plugin v27.3 - https:\/\/yoast.com\/product\/yoast-seo-wordpress\/ -->\n<title>AMLO sobre las acusaciones a su hijo mayor: &quot;La se\u00f1ora tiene dinero&quot;\u00a0 -<\/title>\n<meta name=\"robots\" content=\"index, follow, max-snippet:-1, max-image-preview:large, max-video-preview:-1\" \/>\n<link rel=\"canonical\" href=\"https:\/\/quehacerpolitico.mx\/?p=89208\" \/>\n<meta property=\"og:locale\" content=\"es_MX\" \/>\n<meta property=\"og:type\" content=\"article\" \/>\n<meta property=\"og:title\" content=\"AMLO sobre las acusaciones a su hijo mayor: &quot;La se\u00f1ora tiene dinero&quot;\u00a0 -\" \/>\n<meta property=\"og:description\" content=\"Por Redacci\u00f3n QP &#8220;En este gobierno no tienen influencia mis hijos, no se le da...\" \/>\n<meta property=\"og:url\" content=\"https:\/\/quehacerpolitico.mx\/?p=89208\" \/>\n<meta property=\"article:published_time\" content=\"2022-01-31T17:13:11+00:00\" \/>\n<meta property=\"article:modified_time\" content=\"2022-01-31T17:13:14+00:00\" \/>\n<meta property=\"og:image\" content=\"https:\/\/quehacerpolitico.mx\/wp-content\/uploads\/2022\/01\/19AE4758-D1EC-4211-9D23-B302105B4F7D.jpeg\" \/>\n\t<meta property=\"og:image:width\" content=\"781\" \/>\n\t<meta property=\"og:image:height\" content=\"566\" \/>\n\t<meta property=\"og:image:type\" content=\"image\/jpeg\" \/>\n<meta name=\"author\" content=\"Redacci\u00f3n QP\" \/>\n<meta name=\"twitter:card\" content=\"summary_large_image\" \/>\n<meta name=\"twitter:label1\" content=\"Escrito por\" \/>\n\t<meta name=\"twitter:data1\" content=\"Redacci\u00f3n QP\" \/>\n\t<meta name=\"twitter:label2\" content=\"Tiempo de lectura\" \/>\n\t<meta name=\"twitter:data2\" content=\"2 minutos\" \/>\n<script type=\"application\/ld+json\" class=\"yoast-schema-graph\">{\"@context\":\"https:\\\/\\\/schema.org\",\"@graph\":[{\"@type\":\"Article\",\"@id\":\"https:\\\/\\\/quehacerpolitico.mx\\\/?p=89208#article\",\"isPartOf\":{\"@id\":\"https:\\\/\\\/quehacerpolitico.mx\\\/?p=89208\"},\"author\":{\"name\":\"Redacci\u00f3n QP\",\"@id\":\"https:\\\/\\\/quehacerpolitico.mx\\\/#\\\/schema\\\/person\\\/496d8ad2d1d3f8036101dca7ee39e585\"},\"headline\":\"AMLO sobre las acusaciones a su hijo mayor: &#8220;La se\u00f1ora tiene dinero&#8221;\u00a0\",\"datePublished\":\"2022-01-31T17:13:11+00:00\",\"dateModified\":\"2022-01-31T17:13:14+00:00\",\"mainEntityOfPage\":{\"@id\":\"https:\\\/\\\/quehacerpolitico.mx\\\/?p=89208\"},\"wordCount\":484,\"commentCount\":0,\"image\":{\"@id\":\"https:\\\/\\\/quehacerpolitico.mx\\\/?p=89208#primaryimage\"},\"thumbnailUrl\":\"https:\\\/\\\/quehacerpolitico.mx\\\/wp-content\\\/uploads\\\/2022\\\/01\\\/19AE4758-D1EC-4211-9D23-B302105B4F7D.jpeg\",\"articleSection\":[\"Noticias\"],\"inLanguage\":\"es\",\"potentialAction\":[{\"@type\":\"CommentAction\",\"name\":\"Comment\",\"target\":[\"https:\\\/\\\/quehacerpolitico.mx\\\/?p=89208#respond\"]}]},{\"@type\":\"WebPage\",\"@id\":\"https:\\\/\\\/quehacerpolitico.mx\\\/?p=89208\",\"url\":\"https:\\\/\\\/quehacerpolitico.mx\\\/?p=89208\",\"name\":\"AMLO sobre las acusaciones a su hijo mayor: \\\"La se\u00f1ora tiene dinero\\\"\u00a0 -\",\"isPartOf\":{\"@id\":\"https:\\\/\\\/quehacerpolitico.mx\\\/#website\"},\"primaryImageOfPage\":{\"@id\":\"https:\\\/\\\/quehacerpolitico.mx\\\/?p=89208#primaryimage\"},\"image\":{\"@id\":\"https:\\\/\\\/quehacerpolitico.mx\\\/?p=89208#primaryimage\"},\"thumbnailUrl\":\"https:\\\/\\\/quehacerpolitico.mx\\\/wp-content\\\/uploads\\\/2022\\\/01\\\/19AE4758-D1EC-4211-9D23-B302105B4F7D.jpeg\",\"datePublished\":\"2022-01-31T17:13:11+00:00\",\"dateModified\":\"2022-01-31T17:13:14+00:00\",\"author\":{\"@id\":\"https:\\\/\\\/quehacerpolitico.mx\\\/#\\\/schema\\\/person\\\/496d8ad2d1d3f8036101dca7ee39e585\"},\"breadcrumb\":{\"@id\":\"https:\\\/\\\/quehacerpolitico.mx\\\/?p=89208#breadcrumb\"},\"inLanguage\":\"es\",\"potentialAction\":[{\"@type\":\"ReadAction\",\"target\":[\"https:\\\/\\\/quehacerpolitico.mx\\\/?p=89208\"]}]},{\"@type\":\"ImageObject\",\"inLanguage\":\"es\",\"@id\":\"https:\\\/\\\/quehacerpolitico.mx\\\/?p=89208#primaryimage\",\"url\":\"https:\\\/\\\/quehacerpolitico.mx\\\/wp-content\\\/uploads\\\/2022\\\/01\\\/19AE4758-D1EC-4211-9D23-B302105B4F7D.jpeg\",\"contentUrl\":\"https:\\\/\\\/quehacerpolitico.mx\\\/wp-content\\\/uploads\\\/2022\\\/01\\\/19AE4758-D1EC-4211-9D23-B302105B4F7D.jpeg\",\"width\":781,\"height\":566},{\"@type\":\"BreadcrumbList\",\"@id\":\"https:\\\/\\\/quehacerpolitico.mx\\\/?p=89208#breadcrumb\",\"itemListElement\":[{\"@type\":\"ListItem\",\"position\":1,\"name\":\"Inicio\",\"item\":\"https:\\\/\\\/quehacerpolitico.mx\\\/\"},{\"@type\":\"ListItem\",\"position\":2,\"name\":\"AMLO sobre las acusaciones a su hijo mayor: &#8220;La se\u00f1ora tiene dinero&#8221;\u00a0\"}]},{\"@type\":\"WebSite\",\"@id\":\"https:\\\/\\\/quehacerpolitico.mx\\\/#website\",\"url\":\"https:\\\/\\\/quehacerpolitico.mx\\\/\",\"name\":\"\",\"description\":\"\",\"potentialAction\":[{\"@type\":\"SearchAction\",\"target\":{\"@type\":\"EntryPoint\",\"urlTemplate\":\"https:\\\/\\\/quehacerpolitico.mx\\\/?s={search_term_string}\"},\"query-input\":{\"@type\":\"PropertyValueSpecification\",\"valueRequired\":true,\"valueName\":\"search_term_string\"}}],\"inLanguage\":\"es\"},{\"@type\":\"Person\",\"@id\":\"https:\\\/\\\/quehacerpolitico.mx\\\/#\\\/schema\\\/person\\\/496d8ad2d1d3f8036101dca7ee39e585\",\"name\":\"Redacci\u00f3n QP\",\"image\":{\"@type\":\"ImageObject\",\"inLanguage\":\"es\",\"@id\":\"https:\\\/\\\/secure.gravatar.com\\\/avatar\\\/c7164ed6fdec453195284ad24a5ae5b6e1eed2b848477fa2a4787ba9adf39a41?s=96&d=mm&r=g\",\"url\":\"https:\\\/\\\/secure.gravatar.com\\\/avatar\\\/c7164ed6fdec453195284ad24a5ae5b6e1eed2b848477fa2a4787ba9adf39a41?s=96&d=mm&r=g\",\"contentUrl\":\"https:\\\/\\\/secure.gravatar.com\\\/avatar\\\/c7164ed6fdec453195284ad24a5ae5b6e1eed2b848477fa2a4787ba9adf39a41?s=96&d=mm&r=g\",\"caption\":\"Redacci\u00f3n QP\"},\"url\":\"https:\\\/\\\/quehacerpolitico.mx\\\/?author=2\"}]}<\/script>\n<!-- \/ Yoast SEO plugin. -->","yoast_head_json":{"title":"AMLO sobre las acusaciones a su hijo mayor: \"La se\u00f1ora tiene dinero\"\u00a0 -","robots":{"index":"index","follow":"follow","max-snippet":"max-snippet:-1","max-image-preview":"max-image-preview:large","max-video-preview":"max-video-preview:-1"},"canonical":"https:\/\/quehacerpolitico.mx\/?p=89208","og_locale":"es_MX","og_type":"article","og_title":"AMLO sobre las acusaciones a su hijo mayor: \"La se\u00f1ora tiene dinero\"\u00a0 -","og_description":"Por Redacci\u00f3n QP &#8220;En este gobierno no tienen influencia mis hijos, no se le da...","og_url":"https:\/\/quehacerpolitico.mx\/?p=89208","article_published_time":"2022-01-31T17:13:11+00:00","article_modified_time":"2022-01-31T17:13:14+00:00","og_image":[{"width":781,"height":566,"url":"https:\/\/quehacerpolitico.mx\/wp-content\/uploads\/2022\/01\/19AE4758-D1EC-4211-9D23-B302105B4F7D.jpeg","type":"image\/jpeg"}],"author":"Redacci\u00f3n QP","twitter_card":"summary_large_image","twitter_misc":{"Escrito por":"Redacci\u00f3n QP","Tiempo de lectura":"2 minutos"},"schema":{"@context":"https:\/\/schema.org","@graph":[{"@type":"Article","@id":"https:\/\/quehacerpolitico.mx\/?p=89208#article","isPartOf":{"@id":"https:\/\/quehacerpolitico.mx\/?p=89208"},"author":{"name":"Redacci\u00f3n QP","@id":"https:\/\/quehacerpolitico.mx\/#\/schema\/person\/496d8ad2d1d3f8036101dca7ee39e585"},"headline":"AMLO sobre las acusaciones a su hijo mayor: &#8220;La se\u00f1ora tiene dinero&#8221;\u00a0","datePublished":"2022-01-31T17:13:11+00:00","dateModified":"2022-01-31T17:13:14+00:00","mainEntityOfPage":{"@id":"https:\/\/quehacerpolitico.mx\/?p=89208"},"wordCount":484,"commentCount":0,"image":{"@id":"https:\/\/quehacerpolitico.mx\/?p=89208#primaryimage"},"thumbnailUrl":"https:\/\/quehacerpolitico.mx\/wp-content\/uploads\/2022\/01\/19AE4758-D1EC-4211-9D23-B302105B4F7D.jpeg","articleSection":["Noticias"],"inLanguage":"es","potentialAction":[{"@type":"CommentAction","name":"Comment","target":["https:\/\/quehacerpolitico.mx\/?p=89208#respond"]}]},{"@type":"WebPage","@id":"https:\/\/quehacerpolitico.mx\/?p=89208","url":"https:\/\/quehacerpolitico.mx\/?p=89208","name":"AMLO sobre las acusaciones a su hijo mayor: \"La se\u00f1ora tiene dinero\"\u00a0 -","isPartOf":{"@id":"https:\/\/quehacerpolitico.mx\/#website"},"primaryImageOfPage":{"@id":"https:\/\/quehacerpolitico.mx\/?p=89208#primaryimage"},"image":{"@id":"https:\/\/quehacerpolitico.mx\/?p=89208#primaryimage"},"thumbnailUrl":"https:\/\/quehacerpolitico.mx\/wp-content\/uploads\/2022\/01\/19AE4758-D1EC-4211-9D23-B302105B4F7D.jpeg","datePublished":"2022-01-31T17:13:11+00:00","dateModified":"2022-01-31T17:13:14+00:00","author":{"@id":"https:\/\/quehacerpolitico.mx\/#\/schema\/person\/496d8ad2d1d3f8036101dca7ee39e585"},"breadcrumb":{"@id":"https:\/\/quehacerpolitico.mx\/?p=89208#breadcrumb"},"inLanguage":"es","potentialAction":[{"@type":"ReadAction","target":["https:\/\/quehacerpolitico.mx\/?p=89208"]}]},{"@type":"ImageObject","inLanguage":"es","@id":"https:\/\/quehacerpolitico.mx\/?p=89208#primaryimage","url":"https:\/\/quehacerpolitico.mx\/wp-content\/uploads\/2022\/01\/19AE4758-D1EC-4211-9D23-B302105B4F7D.jpeg","contentUrl":"https:\/\/quehacerpolitico.mx\/wp-content\/uploads\/2022\/01\/19AE4758-D1EC-4211-9D23-B302105B4F7D.jpeg","width":781,"height":566},{"@type":"BreadcrumbList","@id":"https:\/\/quehacerpolitico.mx\/?p=89208#breadcrumb","itemListElement":[{"@type":"ListItem","position":1,"name":"Inicio","item":"https:\/\/quehacerpolitico.mx\/"},{"@type":"ListItem","position":2,"name":"AMLO sobre las acusaciones a su hijo mayor: &#8220;La se\u00f1ora tiene dinero&#8221;\u00a0"}]},{"@type":"WebSite","@id":"https:\/\/quehacerpolitico.mx\/#website","url":"https:\/\/quehacerpolitico.mx\/","name":"","description":"","potentialAction":[{"@type":"SearchAction","target":{"@type":"EntryPoint","urlTemplate":"https:\/\/quehacerpolitico.mx\/?s={search_term_string}"},"query-input":{"@type":"PropertyValueSpecification","valueRequired":true,"valueName":"search_term_string"}}],"inLanguage":"es"},{"@type":"Person","@id":"https:\/\/quehacerpolitico.mx\/#\/schema\/person\/496d8ad2d1d3f8036101dca7ee39e585","name":"Redacci\u00f3n QP","image":{"@type":"ImageObject","inLanguage":"es","@id":"https:\/\/secure.gravatar.com\/avatar\/c7164ed6fdec453195284ad24a5ae5b6e1eed2b848477fa2a4787ba9adf39a41?s=96&d=mm&r=g","url":"https:\/\/secure.gravatar.com\/avatar\/c7164ed6fdec453195284ad24a5ae5b6e1eed2b848477fa2a4787ba9adf39a41?s=96&d=mm&r=g","contentUrl":"https:\/\/secure.gravatar.com\/avatar\/c7164ed6fdec453195284ad24a5ae5b6e1eed2b848477fa2a4787ba9adf39a41?s=96&d=mm&r=g","caption":"Redacci\u00f3n QP"},"url":"https:\/\/quehacerpolitico.mx\/?author=2"}]}},"featured_image_urls":{"full":["https:\/\/quehacerpolitico.mx\/wp-content\/uploads\/2022\/01\/19AE4758-D1EC-4211-9D23-B302105B4F7D.jpeg",781,566,false],"thumbnail":["https:\/\/quehacerpolitico.mx\/wp-content\/uploads\/2022\/01\/19AE4758-D1EC-4211-9D23-B302105B4F7D-150x150.jpeg",150,150,true],"medium":["https:\/\/quehacerpolitico.mx\/wp-content\/uploads\/2022\/01\/19AE4758-D1EC-4211-9D23-B302105B4F7D-300x217.jpeg",300,217,true],"medium_large":["https:\/\/quehacerpolitico.mx\/wp-content\/uploads\/2022\/01\/19AE4758-D1EC-4211-9D23-B302105B4F7D-768x557.jpeg",640,464,true],"large":["https:\/\/quehacerpolitico.mx\/wp-content\/uploads\/2022\/01\/19AE4758-D1EC-4211-9D23-B302105B4F7D.jpeg",640,464,false],"1536x1536":["https:\/\/quehacerpolitico.mx\/wp-content\/uploads\/2022\/01\/19AE4758-D1EC-4211-9D23-B302105B4F7D.jpeg",781,566,false],"2048x2048":["https:\/\/quehacerpolitico.mx\/wp-content\/uploads\/2022\/01\/19AE4758-D1EC-4211-9D23-B302105B4F7D.jpeg",781,566,false],"covernews-featured":["https:\/\/quehacerpolitico.mx\/wp-content\/uploads\/2022\/01\/19AE4758-D1EC-4211-9D23-B302105B4F7D.jpeg",781,566,false],"covernews-medium":["https:\/\/quehacerpolitico.mx\/wp-content\/uploads\/2022\/01\/19AE4758-D1EC-4211-9D23-B302105B4F7D.jpeg",469,340,false]},"author_info":{"display_name":"Redacci\u00f3n QP","author_link":"https:\/\/quehacerpolitico.mx\/?author=2"},"category_info":"<a href=\"https:\/\/quehacerpolitico.mx\/?cat=2\" rel=\"category\">Noticias<\/a>","tag_info":"Noticias","comment_count":"0","_links":{"self":[{"href":"https:\/\/quehacerpolitico.mx\/index.php?rest_route=\/wp\/v2\/posts\/89208","targetHints":{"allow":["GET"]}}],"collection":[{"href":"https:\/\/quehacerpolitico.mx\/index.php?rest_route=\/wp\/v2\/posts"}],"about":[{"href":"https:\/\/quehacerpolitico.mx\/index.php?rest_route=\/wp\/v2\/types\/post"}],"author":[{"embeddable":true,"href":"https:\/\/quehacerpolitico.mx\/index.php?rest_route=\/wp\/v2\/users\/2"}],"replies":[{"embeddable":true,"href":"https:\/\/quehacerpolitico.mx\/index.php?rest_route=%2Fwp%2Fv2%2Fcomments&post=89208"}],"version-history":[{"count":1,"href":"https:\/\/quehacerpolitico.mx\/index.php?rest_route=\/wp\/v2\/posts\/89208\/revisions"}],"predecessor-version":[{"id":89210,"href":"https:\/\/quehacerpolitico.mx\/index.php?rest_route=\/wp\/v2\/posts\/89208\/revisions\/89210"}],"wp:featuredmedia":[{"embeddable":true,"href":"https:\/\/quehacerpolitico.mx\/index.php?rest_route=\/wp\/v2\/media\/89209"}],"wp:attachment":[{"href":"https:\/\/quehacerpolitico.mx\/index.php?rest_route=%2Fwp%2Fv2%2Fmedia&parent=89208"}],"wp:term":[{"taxonomy":"category","embeddable":true,"href":"https:\/\/quehacerpolitico.mx\/index.php?rest_route=%2Fwp%2Fv2%2Fcategories&post=89208"},{"taxonomy":"post_tag","embeddable":true,"href":"https:\/\/quehacerpolitico.mx\/index.php?rest_route=%2Fwp%2Fv2%2Ftags&post=89208"}],"curies":[{"name":"wp","href":"https:\/\/api.w.org\/{rel}","templated":true}]}}