{"id":89195,"date":"2022-01-30T19:50:14","date_gmt":"2022-01-30T19:50:14","guid":{"rendered":"https:\/\/quehacerpolitico.mx\/?p=89195"},"modified":"2022-01-30T19:50:18","modified_gmt":"2022-01-30T19:50:18","slug":"mansion-de-hijo-del-presidente-lopez-obrador-grave-conflicto-de-interes-pan","status":"publish","type":"post","link":"https:\/\/quehacerpolitico.mx\/?p=89195","title":{"rendered":"Mansi\u00f3n de hijo del Presidente Lopez Obrador, grave conflicto de inter\u00e9s: PAN\u00a0"},"content":{"rendered":"\n<p>Por Redacci\u00f3n QP<\/p>\n\n\n\n<p>Julen Rementer\u00eda del Puerto dijo que la mansi\u00f3n que habita el hijo de AMLO en Houston estaba a nombre de\u00a0un alto ejecutivo de Baker Hughes, compa\u00f1\u00eda\u00a0petrolera que tiene contratos con Pemex por 150 MDD<\/p>\n\n\n\n<p>El coordinador de la bancada panista en el Senado, Julen Rementer\u00eda del Puerto asegur\u00f3 que la mansi\u00f3n que tiene Jos\u00e9 Ram\u00f3n L\u00f3pez Beltr\u00e1n, hijo del Presidente de M\u00e9xico, Andr\u00e9s Manuel L\u00f3pez Obrador (AMLO), en Houston, es \u201cun grave conflicto de inter\u00e9s que debe investigarse con toda seriedad y profundidad\u201d.&nbsp;&nbsp;<\/p>\n\n\n\n<p>Adem\u00e1s, Rementer\u00eda dijo que este esc\u00e1ndalo deja claro que la austeridad, un emblema del gobierno de AMLO, es solo una falsa bandera y la lucha contra la corrupci\u00f3n es una farsa.<\/p>\n\n\n\n<p>&#8220;Por un lado, se llenan la boca de cr\u00edticas contra la clase media y la clase alta, mientras idealizan la pobreza y austeridad. Pero eso s\u00ed, son ellos quienes se enriquecen y de formas cuestionables, al amparo de la corrupci\u00f3n y la opacidad&#8221;, consider\u00f3.<\/p>\n\n\n\n<p>El legislador se\u00f1al\u00f3 que&nbsp;<strong>la mansi\u00f3n que habita el hijo de AMLO estaba a nombre de Keith Schilling, un alto ejecutivo de la empresa Baker Hughes, una de las compa\u00f1\u00edas petroleras m\u00e1s grandes del mundo y que tiene contratos con Pemex por 150 millones de d\u00f3lares<\/strong>.<\/p>\n\n\n\n<p>&#8220;Desafortunadamente, ya sabemos que no va a ocurrir nada, como en todos aquellos esc\u00e1ndalos de corrupci\u00f3n que envuelven a Morena, como los casos de Bartlett, los hermanos L\u00f3pez Obrador, Irma Er\u00e9ndira y Esquer, m\u00e1s los que se sigan acumulando&#8221;, lament\u00f3.<\/p>\n\n\n\n<p>El senador por Veracruz sostuvo que cualquier persona tiene el derecho y la libertad de generar riqueza. Es lo deseable, siempre que se realice de forma honesta, pues tener dinero bien habido no es ilegal ni inmoral.<\/p>\n\n\n\n<p>&#8220;<strong>Lo que llama la atenci\u00f3n y genera indignaci\u00f3n es el doble discurso de este gobierno y de Morena<\/strong>. No son iguales, son peores, mucho peores&#8221;, remat\u00f3.<\/p>\n\n\n\n<p>Con informaci\u00f3n de SUN<\/p>\n","protected":false},"excerpt":{"rendered":"<p>Por Redacci\u00f3n QP Julen Rementer\u00eda del Puerto dijo que la mansi\u00f3n que habita el hijo&#8230;<\/p>\n","protected":false},"author":2,"featured_media":89196,"comment_status":"open","ping_status":"open","sticky":false,"template":"","format":"standard","meta":{"_monsterinsights_skip_tracking":false,"_monsterinsights_sitenote_active":false,"_monsterinsights_sitenote_note":"","_monsterinsights_sitenote_category":0,"footnotes":""},"categories":[2],"tags":[],"class_list":["post-89195","post","type-post","status-publish","format-standard","has-post-thumbnail","hentry","category-noticias"],"yoast_head":"<!-- This site is optimized with the Yoast SEO plugin v27.3 - https:\/\/yoast.com\/product\/yoast-seo-wordpress\/ -->\n<title>Mansi\u00f3n de hijo del Presidente Lopez Obrador, grave conflicto de inter\u00e9s: PAN\u00a0 -<\/title>\n<meta name=\"robots\" content=\"index, follow, max-snippet:-1, max-image-preview:large, max-video-preview:-1\" \/>\n<link rel=\"canonical\" href=\"https:\/\/quehacerpolitico.mx\/?p=89195\" \/>\n<meta property=\"og:locale\" content=\"es_MX\" \/>\n<meta property=\"og:type\" content=\"article\" \/>\n<meta property=\"og:title\" content=\"Mansi\u00f3n de hijo del Presidente Lopez Obrador, grave conflicto de inter\u00e9s: PAN\u00a0 -\" \/>\n<meta property=\"og:description\" content=\"Por Redacci\u00f3n QP Julen Rementer\u00eda del Puerto dijo que la mansi\u00f3n que habita el hijo...\" \/>\n<meta property=\"og:url\" content=\"https:\/\/quehacerpolitico.mx\/?p=89195\" \/>\n<meta property=\"article:published_time\" content=\"2022-01-30T19:50:14+00:00\" \/>\n<meta property=\"article:modified_time\" content=\"2022-01-30T19:50:18+00:00\" \/>\n<meta property=\"og:image\" content=\"https:\/\/quehacerpolitico.mx\/wp-content\/uploads\/2022\/01\/46FC3232-8C1E-4D7E-BA69-8E33E267DBBE.jpeg\" \/>\n\t<meta property=\"og:image:width\" content=\"608\" \/>\n\t<meta property=\"og:image:height\" content=\"342\" \/>\n\t<meta property=\"og:image:type\" content=\"image\/jpeg\" \/>\n<meta name=\"author\" content=\"Redacci\u00f3n QP\" \/>\n<meta name=\"twitter:card\" content=\"summary_large_image\" \/>\n<meta name=\"twitter:label1\" content=\"Escrito por\" \/>\n\t<meta name=\"twitter:data1\" content=\"Redacci\u00f3n QP\" \/>\n\t<meta name=\"twitter:label2\" content=\"Tiempo de lectura\" \/>\n\t<meta name=\"twitter:data2\" content=\"2 minutos\" \/>\n<script type=\"application\/ld+json\" class=\"yoast-schema-graph\">{\"@context\":\"https:\\\/\\\/schema.org\",\"@graph\":[{\"@type\":\"Article\",\"@id\":\"https:\\\/\\\/quehacerpolitico.mx\\\/?p=89195#article\",\"isPartOf\":{\"@id\":\"https:\\\/\\\/quehacerpolitico.mx\\\/?p=89195\"},\"author\":{\"name\":\"Redacci\u00f3n QP\",\"@id\":\"https:\\\/\\\/quehacerpolitico.mx\\\/#\\\/schema\\\/person\\\/496d8ad2d1d3f8036101dca7ee39e585\"},\"headline\":\"Mansi\u00f3n de hijo del Presidente Lopez Obrador, grave conflicto de inter\u00e9s: PAN\u00a0\",\"datePublished\":\"2022-01-30T19:50:14+00:00\",\"dateModified\":\"2022-01-30T19:50:18+00:00\",\"mainEntityOfPage\":{\"@id\":\"https:\\\/\\\/quehacerpolitico.mx\\\/?p=89195\"},\"wordCount\":363,\"commentCount\":0,\"image\":{\"@id\":\"https:\\\/\\\/quehacerpolitico.mx\\\/?p=89195#primaryimage\"},\"thumbnailUrl\":\"https:\\\/\\\/quehacerpolitico.mx\\\/wp-content\\\/uploads\\\/2022\\\/01\\\/46FC3232-8C1E-4D7E-BA69-8E33E267DBBE.jpeg\",\"articleSection\":[\"Noticias\"],\"inLanguage\":\"es\",\"potentialAction\":[{\"@type\":\"CommentAction\",\"name\":\"Comment\",\"target\":[\"https:\\\/\\\/quehacerpolitico.mx\\\/?p=89195#respond\"]}]},{\"@type\":\"WebPage\",\"@id\":\"https:\\\/\\\/quehacerpolitico.mx\\\/?p=89195\",\"url\":\"https:\\\/\\\/quehacerpolitico.mx\\\/?p=89195\",\"name\":\"Mansi\u00f3n de hijo del Presidente Lopez Obrador, grave conflicto de inter\u00e9s: PAN\u00a0 -\",\"isPartOf\":{\"@id\":\"https:\\\/\\\/quehacerpolitico.mx\\\/#website\"},\"primaryImageOfPage\":{\"@id\":\"https:\\\/\\\/quehacerpolitico.mx\\\/?p=89195#primaryimage\"},\"image\":{\"@id\":\"https:\\\/\\\/quehacerpolitico.mx\\\/?p=89195#primaryimage\"},\"thumbnailUrl\":\"https:\\\/\\\/quehacerpolitico.mx\\\/wp-content\\\/uploads\\\/2022\\\/01\\\/46FC3232-8C1E-4D7E-BA69-8E33E267DBBE.jpeg\",\"datePublished\":\"2022-01-30T19:50:14+00:00\",\"dateModified\":\"2022-01-30T19:50:18+00:00\",\"author\":{\"@id\":\"https:\\\/\\\/quehacerpolitico.mx\\\/#\\\/schema\\\/person\\\/496d8ad2d1d3f8036101dca7ee39e585\"},\"breadcrumb\":{\"@id\":\"https:\\\/\\\/quehacerpolitico.mx\\\/?p=89195#breadcrumb\"},\"inLanguage\":\"es\",\"potentialAction\":[{\"@type\":\"ReadAction\",\"target\":[\"https:\\\/\\\/quehacerpolitico.mx\\\/?p=89195\"]}]},{\"@type\":\"ImageObject\",\"inLanguage\":\"es\",\"@id\":\"https:\\\/\\\/quehacerpolitico.mx\\\/?p=89195#primaryimage\",\"url\":\"https:\\\/\\\/quehacerpolitico.mx\\\/wp-content\\\/uploads\\\/2022\\\/01\\\/46FC3232-8C1E-4D7E-BA69-8E33E267DBBE.jpeg\",\"contentUrl\":\"https:\\\/\\\/quehacerpolitico.mx\\\/wp-content\\\/uploads\\\/2022\\\/01\\\/46FC3232-8C1E-4D7E-BA69-8E33E267DBBE.jpeg\",\"width\":608,\"height\":342},{\"@type\":\"BreadcrumbList\",\"@id\":\"https:\\\/\\\/quehacerpolitico.mx\\\/?p=89195#breadcrumb\",\"itemListElement\":[{\"@type\":\"ListItem\",\"position\":1,\"name\":\"Inicio\",\"item\":\"https:\\\/\\\/quehacerpolitico.mx\\\/\"},{\"@type\":\"ListItem\",\"position\":2,\"name\":\"Mansi\u00f3n de hijo del Presidente Lopez Obrador, grave conflicto de inter\u00e9s: PAN\u00a0\"}]},{\"@type\":\"WebSite\",\"@id\":\"https:\\\/\\\/quehacerpolitico.mx\\\/#website\",\"url\":\"https:\\\/\\\/quehacerpolitico.mx\\\/\",\"name\":\"\",\"description\":\"\",\"potentialAction\":[{\"@type\":\"SearchAction\",\"target\":{\"@type\":\"EntryPoint\",\"urlTemplate\":\"https:\\\/\\\/quehacerpolitico.mx\\\/?s={search_term_string}\"},\"query-input\":{\"@type\":\"PropertyValueSpecification\",\"valueRequired\":true,\"valueName\":\"search_term_string\"}}],\"inLanguage\":\"es\"},{\"@type\":\"Person\",\"@id\":\"https:\\\/\\\/quehacerpolitico.mx\\\/#\\\/schema\\\/person\\\/496d8ad2d1d3f8036101dca7ee39e585\",\"name\":\"Redacci\u00f3n QP\",\"image\":{\"@type\":\"ImageObject\",\"inLanguage\":\"es\",\"@id\":\"https:\\\/\\\/secure.gravatar.com\\\/avatar\\\/c7164ed6fdec453195284ad24a5ae5b6e1eed2b848477fa2a4787ba9adf39a41?s=96&d=mm&r=g\",\"url\":\"https:\\\/\\\/secure.gravatar.com\\\/avatar\\\/c7164ed6fdec453195284ad24a5ae5b6e1eed2b848477fa2a4787ba9adf39a41?s=96&d=mm&r=g\",\"contentUrl\":\"https:\\\/\\\/secure.gravatar.com\\\/avatar\\\/c7164ed6fdec453195284ad24a5ae5b6e1eed2b848477fa2a4787ba9adf39a41?s=96&d=mm&r=g\",\"caption\":\"Redacci\u00f3n QP\"},\"url\":\"https:\\\/\\\/quehacerpolitico.mx\\\/?author=2\"}]}<\/script>\n<!-- \/ Yoast SEO plugin. -->","yoast_head_json":{"title":"Mansi\u00f3n de hijo del Presidente Lopez Obrador, grave conflicto de inter\u00e9s: PAN\u00a0 -","robots":{"index":"index","follow":"follow","max-snippet":"max-snippet:-1","max-image-preview":"max-image-preview:large","max-video-preview":"max-video-preview:-1"},"canonical":"https:\/\/quehacerpolitico.mx\/?p=89195","og_locale":"es_MX","og_type":"article","og_title":"Mansi\u00f3n de hijo del Presidente Lopez Obrador, grave conflicto de inter\u00e9s: PAN\u00a0 -","og_description":"Por Redacci\u00f3n QP Julen Rementer\u00eda del Puerto dijo que la mansi\u00f3n que habita el hijo...","og_url":"https:\/\/quehacerpolitico.mx\/?p=89195","article_published_time":"2022-01-30T19:50:14+00:00","article_modified_time":"2022-01-30T19:50:18+00:00","og_image":[{"width":608,"height":342,"url":"https:\/\/quehacerpolitico.mx\/wp-content\/uploads\/2022\/01\/46FC3232-8C1E-4D7E-BA69-8E33E267DBBE.jpeg","type":"image\/jpeg"}],"author":"Redacci\u00f3n QP","twitter_card":"summary_large_image","twitter_misc":{"Escrito por":"Redacci\u00f3n QP","Tiempo de lectura":"2 minutos"},"schema":{"@context":"https:\/\/schema.org","@graph":[{"@type":"Article","@id":"https:\/\/quehacerpolitico.mx\/?p=89195#article","isPartOf":{"@id":"https:\/\/quehacerpolitico.mx\/?p=89195"},"author":{"name":"Redacci\u00f3n QP","@id":"https:\/\/quehacerpolitico.mx\/#\/schema\/person\/496d8ad2d1d3f8036101dca7ee39e585"},"headline":"Mansi\u00f3n de hijo del Presidente Lopez Obrador, grave conflicto de inter\u00e9s: PAN\u00a0","datePublished":"2022-01-30T19:50:14+00:00","dateModified":"2022-01-30T19:50:18+00:00","mainEntityOfPage":{"@id":"https:\/\/quehacerpolitico.mx\/?p=89195"},"wordCount":363,"commentCount":0,"image":{"@id":"https:\/\/quehacerpolitico.mx\/?p=89195#primaryimage"},"thumbnailUrl":"https:\/\/quehacerpolitico.mx\/wp-content\/uploads\/2022\/01\/46FC3232-8C1E-4D7E-BA69-8E33E267DBBE.jpeg","articleSection":["Noticias"],"inLanguage":"es","potentialAction":[{"@type":"CommentAction","name":"Comment","target":["https:\/\/quehacerpolitico.mx\/?p=89195#respond"]}]},{"@type":"WebPage","@id":"https:\/\/quehacerpolitico.mx\/?p=89195","url":"https:\/\/quehacerpolitico.mx\/?p=89195","name":"Mansi\u00f3n de hijo del Presidente Lopez Obrador, grave conflicto de inter\u00e9s: PAN\u00a0 -","isPartOf":{"@id":"https:\/\/quehacerpolitico.mx\/#website"},"primaryImageOfPage":{"@id":"https:\/\/quehacerpolitico.mx\/?p=89195#primaryimage"},"image":{"@id":"https:\/\/quehacerpolitico.mx\/?p=89195#primaryimage"},"thumbnailUrl":"https:\/\/quehacerpolitico.mx\/wp-content\/uploads\/2022\/01\/46FC3232-8C1E-4D7E-BA69-8E33E267DBBE.jpeg","datePublished":"2022-01-30T19:50:14+00:00","dateModified":"2022-01-30T19:50:18+00:00","author":{"@id":"https:\/\/quehacerpolitico.mx\/#\/schema\/person\/496d8ad2d1d3f8036101dca7ee39e585"},"breadcrumb":{"@id":"https:\/\/quehacerpolitico.mx\/?p=89195#breadcrumb"},"inLanguage":"es","potentialAction":[{"@type":"ReadAction","target":["https:\/\/quehacerpolitico.mx\/?p=89195"]}]},{"@type":"ImageObject","inLanguage":"es","@id":"https:\/\/quehacerpolitico.mx\/?p=89195#primaryimage","url":"https:\/\/quehacerpolitico.mx\/wp-content\/uploads\/2022\/01\/46FC3232-8C1E-4D7E-BA69-8E33E267DBBE.jpeg","contentUrl":"https:\/\/quehacerpolitico.mx\/wp-content\/uploads\/2022\/01\/46FC3232-8C1E-4D7E-BA69-8E33E267DBBE.jpeg","width":608,"height":342},{"@type":"BreadcrumbList","@id":"https:\/\/quehacerpolitico.mx\/?p=89195#breadcrumb","itemListElement":[{"@type":"ListItem","position":1,"name":"Inicio","item":"https:\/\/quehacerpolitico.mx\/"},{"@type":"ListItem","position":2,"name":"Mansi\u00f3n de hijo del Presidente Lopez Obrador, grave conflicto de inter\u00e9s: PAN\u00a0"}]},{"@type":"WebSite","@id":"https:\/\/quehacerpolitico.mx\/#website","url":"https:\/\/quehacerpolitico.mx\/","name":"","description":"","potentialAction":[{"@type":"SearchAction","target":{"@type":"EntryPoint","urlTemplate":"https:\/\/quehacerpolitico.mx\/?s={search_term_string}"},"query-input":{"@type":"PropertyValueSpecification","valueRequired":true,"valueName":"search_term_string"}}],"inLanguage":"es"},{"@type":"Person","@id":"https:\/\/quehacerpolitico.mx\/#\/schema\/person\/496d8ad2d1d3f8036101dca7ee39e585","name":"Redacci\u00f3n QP","image":{"@type":"ImageObject","inLanguage":"es","@id":"https:\/\/secure.gravatar.com\/avatar\/c7164ed6fdec453195284ad24a5ae5b6e1eed2b848477fa2a4787ba9adf39a41?s=96&d=mm&r=g","url":"https:\/\/secure.gravatar.com\/avatar\/c7164ed6fdec453195284ad24a5ae5b6e1eed2b848477fa2a4787ba9adf39a41?s=96&d=mm&r=g","contentUrl":"https:\/\/secure.gravatar.com\/avatar\/c7164ed6fdec453195284ad24a5ae5b6e1eed2b848477fa2a4787ba9adf39a41?s=96&d=mm&r=g","caption":"Redacci\u00f3n QP"},"url":"https:\/\/quehacerpolitico.mx\/?author=2"}]}},"featured_image_urls":{"full":["https:\/\/quehacerpolitico.mx\/wp-content\/uploads\/2022\/01\/46FC3232-8C1E-4D7E-BA69-8E33E267DBBE.jpeg",608,342,false],"thumbnail":["https:\/\/quehacerpolitico.mx\/wp-content\/uploads\/2022\/01\/46FC3232-8C1E-4D7E-BA69-8E33E267DBBE-150x150.jpeg",150,150,true],"medium":["https:\/\/quehacerpolitico.mx\/wp-content\/uploads\/2022\/01\/46FC3232-8C1E-4D7E-BA69-8E33E267DBBE-300x169.jpeg",300,169,true],"medium_large":["https:\/\/quehacerpolitico.mx\/wp-content\/uploads\/2022\/01\/46FC3232-8C1E-4D7E-BA69-8E33E267DBBE.jpeg",608,342,false],"large":["https:\/\/quehacerpolitico.mx\/wp-content\/uploads\/2022\/01\/46FC3232-8C1E-4D7E-BA69-8E33E267DBBE.jpeg",608,342,false],"1536x1536":["https:\/\/quehacerpolitico.mx\/wp-content\/uploads\/2022\/01\/46FC3232-8C1E-4D7E-BA69-8E33E267DBBE.jpeg",608,342,false],"2048x2048":["https:\/\/quehacerpolitico.mx\/wp-content\/uploads\/2022\/01\/46FC3232-8C1E-4D7E-BA69-8E33E267DBBE.jpeg",608,342,false],"covernews-featured":["https:\/\/quehacerpolitico.mx\/wp-content\/uploads\/2022\/01\/46FC3232-8C1E-4D7E-BA69-8E33E267DBBE.jpeg",608,342,false],"covernews-medium":["https:\/\/quehacerpolitico.mx\/wp-content\/uploads\/2022\/01\/46FC3232-8C1E-4D7E-BA69-8E33E267DBBE.jpeg",540,304,false]},"author_info":{"display_name":"Redacci\u00f3n QP","author_link":"https:\/\/quehacerpolitico.mx\/?author=2"},"category_info":"<a href=\"https:\/\/quehacerpolitico.mx\/?cat=2\" rel=\"category\">Noticias<\/a>","tag_info":"Noticias","comment_count":"0","_links":{"self":[{"href":"https:\/\/quehacerpolitico.mx\/index.php?rest_route=\/wp\/v2\/posts\/89195","targetHints":{"allow":["GET"]}}],"collection":[{"href":"https:\/\/quehacerpolitico.mx\/index.php?rest_route=\/wp\/v2\/posts"}],"about":[{"href":"https:\/\/quehacerpolitico.mx\/index.php?rest_route=\/wp\/v2\/types\/post"}],"author":[{"embeddable":true,"href":"https:\/\/quehacerpolitico.mx\/index.php?rest_route=\/wp\/v2\/users\/2"}],"replies":[{"embeddable":true,"href":"https:\/\/quehacerpolitico.mx\/index.php?rest_route=%2Fwp%2Fv2%2Fcomments&post=89195"}],"version-history":[{"count":1,"href":"https:\/\/quehacerpolitico.mx\/index.php?rest_route=\/wp\/v2\/posts\/89195\/revisions"}],"predecessor-version":[{"id":89197,"href":"https:\/\/quehacerpolitico.mx\/index.php?rest_route=\/wp\/v2\/posts\/89195\/revisions\/89197"}],"wp:featuredmedia":[{"embeddable":true,"href":"https:\/\/quehacerpolitico.mx\/index.php?rest_route=\/wp\/v2\/media\/89196"}],"wp:attachment":[{"href":"https:\/\/quehacerpolitico.mx\/index.php?rest_route=%2Fwp%2Fv2%2Fmedia&parent=89195"}],"wp:term":[{"taxonomy":"category","embeddable":true,"href":"https:\/\/quehacerpolitico.mx\/index.php?rest_route=%2Fwp%2Fv2%2Fcategories&post=89195"},{"taxonomy":"post_tag","embeddable":true,"href":"https:\/\/quehacerpolitico.mx\/index.php?rest_route=%2Fwp%2Fv2%2Ftags&post=89195"}],"curies":[{"name":"wp","href":"https:\/\/api.w.org\/{rel}","templated":true}]}}