{"id":89189,"date":"2022-01-30T19:29:19","date_gmt":"2022-01-30T19:29:19","guid":{"rendered":"https:\/\/quehacerpolitico.mx\/?p=89189"},"modified":"2022-01-30T19:29:22","modified_gmt":"2022-01-30T19:29:22","slug":"isabel-allende-hace-de-violeta-una-oda-feminista-a-su-madre","status":"publish","type":"post","link":"https:\/\/quehacerpolitico.mx\/?p=89189","title":{"rendered":"Isabel Allende hace de \u201cVioleta\u201d una oda feminista a su madre\u00a0"},"content":{"rendered":"\n<p>Por Redacci\u00f3n QP<\/p>\n\n\n\n<p>La escritora presenta en su novela m\u00e1s reciente una historia de empoderamiento, libertad y pasi\u00f3n<\/p>\n\n\n\n<p>Una nueva historia de pasi\u00f3n y libertad ha salido de la memoria de la escritora chilena Isabel Allende, quien\u00a0<strong>en su m\u00e1s reciente novela \u201cVioleta\u201d, rinde un homenaje a su madre y a los desaf\u00edos que enfrent\u00f3 ante la opresi\u00f3n machista<\/strong>\u00a0en diversos \u00e1mbitos personales y sociales.<\/p>\n\n\n\n<figure class=\"wp-block-embed is-type-video is-provider-youtube wp-block-embed-youtube wp-embed-aspect-16-9 wp-has-aspect-ratio\"><div class=\"wp-block-embed__wrapper\">\n<iframe loading=\"lazy\" title=\"Isabel Allende apresenta \u00abVioleta\u00bb\" width=\"640\" height=\"360\" src=\"https:\/\/www.youtube.com\/embed\/ckyTyO8zuGw?feature=oembed\" frameborder=\"0\" allow=\"accelerometer; autoplay; clipboard-write; encrypted-media; gyroscope; picture-in-picture; web-share\" referrerpolicy=\"strict-origin-when-cross-origin\" allowfullscreen><\/iframe>\n<\/div><\/figure>\n\n\n\n<p>Con el sello de la editorial Penguin Random House, Isabel Allende present\u00f3 \u201cVioleta\u201d a la prensa latina en videoconferencia, en donde charl\u00f3 sobre las motivaciones que la llevaron a crear a su nueva protagonista partiendo de las vivencias de su madre, pero tambi\u00e9n de sus propios testimonios y recuerdos como hija, de la visi\u00f3n que tiene del amor y de c\u00f3mo la sociedad cambia cuando las mujeres luchan por los cambios individuales y colectivos.<\/p>\n\n\n\n<p>\u201cMi madre muri\u00f3 poco antes del COVID, y mucha gente que la conoc\u00eda me dijo que ten\u00eda que escribir la historia de mi madre. Mi mam\u00e1, que fue una mujer extraordinaria, no tuvo una historia extraordinaria porque nunca pudo mantenerse sola, vivi\u00f3 sometida, primero a su padre, despu\u00e9s a su marido, y finalmente fui yo quien pag\u00f3 las cuentas\u201d, indic\u00f3 Isabel Allende, quien en este 2022 celebra 40 a\u00f1os de haber debutado en el mundo editorial con la novela \u201cLa casa de los esp\u00edritus\u201d.<\/p>\n\n\n\n<figure class=\"wp-block-image size-full\"><img loading=\"lazy\" decoding=\"async\" width=\"677\" height=\"453\" src=\"https:\/\/quehacerpolitico.mx\/wp-content\/uploads\/2022\/01\/image-149.jpeg\" alt=\"\" class=\"wp-image-89190\" srcset=\"https:\/\/quehacerpolitico.mx\/wp-content\/uploads\/2022\/01\/image-149.jpeg 677w, https:\/\/quehacerpolitico.mx\/wp-content\/uploads\/2022\/01\/image-149-300x201.jpeg 300w, https:\/\/quehacerpolitico.mx\/wp-content\/uploads\/2022\/01\/image-149-218x146.jpeg 218w, https:\/\/quehacerpolitico.mx\/wp-content\/uploads\/2022\/01\/image-149-50x33.jpeg 50w, https:\/\/quehacerpolitico.mx\/wp-content\/uploads\/2022\/01\/image-149-112x75.jpeg 112w\" sizes=\"auto, (max-width: 677px) 100vw, 677px\" \/><\/figure>\n\n\n\n<p>La escritora, radicada desde hace m\u00e1s de 30 a\u00f1os en Estados Unidos, resalta que&nbsp;<strong>la dependencia econ\u00f3mica es uno de los factores que explora en el libro para presentar a \u201cVioleta\u201d, al considerar que \u201cno hay feminismo sin independencia econ\u00f3mica\u201d<\/strong>&nbsp;y c\u00f3mo este factor ha evolucionado para bien para los tiempos modernos, al resaltar c\u00f3mo de desde distintos \u00e1mbitos las mujeres encaminan sus luchas con sus propios recursos econ\u00f3micos, culturales y sociales.<\/p>\n\n\n\n<p>\u201c\u2018Violeta\u2019 es un personaje parecido a mi madre en el sentido de que era bella, interesante, fuerte, ir\u00f3nica, atrevida y con una gran visi\u00f3n respecto al futuro y las cosas, no se queda en su clase social ni con lo que a ella le inculcaron, pero a diferencia de ella puede ser una mujer independiente, y no hay feminismo sin independencia econ\u00f3mica\u201d.<\/p>\n\n\n\n<p><strong>Con el amor por estandarte<\/strong><\/p>\n\n\n\n<p>Si bien \u201cVioleta\u201d lleva una alta carga de recuerdos de su madre, Isabel Allende relat\u00f3 que parte de su personalidad tambi\u00e9n est\u00e1 impregnada en el libro y en su protagonista: \u201ccreo que todos los autores hacen eso, sacan de la memoria y de la experiencia personal, ese es el material que uno usa para las historias\u201d, indic\u00f3 la autora al puntualizar que en este nuevo relato no hay tantas referencias vivenciales respecto a su hija Paula.<\/p>\n\n\n\n<p><strong>M\u00e1s all\u00e1 de las tramas que en esta ocasi\u00f3n entrelazan a sus personajes, Isabel Allende resalta que el amor tambi\u00e9n figura como un protagonista constante en el relato de \u201cVioleta\u201d,<\/strong>pues explorar el romanticismo desde diversos aspectos personales y sociales ha sido una constante en sus libros y que ha fungido como un hilo conductor para dar el mensaje que desde un principio tiene en mente.<\/p>\n\n\n\n<p>\u201cNo solamente el amor, tambi\u00e9n el poder, la ambici\u00f3n, la codicia, todas esas cosas tambi\u00e9n mueven al mundo y lo mueven a una orientaci\u00f3n que, a veces, el amor logra corregir un poco, pero no completamente. En todas mis novelas lo que importa son las relaciones humanas, por supuesto los hechos y acontecimientos, c\u00f3mo, cu\u00e1ndo y d\u00f3nde ocurren las cosas tambi\u00e9n es importante, pero lo que m\u00e1s me interesa contar son las relaciones humanas, las emociones, y de todas ellas, la m\u00e1s poderosa es el amor, por lo menos para las mujeres\u201d.<\/p>\n\n\n\n<figure class=\"wp-block-image size-full\"><img loading=\"lazy\" decoding=\"async\" width=\"640\" height=\"480\" src=\"https:\/\/quehacerpolitico.mx\/wp-content\/uploads\/2022\/01\/image-150.jpeg\" alt=\"\" class=\"wp-image-89191\" srcset=\"https:\/\/quehacerpolitico.mx\/wp-content\/uploads\/2022\/01\/image-150.jpeg 640w, https:\/\/quehacerpolitico.mx\/wp-content\/uploads\/2022\/01\/image-150-300x225.jpeg 300w, https:\/\/quehacerpolitico.mx\/wp-content\/uploads\/2022\/01\/image-150-195x146.jpeg 195w, https:\/\/quehacerpolitico.mx\/wp-content\/uploads\/2022\/01\/image-150-50x38.jpeg 50w, https:\/\/quehacerpolitico.mx\/wp-content\/uploads\/2022\/01\/image-150-100x75.jpeg 100w\" sizes=\"auto, (max-width: 640px) 100vw, 640px\" \/><\/figure>\n\n\n\n<p>Isabel Allende record\u00f3 c\u00f3mo fue el proceso de escritura para \u201cVioleta\u201d, y aunque la historia comenz\u00f3 a forjarse en enero del 2020, un par de meses antes que estallara la pandemia por la COVID-19, reconoce que el confinamiento y el desarrollo de la contingencia sanitaria la anim\u00f3 a situar el relato entre la crisis que tambi\u00e9n se tuvo con la influenza y la actual pandemia por coronavirus.<\/p>\n\n\n\n<p>\u201cCuando eso sucedi\u00f3 se me ocurri\u00f3 la idea de que deber\u00eda colocar la novela entre estas dos pandemias, la de influenza y la del COVID, me resultaba casi po\u00e9tica esa uni\u00f3n y ese c\u00edrculo. La pandemia fue la an\u00e9cdota, fue lo que me sirvi\u00f3 para darle la estructura y forma a la novela\u201d.<\/p>\n\n\n\n<h4 class=\"wp-block-heading\" id=\"el-reto-de-sorprenderse\">El reto de sorprenderse<\/h4>\n\n\n\n<p>La escritora confes\u00f3 que si bien sus intenciones est\u00e1n presentes desde el inicio sobre el impacto que busca con la literatura, su proceso se hace m\u00e1s complejo en la b\u00fasqueda no solo de personajes, sino del futuro que \u00e9stos tendr\u00e1n en cada situaci\u00f3n que tambi\u00e9n marca por si sola la historia.<\/p>\n\n\n\n<p>\u201cEl trabajo de empezar un libro es como lanzarse con una vela en un lugar oscuro, poco a poco vas iluminando los rincones, ah\u00ed van saliendo los personajes, la historia se va formando casi sola.\u00a0<strong>He aprendido, en estos 40 a\u00f1os de escritura a tener confianza, a no tratar de meter la historia en una camisa de fuerza, no sac\u00f3 nada con escribir un guion\u201d.<\/strong><\/p>\n\n\n\n<figure class=\"wp-block-image size-full\"><img loading=\"lazy\" decoding=\"async\" width=\"764\" height=\"401\" src=\"https:\/\/quehacerpolitico.mx\/wp-content\/uploads\/2022\/01\/image-151.jpeg\" alt=\"\" class=\"wp-image-89192\" srcset=\"https:\/\/quehacerpolitico.mx\/wp-content\/uploads\/2022\/01\/image-151.jpeg 764w, https:\/\/quehacerpolitico.mx\/wp-content\/uploads\/2022\/01\/image-151-300x157.jpeg 300w, https:\/\/quehacerpolitico.mx\/wp-content\/uploads\/2022\/01\/image-151-260x136.jpeg 260w, https:\/\/quehacerpolitico.mx\/wp-content\/uploads\/2022\/01\/image-151-50x26.jpeg 50w, https:\/\/quehacerpolitico.mx\/wp-content\/uploads\/2022\/01\/image-151-143x75.jpeg 143w\" sizes=\"auto, (max-width: 764px) 100vw, 764px\" \/><\/figure>\n\n\n\n<p>Si algo caracteriza a \u201cVioleta\u201d es el tono que tiene su protagonista para relatar su historia, adem\u00e1s de que&nbsp;<strong>Isabel Allende apost\u00f3 por incluir el formato de carta, como g\u00e9nero epistolar, para recordar sus ra\u00edces y las de su madre,<\/strong>&nbsp;de c\u00f3mo transitaba la comunicaci\u00f3n personal mediante la escritura a mano.<\/p>\n\n\n\n<p>\u201cUna vez que me di cuenta que era una conversaci\u00f3n de ella con alguien, que ella le est\u00e1 contando su vida a su nieto que adora, el resto fue fluido. Siempre, lo que m\u00e1s me cuesta, son esas primeras semanas en que no tengo el tono, que no s\u00e9 todav\u00eda qui\u00e9n y c\u00f3mo lo va a contar, pero en este caso es la voz de mi madre, esa voz ir\u00f3nica, despegada, apasionada, esa voz la tengo en todas las cartas que ella me escribi\u00f3\u201d.<\/p>\n","protected":false},"excerpt":{"rendered":"<p>Por Redacci\u00f3n QP La escritora presenta en su novela m\u00e1s reciente una historia de empoderamiento,&#8230;<\/p>\n","protected":false},"author":2,"featured_media":89193,"comment_status":"open","ping_status":"open","sticky":false,"template":"","format":"standard","meta":{"_monsterinsights_skip_tracking":false,"_monsterinsights_sitenote_active":false,"_monsterinsights_sitenote_note":"","_monsterinsights_sitenote_category":0,"footnotes":""},"categories":[58],"tags":[],"class_list":["post-89189","post","type-post","status-publish","format-standard","has-post-thumbnail","hentry","category-cultura"],"yoast_head":"<!-- This site is optimized with the Yoast SEO plugin v27.3 - https:\/\/yoast.com\/product\/yoast-seo-wordpress\/ -->\n<title>Isabel Allende hace de \u201cVioleta\u201d una oda feminista a su madre\u00a0 -<\/title>\n<meta name=\"robots\" content=\"index, follow, max-snippet:-1, max-image-preview:large, max-video-preview:-1\" \/>\n<link rel=\"canonical\" href=\"https:\/\/quehacerpolitico.mx\/?p=89189\" \/>\n<meta property=\"og:locale\" content=\"es_MX\" \/>\n<meta property=\"og:type\" content=\"article\" \/>\n<meta property=\"og:title\" content=\"Isabel Allende hace de \u201cVioleta\u201d una oda feminista a su madre\u00a0 -\" \/>\n<meta property=\"og:description\" content=\"Por Redacci\u00f3n QP La escritora presenta en su novela m\u00e1s reciente una historia de empoderamiento,...\" \/>\n<meta property=\"og:url\" content=\"https:\/\/quehacerpolitico.mx\/?p=89189\" \/>\n<meta property=\"article:published_time\" content=\"2022-01-30T19:29:19+00:00\" \/>\n<meta property=\"article:modified_time\" content=\"2022-01-30T19:29:22+00:00\" \/>\n<meta property=\"og:image\" content=\"https:\/\/quehacerpolitico.mx\/wp-content\/uploads\/2022\/01\/812F03E0-95B9-4D32-876A-EF112638FA5D.jpeg\" \/>\n\t<meta property=\"og:image:width\" content=\"693\" \/>\n\t<meta property=\"og:image:height\" content=\"442\" \/>\n\t<meta property=\"og:image:type\" content=\"image\/jpeg\" \/>\n<meta name=\"author\" content=\"Redacci\u00f3n QP\" \/>\n<meta name=\"twitter:card\" content=\"summary_large_image\" \/>\n<meta name=\"twitter:label1\" content=\"Escrito por\" \/>\n\t<meta name=\"twitter:data1\" content=\"Redacci\u00f3n QP\" \/>\n\t<meta name=\"twitter:label2\" content=\"Tiempo de lectura\" \/>\n\t<meta name=\"twitter:data2\" content=\"5 minutos\" \/>\n<script type=\"application\/ld+json\" class=\"yoast-schema-graph\">{\"@context\":\"https:\\\/\\\/schema.org\",\"@graph\":[{\"@type\":\"Article\",\"@id\":\"https:\\\/\\\/quehacerpolitico.mx\\\/?p=89189#article\",\"isPartOf\":{\"@id\":\"https:\\\/\\\/quehacerpolitico.mx\\\/?p=89189\"},\"author\":{\"name\":\"Redacci\u00f3n QP\",\"@id\":\"https:\\\/\\\/quehacerpolitico.mx\\\/#\\\/schema\\\/person\\\/496d8ad2d1d3f8036101dca7ee39e585\"},\"headline\":\"Isabel Allende hace de \u201cVioleta\u201d una oda feminista a su madre\u00a0\",\"datePublished\":\"2022-01-30T19:29:19+00:00\",\"dateModified\":\"2022-01-30T19:29:22+00:00\",\"mainEntityOfPage\":{\"@id\":\"https:\\\/\\\/quehacerpolitico.mx\\\/?p=89189\"},\"wordCount\":1050,\"commentCount\":0,\"image\":{\"@id\":\"https:\\\/\\\/quehacerpolitico.mx\\\/?p=89189#primaryimage\"},\"thumbnailUrl\":\"https:\\\/\\\/quehacerpolitico.mx\\\/wp-content\\\/uploads\\\/2022\\\/01\\\/812F03E0-95B9-4D32-876A-EF112638FA5D.jpeg\",\"articleSection\":[\"Cultura y Entretenimiento\"],\"inLanguage\":\"es\",\"potentialAction\":[{\"@type\":\"CommentAction\",\"name\":\"Comment\",\"target\":[\"https:\\\/\\\/quehacerpolitico.mx\\\/?p=89189#respond\"]}]},{\"@type\":\"WebPage\",\"@id\":\"https:\\\/\\\/quehacerpolitico.mx\\\/?p=89189\",\"url\":\"https:\\\/\\\/quehacerpolitico.mx\\\/?p=89189\",\"name\":\"Isabel Allende hace de \u201cVioleta\u201d una oda feminista a su madre\u00a0 -\",\"isPartOf\":{\"@id\":\"https:\\\/\\\/quehacerpolitico.mx\\\/#website\"},\"primaryImageOfPage\":{\"@id\":\"https:\\\/\\\/quehacerpolitico.mx\\\/?p=89189#primaryimage\"},\"image\":{\"@id\":\"https:\\\/\\\/quehacerpolitico.mx\\\/?p=89189#primaryimage\"},\"thumbnailUrl\":\"https:\\\/\\\/quehacerpolitico.mx\\\/wp-content\\\/uploads\\\/2022\\\/01\\\/812F03E0-95B9-4D32-876A-EF112638FA5D.jpeg\",\"datePublished\":\"2022-01-30T19:29:19+00:00\",\"dateModified\":\"2022-01-30T19:29:22+00:00\",\"author\":{\"@id\":\"https:\\\/\\\/quehacerpolitico.mx\\\/#\\\/schema\\\/person\\\/496d8ad2d1d3f8036101dca7ee39e585\"},\"breadcrumb\":{\"@id\":\"https:\\\/\\\/quehacerpolitico.mx\\\/?p=89189#breadcrumb\"},\"inLanguage\":\"es\",\"potentialAction\":[{\"@type\":\"ReadAction\",\"target\":[\"https:\\\/\\\/quehacerpolitico.mx\\\/?p=89189\"]}]},{\"@type\":\"ImageObject\",\"inLanguage\":\"es\",\"@id\":\"https:\\\/\\\/quehacerpolitico.mx\\\/?p=89189#primaryimage\",\"url\":\"https:\\\/\\\/quehacerpolitico.mx\\\/wp-content\\\/uploads\\\/2022\\\/01\\\/812F03E0-95B9-4D32-876A-EF112638FA5D.jpeg\",\"contentUrl\":\"https:\\\/\\\/quehacerpolitico.mx\\\/wp-content\\\/uploads\\\/2022\\\/01\\\/812F03E0-95B9-4D32-876A-EF112638FA5D.jpeg\",\"width\":693,\"height\":442},{\"@type\":\"BreadcrumbList\",\"@id\":\"https:\\\/\\\/quehacerpolitico.mx\\\/?p=89189#breadcrumb\",\"itemListElement\":[{\"@type\":\"ListItem\",\"position\":1,\"name\":\"Inicio\",\"item\":\"https:\\\/\\\/quehacerpolitico.mx\\\/\"},{\"@type\":\"ListItem\",\"position\":2,\"name\":\"Isabel Allende hace de \u201cVioleta\u201d una oda feminista a su madre\u00a0\"}]},{\"@type\":\"WebSite\",\"@id\":\"https:\\\/\\\/quehacerpolitico.mx\\\/#website\",\"url\":\"https:\\\/\\\/quehacerpolitico.mx\\\/\",\"name\":\"\",\"description\":\"\",\"potentialAction\":[{\"@type\":\"SearchAction\",\"target\":{\"@type\":\"EntryPoint\",\"urlTemplate\":\"https:\\\/\\\/quehacerpolitico.mx\\\/?s={search_term_string}\"},\"query-input\":{\"@type\":\"PropertyValueSpecification\",\"valueRequired\":true,\"valueName\":\"search_term_string\"}}],\"inLanguage\":\"es\"},{\"@type\":\"Person\",\"@id\":\"https:\\\/\\\/quehacerpolitico.mx\\\/#\\\/schema\\\/person\\\/496d8ad2d1d3f8036101dca7ee39e585\",\"name\":\"Redacci\u00f3n QP\",\"image\":{\"@type\":\"ImageObject\",\"inLanguage\":\"es\",\"@id\":\"https:\\\/\\\/secure.gravatar.com\\\/avatar\\\/c7164ed6fdec453195284ad24a5ae5b6e1eed2b848477fa2a4787ba9adf39a41?s=96&d=mm&r=g\",\"url\":\"https:\\\/\\\/secure.gravatar.com\\\/avatar\\\/c7164ed6fdec453195284ad24a5ae5b6e1eed2b848477fa2a4787ba9adf39a41?s=96&d=mm&r=g\",\"contentUrl\":\"https:\\\/\\\/secure.gravatar.com\\\/avatar\\\/c7164ed6fdec453195284ad24a5ae5b6e1eed2b848477fa2a4787ba9adf39a41?s=96&d=mm&r=g\",\"caption\":\"Redacci\u00f3n QP\"},\"url\":\"https:\\\/\\\/quehacerpolitico.mx\\\/?author=2\"}]}<\/script>\n<!-- \/ Yoast SEO plugin. -->","yoast_head_json":{"title":"Isabel Allende hace de \u201cVioleta\u201d una oda feminista a su madre\u00a0 -","robots":{"index":"index","follow":"follow","max-snippet":"max-snippet:-1","max-image-preview":"max-image-preview:large","max-video-preview":"max-video-preview:-1"},"canonical":"https:\/\/quehacerpolitico.mx\/?p=89189","og_locale":"es_MX","og_type":"article","og_title":"Isabel Allende hace de \u201cVioleta\u201d una oda feminista a su madre\u00a0 -","og_description":"Por Redacci\u00f3n QP La escritora presenta en su novela m\u00e1s reciente una historia de empoderamiento,...","og_url":"https:\/\/quehacerpolitico.mx\/?p=89189","article_published_time":"2022-01-30T19:29:19+00:00","article_modified_time":"2022-01-30T19:29:22+00:00","og_image":[{"width":693,"height":442,"url":"https:\/\/quehacerpolitico.mx\/wp-content\/uploads\/2022\/01\/812F03E0-95B9-4D32-876A-EF112638FA5D.jpeg","type":"image\/jpeg"}],"author":"Redacci\u00f3n QP","twitter_card":"summary_large_image","twitter_misc":{"Escrito por":"Redacci\u00f3n QP","Tiempo de lectura":"5 minutos"},"schema":{"@context":"https:\/\/schema.org","@graph":[{"@type":"Article","@id":"https:\/\/quehacerpolitico.mx\/?p=89189#article","isPartOf":{"@id":"https:\/\/quehacerpolitico.mx\/?p=89189"},"author":{"name":"Redacci\u00f3n QP","@id":"https:\/\/quehacerpolitico.mx\/#\/schema\/person\/496d8ad2d1d3f8036101dca7ee39e585"},"headline":"Isabel Allende hace de \u201cVioleta\u201d una oda feminista a su madre\u00a0","datePublished":"2022-01-30T19:29:19+00:00","dateModified":"2022-01-30T19:29:22+00:00","mainEntityOfPage":{"@id":"https:\/\/quehacerpolitico.mx\/?p=89189"},"wordCount":1050,"commentCount":0,"image":{"@id":"https:\/\/quehacerpolitico.mx\/?p=89189#primaryimage"},"thumbnailUrl":"https:\/\/quehacerpolitico.mx\/wp-content\/uploads\/2022\/01\/812F03E0-95B9-4D32-876A-EF112638FA5D.jpeg","articleSection":["Cultura y Entretenimiento"],"inLanguage":"es","potentialAction":[{"@type":"CommentAction","name":"Comment","target":["https:\/\/quehacerpolitico.mx\/?p=89189#respond"]}]},{"@type":"WebPage","@id":"https:\/\/quehacerpolitico.mx\/?p=89189","url":"https:\/\/quehacerpolitico.mx\/?p=89189","name":"Isabel Allende hace de \u201cVioleta\u201d una oda feminista a su madre\u00a0 -","isPartOf":{"@id":"https:\/\/quehacerpolitico.mx\/#website"},"primaryImageOfPage":{"@id":"https:\/\/quehacerpolitico.mx\/?p=89189#primaryimage"},"image":{"@id":"https:\/\/quehacerpolitico.mx\/?p=89189#primaryimage"},"thumbnailUrl":"https:\/\/quehacerpolitico.mx\/wp-content\/uploads\/2022\/01\/812F03E0-95B9-4D32-876A-EF112638FA5D.jpeg","datePublished":"2022-01-30T19:29:19+00:00","dateModified":"2022-01-30T19:29:22+00:00","author":{"@id":"https:\/\/quehacerpolitico.mx\/#\/schema\/person\/496d8ad2d1d3f8036101dca7ee39e585"},"breadcrumb":{"@id":"https:\/\/quehacerpolitico.mx\/?p=89189#breadcrumb"},"inLanguage":"es","potentialAction":[{"@type":"ReadAction","target":["https:\/\/quehacerpolitico.mx\/?p=89189"]}]},{"@type":"ImageObject","inLanguage":"es","@id":"https:\/\/quehacerpolitico.mx\/?p=89189#primaryimage","url":"https:\/\/quehacerpolitico.mx\/wp-content\/uploads\/2022\/01\/812F03E0-95B9-4D32-876A-EF112638FA5D.jpeg","contentUrl":"https:\/\/quehacerpolitico.mx\/wp-content\/uploads\/2022\/01\/812F03E0-95B9-4D32-876A-EF112638FA5D.jpeg","width":693,"height":442},{"@type":"BreadcrumbList","@id":"https:\/\/quehacerpolitico.mx\/?p=89189#breadcrumb","itemListElement":[{"@type":"ListItem","position":1,"name":"Inicio","item":"https:\/\/quehacerpolitico.mx\/"},{"@type":"ListItem","position":2,"name":"Isabel Allende hace de \u201cVioleta\u201d una oda feminista a su madre\u00a0"}]},{"@type":"WebSite","@id":"https:\/\/quehacerpolitico.mx\/#website","url":"https:\/\/quehacerpolitico.mx\/","name":"","description":"","potentialAction":[{"@type":"SearchAction","target":{"@type":"EntryPoint","urlTemplate":"https:\/\/quehacerpolitico.mx\/?s={search_term_string}"},"query-input":{"@type":"PropertyValueSpecification","valueRequired":true,"valueName":"search_term_string"}}],"inLanguage":"es"},{"@type":"Person","@id":"https:\/\/quehacerpolitico.mx\/#\/schema\/person\/496d8ad2d1d3f8036101dca7ee39e585","name":"Redacci\u00f3n QP","image":{"@type":"ImageObject","inLanguage":"es","@id":"https:\/\/secure.gravatar.com\/avatar\/c7164ed6fdec453195284ad24a5ae5b6e1eed2b848477fa2a4787ba9adf39a41?s=96&d=mm&r=g","url":"https:\/\/secure.gravatar.com\/avatar\/c7164ed6fdec453195284ad24a5ae5b6e1eed2b848477fa2a4787ba9adf39a41?s=96&d=mm&r=g","contentUrl":"https:\/\/secure.gravatar.com\/avatar\/c7164ed6fdec453195284ad24a5ae5b6e1eed2b848477fa2a4787ba9adf39a41?s=96&d=mm&r=g","caption":"Redacci\u00f3n QP"},"url":"https:\/\/quehacerpolitico.mx\/?author=2"}]}},"featured_image_urls":{"full":["https:\/\/quehacerpolitico.mx\/wp-content\/uploads\/2022\/01\/812F03E0-95B9-4D32-876A-EF112638FA5D.jpeg",693,442,false],"thumbnail":["https:\/\/quehacerpolitico.mx\/wp-content\/uploads\/2022\/01\/812F03E0-95B9-4D32-876A-EF112638FA5D-150x150.jpeg",150,150,true],"medium":["https:\/\/quehacerpolitico.mx\/wp-content\/uploads\/2022\/01\/812F03E0-95B9-4D32-876A-EF112638FA5D-300x191.jpeg",300,191,true],"medium_large":["https:\/\/quehacerpolitico.mx\/wp-content\/uploads\/2022\/01\/812F03E0-95B9-4D32-876A-EF112638FA5D.jpeg",640,408,false],"large":["https:\/\/quehacerpolitico.mx\/wp-content\/uploads\/2022\/01\/812F03E0-95B9-4D32-876A-EF112638FA5D.jpeg",640,408,false],"1536x1536":["https:\/\/quehacerpolitico.mx\/wp-content\/uploads\/2022\/01\/812F03E0-95B9-4D32-876A-EF112638FA5D.jpeg",693,442,false],"2048x2048":["https:\/\/quehacerpolitico.mx\/wp-content\/uploads\/2022\/01\/812F03E0-95B9-4D32-876A-EF112638FA5D.jpeg",693,442,false],"covernews-featured":["https:\/\/quehacerpolitico.mx\/wp-content\/uploads\/2022\/01\/812F03E0-95B9-4D32-876A-EF112638FA5D.jpeg",693,442,false],"covernews-medium":["https:\/\/quehacerpolitico.mx\/wp-content\/uploads\/2022\/01\/812F03E0-95B9-4D32-876A-EF112638FA5D.jpeg",533,340,false]},"author_info":{"display_name":"Redacci\u00f3n QP","author_link":"https:\/\/quehacerpolitico.mx\/?author=2"},"category_info":"<a href=\"https:\/\/quehacerpolitico.mx\/?cat=58\" rel=\"category\">Cultura y Entretenimiento<\/a>","tag_info":"Cultura y Entretenimiento","comment_count":"0","_links":{"self":[{"href":"https:\/\/quehacerpolitico.mx\/index.php?rest_route=\/wp\/v2\/posts\/89189","targetHints":{"allow":["GET"]}}],"collection":[{"href":"https:\/\/quehacerpolitico.mx\/index.php?rest_route=\/wp\/v2\/posts"}],"about":[{"href":"https:\/\/quehacerpolitico.mx\/index.php?rest_route=\/wp\/v2\/types\/post"}],"author":[{"embeddable":true,"href":"https:\/\/quehacerpolitico.mx\/index.php?rest_route=\/wp\/v2\/users\/2"}],"replies":[{"embeddable":true,"href":"https:\/\/quehacerpolitico.mx\/index.php?rest_route=%2Fwp%2Fv2%2Fcomments&post=89189"}],"version-history":[{"count":1,"href":"https:\/\/quehacerpolitico.mx\/index.php?rest_route=\/wp\/v2\/posts\/89189\/revisions"}],"predecessor-version":[{"id":89194,"href":"https:\/\/quehacerpolitico.mx\/index.php?rest_route=\/wp\/v2\/posts\/89189\/revisions\/89194"}],"wp:featuredmedia":[{"embeddable":true,"href":"https:\/\/quehacerpolitico.mx\/index.php?rest_route=\/wp\/v2\/media\/89193"}],"wp:attachment":[{"href":"https:\/\/quehacerpolitico.mx\/index.php?rest_route=%2Fwp%2Fv2%2Fmedia&parent=89189"}],"wp:term":[{"taxonomy":"category","embeddable":true,"href":"https:\/\/quehacerpolitico.mx\/index.php?rest_route=%2Fwp%2Fv2%2Fcategories&post=89189"},{"taxonomy":"post_tag","embeddable":true,"href":"https:\/\/quehacerpolitico.mx\/index.php?rest_route=%2Fwp%2Fv2%2Ftags&post=89189"}],"curies":[{"name":"wp","href":"https:\/\/api.w.org\/{rel}","templated":true}]}}