{"id":89162,"date":"2022-01-30T16:00:21","date_gmt":"2022-01-30T16:00:21","guid":{"rendered":"https:\/\/quehacerpolitico.mx\/?p=89162"},"modified":"2022-01-30T16:00:24","modified_gmt":"2022-01-30T16:00:24","slug":"nadal-gana-en-australia-y-conquista-su-vigesimo-primer-grand-slam","status":"publish","type":"post","link":"https:\/\/quehacerpolitico.mx\/?p=89162","title":{"rendered":"Nadal gana en Australia y conquista su vig\u00e9simo primer Grand Slam\u00a0"},"content":{"rendered":"\n<p>Por Redacci\u00f3n QP<\/p>\n\n\n\n<p>Rafael Nadal se convierte a sus 35 a\u00f1os en el \u00fanico poseedor del r\u00e9cord de t\u00edtulos en Grand Slam<\/p>\n\n\n\n<ul class=\"wp-block-list\"><li>Rafael Nadal es el segundo jugador en la era Open, el 4\u00ba en la historia<\/li><\/ul>\n\n\n\n<p>Rafael Nadal conquist\u00f3 este domingo 30 de enero de 2022 un hist\u00f3rico vig\u00e9simo primer\u00a0<strong>Grand Slam<\/strong>\u00a0al derrotar al ruso Daniil Medvedev en la final del\u00a0<strong>Abierto de Australia<\/strong>\u00a02-6, 6-7 (5\/7), 6-4, 6-4, 7-5 en 5 horas y 24 minutos.<\/p>\n\n\n\n<figure class=\"wp-block-embed is-type-rich is-provider-twitter wp-block-embed-twitter\"><div class=\"wp-block-embed__wrapper\">\nhttps:\/\/twitter.com\/rnadalacademy\/status\/1487795121273851913?s=21\n<\/div><\/figure>\n\n\n\n<p>El espa\u00f1ol se convierte a sus 35 a\u00f1os en el \u00fanico poseedor del\u00a0<strong>r\u00e9cord<\/strong>\u00a0de t\u00edtulos en Grand Slam, que compart\u00eda hasta ahora con Roger Federer y\u00a0<strong>Novak Djokovic<\/strong>.<\/p>\n\n\n\n<p>Nadal pasa a ser asimismo el segundo jugador en la era\u00a0<strong>Open,<\/strong>\u00a0el 4\u00ba en la historia, en haber conquistado al menos dos veces cada uno de los cuatro \u2018Grandes\u2019. Un \u00e9xito firmado por Djokovic el a\u00f1o pasado cuando conquist\u00f3 el\u00a0<strong>Roland Garros<\/strong>\u00a0por segunda vez.<\/p>\n\n\n\n<figure class=\"wp-block-image size-large\"><img loading=\"lazy\" decoding=\"async\" width=\"1024\" height=\"1024\" src=\"https:\/\/quehacerpolitico.mx\/wp-content\/uploads\/2022\/01\/image-146-1024x1024.jpeg\" alt=\"\" class=\"wp-image-89164\" srcset=\"https:\/\/quehacerpolitico.mx\/wp-content\/uploads\/2022\/01\/image-146-1024x1024.jpeg 1024w, https:\/\/quehacerpolitico.mx\/wp-content\/uploads\/2022\/01\/image-146-300x300.jpeg 300w, https:\/\/quehacerpolitico.mx\/wp-content\/uploads\/2022\/01\/image-146-150x150.jpeg 150w, https:\/\/quehacerpolitico.mx\/wp-content\/uploads\/2022\/01\/image-146-768x768.jpeg 768w, https:\/\/quehacerpolitico.mx\/wp-content\/uploads\/2022\/01\/image-146-1536x1536.jpeg 1536w, https:\/\/quehacerpolitico.mx\/wp-content\/uploads\/2022\/01\/image-146-146x146.jpeg 146w, https:\/\/quehacerpolitico.mx\/wp-content\/uploads\/2022\/01\/image-146-50x50.jpeg 50w, https:\/\/quehacerpolitico.mx\/wp-content\/uploads\/2022\/01\/image-146-75x75.jpeg 75w, https:\/\/quehacerpolitico.mx\/wp-content\/uploads\/2022\/01\/image-146-85x85.jpeg 85w, https:\/\/quehacerpolitico.mx\/wp-content\/uploads\/2022\/01\/image-146-80x80.jpeg 80w, https:\/\/quehacerpolitico.mx\/wp-content\/uploads\/2022\/01\/image-146.jpeg 1600w\" sizes=\"auto, (max-width: 1024px) 100vw, 1024px\" \/><\/figure>\n\n\n\n<figure class=\"wp-block-image size-large\"><img loading=\"lazy\" decoding=\"async\" width=\"819\" height=\"1024\" src=\"https:\/\/quehacerpolitico.mx\/wp-content\/uploads\/2022\/01\/image-145-819x1024.jpeg\" alt=\"\" class=\"wp-image-89163\" srcset=\"https:\/\/quehacerpolitico.mx\/wp-content\/uploads\/2022\/01\/image-145-819x1024.jpeg 819w, https:\/\/quehacerpolitico.mx\/wp-content\/uploads\/2022\/01\/image-145-240x300.jpeg 240w, https:\/\/quehacerpolitico.mx\/wp-content\/uploads\/2022\/01\/image-145-768x960.jpeg 768w, https:\/\/quehacerpolitico.mx\/wp-content\/uploads\/2022\/01\/image-145-1229x1536.jpeg 1229w, https:\/\/quehacerpolitico.mx\/wp-content\/uploads\/2022\/01\/image-145-117x146.jpeg 117w, https:\/\/quehacerpolitico.mx\/wp-content\/uploads\/2022\/01\/image-145-40x50.jpeg 40w, https:\/\/quehacerpolitico.mx\/wp-content\/uploads\/2022\/01\/image-145-60x75.jpeg 60w, https:\/\/quehacerpolitico.mx\/wp-content\/uploads\/2022\/01\/image-145.jpeg 1638w\" sizes=\"auto, (max-width: 819px) 100vw, 819px\" \/><\/figure>\n\n\n\n<p>S\u00f3lo tres mujeres pueden presumir de m\u00e1s t\u00edtulos de Grand Slam:\u00a0<strong>Margaret Court<\/strong>\u00a0(24),\u00a0<strong>Serena Williams<\/strong>\u00a0(23),\u00a0<strong>Steffi Graf<\/strong>\u00a0(22).<\/p>\n\n\n\n<p>En t\u00e9rminos de partidos ganados, el Abierto de Australia es el segundo mejor \u2018Grande\u2019 para Nadal (detr\u00e1s de&nbsp;<strong>Roland Garros<\/strong>), pero el que menor n\u00famero de t\u00edtulos le hab\u00eda proporcionado.<\/p>\n\n\n\n<p>Ha ganado dos (2009 y 2022) en seis finales, mientras que Djokovic gan\u00f3 las 9 finales que jug\u00f3 en\u00a0<strong>Melbourne.<\/strong><\/p>\n\n\n\n<figure class=\"wp-block-image size-large\"><img loading=\"lazy\" decoding=\"async\" width=\"683\" height=\"1024\" src=\"https:\/\/quehacerpolitico.mx\/wp-content\/uploads\/2022\/01\/image-147-683x1024.jpeg\" alt=\"\" class=\"wp-image-89165\" srcset=\"https:\/\/quehacerpolitico.mx\/wp-content\/uploads\/2022\/01\/image-147-683x1024.jpeg 683w, https:\/\/quehacerpolitico.mx\/wp-content\/uploads\/2022\/01\/image-147-200x300.jpeg 200w, https:\/\/quehacerpolitico.mx\/wp-content\/uploads\/2022\/01\/image-147-768x1151.jpeg 768w, https:\/\/quehacerpolitico.mx\/wp-content\/uploads\/2022\/01\/image-147-1025x1536.jpeg 1025w, https:\/\/quehacerpolitico.mx\/wp-content\/uploads\/2022\/01\/image-147-97x146.jpeg 97w, https:\/\/quehacerpolitico.mx\/wp-content\/uploads\/2022\/01\/image-147-33x50.jpeg 33w, https:\/\/quehacerpolitico.mx\/wp-content\/uploads\/2022\/01\/image-147-50x75.jpeg 50w, https:\/\/quehacerpolitico.mx\/wp-content\/uploads\/2022\/01\/image-147.jpeg 1285w\" sizes=\"auto, (max-width: 683px) 100vw, 683px\" \/><\/figure>\n\n\n\n<p>Ambos tenistas jugaron en 2012 la final m\u00e1s larga de torneos de Grand Slam, cuando el serbio se impuso en 5 horas y 53 minutos.<\/p>\n\n\n\n<p>Esta final en Melbourne entre Medvedev y&nbsp;<strong>Nadal<\/strong>&nbsp;supon\u00eda una revancha de la ganada por el tenista balear al ruso en el US Open en 2019. Con m\u00e1s experiencia en finales, Medvedev se llev\u00f3 los dos primeros&nbsp;<strong>sets,<\/strong>&nbsp;pero Nadal tir\u00f3 de coraje para apuntarse los tres siguientes y pasar a la posteridad.<\/p>\n\n\n\n<p>Con informaci\u00f3n de AFP.<\/p>\n","protected":false},"excerpt":{"rendered":"<p>Por Redacci\u00f3n QP Rafael Nadal se convierte a sus 35 a\u00f1os en el \u00fanico poseedor&#8230;<\/p>\n","protected":false},"author":2,"featured_media":89166,"comment_status":"open","ping_status":"open","sticky":false,"template":"","format":"standard","meta":{"_monsterinsights_skip_tracking":false,"_monsterinsights_sitenote_active":false,"_monsterinsights_sitenote_note":"","_monsterinsights_sitenote_category":0,"footnotes":""},"categories":[54],"tags":[],"class_list":["post-89162","post","type-post","status-publish","format-standard","has-post-thumbnail","hentry","category-deportes"],"yoast_head":"<!-- This site is optimized with the Yoast SEO plugin v27.3 - https:\/\/yoast.com\/product\/yoast-seo-wordpress\/ -->\n<title>Nadal gana en Australia y conquista su vig\u00e9simo primer Grand Slam\u00a0 -<\/title>\n<meta name=\"robots\" content=\"index, follow, max-snippet:-1, max-image-preview:large, max-video-preview:-1\" \/>\n<link rel=\"canonical\" href=\"https:\/\/quehacerpolitico.mx\/?p=89162\" \/>\n<meta property=\"og:locale\" content=\"es_MX\" \/>\n<meta property=\"og:type\" content=\"article\" \/>\n<meta property=\"og:title\" content=\"Nadal gana en Australia y conquista su vig\u00e9simo primer Grand Slam\u00a0 -\" \/>\n<meta property=\"og:description\" content=\"Por Redacci\u00f3n QP Rafael Nadal se convierte a sus 35 a\u00f1os en el \u00fanico poseedor...\" \/>\n<meta property=\"og:url\" content=\"https:\/\/quehacerpolitico.mx\/?p=89162\" \/>\n<meta property=\"article:published_time\" content=\"2022-01-30T16:00:21+00:00\" \/>\n<meta property=\"article:modified_time\" content=\"2022-01-30T16:00:24+00:00\" \/>\n<meta property=\"og:image\" content=\"https:\/\/quehacerpolitico.mx\/wp-content\/uploads\/2022\/01\/68AAB5B2-B175-432E-905B-F5EB739864DF.jpeg\" \/>\n\t<meta property=\"og:image:width\" content=\"2048\" \/>\n\t<meta property=\"og:image:height\" content=\"1351\" \/>\n\t<meta property=\"og:image:type\" content=\"image\/jpeg\" \/>\n<meta name=\"author\" content=\"Redacci\u00f3n QP\" \/>\n<meta name=\"twitter:card\" content=\"summary_large_image\" \/>\n<meta name=\"twitter:label1\" content=\"Escrito por\" \/>\n\t<meta name=\"twitter:data1\" content=\"Redacci\u00f3n QP\" \/>\n\t<meta name=\"twitter:label2\" content=\"Tiempo de lectura\" \/>\n\t<meta name=\"twitter:data2\" content=\"2 minutos\" \/>\n<script type=\"application\/ld+json\" class=\"yoast-schema-graph\">{\"@context\":\"https:\\\/\\\/schema.org\",\"@graph\":[{\"@type\":\"Article\",\"@id\":\"https:\\\/\\\/quehacerpolitico.mx\\\/?p=89162#article\",\"isPartOf\":{\"@id\":\"https:\\\/\\\/quehacerpolitico.mx\\\/?p=89162\"},\"author\":{\"name\":\"Redacci\u00f3n QP\",\"@id\":\"https:\\\/\\\/quehacerpolitico.mx\\\/#\\\/schema\\\/person\\\/496d8ad2d1d3f8036101dca7ee39e585\"},\"headline\":\"Nadal gana en Australia y conquista su vig\u00e9simo primer Grand Slam\u00a0\",\"datePublished\":\"2022-01-30T16:00:21+00:00\",\"dateModified\":\"2022-01-30T16:00:24+00:00\",\"mainEntityOfPage\":{\"@id\":\"https:\\\/\\\/quehacerpolitico.mx\\\/?p=89162\"},\"wordCount\":333,\"commentCount\":0,\"image\":{\"@id\":\"https:\\\/\\\/quehacerpolitico.mx\\\/?p=89162#primaryimage\"},\"thumbnailUrl\":\"https:\\\/\\\/quehacerpolitico.mx\\\/wp-content\\\/uploads\\\/2022\\\/01\\\/68AAB5B2-B175-432E-905B-F5EB739864DF.jpeg\",\"articleSection\":[\"Deportes\"],\"inLanguage\":\"es\",\"potentialAction\":[{\"@type\":\"CommentAction\",\"name\":\"Comment\",\"target\":[\"https:\\\/\\\/quehacerpolitico.mx\\\/?p=89162#respond\"]}]},{\"@type\":\"WebPage\",\"@id\":\"https:\\\/\\\/quehacerpolitico.mx\\\/?p=89162\",\"url\":\"https:\\\/\\\/quehacerpolitico.mx\\\/?p=89162\",\"name\":\"Nadal gana en Australia y conquista su vig\u00e9simo primer Grand Slam\u00a0 -\",\"isPartOf\":{\"@id\":\"https:\\\/\\\/quehacerpolitico.mx\\\/#website\"},\"primaryImageOfPage\":{\"@id\":\"https:\\\/\\\/quehacerpolitico.mx\\\/?p=89162#primaryimage\"},\"image\":{\"@id\":\"https:\\\/\\\/quehacerpolitico.mx\\\/?p=89162#primaryimage\"},\"thumbnailUrl\":\"https:\\\/\\\/quehacerpolitico.mx\\\/wp-content\\\/uploads\\\/2022\\\/01\\\/68AAB5B2-B175-432E-905B-F5EB739864DF.jpeg\",\"datePublished\":\"2022-01-30T16:00:21+00:00\",\"dateModified\":\"2022-01-30T16:00:24+00:00\",\"author\":{\"@id\":\"https:\\\/\\\/quehacerpolitico.mx\\\/#\\\/schema\\\/person\\\/496d8ad2d1d3f8036101dca7ee39e585\"},\"breadcrumb\":{\"@id\":\"https:\\\/\\\/quehacerpolitico.mx\\\/?p=89162#breadcrumb\"},\"inLanguage\":\"es\",\"potentialAction\":[{\"@type\":\"ReadAction\",\"target\":[\"https:\\\/\\\/quehacerpolitico.mx\\\/?p=89162\"]}]},{\"@type\":\"ImageObject\",\"inLanguage\":\"es\",\"@id\":\"https:\\\/\\\/quehacerpolitico.mx\\\/?p=89162#primaryimage\",\"url\":\"https:\\\/\\\/quehacerpolitico.mx\\\/wp-content\\\/uploads\\\/2022\\\/01\\\/68AAB5B2-B175-432E-905B-F5EB739864DF.jpeg\",\"contentUrl\":\"https:\\\/\\\/quehacerpolitico.mx\\\/wp-content\\\/uploads\\\/2022\\\/01\\\/68AAB5B2-B175-432E-905B-F5EB739864DF.jpeg\",\"width\":2048,\"height\":1351},{\"@type\":\"BreadcrumbList\",\"@id\":\"https:\\\/\\\/quehacerpolitico.mx\\\/?p=89162#breadcrumb\",\"itemListElement\":[{\"@type\":\"ListItem\",\"position\":1,\"name\":\"Inicio\",\"item\":\"https:\\\/\\\/quehacerpolitico.mx\\\/\"},{\"@type\":\"ListItem\",\"position\":2,\"name\":\"Nadal gana en Australia y conquista su vig\u00e9simo primer Grand Slam\u00a0\"}]},{\"@type\":\"WebSite\",\"@id\":\"https:\\\/\\\/quehacerpolitico.mx\\\/#website\",\"url\":\"https:\\\/\\\/quehacerpolitico.mx\\\/\",\"name\":\"\",\"description\":\"\",\"potentialAction\":[{\"@type\":\"SearchAction\",\"target\":{\"@type\":\"EntryPoint\",\"urlTemplate\":\"https:\\\/\\\/quehacerpolitico.mx\\\/?s={search_term_string}\"},\"query-input\":{\"@type\":\"PropertyValueSpecification\",\"valueRequired\":true,\"valueName\":\"search_term_string\"}}],\"inLanguage\":\"es\"},{\"@type\":\"Person\",\"@id\":\"https:\\\/\\\/quehacerpolitico.mx\\\/#\\\/schema\\\/person\\\/496d8ad2d1d3f8036101dca7ee39e585\",\"name\":\"Redacci\u00f3n QP\",\"image\":{\"@type\":\"ImageObject\",\"inLanguage\":\"es\",\"@id\":\"https:\\\/\\\/secure.gravatar.com\\\/avatar\\\/c7164ed6fdec453195284ad24a5ae5b6e1eed2b848477fa2a4787ba9adf39a41?s=96&d=mm&r=g\",\"url\":\"https:\\\/\\\/secure.gravatar.com\\\/avatar\\\/c7164ed6fdec453195284ad24a5ae5b6e1eed2b848477fa2a4787ba9adf39a41?s=96&d=mm&r=g\",\"contentUrl\":\"https:\\\/\\\/secure.gravatar.com\\\/avatar\\\/c7164ed6fdec453195284ad24a5ae5b6e1eed2b848477fa2a4787ba9adf39a41?s=96&d=mm&r=g\",\"caption\":\"Redacci\u00f3n QP\"},\"url\":\"https:\\\/\\\/quehacerpolitico.mx\\\/?author=2\"}]}<\/script>\n<!-- \/ Yoast SEO plugin. -->","yoast_head_json":{"title":"Nadal gana en Australia y conquista su vig\u00e9simo primer Grand Slam\u00a0 -","robots":{"index":"index","follow":"follow","max-snippet":"max-snippet:-1","max-image-preview":"max-image-preview:large","max-video-preview":"max-video-preview:-1"},"canonical":"https:\/\/quehacerpolitico.mx\/?p=89162","og_locale":"es_MX","og_type":"article","og_title":"Nadal gana en Australia y conquista su vig\u00e9simo primer Grand Slam\u00a0 -","og_description":"Por Redacci\u00f3n QP Rafael Nadal se convierte a sus 35 a\u00f1os en el \u00fanico poseedor...","og_url":"https:\/\/quehacerpolitico.mx\/?p=89162","article_published_time":"2022-01-30T16:00:21+00:00","article_modified_time":"2022-01-30T16:00:24+00:00","og_image":[{"width":2048,"height":1351,"url":"https:\/\/quehacerpolitico.mx\/wp-content\/uploads\/2022\/01\/68AAB5B2-B175-432E-905B-F5EB739864DF.jpeg","type":"image\/jpeg"}],"author":"Redacci\u00f3n QP","twitter_card":"summary_large_image","twitter_misc":{"Escrito por":"Redacci\u00f3n QP","Tiempo de lectura":"2 minutos"},"schema":{"@context":"https:\/\/schema.org","@graph":[{"@type":"Article","@id":"https:\/\/quehacerpolitico.mx\/?p=89162#article","isPartOf":{"@id":"https:\/\/quehacerpolitico.mx\/?p=89162"},"author":{"name":"Redacci\u00f3n QP","@id":"https:\/\/quehacerpolitico.mx\/#\/schema\/person\/496d8ad2d1d3f8036101dca7ee39e585"},"headline":"Nadal gana en Australia y conquista su vig\u00e9simo primer Grand Slam\u00a0","datePublished":"2022-01-30T16:00:21+00:00","dateModified":"2022-01-30T16:00:24+00:00","mainEntityOfPage":{"@id":"https:\/\/quehacerpolitico.mx\/?p=89162"},"wordCount":333,"commentCount":0,"image":{"@id":"https:\/\/quehacerpolitico.mx\/?p=89162#primaryimage"},"thumbnailUrl":"https:\/\/quehacerpolitico.mx\/wp-content\/uploads\/2022\/01\/68AAB5B2-B175-432E-905B-F5EB739864DF.jpeg","articleSection":["Deportes"],"inLanguage":"es","potentialAction":[{"@type":"CommentAction","name":"Comment","target":["https:\/\/quehacerpolitico.mx\/?p=89162#respond"]}]},{"@type":"WebPage","@id":"https:\/\/quehacerpolitico.mx\/?p=89162","url":"https:\/\/quehacerpolitico.mx\/?p=89162","name":"Nadal gana en Australia y conquista su vig\u00e9simo primer Grand Slam\u00a0 -","isPartOf":{"@id":"https:\/\/quehacerpolitico.mx\/#website"},"primaryImageOfPage":{"@id":"https:\/\/quehacerpolitico.mx\/?p=89162#primaryimage"},"image":{"@id":"https:\/\/quehacerpolitico.mx\/?p=89162#primaryimage"},"thumbnailUrl":"https:\/\/quehacerpolitico.mx\/wp-content\/uploads\/2022\/01\/68AAB5B2-B175-432E-905B-F5EB739864DF.jpeg","datePublished":"2022-01-30T16:00:21+00:00","dateModified":"2022-01-30T16:00:24+00:00","author":{"@id":"https:\/\/quehacerpolitico.mx\/#\/schema\/person\/496d8ad2d1d3f8036101dca7ee39e585"},"breadcrumb":{"@id":"https:\/\/quehacerpolitico.mx\/?p=89162#breadcrumb"},"inLanguage":"es","potentialAction":[{"@type":"ReadAction","target":["https:\/\/quehacerpolitico.mx\/?p=89162"]}]},{"@type":"ImageObject","inLanguage":"es","@id":"https:\/\/quehacerpolitico.mx\/?p=89162#primaryimage","url":"https:\/\/quehacerpolitico.mx\/wp-content\/uploads\/2022\/01\/68AAB5B2-B175-432E-905B-F5EB739864DF.jpeg","contentUrl":"https:\/\/quehacerpolitico.mx\/wp-content\/uploads\/2022\/01\/68AAB5B2-B175-432E-905B-F5EB739864DF.jpeg","width":2048,"height":1351},{"@type":"BreadcrumbList","@id":"https:\/\/quehacerpolitico.mx\/?p=89162#breadcrumb","itemListElement":[{"@type":"ListItem","position":1,"name":"Inicio","item":"https:\/\/quehacerpolitico.mx\/"},{"@type":"ListItem","position":2,"name":"Nadal gana en Australia y conquista su vig\u00e9simo primer Grand Slam\u00a0"}]},{"@type":"WebSite","@id":"https:\/\/quehacerpolitico.mx\/#website","url":"https:\/\/quehacerpolitico.mx\/","name":"","description":"","potentialAction":[{"@type":"SearchAction","target":{"@type":"EntryPoint","urlTemplate":"https:\/\/quehacerpolitico.mx\/?s={search_term_string}"},"query-input":{"@type":"PropertyValueSpecification","valueRequired":true,"valueName":"search_term_string"}}],"inLanguage":"es"},{"@type":"Person","@id":"https:\/\/quehacerpolitico.mx\/#\/schema\/person\/496d8ad2d1d3f8036101dca7ee39e585","name":"Redacci\u00f3n QP","image":{"@type":"ImageObject","inLanguage":"es","@id":"https:\/\/secure.gravatar.com\/avatar\/c7164ed6fdec453195284ad24a5ae5b6e1eed2b848477fa2a4787ba9adf39a41?s=96&d=mm&r=g","url":"https:\/\/secure.gravatar.com\/avatar\/c7164ed6fdec453195284ad24a5ae5b6e1eed2b848477fa2a4787ba9adf39a41?s=96&d=mm&r=g","contentUrl":"https:\/\/secure.gravatar.com\/avatar\/c7164ed6fdec453195284ad24a5ae5b6e1eed2b848477fa2a4787ba9adf39a41?s=96&d=mm&r=g","caption":"Redacci\u00f3n QP"},"url":"https:\/\/quehacerpolitico.mx\/?author=2"}]}},"featured_image_urls":{"full":["https:\/\/quehacerpolitico.mx\/wp-content\/uploads\/2022\/01\/68AAB5B2-B175-432E-905B-F5EB739864DF.jpeg",2048,1351,false],"thumbnail":["https:\/\/quehacerpolitico.mx\/wp-content\/uploads\/2022\/01\/68AAB5B2-B175-432E-905B-F5EB739864DF-150x150.jpeg",150,150,true],"medium":["https:\/\/quehacerpolitico.mx\/wp-content\/uploads\/2022\/01\/68AAB5B2-B175-432E-905B-F5EB739864DF-300x198.jpeg",300,198,true],"medium_large":["https:\/\/quehacerpolitico.mx\/wp-content\/uploads\/2022\/01\/68AAB5B2-B175-432E-905B-F5EB739864DF-768x507.jpeg",640,423,true],"large":["https:\/\/quehacerpolitico.mx\/wp-content\/uploads\/2022\/01\/68AAB5B2-B175-432E-905B-F5EB739864DF-1024x676.jpeg",640,423,true],"1536x1536":["https:\/\/quehacerpolitico.mx\/wp-content\/uploads\/2022\/01\/68AAB5B2-B175-432E-905B-F5EB739864DF-1536x1013.jpeg",1536,1013,true],"2048x2048":["https:\/\/quehacerpolitico.mx\/wp-content\/uploads\/2022\/01\/68AAB5B2-B175-432E-905B-F5EB739864DF.jpeg",2048,1351,false],"covernews-featured":["https:\/\/quehacerpolitico.mx\/wp-content\/uploads\/2022\/01\/68AAB5B2-B175-432E-905B-F5EB739864DF.jpeg",1024,676,false],"covernews-medium":["https:\/\/quehacerpolitico.mx\/wp-content\/uploads\/2022\/01\/68AAB5B2-B175-432E-905B-F5EB739864DF.jpeg",515,340,false]},"author_info":{"display_name":"Redacci\u00f3n QP","author_link":"https:\/\/quehacerpolitico.mx\/?author=2"},"category_info":"<a href=\"https:\/\/quehacerpolitico.mx\/?cat=54\" rel=\"category\">Deportes<\/a>","tag_info":"Deportes","comment_count":"0","_links":{"self":[{"href":"https:\/\/quehacerpolitico.mx\/index.php?rest_route=\/wp\/v2\/posts\/89162","targetHints":{"allow":["GET"]}}],"collection":[{"href":"https:\/\/quehacerpolitico.mx\/index.php?rest_route=\/wp\/v2\/posts"}],"about":[{"href":"https:\/\/quehacerpolitico.mx\/index.php?rest_route=\/wp\/v2\/types\/post"}],"author":[{"embeddable":true,"href":"https:\/\/quehacerpolitico.mx\/index.php?rest_route=\/wp\/v2\/users\/2"}],"replies":[{"embeddable":true,"href":"https:\/\/quehacerpolitico.mx\/index.php?rest_route=%2Fwp%2Fv2%2Fcomments&post=89162"}],"version-history":[{"count":1,"href":"https:\/\/quehacerpolitico.mx\/index.php?rest_route=\/wp\/v2\/posts\/89162\/revisions"}],"predecessor-version":[{"id":89167,"href":"https:\/\/quehacerpolitico.mx\/index.php?rest_route=\/wp\/v2\/posts\/89162\/revisions\/89167"}],"wp:featuredmedia":[{"embeddable":true,"href":"https:\/\/quehacerpolitico.mx\/index.php?rest_route=\/wp\/v2\/media\/89166"}],"wp:attachment":[{"href":"https:\/\/quehacerpolitico.mx\/index.php?rest_route=%2Fwp%2Fv2%2Fmedia&parent=89162"}],"wp:term":[{"taxonomy":"category","embeddable":true,"href":"https:\/\/quehacerpolitico.mx\/index.php?rest_route=%2Fwp%2Fv2%2Fcategories&post=89162"},{"taxonomy":"post_tag","embeddable":true,"href":"https:\/\/quehacerpolitico.mx\/index.php?rest_route=%2Fwp%2Fv2%2Ftags&post=89162"}],"curies":[{"name":"wp","href":"https:\/\/api.w.org\/{rel}","templated":true}]}}