{"id":89159,"date":"2022-01-29T04:54:11","date_gmt":"2022-01-29T04:54:11","guid":{"rendered":"https:\/\/quehacerpolitico.mx\/?p=89159"},"modified":"2022-01-29T04:54:14","modified_gmt":"2022-01-29T04:54:14","slug":"detienen-a-el-viejon-integrante-del-cartel-del-pacifico-durante-cateo-en-la-gam","status":"publish","type":"post","link":"https:\/\/quehacerpolitico.mx\/?p=89159","title":{"rendered":"Detienen a \u2018El Viej\u00f3n\u2019, integrante del C\u00e1rtel del Pac\u00edfico, durante cateo en la GAM\u00a0"},"content":{"rendered":"\n<p>Por Redacci\u00f3n QP<\/p>\n\n\n\n<p>La Secretar\u00eda de Seguridad Ciudadana (SSC) report\u00f3 que tras un cateo en un inmueble de la alcald\u00eda Gustavo A. Madero, en la Ciudad de M\u00e9xico, se report\u00f3 la detenci\u00f3n de Mat\u00edas Alberto \u00c1lvarez Delgado, \u2018El Viej\u00f3n\u2019, presunto integrante del C\u00e1rtel del Pac\u00edfico<\/p>\n\n\n\n<ul class=\"wp-block-list\"><li>Las autoridades de la CDMX le decomisaron 42 kilos de coca\u00edna en tabiques<\/li><li>Manten\u00eda un inmueble en la calle Cienfuegos, colonia Lindavista, alcald\u00eda Gustavo A. Madero, como su centro de operaciones<\/li><\/ul>\n\n\n\n<p>La Secretar\u00eda de Seguridad Ciudadana (SSC) report\u00f3 que tras un cateo en un inmueble de la alcald\u00eda Gustavo A. Madero, en la Ciudad de M\u00e9xico (CDMX), se report\u00f3 la<strong>\u00a0detenci\u00f3n<\/strong>\u00a0de Mat\u00edas Alberto \u00c1lvarez Delgado, \u2018<strong>El Viej\u00f3n\u2019<\/strong>, presunto integrante del C\u00e1rtel del Pac\u00edfico.<\/p>\n\n\n\n<p>Las autoridades de la<strong>\u00a0CDMX<\/strong>\u00a0decomisaron 42 kilos de coca\u00edna en tabiques.<\/p>\n\n\n\n<p>Seg\u00fan las autoridades,&nbsp;<strong>\u2018El Viej\u00f3n\u2019<\/strong>&nbsp;se dedicaba al trasiego, almacenamiento y distribuci\u00f3n de coca\u00edna de Ecuador y Colombia.<\/p>\n\n\n\n<p>Manten\u00eda un inmueble en la calle Cienfuegos, colonia Lindavista, alcald\u00eda Gustavo A. Madero, como su centro de operaciones.<\/p>\n\n\n\n<p><em>Con informaci\u00f3n de la Secretar\u00eda de Seguridad Ciudadana<\/em><\/p>\n","protected":false},"excerpt":{"rendered":"<p>Por Redacci\u00f3n QP La Secretar\u00eda de Seguridad Ciudadana (SSC) report\u00f3 que tras un cateo en&#8230;<\/p>\n","protected":false},"author":2,"featured_media":89160,"comment_status":"open","ping_status":"open","sticky":false,"template":"","format":"standard","meta":{"_monsterinsights_skip_tracking":false,"_monsterinsights_sitenote_active":false,"_monsterinsights_sitenote_note":"","_monsterinsights_sitenote_category":0,"footnotes":""},"categories":[55],"tags":[],"class_list":["post-89159","post","type-post","status-publish","format-standard","has-post-thumbnail","hentry","category-cdmx"],"yoast_head":"<!-- This site is optimized with the Yoast SEO plugin v27.3 - https:\/\/yoast.com\/product\/yoast-seo-wordpress\/ -->\n<title>Detienen a \u2018El Viej\u00f3n\u2019, integrante del C\u00e1rtel del Pac\u00edfico, durante cateo en la GAM\u00a0 -<\/title>\n<meta name=\"robots\" content=\"index, follow, max-snippet:-1, max-image-preview:large, max-video-preview:-1\" \/>\n<link rel=\"canonical\" href=\"https:\/\/quehacerpolitico.mx\/?p=89159\" \/>\n<meta property=\"og:locale\" content=\"es_MX\" \/>\n<meta property=\"og:type\" content=\"article\" \/>\n<meta property=\"og:title\" content=\"Detienen a \u2018El Viej\u00f3n\u2019, integrante del C\u00e1rtel del Pac\u00edfico, durante cateo en la GAM\u00a0 -\" \/>\n<meta property=\"og:description\" content=\"Por Redacci\u00f3n QP La Secretar\u00eda de Seguridad Ciudadana (SSC) report\u00f3 que tras un cateo en...\" \/>\n<meta property=\"og:url\" content=\"https:\/\/quehacerpolitico.mx\/?p=89159\" \/>\n<meta property=\"article:published_time\" content=\"2022-01-29T04:54:11+00:00\" \/>\n<meta property=\"article:modified_time\" content=\"2022-01-29T04:54:14+00:00\" \/>\n<meta property=\"og:image\" content=\"https:\/\/quehacerpolitico.mx\/wp-content\/uploads\/2022\/01\/15D2DB56-0C7E-43DA-B453-4F2F4203162A.jpeg\" \/>\n\t<meta property=\"og:image:width\" content=\"1280\" \/>\n\t<meta property=\"og:image:height\" content=\"720\" \/>\n\t<meta property=\"og:image:type\" content=\"image\/jpeg\" \/>\n<meta name=\"author\" content=\"Redacci\u00f3n QP\" \/>\n<meta name=\"twitter:card\" content=\"summary_large_image\" \/>\n<meta name=\"twitter:label1\" content=\"Escrito por\" \/>\n\t<meta name=\"twitter:data1\" content=\"Redacci\u00f3n QP\" \/>\n\t<meta name=\"twitter:label2\" content=\"Tiempo de lectura\" \/>\n\t<meta name=\"twitter:data2\" content=\"1 minuto\" \/>\n<script type=\"application\/ld+json\" class=\"yoast-schema-graph\">{\"@context\":\"https:\\\/\\\/schema.org\",\"@graph\":[{\"@type\":\"Article\",\"@id\":\"https:\\\/\\\/quehacerpolitico.mx\\\/?p=89159#article\",\"isPartOf\":{\"@id\":\"https:\\\/\\\/quehacerpolitico.mx\\\/?p=89159\"},\"author\":{\"name\":\"Redacci\u00f3n QP\",\"@id\":\"https:\\\/\\\/quehacerpolitico.mx\\\/#\\\/schema\\\/person\\\/496d8ad2d1d3f8036101dca7ee39e585\"},\"headline\":\"Detienen a \u2018El Viej\u00f3n\u2019, integrante del C\u00e1rtel del Pac\u00edfico, durante cateo en la GAM\u00a0\",\"datePublished\":\"2022-01-29T04:54:11+00:00\",\"dateModified\":\"2022-01-29T04:54:14+00:00\",\"mainEntityOfPage\":{\"@id\":\"https:\\\/\\\/quehacerpolitico.mx\\\/?p=89159\"},\"wordCount\":221,\"commentCount\":0,\"image\":{\"@id\":\"https:\\\/\\\/quehacerpolitico.mx\\\/?p=89159#primaryimage\"},\"thumbnailUrl\":\"https:\\\/\\\/quehacerpolitico.mx\\\/wp-content\\\/uploads\\\/2022\\\/01\\\/15D2DB56-0C7E-43DA-B453-4F2F4203162A.jpeg\",\"articleSection\":[\"CDMX\"],\"inLanguage\":\"es\",\"potentialAction\":[{\"@type\":\"CommentAction\",\"name\":\"Comment\",\"target\":[\"https:\\\/\\\/quehacerpolitico.mx\\\/?p=89159#respond\"]}]},{\"@type\":\"WebPage\",\"@id\":\"https:\\\/\\\/quehacerpolitico.mx\\\/?p=89159\",\"url\":\"https:\\\/\\\/quehacerpolitico.mx\\\/?p=89159\",\"name\":\"Detienen a \u2018El Viej\u00f3n\u2019, integrante del C\u00e1rtel del Pac\u00edfico, durante cateo en la GAM\u00a0 -\",\"isPartOf\":{\"@id\":\"https:\\\/\\\/quehacerpolitico.mx\\\/#website\"},\"primaryImageOfPage\":{\"@id\":\"https:\\\/\\\/quehacerpolitico.mx\\\/?p=89159#primaryimage\"},\"image\":{\"@id\":\"https:\\\/\\\/quehacerpolitico.mx\\\/?p=89159#primaryimage\"},\"thumbnailUrl\":\"https:\\\/\\\/quehacerpolitico.mx\\\/wp-content\\\/uploads\\\/2022\\\/01\\\/15D2DB56-0C7E-43DA-B453-4F2F4203162A.jpeg\",\"datePublished\":\"2022-01-29T04:54:11+00:00\",\"dateModified\":\"2022-01-29T04:54:14+00:00\",\"author\":{\"@id\":\"https:\\\/\\\/quehacerpolitico.mx\\\/#\\\/schema\\\/person\\\/496d8ad2d1d3f8036101dca7ee39e585\"},\"breadcrumb\":{\"@id\":\"https:\\\/\\\/quehacerpolitico.mx\\\/?p=89159#breadcrumb\"},\"inLanguage\":\"es\",\"potentialAction\":[{\"@type\":\"ReadAction\",\"target\":[\"https:\\\/\\\/quehacerpolitico.mx\\\/?p=89159\"]}]},{\"@type\":\"ImageObject\",\"inLanguage\":\"es\",\"@id\":\"https:\\\/\\\/quehacerpolitico.mx\\\/?p=89159#primaryimage\",\"url\":\"https:\\\/\\\/quehacerpolitico.mx\\\/wp-content\\\/uploads\\\/2022\\\/01\\\/15D2DB56-0C7E-43DA-B453-4F2F4203162A.jpeg\",\"contentUrl\":\"https:\\\/\\\/quehacerpolitico.mx\\\/wp-content\\\/uploads\\\/2022\\\/01\\\/15D2DB56-0C7E-43DA-B453-4F2F4203162A.jpeg\",\"width\":1280,\"height\":720},{\"@type\":\"BreadcrumbList\",\"@id\":\"https:\\\/\\\/quehacerpolitico.mx\\\/?p=89159#breadcrumb\",\"itemListElement\":[{\"@type\":\"ListItem\",\"position\":1,\"name\":\"Inicio\",\"item\":\"https:\\\/\\\/quehacerpolitico.mx\\\/\"},{\"@type\":\"ListItem\",\"position\":2,\"name\":\"Detienen a \u2018El Viej\u00f3n\u2019, integrante del C\u00e1rtel del Pac\u00edfico, durante cateo en la GAM\u00a0\"}]},{\"@type\":\"WebSite\",\"@id\":\"https:\\\/\\\/quehacerpolitico.mx\\\/#website\",\"url\":\"https:\\\/\\\/quehacerpolitico.mx\\\/\",\"name\":\"\",\"description\":\"\",\"potentialAction\":[{\"@type\":\"SearchAction\",\"target\":{\"@type\":\"EntryPoint\",\"urlTemplate\":\"https:\\\/\\\/quehacerpolitico.mx\\\/?s={search_term_string}\"},\"query-input\":{\"@type\":\"PropertyValueSpecification\",\"valueRequired\":true,\"valueName\":\"search_term_string\"}}],\"inLanguage\":\"es\"},{\"@type\":\"Person\",\"@id\":\"https:\\\/\\\/quehacerpolitico.mx\\\/#\\\/schema\\\/person\\\/496d8ad2d1d3f8036101dca7ee39e585\",\"name\":\"Redacci\u00f3n QP\",\"image\":{\"@type\":\"ImageObject\",\"inLanguage\":\"es\",\"@id\":\"https:\\\/\\\/secure.gravatar.com\\\/avatar\\\/c7164ed6fdec453195284ad24a5ae5b6e1eed2b848477fa2a4787ba9adf39a41?s=96&d=mm&r=g\",\"url\":\"https:\\\/\\\/secure.gravatar.com\\\/avatar\\\/c7164ed6fdec453195284ad24a5ae5b6e1eed2b848477fa2a4787ba9adf39a41?s=96&d=mm&r=g\",\"contentUrl\":\"https:\\\/\\\/secure.gravatar.com\\\/avatar\\\/c7164ed6fdec453195284ad24a5ae5b6e1eed2b848477fa2a4787ba9adf39a41?s=96&d=mm&r=g\",\"caption\":\"Redacci\u00f3n QP\"},\"url\":\"https:\\\/\\\/quehacerpolitico.mx\\\/?author=2\"}]}<\/script>\n<!-- \/ Yoast SEO plugin. -->","yoast_head_json":{"title":"Detienen a \u2018El Viej\u00f3n\u2019, integrante del C\u00e1rtel del Pac\u00edfico, durante cateo en la GAM\u00a0 -","robots":{"index":"index","follow":"follow","max-snippet":"max-snippet:-1","max-image-preview":"max-image-preview:large","max-video-preview":"max-video-preview:-1"},"canonical":"https:\/\/quehacerpolitico.mx\/?p=89159","og_locale":"es_MX","og_type":"article","og_title":"Detienen a \u2018El Viej\u00f3n\u2019, integrante del C\u00e1rtel del Pac\u00edfico, durante cateo en la GAM\u00a0 -","og_description":"Por Redacci\u00f3n QP La Secretar\u00eda de Seguridad Ciudadana (SSC) report\u00f3 que tras un cateo en...","og_url":"https:\/\/quehacerpolitico.mx\/?p=89159","article_published_time":"2022-01-29T04:54:11+00:00","article_modified_time":"2022-01-29T04:54:14+00:00","og_image":[{"width":1280,"height":720,"url":"https:\/\/quehacerpolitico.mx\/wp-content\/uploads\/2022\/01\/15D2DB56-0C7E-43DA-B453-4F2F4203162A.jpeg","type":"image\/jpeg"}],"author":"Redacci\u00f3n QP","twitter_card":"summary_large_image","twitter_misc":{"Escrito por":"Redacci\u00f3n QP","Tiempo de lectura":"1 minuto"},"schema":{"@context":"https:\/\/schema.org","@graph":[{"@type":"Article","@id":"https:\/\/quehacerpolitico.mx\/?p=89159#article","isPartOf":{"@id":"https:\/\/quehacerpolitico.mx\/?p=89159"},"author":{"name":"Redacci\u00f3n QP","@id":"https:\/\/quehacerpolitico.mx\/#\/schema\/person\/496d8ad2d1d3f8036101dca7ee39e585"},"headline":"Detienen a \u2018El Viej\u00f3n\u2019, integrante del C\u00e1rtel del Pac\u00edfico, durante cateo en la GAM\u00a0","datePublished":"2022-01-29T04:54:11+00:00","dateModified":"2022-01-29T04:54:14+00:00","mainEntityOfPage":{"@id":"https:\/\/quehacerpolitico.mx\/?p=89159"},"wordCount":221,"commentCount":0,"image":{"@id":"https:\/\/quehacerpolitico.mx\/?p=89159#primaryimage"},"thumbnailUrl":"https:\/\/quehacerpolitico.mx\/wp-content\/uploads\/2022\/01\/15D2DB56-0C7E-43DA-B453-4F2F4203162A.jpeg","articleSection":["CDMX"],"inLanguage":"es","potentialAction":[{"@type":"CommentAction","name":"Comment","target":["https:\/\/quehacerpolitico.mx\/?p=89159#respond"]}]},{"@type":"WebPage","@id":"https:\/\/quehacerpolitico.mx\/?p=89159","url":"https:\/\/quehacerpolitico.mx\/?p=89159","name":"Detienen a \u2018El Viej\u00f3n\u2019, integrante del C\u00e1rtel del Pac\u00edfico, durante cateo en la GAM\u00a0 -","isPartOf":{"@id":"https:\/\/quehacerpolitico.mx\/#website"},"primaryImageOfPage":{"@id":"https:\/\/quehacerpolitico.mx\/?p=89159#primaryimage"},"image":{"@id":"https:\/\/quehacerpolitico.mx\/?p=89159#primaryimage"},"thumbnailUrl":"https:\/\/quehacerpolitico.mx\/wp-content\/uploads\/2022\/01\/15D2DB56-0C7E-43DA-B453-4F2F4203162A.jpeg","datePublished":"2022-01-29T04:54:11+00:00","dateModified":"2022-01-29T04:54:14+00:00","author":{"@id":"https:\/\/quehacerpolitico.mx\/#\/schema\/person\/496d8ad2d1d3f8036101dca7ee39e585"},"breadcrumb":{"@id":"https:\/\/quehacerpolitico.mx\/?p=89159#breadcrumb"},"inLanguage":"es","potentialAction":[{"@type":"ReadAction","target":["https:\/\/quehacerpolitico.mx\/?p=89159"]}]},{"@type":"ImageObject","inLanguage":"es","@id":"https:\/\/quehacerpolitico.mx\/?p=89159#primaryimage","url":"https:\/\/quehacerpolitico.mx\/wp-content\/uploads\/2022\/01\/15D2DB56-0C7E-43DA-B453-4F2F4203162A.jpeg","contentUrl":"https:\/\/quehacerpolitico.mx\/wp-content\/uploads\/2022\/01\/15D2DB56-0C7E-43DA-B453-4F2F4203162A.jpeg","width":1280,"height":720},{"@type":"BreadcrumbList","@id":"https:\/\/quehacerpolitico.mx\/?p=89159#breadcrumb","itemListElement":[{"@type":"ListItem","position":1,"name":"Inicio","item":"https:\/\/quehacerpolitico.mx\/"},{"@type":"ListItem","position":2,"name":"Detienen a \u2018El Viej\u00f3n\u2019, integrante del C\u00e1rtel del Pac\u00edfico, durante cateo en la GAM\u00a0"}]},{"@type":"WebSite","@id":"https:\/\/quehacerpolitico.mx\/#website","url":"https:\/\/quehacerpolitico.mx\/","name":"","description":"","potentialAction":[{"@type":"SearchAction","target":{"@type":"EntryPoint","urlTemplate":"https:\/\/quehacerpolitico.mx\/?s={search_term_string}"},"query-input":{"@type":"PropertyValueSpecification","valueRequired":true,"valueName":"search_term_string"}}],"inLanguage":"es"},{"@type":"Person","@id":"https:\/\/quehacerpolitico.mx\/#\/schema\/person\/496d8ad2d1d3f8036101dca7ee39e585","name":"Redacci\u00f3n QP","image":{"@type":"ImageObject","inLanguage":"es","@id":"https:\/\/secure.gravatar.com\/avatar\/c7164ed6fdec453195284ad24a5ae5b6e1eed2b848477fa2a4787ba9adf39a41?s=96&d=mm&r=g","url":"https:\/\/secure.gravatar.com\/avatar\/c7164ed6fdec453195284ad24a5ae5b6e1eed2b848477fa2a4787ba9adf39a41?s=96&d=mm&r=g","contentUrl":"https:\/\/secure.gravatar.com\/avatar\/c7164ed6fdec453195284ad24a5ae5b6e1eed2b848477fa2a4787ba9adf39a41?s=96&d=mm&r=g","caption":"Redacci\u00f3n QP"},"url":"https:\/\/quehacerpolitico.mx\/?author=2"}]}},"featured_image_urls":{"full":["https:\/\/quehacerpolitico.mx\/wp-content\/uploads\/2022\/01\/15D2DB56-0C7E-43DA-B453-4F2F4203162A.jpeg",1280,720,false],"thumbnail":["https:\/\/quehacerpolitico.mx\/wp-content\/uploads\/2022\/01\/15D2DB56-0C7E-43DA-B453-4F2F4203162A-150x150.jpeg",150,150,true],"medium":["https:\/\/quehacerpolitico.mx\/wp-content\/uploads\/2022\/01\/15D2DB56-0C7E-43DA-B453-4F2F4203162A-300x169.jpeg",300,169,true],"medium_large":["https:\/\/quehacerpolitico.mx\/wp-content\/uploads\/2022\/01\/15D2DB56-0C7E-43DA-B453-4F2F4203162A-768x432.jpeg",640,360,true],"large":["https:\/\/quehacerpolitico.mx\/wp-content\/uploads\/2022\/01\/15D2DB56-0C7E-43DA-B453-4F2F4203162A-1024x576.jpeg",640,360,true],"1536x1536":["https:\/\/quehacerpolitico.mx\/wp-content\/uploads\/2022\/01\/15D2DB56-0C7E-43DA-B453-4F2F4203162A.jpeg",1280,720,false],"2048x2048":["https:\/\/quehacerpolitico.mx\/wp-content\/uploads\/2022\/01\/15D2DB56-0C7E-43DA-B453-4F2F4203162A.jpeg",1280,720,false],"covernews-featured":["https:\/\/quehacerpolitico.mx\/wp-content\/uploads\/2022\/01\/15D2DB56-0C7E-43DA-B453-4F2F4203162A.jpeg",1024,576,false],"covernews-medium":["https:\/\/quehacerpolitico.mx\/wp-content\/uploads\/2022\/01\/15D2DB56-0C7E-43DA-B453-4F2F4203162A.jpeg",540,304,false]},"author_info":{"display_name":"Redacci\u00f3n QP","author_link":"https:\/\/quehacerpolitico.mx\/?author=2"},"category_info":"<a href=\"https:\/\/quehacerpolitico.mx\/?cat=55\" rel=\"category\">CDMX<\/a>","tag_info":"CDMX","comment_count":"0","_links":{"self":[{"href":"https:\/\/quehacerpolitico.mx\/index.php?rest_route=\/wp\/v2\/posts\/89159","targetHints":{"allow":["GET"]}}],"collection":[{"href":"https:\/\/quehacerpolitico.mx\/index.php?rest_route=\/wp\/v2\/posts"}],"about":[{"href":"https:\/\/quehacerpolitico.mx\/index.php?rest_route=\/wp\/v2\/types\/post"}],"author":[{"embeddable":true,"href":"https:\/\/quehacerpolitico.mx\/index.php?rest_route=\/wp\/v2\/users\/2"}],"replies":[{"embeddable":true,"href":"https:\/\/quehacerpolitico.mx\/index.php?rest_route=%2Fwp%2Fv2%2Fcomments&post=89159"}],"version-history":[{"count":1,"href":"https:\/\/quehacerpolitico.mx\/index.php?rest_route=\/wp\/v2\/posts\/89159\/revisions"}],"predecessor-version":[{"id":89161,"href":"https:\/\/quehacerpolitico.mx\/index.php?rest_route=\/wp\/v2\/posts\/89159\/revisions\/89161"}],"wp:featuredmedia":[{"embeddable":true,"href":"https:\/\/quehacerpolitico.mx\/index.php?rest_route=\/wp\/v2\/media\/89160"}],"wp:attachment":[{"href":"https:\/\/quehacerpolitico.mx\/index.php?rest_route=%2Fwp%2Fv2%2Fmedia&parent=89159"}],"wp:term":[{"taxonomy":"category","embeddable":true,"href":"https:\/\/quehacerpolitico.mx\/index.php?rest_route=%2Fwp%2Fv2%2Fcategories&post=89159"},{"taxonomy":"post_tag","embeddable":true,"href":"https:\/\/quehacerpolitico.mx\/index.php?rest_route=%2Fwp%2Fv2%2Ftags&post=89159"}],"curies":[{"name":"wp","href":"https:\/\/api.w.org\/{rel}","templated":true}]}}