{"id":89156,"date":"2022-01-29T04:33:24","date_gmt":"2022-01-29T04:33:24","guid":{"rendered":"https:\/\/quehacerpolitico.mx\/?p=89156"},"modified":"2022-01-29T04:33:27","modified_gmt":"2022-01-29T04:33:27","slug":"xochitl-galvez-denuncia-ante-fgr-la-tala-de-20-mil-arboles-por-la-obra-de-tren-maya","status":"publish","type":"post","link":"https:\/\/quehacerpolitico.mx\/?p=89156","title":{"rendered":"X\u00f3chitl G\u00e1lvez denuncia ante FGR la tala de 20 mil \u00e1rboles por la obra\u00a0de Tren Maya"},"content":{"rendered":"\n<p>Por Redacci\u00f3n QP<\/p>\n\n\n\n<p>&#8220;Este ecocidio no debe quedar impune&#8221;, dice la senadora\u00a0X\u00f3chitl G\u00e1lvez ante la tala de m\u00e1s de 20 mil \u00e1rboles en la construcci\u00f3n del\u00a0Tren Maya<\/p>\n\n\n\n<p><strong>X\u00f3chitl G\u00e1lvez<\/strong>, senadora de Acci\u00f3n Nacional, present\u00f3 dos denuncias, una ante la Fiscal\u00eda General de la Rep\u00fablica (FGR) y otra ante la Secretar\u00eda de la Funci\u00f3n P\u00fablica (SFP), para que se investigue y en su caso se castigue a los responsables de la&nbsp;<strong>remoci\u00f3n de cerca de 20 mil \u00e1rboles para la construcci\u00f3n del Tren Maya<\/strong>.<\/p>\n\n\n\n<p>&#8220;Es inaceptable que se hayan removido, talado o replantado m\u00e1s de 20 mil sujetos forestales y resulte que, debido al cambio de trazo, el Tren Maya no pase por ah\u00ed. Es consecuencia de una improvisaci\u00f3n&#8221;, asegur\u00f3.<\/p>\n\n\n\n<figure class=\"wp-block-embed is-type-rich is-provider-twitter wp-block-embed-twitter\"><div class=\"wp-block-embed__wrapper\">\n<blockquote class=\"twitter-tweet\" data-width=\"550\" data-dnt=\"true\"><p lang=\"es\" dir=\"ltr\">Imperdonable la remoci\u00f3n o tala de 20 mil \u00e1rboles \ud83c\udf33 para la construcci\u00f3n del <a href=\"https:\/\/twitter.com\/hashtag\/TrenMaya?src=hash&amp;ref_src=twsrc%5Etfw\">#TrenMaya<\/a> \ud83d\ude82.<br><br>\u00bfLo peor? No pasar\u00e1 por ah\u00ed, cambiaron el trazo. <br><br>Present\u00e9 denuncias ante la <a href=\"https:\/\/twitter.com\/FGRMexico?ref_src=twsrc%5Etfw\">@FGRMexico<\/a> y la <a href=\"https:\/\/twitter.com\/SFP_mx?ref_src=twsrc%5Etfw\">@SFP_mx<\/a> para que investiguen y en su caso castiguen a los responsables.<br><br>\u00a1Basta de impunidad! <a href=\"https:\/\/t.co\/uj9AxBMzfS\">pic.twitter.com\/uj9AxBMzfS<\/a><\/p>&mdash; X\u00f3chitl G\u00e1lvez Ruiz (@XochitlGalvez) <a href=\"https:\/\/twitter.com\/XochitlGalvez\/status\/1487115921315532805?ref_src=twsrc%5Etfw\">January 28, 2022<\/a><\/blockquote><script async src=\"https:\/\/platform.twitter.com\/widgets.js\" charset=\"utf-8\"><\/script>\n<\/div><\/figure>\n\n\n\n<p>Se\u00f1al\u00f3 que el tema es de extrema gravedad, no s\u00f3lo por el da\u00f1o ambiental que representa la remoci\u00f3n de 20 mil \u00e1rboles, sino tambi\u00e9n porque<strong>\u00a0la tala o remoci\u00f3n no fue autorizada por la Manifestaci\u00f3n de Impacto Ambiental<\/strong>\u00a0(MIA) de noviembre de 2020 ni contemplada como &#8220;p\u00e9rdida forestal&#8221; en la informaci\u00f3n que ofrece Fondo Nacional de Fomento al Turismo (Fonatur) en su portal de internet.<\/p>\n\n\n\n<p>Los servicios de remoci\u00f3n, a\u00f1adi\u00f3, no debieron haberse contratado ni pagado si no se contaba con la MIA, como lo establecen la Ley de Obras P\u00fablicas y la Ley General del Equilibrio Ecol\u00f3gico.<\/p>\n\n\n\n<p>La legisladora lament\u00f3 que Fonatur haya intentado aclarar que los 20 mil \u00e1rboles que se encontraban en el camell\u00f3n de la carretera federal 307, Canc\u00fan-Tulum, no hayan sido talados, sino rescatados y trasplantados en diversos lugares de Playa del Carmen, Puerto Morelos y Canc\u00fan.<\/p>\n\n\n\n<p>&#8220;Como prueba presentaron un video, el cual&nbsp;<strong>no muestra que alg\u00fan \u00e1rbol se haya embancado<\/strong>. Incluso, algunos, por su tama\u00f1o, debieron tener al menos dos metros c\u00fabicos de tierra, pero quedaron expuestos sin protecci\u00f3n&#8221;, advirti\u00f3.<\/p>\n\n\n\n<h2 class=\"wp-block-heading\" id=\"xochitl-galvez-hace-hincapie-en-la-ley\"><strong>X\u00f3chitl G\u00e1lvez hace hincapi\u00e9 en la ley<\/strong><\/h2>\n\n\n\n<p>G\u00e1lvez record\u00f3 que la Ley General de Responsabilidades Administrativas sanciona como desv\u00edo de recursos cuando estos se utilizan sin fundamento jur\u00eddico o en violaci\u00f3n de leyes aplicables.<\/p>\n\n\n\n<p>Mientras que<strong>&nbsp;el art\u00edculo 214 del C\u00f3digo Penal Federal castiga hasta de dos a siete a\u00f1os de prisi\u00f3n cuando se da\u00f1an los lugares que un servidor p\u00fablico tiene a su cuidado<\/strong>, en tanto, dijo, el art\u00edculo el art\u00edculo 418 sanciona con prisi\u00f3n de seis meses a nueve a\u00f1os a quien il\u00edcitamente corte, arranque, derribe o tale alg\u00fan o algunos \u00e1rboles.<\/p>\n\n\n\n<p>&#8220;Es necesario que tanto la Fiscal\u00eda como la Secretar\u00eda de la Funci\u00f3n P\u00fablica realicen las investigaciones correspondientes y sancionen a los responsables por este da\u00f1o irreversible.\u00a0<strong>Este ecocidio no debe quedar impune<\/strong>&#8220;, afirm\u00f3.<\/p>\n\n\n\n<p>Con informaci\u00f3n de SUN<\/p>\n","protected":false},"excerpt":{"rendered":"<p>Por Redacci\u00f3n QP &#8220;Este ecocidio no debe quedar impune&#8221;, dice la senadora\u00a0X\u00f3chitl G\u00e1lvez ante la&#8230;<\/p>\n","protected":false},"author":2,"featured_media":89157,"comment_status":"open","ping_status":"open","sticky":false,"template":"","format":"standard","meta":{"_monsterinsights_skip_tracking":false,"_monsterinsights_sitenote_active":false,"_monsterinsights_sitenote_note":"","_monsterinsights_sitenote_category":0,"footnotes":""},"categories":[2],"tags":[],"class_list":["post-89156","post","type-post","status-publish","format-standard","has-post-thumbnail","hentry","category-noticias"],"yoast_head":"<!-- This site is optimized with the Yoast SEO plugin v27.3 - https:\/\/yoast.com\/product\/yoast-seo-wordpress\/ -->\n<title>X\u00f3chitl G\u00e1lvez denuncia ante FGR la tala de 20 mil \u00e1rboles por la obra\u00a0de Tren Maya -<\/title>\n<meta name=\"robots\" content=\"index, follow, max-snippet:-1, max-image-preview:large, max-video-preview:-1\" \/>\n<link rel=\"canonical\" href=\"https:\/\/quehacerpolitico.mx\/?p=89156\" \/>\n<meta property=\"og:locale\" content=\"es_MX\" \/>\n<meta property=\"og:type\" content=\"article\" \/>\n<meta property=\"og:title\" content=\"X\u00f3chitl G\u00e1lvez denuncia ante FGR la tala de 20 mil \u00e1rboles por la obra\u00a0de Tren Maya -\" \/>\n<meta property=\"og:description\" content=\"Por Redacci\u00f3n QP &#8220;Este ecocidio no debe quedar impune&#8221;, dice la senadora\u00a0X\u00f3chitl G\u00e1lvez ante la...\" \/>\n<meta property=\"og:url\" content=\"https:\/\/quehacerpolitico.mx\/?p=89156\" \/>\n<meta property=\"article:published_time\" content=\"2022-01-29T04:33:24+00:00\" \/>\n<meta property=\"article:modified_time\" content=\"2022-01-29T04:33:27+00:00\" \/>\n<meta property=\"og:image\" content=\"https:\/\/quehacerpolitico.mx\/wp-content\/uploads\/2022\/01\/6741ABFA-0272-4B76-B2FE-1CE2A0796A7D.jpeg\" \/>\n\t<meta property=\"og:image:width\" content=\"1284\" \/>\n\t<meta property=\"og:image:height\" content=\"697\" \/>\n\t<meta property=\"og:image:type\" content=\"image\/jpeg\" \/>\n<meta name=\"author\" content=\"Redacci\u00f3n QP\" \/>\n<meta name=\"twitter:card\" content=\"summary_large_image\" \/>\n<meta name=\"twitter:label1\" content=\"Escrito por\" \/>\n\t<meta name=\"twitter:data1\" content=\"Redacci\u00f3n QP\" \/>\n\t<meta name=\"twitter:label2\" content=\"Tiempo de lectura\" \/>\n\t<meta name=\"twitter:data2\" content=\"2 minutos\" \/>\n<script type=\"application\/ld+json\" class=\"yoast-schema-graph\">{\"@context\":\"https:\\\/\\\/schema.org\",\"@graph\":[{\"@type\":\"Article\",\"@id\":\"https:\\\/\\\/quehacerpolitico.mx\\\/?p=89156#article\",\"isPartOf\":{\"@id\":\"https:\\\/\\\/quehacerpolitico.mx\\\/?p=89156\"},\"author\":{\"name\":\"Redacci\u00f3n QP\",\"@id\":\"https:\\\/\\\/quehacerpolitico.mx\\\/#\\\/schema\\\/person\\\/496d8ad2d1d3f8036101dca7ee39e585\"},\"headline\":\"X\u00f3chitl G\u00e1lvez denuncia ante FGR la tala de 20 mil \u00e1rboles por la obra\u00a0de Tren Maya\",\"datePublished\":\"2022-01-29T04:33:24+00:00\",\"dateModified\":\"2022-01-29T04:33:27+00:00\",\"mainEntityOfPage\":{\"@id\":\"https:\\\/\\\/quehacerpolitico.mx\\\/?p=89156\"},\"wordCount\":508,\"commentCount\":0,\"image\":{\"@id\":\"https:\\\/\\\/quehacerpolitico.mx\\\/?p=89156#primaryimage\"},\"thumbnailUrl\":\"https:\\\/\\\/quehacerpolitico.mx\\\/wp-content\\\/uploads\\\/2022\\\/01\\\/6741ABFA-0272-4B76-B2FE-1CE2A0796A7D.jpeg\",\"articleSection\":[\"Noticias\"],\"inLanguage\":\"es\",\"potentialAction\":[{\"@type\":\"CommentAction\",\"name\":\"Comment\",\"target\":[\"https:\\\/\\\/quehacerpolitico.mx\\\/?p=89156#respond\"]}]},{\"@type\":\"WebPage\",\"@id\":\"https:\\\/\\\/quehacerpolitico.mx\\\/?p=89156\",\"url\":\"https:\\\/\\\/quehacerpolitico.mx\\\/?p=89156\",\"name\":\"X\u00f3chitl G\u00e1lvez denuncia ante FGR la tala de 20 mil \u00e1rboles por la obra\u00a0de Tren Maya -\",\"isPartOf\":{\"@id\":\"https:\\\/\\\/quehacerpolitico.mx\\\/#website\"},\"primaryImageOfPage\":{\"@id\":\"https:\\\/\\\/quehacerpolitico.mx\\\/?p=89156#primaryimage\"},\"image\":{\"@id\":\"https:\\\/\\\/quehacerpolitico.mx\\\/?p=89156#primaryimage\"},\"thumbnailUrl\":\"https:\\\/\\\/quehacerpolitico.mx\\\/wp-content\\\/uploads\\\/2022\\\/01\\\/6741ABFA-0272-4B76-B2FE-1CE2A0796A7D.jpeg\",\"datePublished\":\"2022-01-29T04:33:24+00:00\",\"dateModified\":\"2022-01-29T04:33:27+00:00\",\"author\":{\"@id\":\"https:\\\/\\\/quehacerpolitico.mx\\\/#\\\/schema\\\/person\\\/496d8ad2d1d3f8036101dca7ee39e585\"},\"breadcrumb\":{\"@id\":\"https:\\\/\\\/quehacerpolitico.mx\\\/?p=89156#breadcrumb\"},\"inLanguage\":\"es\",\"potentialAction\":[{\"@type\":\"ReadAction\",\"target\":[\"https:\\\/\\\/quehacerpolitico.mx\\\/?p=89156\"]}]},{\"@type\":\"ImageObject\",\"inLanguage\":\"es\",\"@id\":\"https:\\\/\\\/quehacerpolitico.mx\\\/?p=89156#primaryimage\",\"url\":\"https:\\\/\\\/quehacerpolitico.mx\\\/wp-content\\\/uploads\\\/2022\\\/01\\\/6741ABFA-0272-4B76-B2FE-1CE2A0796A7D.jpeg\",\"contentUrl\":\"https:\\\/\\\/quehacerpolitico.mx\\\/wp-content\\\/uploads\\\/2022\\\/01\\\/6741ABFA-0272-4B76-B2FE-1CE2A0796A7D.jpeg\",\"width\":1284,\"height\":697},{\"@type\":\"BreadcrumbList\",\"@id\":\"https:\\\/\\\/quehacerpolitico.mx\\\/?p=89156#breadcrumb\",\"itemListElement\":[{\"@type\":\"ListItem\",\"position\":1,\"name\":\"Inicio\",\"item\":\"https:\\\/\\\/quehacerpolitico.mx\\\/\"},{\"@type\":\"ListItem\",\"position\":2,\"name\":\"X\u00f3chitl G\u00e1lvez denuncia ante FGR la tala de 20 mil \u00e1rboles por la obra\u00a0de Tren Maya\"}]},{\"@type\":\"WebSite\",\"@id\":\"https:\\\/\\\/quehacerpolitico.mx\\\/#website\",\"url\":\"https:\\\/\\\/quehacerpolitico.mx\\\/\",\"name\":\"\",\"description\":\"\",\"potentialAction\":[{\"@type\":\"SearchAction\",\"target\":{\"@type\":\"EntryPoint\",\"urlTemplate\":\"https:\\\/\\\/quehacerpolitico.mx\\\/?s={search_term_string}\"},\"query-input\":{\"@type\":\"PropertyValueSpecification\",\"valueRequired\":true,\"valueName\":\"search_term_string\"}}],\"inLanguage\":\"es\"},{\"@type\":\"Person\",\"@id\":\"https:\\\/\\\/quehacerpolitico.mx\\\/#\\\/schema\\\/person\\\/496d8ad2d1d3f8036101dca7ee39e585\",\"name\":\"Redacci\u00f3n QP\",\"image\":{\"@type\":\"ImageObject\",\"inLanguage\":\"es\",\"@id\":\"https:\\\/\\\/secure.gravatar.com\\\/avatar\\\/c7164ed6fdec453195284ad24a5ae5b6e1eed2b848477fa2a4787ba9adf39a41?s=96&d=mm&r=g\",\"url\":\"https:\\\/\\\/secure.gravatar.com\\\/avatar\\\/c7164ed6fdec453195284ad24a5ae5b6e1eed2b848477fa2a4787ba9adf39a41?s=96&d=mm&r=g\",\"contentUrl\":\"https:\\\/\\\/secure.gravatar.com\\\/avatar\\\/c7164ed6fdec453195284ad24a5ae5b6e1eed2b848477fa2a4787ba9adf39a41?s=96&d=mm&r=g\",\"caption\":\"Redacci\u00f3n QP\"},\"url\":\"https:\\\/\\\/quehacerpolitico.mx\\\/?author=2\"}]}<\/script>\n<!-- \/ Yoast SEO plugin. -->","yoast_head_json":{"title":"X\u00f3chitl G\u00e1lvez denuncia ante FGR la tala de 20 mil \u00e1rboles por la obra\u00a0de Tren Maya -","robots":{"index":"index","follow":"follow","max-snippet":"max-snippet:-1","max-image-preview":"max-image-preview:large","max-video-preview":"max-video-preview:-1"},"canonical":"https:\/\/quehacerpolitico.mx\/?p=89156","og_locale":"es_MX","og_type":"article","og_title":"X\u00f3chitl G\u00e1lvez denuncia ante FGR la tala de 20 mil \u00e1rboles por la obra\u00a0de Tren Maya -","og_description":"Por Redacci\u00f3n QP &#8220;Este ecocidio no debe quedar impune&#8221;, dice la senadora\u00a0X\u00f3chitl G\u00e1lvez ante la...","og_url":"https:\/\/quehacerpolitico.mx\/?p=89156","article_published_time":"2022-01-29T04:33:24+00:00","article_modified_time":"2022-01-29T04:33:27+00:00","og_image":[{"width":1284,"height":697,"url":"https:\/\/quehacerpolitico.mx\/wp-content\/uploads\/2022\/01\/6741ABFA-0272-4B76-B2FE-1CE2A0796A7D.jpeg","type":"image\/jpeg"}],"author":"Redacci\u00f3n QP","twitter_card":"summary_large_image","twitter_misc":{"Escrito por":"Redacci\u00f3n QP","Tiempo de lectura":"2 minutos"},"schema":{"@context":"https:\/\/schema.org","@graph":[{"@type":"Article","@id":"https:\/\/quehacerpolitico.mx\/?p=89156#article","isPartOf":{"@id":"https:\/\/quehacerpolitico.mx\/?p=89156"},"author":{"name":"Redacci\u00f3n QP","@id":"https:\/\/quehacerpolitico.mx\/#\/schema\/person\/496d8ad2d1d3f8036101dca7ee39e585"},"headline":"X\u00f3chitl G\u00e1lvez denuncia ante FGR la tala de 20 mil \u00e1rboles por la obra\u00a0de Tren Maya","datePublished":"2022-01-29T04:33:24+00:00","dateModified":"2022-01-29T04:33:27+00:00","mainEntityOfPage":{"@id":"https:\/\/quehacerpolitico.mx\/?p=89156"},"wordCount":508,"commentCount":0,"image":{"@id":"https:\/\/quehacerpolitico.mx\/?p=89156#primaryimage"},"thumbnailUrl":"https:\/\/quehacerpolitico.mx\/wp-content\/uploads\/2022\/01\/6741ABFA-0272-4B76-B2FE-1CE2A0796A7D.jpeg","articleSection":["Noticias"],"inLanguage":"es","potentialAction":[{"@type":"CommentAction","name":"Comment","target":["https:\/\/quehacerpolitico.mx\/?p=89156#respond"]}]},{"@type":"WebPage","@id":"https:\/\/quehacerpolitico.mx\/?p=89156","url":"https:\/\/quehacerpolitico.mx\/?p=89156","name":"X\u00f3chitl G\u00e1lvez denuncia ante FGR la tala de 20 mil \u00e1rboles por la obra\u00a0de Tren Maya -","isPartOf":{"@id":"https:\/\/quehacerpolitico.mx\/#website"},"primaryImageOfPage":{"@id":"https:\/\/quehacerpolitico.mx\/?p=89156#primaryimage"},"image":{"@id":"https:\/\/quehacerpolitico.mx\/?p=89156#primaryimage"},"thumbnailUrl":"https:\/\/quehacerpolitico.mx\/wp-content\/uploads\/2022\/01\/6741ABFA-0272-4B76-B2FE-1CE2A0796A7D.jpeg","datePublished":"2022-01-29T04:33:24+00:00","dateModified":"2022-01-29T04:33:27+00:00","author":{"@id":"https:\/\/quehacerpolitico.mx\/#\/schema\/person\/496d8ad2d1d3f8036101dca7ee39e585"},"breadcrumb":{"@id":"https:\/\/quehacerpolitico.mx\/?p=89156#breadcrumb"},"inLanguage":"es","potentialAction":[{"@type":"ReadAction","target":["https:\/\/quehacerpolitico.mx\/?p=89156"]}]},{"@type":"ImageObject","inLanguage":"es","@id":"https:\/\/quehacerpolitico.mx\/?p=89156#primaryimage","url":"https:\/\/quehacerpolitico.mx\/wp-content\/uploads\/2022\/01\/6741ABFA-0272-4B76-B2FE-1CE2A0796A7D.jpeg","contentUrl":"https:\/\/quehacerpolitico.mx\/wp-content\/uploads\/2022\/01\/6741ABFA-0272-4B76-B2FE-1CE2A0796A7D.jpeg","width":1284,"height":697},{"@type":"BreadcrumbList","@id":"https:\/\/quehacerpolitico.mx\/?p=89156#breadcrumb","itemListElement":[{"@type":"ListItem","position":1,"name":"Inicio","item":"https:\/\/quehacerpolitico.mx\/"},{"@type":"ListItem","position":2,"name":"X\u00f3chitl G\u00e1lvez denuncia ante FGR la tala de 20 mil \u00e1rboles por la obra\u00a0de Tren Maya"}]},{"@type":"WebSite","@id":"https:\/\/quehacerpolitico.mx\/#website","url":"https:\/\/quehacerpolitico.mx\/","name":"","description":"","potentialAction":[{"@type":"SearchAction","target":{"@type":"EntryPoint","urlTemplate":"https:\/\/quehacerpolitico.mx\/?s={search_term_string}"},"query-input":{"@type":"PropertyValueSpecification","valueRequired":true,"valueName":"search_term_string"}}],"inLanguage":"es"},{"@type":"Person","@id":"https:\/\/quehacerpolitico.mx\/#\/schema\/person\/496d8ad2d1d3f8036101dca7ee39e585","name":"Redacci\u00f3n QP","image":{"@type":"ImageObject","inLanguage":"es","@id":"https:\/\/secure.gravatar.com\/avatar\/c7164ed6fdec453195284ad24a5ae5b6e1eed2b848477fa2a4787ba9adf39a41?s=96&d=mm&r=g","url":"https:\/\/secure.gravatar.com\/avatar\/c7164ed6fdec453195284ad24a5ae5b6e1eed2b848477fa2a4787ba9adf39a41?s=96&d=mm&r=g","contentUrl":"https:\/\/secure.gravatar.com\/avatar\/c7164ed6fdec453195284ad24a5ae5b6e1eed2b848477fa2a4787ba9adf39a41?s=96&d=mm&r=g","caption":"Redacci\u00f3n QP"},"url":"https:\/\/quehacerpolitico.mx\/?author=2"}]}},"featured_image_urls":{"full":["https:\/\/quehacerpolitico.mx\/wp-content\/uploads\/2022\/01\/6741ABFA-0272-4B76-B2FE-1CE2A0796A7D.jpeg",1284,697,false],"thumbnail":["https:\/\/quehacerpolitico.mx\/wp-content\/uploads\/2022\/01\/6741ABFA-0272-4B76-B2FE-1CE2A0796A7D-150x150.jpeg",150,150,true],"medium":["https:\/\/quehacerpolitico.mx\/wp-content\/uploads\/2022\/01\/6741ABFA-0272-4B76-B2FE-1CE2A0796A7D-300x163.jpeg",300,163,true],"medium_large":["https:\/\/quehacerpolitico.mx\/wp-content\/uploads\/2022\/01\/6741ABFA-0272-4B76-B2FE-1CE2A0796A7D-768x417.jpeg",640,348,true],"large":["https:\/\/quehacerpolitico.mx\/wp-content\/uploads\/2022\/01\/6741ABFA-0272-4B76-B2FE-1CE2A0796A7D-1024x556.jpeg",640,348,true],"1536x1536":["https:\/\/quehacerpolitico.mx\/wp-content\/uploads\/2022\/01\/6741ABFA-0272-4B76-B2FE-1CE2A0796A7D.jpeg",1284,697,false],"2048x2048":["https:\/\/quehacerpolitico.mx\/wp-content\/uploads\/2022\/01\/6741ABFA-0272-4B76-B2FE-1CE2A0796A7D.jpeg",1284,697,false],"covernews-featured":["https:\/\/quehacerpolitico.mx\/wp-content\/uploads\/2022\/01\/6741ABFA-0272-4B76-B2FE-1CE2A0796A7D.jpeg",1024,556,false],"covernews-medium":["https:\/\/quehacerpolitico.mx\/wp-content\/uploads\/2022\/01\/6741ABFA-0272-4B76-B2FE-1CE2A0796A7D.jpeg",540,293,false]},"author_info":{"display_name":"Redacci\u00f3n QP","author_link":"https:\/\/quehacerpolitico.mx\/?author=2"},"category_info":"<a href=\"https:\/\/quehacerpolitico.mx\/?cat=2\" rel=\"category\">Noticias<\/a>","tag_info":"Noticias","comment_count":"0","_links":{"self":[{"href":"https:\/\/quehacerpolitico.mx\/index.php?rest_route=\/wp\/v2\/posts\/89156","targetHints":{"allow":["GET"]}}],"collection":[{"href":"https:\/\/quehacerpolitico.mx\/index.php?rest_route=\/wp\/v2\/posts"}],"about":[{"href":"https:\/\/quehacerpolitico.mx\/index.php?rest_route=\/wp\/v2\/types\/post"}],"author":[{"embeddable":true,"href":"https:\/\/quehacerpolitico.mx\/index.php?rest_route=\/wp\/v2\/users\/2"}],"replies":[{"embeddable":true,"href":"https:\/\/quehacerpolitico.mx\/index.php?rest_route=%2Fwp%2Fv2%2Fcomments&post=89156"}],"version-history":[{"count":1,"href":"https:\/\/quehacerpolitico.mx\/index.php?rest_route=\/wp\/v2\/posts\/89156\/revisions"}],"predecessor-version":[{"id":89158,"href":"https:\/\/quehacerpolitico.mx\/index.php?rest_route=\/wp\/v2\/posts\/89156\/revisions\/89158"}],"wp:featuredmedia":[{"embeddable":true,"href":"https:\/\/quehacerpolitico.mx\/index.php?rest_route=\/wp\/v2\/media\/89157"}],"wp:attachment":[{"href":"https:\/\/quehacerpolitico.mx\/index.php?rest_route=%2Fwp%2Fv2%2Fmedia&parent=89156"}],"wp:term":[{"taxonomy":"category","embeddable":true,"href":"https:\/\/quehacerpolitico.mx\/index.php?rest_route=%2Fwp%2Fv2%2Fcategories&post=89156"},{"taxonomy":"post_tag","embeddable":true,"href":"https:\/\/quehacerpolitico.mx\/index.php?rest_route=%2Fwp%2Fv2%2Ftags&post=89156"}],"curies":[{"name":"wp","href":"https:\/\/api.w.org\/{rel}","templated":true}]}}