{"id":89146,"date":"2022-01-28T21:51:27","date_gmt":"2022-01-28T21:51:27","guid":{"rendered":"https:\/\/quehacerpolitico.mx\/?p=89146"},"modified":"2022-01-28T21:51:31","modified_gmt":"2022-01-28T21:51:31","slug":"internacionales-carolina-alonso-romei-cancelan-cientos-de-vuelos-por-tormenta-invernal-que-amenaza-con-azotar-el-noreste-de-eeuu","status":"publish","type":"post","link":"https:\/\/quehacerpolitico.mx\/?p=89146","title":{"rendered":"Internacionales\/\/\/Carolina Alonso Romei\/\/\/Cancelan cientos de vuelos por tormenta invernal que amenaza con azotar el noreste de EEUU"},"content":{"rendered":"\n<p>Por Carolina Alonso Romei<\/p>\n\n\n\n<p>Internacionalista <\/p>\n\n\n\n<p>Seg\u00fan inform\u00f3 el Servicio Nacional de Meteorolog\u00eda, la tormenta comenzar\u00e1 hoy en la costa de Carolina del Norte y avanzar\u00e1 hacia el \u00e1rea Nueva Inglaterra<\/p>\n\n\n\n<p>El noreste de\u00a0Estados Unidos se prepara para una tormenta invernal que amenaza con dejar una gran acumulaci\u00f3n de nieve y fuertes rachas de viento en la regi\u00f3n a partir de este viernes por la noche, lo que ya ha obligado a cancelar cientos de vuelos.<\/p>\n\n\n\n<p>Seg\u00fan inform\u00f3 el Servicio Nacional de Meteorolog\u00eda, la tormenta comenzar\u00e1 hoy en la costa de Carolina del Norte y avanzar\u00e1 hacia el \u00e1rea Nueva Inglaterra, donde este s\u00e1bado se prev\u00e9n condiciones de ventisca en \u00e1reas cercanas al mar antes de que el fen\u00f3meno pierda fuerza el domingo.<\/p>\n\n\n\n<p>Lo peor se espera al este de Long Island (Nueva York) y en la l\u00ednea costera desde Cape Cod (Massachussetts) hasta el sureste de Maine, con hasta 60 cent\u00edmetros de nieve acumulada, lo que ha puesto en alerta a las autoridades y har\u00e1 \u201ccasi imposible\u201d cualquier viaje, advierten.<\/p>\n\n\n\n<p>Las aerol\u00edneas han cancelado con anticipaci\u00f3n numerosos vuelos con origen y destino en los aeropuertos m\u00e1s importantes desde Carolina del Norte hasta Maine, pasando por Nueva York, unos mil este viernes y m\u00e1s de dos mil este s\u00e1bado, de acuerdo a datos del portal FlightAware.<\/p>\n\n\n\n<p>Las temperaturas caer\u00e1n especialmente el s\u00e1bado en todo el noreste debido al viento fr\u00edo, pero en algunos puntos de Maine pueden bajar hasta los 30 grados celsius bajo cero y provocar \u201ccongelaci\u00f3n en la piel expuesta en tan poco tiempo como 30 minutos\u201d, de acuerdo a un aviso local.<\/p>\n\n\n\n<p>Los gobernadores de algunos estados, como Virginia o Nueva Jersey, han declarado la emergencia d\u00edas antes para movilizar recursos ante los problemas que puedan surgir, incluidos cortes de electricidad, y en general se ha instado a la poblaci\u00f3n a informarse y quedarse en casa.<\/p>\n\n\n\n<p>En la ciudad de Nueva York, donde esta ma\u00f1ana estuvo nevando ligeramente durante varias horas, se esperan como m\u00e1ximo 20 cent\u00edmetros de nieve acumulada hasta el amanecer del s\u00e1bado, por lo que se han esparcido varias toneladas de sal por las calles y equipado dos mil camiones para despejar las calzadas.<\/p>\n\n\n\n<p>Con informaci\u00f3n de EFE<\/p>\n","protected":false},"excerpt":{"rendered":"<p>Por Carolina Alonso Romei Internacionalista Seg\u00fan inform\u00f3 el Servicio Nacional de Meteorolog\u00eda, la tormenta comenzar\u00e1&#8230;<\/p>\n","protected":false},"author":2,"featured_media":89147,"comment_status":"open","ping_status":"open","sticky":false,"template":"","format":"standard","meta":{"_monsterinsights_skip_tracking":false,"_monsterinsights_sitenote_active":false,"_monsterinsights_sitenote_note":"","_monsterinsights_sitenote_category":0,"footnotes":""},"categories":[1],"tags":[],"class_list":["post-89146","post","type-post","status-publish","format-standard","has-post-thumbnail","hentry","category-sin-categoria"],"yoast_head":"<!-- This site is optimized with the Yoast SEO plugin v27.3 - https:\/\/yoast.com\/product\/yoast-seo-wordpress\/ -->\n<title>Internacionales\/\/\/Carolina Alonso Romei\/\/\/Cancelan cientos de vuelos por tormenta invernal que amenaza con azotar el noreste de EEUU -<\/title>\n<meta name=\"robots\" content=\"index, follow, max-snippet:-1, max-image-preview:large, max-video-preview:-1\" \/>\n<link rel=\"canonical\" href=\"https:\/\/quehacerpolitico.mx\/?p=89146\" \/>\n<meta property=\"og:locale\" content=\"es_MX\" \/>\n<meta property=\"og:type\" content=\"article\" \/>\n<meta property=\"og:title\" content=\"Internacionales\/\/\/Carolina Alonso Romei\/\/\/Cancelan cientos de vuelos por tormenta invernal que amenaza con azotar el noreste de EEUU -\" \/>\n<meta property=\"og:description\" content=\"Por Carolina Alonso Romei Internacionalista Seg\u00fan inform\u00f3 el Servicio Nacional de Meteorolog\u00eda, la tormenta comenzar\u00e1...\" \/>\n<meta property=\"og:url\" content=\"https:\/\/quehacerpolitico.mx\/?p=89146\" \/>\n<meta property=\"article:published_time\" content=\"2022-01-28T21:51:27+00:00\" \/>\n<meta property=\"article:modified_time\" content=\"2022-01-28T21:51:31+00:00\" \/>\n<meta property=\"og:image\" content=\"https:\/\/quehacerpolitico.mx\/wp-content\/uploads\/2022\/01\/CB3E6A22-FBCC-43E9-9EDA-1893034B12E6.jpeg\" \/>\n\t<meta property=\"og:image:width\" content=\"669\" \/>\n\t<meta property=\"og:image:height\" content=\"458\" \/>\n\t<meta property=\"og:image:type\" content=\"image\/jpeg\" \/>\n<meta name=\"author\" content=\"Redacci\u00f3n QP\" \/>\n<meta name=\"twitter:card\" content=\"summary_large_image\" \/>\n<meta name=\"twitter:label1\" content=\"Escrito por\" \/>\n\t<meta name=\"twitter:data1\" content=\"Redacci\u00f3n QP\" \/>\n\t<meta name=\"twitter:label2\" content=\"Tiempo de lectura\" \/>\n\t<meta name=\"twitter:data2\" content=\"2 minutos\" \/>\n<script type=\"application\/ld+json\" class=\"yoast-schema-graph\">{\"@context\":\"https:\\\/\\\/schema.org\",\"@graph\":[{\"@type\":\"Article\",\"@id\":\"https:\\\/\\\/quehacerpolitico.mx\\\/?p=89146#article\",\"isPartOf\":{\"@id\":\"https:\\\/\\\/quehacerpolitico.mx\\\/?p=89146\"},\"author\":{\"name\":\"Redacci\u00f3n QP\",\"@id\":\"https:\\\/\\\/quehacerpolitico.mx\\\/#\\\/schema\\\/person\\\/496d8ad2d1d3f8036101dca7ee39e585\"},\"headline\":\"Internacionales\\\/\\\/\\\/Carolina Alonso Romei\\\/\\\/\\\/Cancelan cientos de vuelos por tormenta invernal que amenaza con azotar el noreste de EEUU\",\"datePublished\":\"2022-01-28T21:51:27+00:00\",\"dateModified\":\"2022-01-28T21:51:31+00:00\",\"mainEntityOfPage\":{\"@id\":\"https:\\\/\\\/quehacerpolitico.mx\\\/?p=89146\"},\"wordCount\":406,\"commentCount\":0,\"image\":{\"@id\":\"https:\\\/\\\/quehacerpolitico.mx\\\/?p=89146#primaryimage\"},\"thumbnailUrl\":\"https:\\\/\\\/quehacerpolitico.mx\\\/wp-content\\\/uploads\\\/2022\\\/01\\\/CB3E6A22-FBCC-43E9-9EDA-1893034B12E6.jpeg\",\"articleSection\":[\"Internacionales\"],\"inLanguage\":\"es\",\"potentialAction\":[{\"@type\":\"CommentAction\",\"name\":\"Comment\",\"target\":[\"https:\\\/\\\/quehacerpolitico.mx\\\/?p=89146#respond\"]}]},{\"@type\":\"WebPage\",\"@id\":\"https:\\\/\\\/quehacerpolitico.mx\\\/?p=89146\",\"url\":\"https:\\\/\\\/quehacerpolitico.mx\\\/?p=89146\",\"name\":\"Internacionales\\\/\\\/\\\/Carolina Alonso Romei\\\/\\\/\\\/Cancelan cientos de vuelos por tormenta invernal que amenaza con azotar el noreste de EEUU -\",\"isPartOf\":{\"@id\":\"https:\\\/\\\/quehacerpolitico.mx\\\/#website\"},\"primaryImageOfPage\":{\"@id\":\"https:\\\/\\\/quehacerpolitico.mx\\\/?p=89146#primaryimage\"},\"image\":{\"@id\":\"https:\\\/\\\/quehacerpolitico.mx\\\/?p=89146#primaryimage\"},\"thumbnailUrl\":\"https:\\\/\\\/quehacerpolitico.mx\\\/wp-content\\\/uploads\\\/2022\\\/01\\\/CB3E6A22-FBCC-43E9-9EDA-1893034B12E6.jpeg\",\"datePublished\":\"2022-01-28T21:51:27+00:00\",\"dateModified\":\"2022-01-28T21:51:31+00:00\",\"author\":{\"@id\":\"https:\\\/\\\/quehacerpolitico.mx\\\/#\\\/schema\\\/person\\\/496d8ad2d1d3f8036101dca7ee39e585\"},\"breadcrumb\":{\"@id\":\"https:\\\/\\\/quehacerpolitico.mx\\\/?p=89146#breadcrumb\"},\"inLanguage\":\"es\",\"potentialAction\":[{\"@type\":\"ReadAction\",\"target\":[\"https:\\\/\\\/quehacerpolitico.mx\\\/?p=89146\"]}]},{\"@type\":\"ImageObject\",\"inLanguage\":\"es\",\"@id\":\"https:\\\/\\\/quehacerpolitico.mx\\\/?p=89146#primaryimage\",\"url\":\"https:\\\/\\\/quehacerpolitico.mx\\\/wp-content\\\/uploads\\\/2022\\\/01\\\/CB3E6A22-FBCC-43E9-9EDA-1893034B12E6.jpeg\",\"contentUrl\":\"https:\\\/\\\/quehacerpolitico.mx\\\/wp-content\\\/uploads\\\/2022\\\/01\\\/CB3E6A22-FBCC-43E9-9EDA-1893034B12E6.jpeg\",\"width\":669,\"height\":458},{\"@type\":\"BreadcrumbList\",\"@id\":\"https:\\\/\\\/quehacerpolitico.mx\\\/?p=89146#breadcrumb\",\"itemListElement\":[{\"@type\":\"ListItem\",\"position\":1,\"name\":\"Inicio\",\"item\":\"https:\\\/\\\/quehacerpolitico.mx\\\/\"},{\"@type\":\"ListItem\",\"position\":2,\"name\":\"Internacionales\\\/\\\/\\\/Carolina Alonso Romei\\\/\\\/\\\/Cancelan cientos de vuelos por tormenta invernal que amenaza con azotar el noreste de EEUU\"}]},{\"@type\":\"WebSite\",\"@id\":\"https:\\\/\\\/quehacerpolitico.mx\\\/#website\",\"url\":\"https:\\\/\\\/quehacerpolitico.mx\\\/\",\"name\":\"\",\"description\":\"\",\"potentialAction\":[{\"@type\":\"SearchAction\",\"target\":{\"@type\":\"EntryPoint\",\"urlTemplate\":\"https:\\\/\\\/quehacerpolitico.mx\\\/?s={search_term_string}\"},\"query-input\":{\"@type\":\"PropertyValueSpecification\",\"valueRequired\":true,\"valueName\":\"search_term_string\"}}],\"inLanguage\":\"es\"},{\"@type\":\"Person\",\"@id\":\"https:\\\/\\\/quehacerpolitico.mx\\\/#\\\/schema\\\/person\\\/496d8ad2d1d3f8036101dca7ee39e585\",\"name\":\"Redacci\u00f3n QP\",\"image\":{\"@type\":\"ImageObject\",\"inLanguage\":\"es\",\"@id\":\"https:\\\/\\\/secure.gravatar.com\\\/avatar\\\/c7164ed6fdec453195284ad24a5ae5b6e1eed2b848477fa2a4787ba9adf39a41?s=96&d=mm&r=g\",\"url\":\"https:\\\/\\\/secure.gravatar.com\\\/avatar\\\/c7164ed6fdec453195284ad24a5ae5b6e1eed2b848477fa2a4787ba9adf39a41?s=96&d=mm&r=g\",\"contentUrl\":\"https:\\\/\\\/secure.gravatar.com\\\/avatar\\\/c7164ed6fdec453195284ad24a5ae5b6e1eed2b848477fa2a4787ba9adf39a41?s=96&d=mm&r=g\",\"caption\":\"Redacci\u00f3n QP\"},\"url\":\"https:\\\/\\\/quehacerpolitico.mx\\\/?author=2\"}]}<\/script>\n<!-- \/ Yoast SEO plugin. -->","yoast_head_json":{"title":"Internacionales\/\/\/Carolina Alonso Romei\/\/\/Cancelan cientos de vuelos por tormenta invernal que amenaza con azotar el noreste de EEUU -","robots":{"index":"index","follow":"follow","max-snippet":"max-snippet:-1","max-image-preview":"max-image-preview:large","max-video-preview":"max-video-preview:-1"},"canonical":"https:\/\/quehacerpolitico.mx\/?p=89146","og_locale":"es_MX","og_type":"article","og_title":"Internacionales\/\/\/Carolina Alonso Romei\/\/\/Cancelan cientos de vuelos por tormenta invernal que amenaza con azotar el noreste de EEUU -","og_description":"Por Carolina Alonso Romei Internacionalista Seg\u00fan inform\u00f3 el Servicio Nacional de Meteorolog\u00eda, la tormenta comenzar\u00e1...","og_url":"https:\/\/quehacerpolitico.mx\/?p=89146","article_published_time":"2022-01-28T21:51:27+00:00","article_modified_time":"2022-01-28T21:51:31+00:00","og_image":[{"width":669,"height":458,"url":"https:\/\/quehacerpolitico.mx\/wp-content\/uploads\/2022\/01\/CB3E6A22-FBCC-43E9-9EDA-1893034B12E6.jpeg","type":"image\/jpeg"}],"author":"Redacci\u00f3n QP","twitter_card":"summary_large_image","twitter_misc":{"Escrito por":"Redacci\u00f3n QP","Tiempo de lectura":"2 minutos"},"schema":{"@context":"https:\/\/schema.org","@graph":[{"@type":"Article","@id":"https:\/\/quehacerpolitico.mx\/?p=89146#article","isPartOf":{"@id":"https:\/\/quehacerpolitico.mx\/?p=89146"},"author":{"name":"Redacci\u00f3n QP","@id":"https:\/\/quehacerpolitico.mx\/#\/schema\/person\/496d8ad2d1d3f8036101dca7ee39e585"},"headline":"Internacionales\/\/\/Carolina Alonso Romei\/\/\/Cancelan cientos de vuelos por tormenta invernal que amenaza con azotar el noreste de EEUU","datePublished":"2022-01-28T21:51:27+00:00","dateModified":"2022-01-28T21:51:31+00:00","mainEntityOfPage":{"@id":"https:\/\/quehacerpolitico.mx\/?p=89146"},"wordCount":406,"commentCount":0,"image":{"@id":"https:\/\/quehacerpolitico.mx\/?p=89146#primaryimage"},"thumbnailUrl":"https:\/\/quehacerpolitico.mx\/wp-content\/uploads\/2022\/01\/CB3E6A22-FBCC-43E9-9EDA-1893034B12E6.jpeg","articleSection":["Internacionales"],"inLanguage":"es","potentialAction":[{"@type":"CommentAction","name":"Comment","target":["https:\/\/quehacerpolitico.mx\/?p=89146#respond"]}]},{"@type":"WebPage","@id":"https:\/\/quehacerpolitico.mx\/?p=89146","url":"https:\/\/quehacerpolitico.mx\/?p=89146","name":"Internacionales\/\/\/Carolina Alonso Romei\/\/\/Cancelan cientos de vuelos por tormenta invernal que amenaza con azotar el noreste de EEUU -","isPartOf":{"@id":"https:\/\/quehacerpolitico.mx\/#website"},"primaryImageOfPage":{"@id":"https:\/\/quehacerpolitico.mx\/?p=89146#primaryimage"},"image":{"@id":"https:\/\/quehacerpolitico.mx\/?p=89146#primaryimage"},"thumbnailUrl":"https:\/\/quehacerpolitico.mx\/wp-content\/uploads\/2022\/01\/CB3E6A22-FBCC-43E9-9EDA-1893034B12E6.jpeg","datePublished":"2022-01-28T21:51:27+00:00","dateModified":"2022-01-28T21:51:31+00:00","author":{"@id":"https:\/\/quehacerpolitico.mx\/#\/schema\/person\/496d8ad2d1d3f8036101dca7ee39e585"},"breadcrumb":{"@id":"https:\/\/quehacerpolitico.mx\/?p=89146#breadcrumb"},"inLanguage":"es","potentialAction":[{"@type":"ReadAction","target":["https:\/\/quehacerpolitico.mx\/?p=89146"]}]},{"@type":"ImageObject","inLanguage":"es","@id":"https:\/\/quehacerpolitico.mx\/?p=89146#primaryimage","url":"https:\/\/quehacerpolitico.mx\/wp-content\/uploads\/2022\/01\/CB3E6A22-FBCC-43E9-9EDA-1893034B12E6.jpeg","contentUrl":"https:\/\/quehacerpolitico.mx\/wp-content\/uploads\/2022\/01\/CB3E6A22-FBCC-43E9-9EDA-1893034B12E6.jpeg","width":669,"height":458},{"@type":"BreadcrumbList","@id":"https:\/\/quehacerpolitico.mx\/?p=89146#breadcrumb","itemListElement":[{"@type":"ListItem","position":1,"name":"Inicio","item":"https:\/\/quehacerpolitico.mx\/"},{"@type":"ListItem","position":2,"name":"Internacionales\/\/\/Carolina Alonso Romei\/\/\/Cancelan cientos de vuelos por tormenta invernal que amenaza con azotar el noreste de EEUU"}]},{"@type":"WebSite","@id":"https:\/\/quehacerpolitico.mx\/#website","url":"https:\/\/quehacerpolitico.mx\/","name":"","description":"","potentialAction":[{"@type":"SearchAction","target":{"@type":"EntryPoint","urlTemplate":"https:\/\/quehacerpolitico.mx\/?s={search_term_string}"},"query-input":{"@type":"PropertyValueSpecification","valueRequired":true,"valueName":"search_term_string"}}],"inLanguage":"es"},{"@type":"Person","@id":"https:\/\/quehacerpolitico.mx\/#\/schema\/person\/496d8ad2d1d3f8036101dca7ee39e585","name":"Redacci\u00f3n QP","image":{"@type":"ImageObject","inLanguage":"es","@id":"https:\/\/secure.gravatar.com\/avatar\/c7164ed6fdec453195284ad24a5ae5b6e1eed2b848477fa2a4787ba9adf39a41?s=96&d=mm&r=g","url":"https:\/\/secure.gravatar.com\/avatar\/c7164ed6fdec453195284ad24a5ae5b6e1eed2b848477fa2a4787ba9adf39a41?s=96&d=mm&r=g","contentUrl":"https:\/\/secure.gravatar.com\/avatar\/c7164ed6fdec453195284ad24a5ae5b6e1eed2b848477fa2a4787ba9adf39a41?s=96&d=mm&r=g","caption":"Redacci\u00f3n QP"},"url":"https:\/\/quehacerpolitico.mx\/?author=2"}]}},"featured_image_urls":{"full":["https:\/\/quehacerpolitico.mx\/wp-content\/uploads\/2022\/01\/CB3E6A22-FBCC-43E9-9EDA-1893034B12E6.jpeg",669,458,false],"thumbnail":["https:\/\/quehacerpolitico.mx\/wp-content\/uploads\/2022\/01\/CB3E6A22-FBCC-43E9-9EDA-1893034B12E6-150x150.jpeg",150,150,true],"medium":["https:\/\/quehacerpolitico.mx\/wp-content\/uploads\/2022\/01\/CB3E6A22-FBCC-43E9-9EDA-1893034B12E6-300x205.jpeg",300,205,true],"medium_large":["https:\/\/quehacerpolitico.mx\/wp-content\/uploads\/2022\/01\/CB3E6A22-FBCC-43E9-9EDA-1893034B12E6.jpeg",640,438,false],"large":["https:\/\/quehacerpolitico.mx\/wp-content\/uploads\/2022\/01\/CB3E6A22-FBCC-43E9-9EDA-1893034B12E6.jpeg",640,438,false],"1536x1536":["https:\/\/quehacerpolitico.mx\/wp-content\/uploads\/2022\/01\/CB3E6A22-FBCC-43E9-9EDA-1893034B12E6.jpeg",669,458,false],"2048x2048":["https:\/\/quehacerpolitico.mx\/wp-content\/uploads\/2022\/01\/CB3E6A22-FBCC-43E9-9EDA-1893034B12E6.jpeg",669,458,false],"covernews-featured":["https:\/\/quehacerpolitico.mx\/wp-content\/uploads\/2022\/01\/CB3E6A22-FBCC-43E9-9EDA-1893034B12E6.jpeg",669,458,false],"covernews-medium":["https:\/\/quehacerpolitico.mx\/wp-content\/uploads\/2022\/01\/CB3E6A22-FBCC-43E9-9EDA-1893034B12E6.jpeg",497,340,false]},"author_info":{"display_name":"Redacci\u00f3n QP","author_link":"https:\/\/quehacerpolitico.mx\/?author=2"},"category_info":"<a href=\"https:\/\/quehacerpolitico.mx\/?cat=1\" rel=\"category\">Internacionales<\/a>","tag_info":"Internacionales","comment_count":"0","_links":{"self":[{"href":"https:\/\/quehacerpolitico.mx\/index.php?rest_route=\/wp\/v2\/posts\/89146","targetHints":{"allow":["GET"]}}],"collection":[{"href":"https:\/\/quehacerpolitico.mx\/index.php?rest_route=\/wp\/v2\/posts"}],"about":[{"href":"https:\/\/quehacerpolitico.mx\/index.php?rest_route=\/wp\/v2\/types\/post"}],"author":[{"embeddable":true,"href":"https:\/\/quehacerpolitico.mx\/index.php?rest_route=\/wp\/v2\/users\/2"}],"replies":[{"embeddable":true,"href":"https:\/\/quehacerpolitico.mx\/index.php?rest_route=%2Fwp%2Fv2%2Fcomments&post=89146"}],"version-history":[{"count":1,"href":"https:\/\/quehacerpolitico.mx\/index.php?rest_route=\/wp\/v2\/posts\/89146\/revisions"}],"predecessor-version":[{"id":89148,"href":"https:\/\/quehacerpolitico.mx\/index.php?rest_route=\/wp\/v2\/posts\/89146\/revisions\/89148"}],"wp:featuredmedia":[{"embeddable":true,"href":"https:\/\/quehacerpolitico.mx\/index.php?rest_route=\/wp\/v2\/media\/89147"}],"wp:attachment":[{"href":"https:\/\/quehacerpolitico.mx\/index.php?rest_route=%2Fwp%2Fv2%2Fmedia&parent=89146"}],"wp:term":[{"taxonomy":"category","embeddable":true,"href":"https:\/\/quehacerpolitico.mx\/index.php?rest_route=%2Fwp%2Fv2%2Fcategories&post=89146"},{"taxonomy":"post_tag","embeddable":true,"href":"https:\/\/quehacerpolitico.mx\/index.php?rest_route=%2Fwp%2Fv2%2Ftags&post=89146"}],"curies":[{"name":"wp","href":"https:\/\/api.w.org\/{rel}","templated":true}]}}