{"id":89134,"date":"2022-01-28T20:57:58","date_gmt":"2022-01-28T20:57:58","guid":{"rendered":"https:\/\/quehacerpolitico.mx\/?p=89134"},"modified":"2022-01-28T20:58:01","modified_gmt":"2022-01-28T20:58:01","slug":"el-fbi-la-dea-y-policia-de-canada-reforzaran-seguridad-en-quintana-roo","status":"publish","type":"post","link":"https:\/\/quehacerpolitico.mx\/?p=89134","title":{"rendered":"El FBI, la DEA y polic\u00eda de Canad\u00e1 reforzar\u00e1n seguridad\u00a0En Quintana Roo"},"content":{"rendered":"\n<p>Por Redacci\u00f3n QP<\/p>\n\n\n\n<p>El gobernador del estado reconoci\u00f3 que los destinos tur\u00edsticos de Quintana Roo se han convertido en un punto de atracci\u00f3n para muchos delincuentes<\/p>\n\n\n\n<p>Debido a los \u00faltimos hechos violentos registrados en Quintana Roo, uno de los destinos tur\u00edsticos m\u00e1s importantes de M\u00e9xico, elementos de la DEA, el FBI y de la Polic\u00eda Montada de Canad\u00e1, viajar\u00e1n al estado para brindar apoyo en labores de an\u00e1lisis y seguridad, inform\u00f3 el gobernador Carlos Joaqu\u00edn Gonz\u00e1lez.<\/p>\n\n\n\n<p>\u201c<strong>En dos semanas estaremos teniendo la visita de instituciones internacionales de Estados Unidos y Canad\u00e1<\/strong>\u00a0que vendr\u00e1n a trabajar con nosotros en materia de revisi\u00f3n, de intercambio de informaci\u00f3n y mejora para tratar de evitar situaciones&#8221; de inseguridad, se\u00f1al\u00f3 en entrevista con Radio F\u00f3rmula.<\/p>\n\n\n\n<figure class=\"wp-block-embed is-type-video is-provider-youtube wp-block-embed-youtube wp-embed-aspect-16-9 wp-has-aspect-ratio\"><div class=\"wp-block-embed__wrapper\">\n<iframe loading=\"lazy\" title=\"FBI, DEA y polic\u00eda de Canad\u00e1 llegan a Quintana Roo por balacera en hotel Xcaret\" width=\"640\" height=\"360\" src=\"https:\/\/www.youtube.com\/embed\/P8u7lYMxeqI?feature=oembed\" frameborder=\"0\" allow=\"accelerometer; autoplay; clipboard-write; encrypted-media; gyroscope; picture-in-picture; web-share\" referrerpolicy=\"strict-origin-when-cross-origin\" allowfullscreen><\/iframe>\n<\/div><\/figure>\n\n\n\n<p>Carlos Joaqu\u00edn reconoci\u00f3 que los destinos tur\u00edsticos de Quintana Roo se han convertido en un punto de atracci\u00f3n para muchos delincuentes y habl\u00f3 del incremento de armas de fuego.<\/p>\n\n\n\n<p>\u201cLas condiciones se prestan para eso, un aeropuerto en el que recibimos much\u00edsimas personas que vienen de distintas partes del mundo, que tienen diferentes intereses y que provoca precisamente que se convierta en un lugar muy apetitoso en determinados momentos para ese tipo de acciones\u201d, agreg\u00f3.&nbsp;<\/p>\n\n\n\n<p>Calific\u00f3 los recientes sucesos de &#8220;extremadamente llamativos&#8221; y\u00a0<strong>extern\u00f3 su preocupaci\u00f3n por el incremento de armas en manos de los grupos delictivos, un hecho que calific\u00f3 de &#8220;dif\u00edcil y preocupante&#8221; al no conocer por d\u00f3nde se introducen estas armas<\/strong>.<\/p>\n\n\n\n<figure class=\"wp-block-image size-large\"><img loading=\"lazy\" decoding=\"async\" width=\"1024\" height=\"553\" src=\"https:\/\/quehacerpolitico.mx\/wp-content\/uploads\/2022\/01\/image-135-1024x553.jpeg\" alt=\"\" class=\"wp-image-89136\" srcset=\"https:\/\/quehacerpolitico.mx\/wp-content\/uploads\/2022\/01\/image-135-1024x553.jpeg 1024w, https:\/\/quehacerpolitico.mx\/wp-content\/uploads\/2022\/01\/image-135-300x162.jpeg 300w, https:\/\/quehacerpolitico.mx\/wp-content\/uploads\/2022\/01\/image-135-768x415.jpeg 768w, https:\/\/quehacerpolitico.mx\/wp-content\/uploads\/2022\/01\/image-135-260x141.jpeg 260w, https:\/\/quehacerpolitico.mx\/wp-content\/uploads\/2022\/01\/image-135-50x27.jpeg 50w, https:\/\/quehacerpolitico.mx\/wp-content\/uploads\/2022\/01\/image-135-139x75.jpeg 139w, https:\/\/quehacerpolitico.mx\/wp-content\/uploads\/2022\/01\/image-135.jpeg 1284w\" sizes=\"auto, (max-width: 1024px) 100vw, 1024px\" \/><\/figure>\n\n\n\n<p>Adem\u00e1s, dijo, trabajan con organizaciones empresariales para establecer una l\u00ednea de acci\u00f3n de 10 puntos para incrementar la seguridad en establecimientos privados y as\u00ed darles mayor confianza a los turistas.&nbsp;&nbsp;<\/p>\n\n\n\n<p>En d\u00edas pasados, Estados Unidos emiti\u00f3 una alerta de viaje para Quintana Roo tras la actividad delictiva registrada en Canc\u00fan, Playa del Carmen y Tulum.&nbsp;<\/p>\n\n\n\n<h4 class=\"wp-block-heading\" id=\"agreden-a-turistas-en-hotel-de-xcaret\">Agreden a turistas en hotel de Xcaret<\/h4>\n\n\n\n<p>Hace una semana, un tiroteo ocurrido al interior de un hotel ubicado en Playa del Carmen, de la prestigiosa cadena Xcaret, dej\u00f3 dos canadienses muertos y un herido.<\/p>\n\n\n\n<figure class=\"wp-block-image size-large\"><img loading=\"lazy\" decoding=\"async\" width=\"1024\" height=\"553\" src=\"https:\/\/quehacerpolitico.mx\/wp-content\/uploads\/2022\/01\/image-136-1024x553.jpeg\" alt=\"\" class=\"wp-image-89137\" srcset=\"https:\/\/quehacerpolitico.mx\/wp-content\/uploads\/2022\/01\/image-136-1024x553.jpeg 1024w, https:\/\/quehacerpolitico.mx\/wp-content\/uploads\/2022\/01\/image-136-300x162.jpeg 300w, https:\/\/quehacerpolitico.mx\/wp-content\/uploads\/2022\/01\/image-136-768x415.jpeg 768w, https:\/\/quehacerpolitico.mx\/wp-content\/uploads\/2022\/01\/image-136-260x140.jpeg 260w, https:\/\/quehacerpolitico.mx\/wp-content\/uploads\/2022\/01\/image-136-50x27.jpeg 50w, https:\/\/quehacerpolitico.mx\/wp-content\/uploads\/2022\/01\/image-136-139x75.jpeg 139w, https:\/\/quehacerpolitico.mx\/wp-content\/uploads\/2022\/01\/image-136-1280x693.jpeg 1280w, https:\/\/quehacerpolitico.mx\/wp-content\/uploads\/2022\/01\/image-136.jpeg 1284w\" sizes=\"auto, (max-width: 1024px) 100vw, 1024px\" \/><\/figure>\n\n\n\n<p>Mientras que esta semana se produjo la muerte a balazos del argentino Federico Mazzoni, quien era gerente de un popular establecimiento de Playa del Carmen, el Mamita&#8217;s Beach Club.&nbsp;<\/p>\n\n\n\n<p>\u201cEn todos los casos tenemos responsables, tenemos detenidos, tenemos casos resueltos, en el caso de Mamita&#8217;s, que est\u00e1 en proceso de investigaci\u00f3n, se tiene detenidos ya a los posibles culpables, se trabaja muy intensamente en poder tenerlos\u201d, afirm\u00f3.<\/p>\n\n\n\n<p>Con informaci\u00f3n de EFE<\/p>\n","protected":false},"excerpt":{"rendered":"<p>Por Redacci\u00f3n QP El gobernador del estado reconoci\u00f3 que los destinos tur\u00edsticos de Quintana Roo&#8230;<\/p>\n","protected":false},"author":2,"featured_media":89135,"comment_status":"open","ping_status":"open","sticky":false,"template":"","format":"standard","meta":{"_monsterinsights_skip_tracking":false,"_monsterinsights_sitenote_active":false,"_monsterinsights_sitenote_note":"","_monsterinsights_sitenote_category":0,"footnotes":""},"categories":[2],"tags":[],"class_list":["post-89134","post","type-post","status-publish","format-standard","has-post-thumbnail","hentry","category-noticias"],"yoast_head":"<!-- This site is optimized with the Yoast SEO plugin v27.3 - https:\/\/yoast.com\/product\/yoast-seo-wordpress\/ -->\n<title>El FBI, la DEA y polic\u00eda de Canad\u00e1 reforzar\u00e1n seguridad\u00a0En Quintana Roo -<\/title>\n<meta name=\"robots\" content=\"index, follow, max-snippet:-1, max-image-preview:large, max-video-preview:-1\" \/>\n<link rel=\"canonical\" href=\"https:\/\/quehacerpolitico.mx\/?p=89134\" \/>\n<meta property=\"og:locale\" content=\"es_MX\" \/>\n<meta property=\"og:type\" content=\"article\" \/>\n<meta property=\"og:title\" content=\"El FBI, la DEA y polic\u00eda de Canad\u00e1 reforzar\u00e1n seguridad\u00a0En Quintana Roo -\" \/>\n<meta property=\"og:description\" content=\"Por Redacci\u00f3n QP El gobernador del estado reconoci\u00f3 que los destinos tur\u00edsticos de Quintana Roo...\" \/>\n<meta property=\"og:url\" content=\"https:\/\/quehacerpolitico.mx\/?p=89134\" \/>\n<meta property=\"article:published_time\" content=\"2022-01-28T20:57:58+00:00\" \/>\n<meta property=\"article:modified_time\" content=\"2022-01-28T20:58:01+00:00\" \/>\n<meta property=\"og:image\" content=\"https:\/\/quehacerpolitico.mx\/wp-content\/uploads\/2022\/01\/BB5BAB50-BF1C-495B-9884-F6622B0F2182.jpeg\" \/>\n\t<meta property=\"og:image:width\" content=\"678\" \/>\n\t<meta property=\"og:image:height\" content=\"452\" \/>\n\t<meta property=\"og:image:type\" content=\"image\/jpeg\" \/>\n<meta name=\"author\" content=\"Redacci\u00f3n QP\" \/>\n<meta name=\"twitter:card\" content=\"summary_large_image\" \/>\n<meta name=\"twitter:label1\" content=\"Escrito por\" \/>\n\t<meta name=\"twitter:data1\" content=\"Redacci\u00f3n QP\" \/>\n\t<meta name=\"twitter:label2\" content=\"Tiempo de lectura\" \/>\n\t<meta name=\"twitter:data2\" content=\"2 minutos\" \/>\n<script type=\"application\/ld+json\" class=\"yoast-schema-graph\">{\"@context\":\"https:\\\/\\\/schema.org\",\"@graph\":[{\"@type\":\"Article\",\"@id\":\"https:\\\/\\\/quehacerpolitico.mx\\\/?p=89134#article\",\"isPartOf\":{\"@id\":\"https:\\\/\\\/quehacerpolitico.mx\\\/?p=89134\"},\"author\":{\"name\":\"Redacci\u00f3n QP\",\"@id\":\"https:\\\/\\\/quehacerpolitico.mx\\\/#\\\/schema\\\/person\\\/496d8ad2d1d3f8036101dca7ee39e585\"},\"headline\":\"El FBI, la DEA y polic\u00eda de Canad\u00e1 reforzar\u00e1n seguridad\u00a0En Quintana Roo\",\"datePublished\":\"2022-01-28T20:57:58+00:00\",\"dateModified\":\"2022-01-28T20:58:01+00:00\",\"mainEntityOfPage\":{\"@id\":\"https:\\\/\\\/quehacerpolitico.mx\\\/?p=89134\"},\"wordCount\":452,\"commentCount\":0,\"image\":{\"@id\":\"https:\\\/\\\/quehacerpolitico.mx\\\/?p=89134#primaryimage\"},\"thumbnailUrl\":\"https:\\\/\\\/quehacerpolitico.mx\\\/wp-content\\\/uploads\\\/2022\\\/01\\\/BB5BAB50-BF1C-495B-9884-F6622B0F2182.jpeg\",\"articleSection\":[\"Noticias\"],\"inLanguage\":\"es\",\"potentialAction\":[{\"@type\":\"CommentAction\",\"name\":\"Comment\",\"target\":[\"https:\\\/\\\/quehacerpolitico.mx\\\/?p=89134#respond\"]}]},{\"@type\":\"WebPage\",\"@id\":\"https:\\\/\\\/quehacerpolitico.mx\\\/?p=89134\",\"url\":\"https:\\\/\\\/quehacerpolitico.mx\\\/?p=89134\",\"name\":\"El FBI, la DEA y polic\u00eda de Canad\u00e1 reforzar\u00e1n seguridad\u00a0En Quintana Roo -\",\"isPartOf\":{\"@id\":\"https:\\\/\\\/quehacerpolitico.mx\\\/#website\"},\"primaryImageOfPage\":{\"@id\":\"https:\\\/\\\/quehacerpolitico.mx\\\/?p=89134#primaryimage\"},\"image\":{\"@id\":\"https:\\\/\\\/quehacerpolitico.mx\\\/?p=89134#primaryimage\"},\"thumbnailUrl\":\"https:\\\/\\\/quehacerpolitico.mx\\\/wp-content\\\/uploads\\\/2022\\\/01\\\/BB5BAB50-BF1C-495B-9884-F6622B0F2182.jpeg\",\"datePublished\":\"2022-01-28T20:57:58+00:00\",\"dateModified\":\"2022-01-28T20:58:01+00:00\",\"author\":{\"@id\":\"https:\\\/\\\/quehacerpolitico.mx\\\/#\\\/schema\\\/person\\\/496d8ad2d1d3f8036101dca7ee39e585\"},\"breadcrumb\":{\"@id\":\"https:\\\/\\\/quehacerpolitico.mx\\\/?p=89134#breadcrumb\"},\"inLanguage\":\"es\",\"potentialAction\":[{\"@type\":\"ReadAction\",\"target\":[\"https:\\\/\\\/quehacerpolitico.mx\\\/?p=89134\"]}]},{\"@type\":\"ImageObject\",\"inLanguage\":\"es\",\"@id\":\"https:\\\/\\\/quehacerpolitico.mx\\\/?p=89134#primaryimage\",\"url\":\"https:\\\/\\\/quehacerpolitico.mx\\\/wp-content\\\/uploads\\\/2022\\\/01\\\/BB5BAB50-BF1C-495B-9884-F6622B0F2182.jpeg\",\"contentUrl\":\"https:\\\/\\\/quehacerpolitico.mx\\\/wp-content\\\/uploads\\\/2022\\\/01\\\/BB5BAB50-BF1C-495B-9884-F6622B0F2182.jpeg\",\"width\":678,\"height\":452},{\"@type\":\"BreadcrumbList\",\"@id\":\"https:\\\/\\\/quehacerpolitico.mx\\\/?p=89134#breadcrumb\",\"itemListElement\":[{\"@type\":\"ListItem\",\"position\":1,\"name\":\"Inicio\",\"item\":\"https:\\\/\\\/quehacerpolitico.mx\\\/\"},{\"@type\":\"ListItem\",\"position\":2,\"name\":\"El FBI, la DEA y polic\u00eda de Canad\u00e1 reforzar\u00e1n seguridad\u00a0En Quintana Roo\"}]},{\"@type\":\"WebSite\",\"@id\":\"https:\\\/\\\/quehacerpolitico.mx\\\/#website\",\"url\":\"https:\\\/\\\/quehacerpolitico.mx\\\/\",\"name\":\"\",\"description\":\"\",\"potentialAction\":[{\"@type\":\"SearchAction\",\"target\":{\"@type\":\"EntryPoint\",\"urlTemplate\":\"https:\\\/\\\/quehacerpolitico.mx\\\/?s={search_term_string}\"},\"query-input\":{\"@type\":\"PropertyValueSpecification\",\"valueRequired\":true,\"valueName\":\"search_term_string\"}}],\"inLanguage\":\"es\"},{\"@type\":\"Person\",\"@id\":\"https:\\\/\\\/quehacerpolitico.mx\\\/#\\\/schema\\\/person\\\/496d8ad2d1d3f8036101dca7ee39e585\",\"name\":\"Redacci\u00f3n QP\",\"image\":{\"@type\":\"ImageObject\",\"inLanguage\":\"es\",\"@id\":\"https:\\\/\\\/secure.gravatar.com\\\/avatar\\\/c7164ed6fdec453195284ad24a5ae5b6e1eed2b848477fa2a4787ba9adf39a41?s=96&d=mm&r=g\",\"url\":\"https:\\\/\\\/secure.gravatar.com\\\/avatar\\\/c7164ed6fdec453195284ad24a5ae5b6e1eed2b848477fa2a4787ba9adf39a41?s=96&d=mm&r=g\",\"contentUrl\":\"https:\\\/\\\/secure.gravatar.com\\\/avatar\\\/c7164ed6fdec453195284ad24a5ae5b6e1eed2b848477fa2a4787ba9adf39a41?s=96&d=mm&r=g\",\"caption\":\"Redacci\u00f3n QP\"},\"url\":\"https:\\\/\\\/quehacerpolitico.mx\\\/?author=2\"}]}<\/script>\n<!-- \/ Yoast SEO plugin. -->","yoast_head_json":{"title":"El FBI, la DEA y polic\u00eda de Canad\u00e1 reforzar\u00e1n seguridad\u00a0En Quintana Roo -","robots":{"index":"index","follow":"follow","max-snippet":"max-snippet:-1","max-image-preview":"max-image-preview:large","max-video-preview":"max-video-preview:-1"},"canonical":"https:\/\/quehacerpolitico.mx\/?p=89134","og_locale":"es_MX","og_type":"article","og_title":"El FBI, la DEA y polic\u00eda de Canad\u00e1 reforzar\u00e1n seguridad\u00a0En Quintana Roo -","og_description":"Por Redacci\u00f3n QP El gobernador del estado reconoci\u00f3 que los destinos tur\u00edsticos de Quintana Roo...","og_url":"https:\/\/quehacerpolitico.mx\/?p=89134","article_published_time":"2022-01-28T20:57:58+00:00","article_modified_time":"2022-01-28T20:58:01+00:00","og_image":[{"width":678,"height":452,"url":"https:\/\/quehacerpolitico.mx\/wp-content\/uploads\/2022\/01\/BB5BAB50-BF1C-495B-9884-F6622B0F2182.jpeg","type":"image\/jpeg"}],"author":"Redacci\u00f3n QP","twitter_card":"summary_large_image","twitter_misc":{"Escrito por":"Redacci\u00f3n QP","Tiempo de lectura":"2 minutos"},"schema":{"@context":"https:\/\/schema.org","@graph":[{"@type":"Article","@id":"https:\/\/quehacerpolitico.mx\/?p=89134#article","isPartOf":{"@id":"https:\/\/quehacerpolitico.mx\/?p=89134"},"author":{"name":"Redacci\u00f3n QP","@id":"https:\/\/quehacerpolitico.mx\/#\/schema\/person\/496d8ad2d1d3f8036101dca7ee39e585"},"headline":"El FBI, la DEA y polic\u00eda de Canad\u00e1 reforzar\u00e1n seguridad\u00a0En Quintana Roo","datePublished":"2022-01-28T20:57:58+00:00","dateModified":"2022-01-28T20:58:01+00:00","mainEntityOfPage":{"@id":"https:\/\/quehacerpolitico.mx\/?p=89134"},"wordCount":452,"commentCount":0,"image":{"@id":"https:\/\/quehacerpolitico.mx\/?p=89134#primaryimage"},"thumbnailUrl":"https:\/\/quehacerpolitico.mx\/wp-content\/uploads\/2022\/01\/BB5BAB50-BF1C-495B-9884-F6622B0F2182.jpeg","articleSection":["Noticias"],"inLanguage":"es","potentialAction":[{"@type":"CommentAction","name":"Comment","target":["https:\/\/quehacerpolitico.mx\/?p=89134#respond"]}]},{"@type":"WebPage","@id":"https:\/\/quehacerpolitico.mx\/?p=89134","url":"https:\/\/quehacerpolitico.mx\/?p=89134","name":"El FBI, la DEA y polic\u00eda de Canad\u00e1 reforzar\u00e1n seguridad\u00a0En Quintana Roo -","isPartOf":{"@id":"https:\/\/quehacerpolitico.mx\/#website"},"primaryImageOfPage":{"@id":"https:\/\/quehacerpolitico.mx\/?p=89134#primaryimage"},"image":{"@id":"https:\/\/quehacerpolitico.mx\/?p=89134#primaryimage"},"thumbnailUrl":"https:\/\/quehacerpolitico.mx\/wp-content\/uploads\/2022\/01\/BB5BAB50-BF1C-495B-9884-F6622B0F2182.jpeg","datePublished":"2022-01-28T20:57:58+00:00","dateModified":"2022-01-28T20:58:01+00:00","author":{"@id":"https:\/\/quehacerpolitico.mx\/#\/schema\/person\/496d8ad2d1d3f8036101dca7ee39e585"},"breadcrumb":{"@id":"https:\/\/quehacerpolitico.mx\/?p=89134#breadcrumb"},"inLanguage":"es","potentialAction":[{"@type":"ReadAction","target":["https:\/\/quehacerpolitico.mx\/?p=89134"]}]},{"@type":"ImageObject","inLanguage":"es","@id":"https:\/\/quehacerpolitico.mx\/?p=89134#primaryimage","url":"https:\/\/quehacerpolitico.mx\/wp-content\/uploads\/2022\/01\/BB5BAB50-BF1C-495B-9884-F6622B0F2182.jpeg","contentUrl":"https:\/\/quehacerpolitico.mx\/wp-content\/uploads\/2022\/01\/BB5BAB50-BF1C-495B-9884-F6622B0F2182.jpeg","width":678,"height":452},{"@type":"BreadcrumbList","@id":"https:\/\/quehacerpolitico.mx\/?p=89134#breadcrumb","itemListElement":[{"@type":"ListItem","position":1,"name":"Inicio","item":"https:\/\/quehacerpolitico.mx\/"},{"@type":"ListItem","position":2,"name":"El FBI, la DEA y polic\u00eda de Canad\u00e1 reforzar\u00e1n seguridad\u00a0En Quintana Roo"}]},{"@type":"WebSite","@id":"https:\/\/quehacerpolitico.mx\/#website","url":"https:\/\/quehacerpolitico.mx\/","name":"","description":"","potentialAction":[{"@type":"SearchAction","target":{"@type":"EntryPoint","urlTemplate":"https:\/\/quehacerpolitico.mx\/?s={search_term_string}"},"query-input":{"@type":"PropertyValueSpecification","valueRequired":true,"valueName":"search_term_string"}}],"inLanguage":"es"},{"@type":"Person","@id":"https:\/\/quehacerpolitico.mx\/#\/schema\/person\/496d8ad2d1d3f8036101dca7ee39e585","name":"Redacci\u00f3n QP","image":{"@type":"ImageObject","inLanguage":"es","@id":"https:\/\/secure.gravatar.com\/avatar\/c7164ed6fdec453195284ad24a5ae5b6e1eed2b848477fa2a4787ba9adf39a41?s=96&d=mm&r=g","url":"https:\/\/secure.gravatar.com\/avatar\/c7164ed6fdec453195284ad24a5ae5b6e1eed2b848477fa2a4787ba9adf39a41?s=96&d=mm&r=g","contentUrl":"https:\/\/secure.gravatar.com\/avatar\/c7164ed6fdec453195284ad24a5ae5b6e1eed2b848477fa2a4787ba9adf39a41?s=96&d=mm&r=g","caption":"Redacci\u00f3n QP"},"url":"https:\/\/quehacerpolitico.mx\/?author=2"}]}},"featured_image_urls":{"full":["https:\/\/quehacerpolitico.mx\/wp-content\/uploads\/2022\/01\/BB5BAB50-BF1C-495B-9884-F6622B0F2182.jpeg",678,452,false],"thumbnail":["https:\/\/quehacerpolitico.mx\/wp-content\/uploads\/2022\/01\/BB5BAB50-BF1C-495B-9884-F6622B0F2182-150x150.jpeg",150,150,true],"medium":["https:\/\/quehacerpolitico.mx\/wp-content\/uploads\/2022\/01\/BB5BAB50-BF1C-495B-9884-F6622B0F2182-300x200.jpeg",300,200,true],"medium_large":["https:\/\/quehacerpolitico.mx\/wp-content\/uploads\/2022\/01\/BB5BAB50-BF1C-495B-9884-F6622B0F2182.jpeg",640,427,false],"large":["https:\/\/quehacerpolitico.mx\/wp-content\/uploads\/2022\/01\/BB5BAB50-BF1C-495B-9884-F6622B0F2182.jpeg",640,427,false],"1536x1536":["https:\/\/quehacerpolitico.mx\/wp-content\/uploads\/2022\/01\/BB5BAB50-BF1C-495B-9884-F6622B0F2182.jpeg",678,452,false],"2048x2048":["https:\/\/quehacerpolitico.mx\/wp-content\/uploads\/2022\/01\/BB5BAB50-BF1C-495B-9884-F6622B0F2182.jpeg",678,452,false],"covernews-featured":["https:\/\/quehacerpolitico.mx\/wp-content\/uploads\/2022\/01\/BB5BAB50-BF1C-495B-9884-F6622B0F2182.jpeg",678,452,false],"covernews-medium":["https:\/\/quehacerpolitico.mx\/wp-content\/uploads\/2022\/01\/BB5BAB50-BF1C-495B-9884-F6622B0F2182.jpeg",510,340,false]},"author_info":{"display_name":"Redacci\u00f3n QP","author_link":"https:\/\/quehacerpolitico.mx\/?author=2"},"category_info":"<a href=\"https:\/\/quehacerpolitico.mx\/?cat=2\" rel=\"category\">Noticias<\/a>","tag_info":"Noticias","comment_count":"0","_links":{"self":[{"href":"https:\/\/quehacerpolitico.mx\/index.php?rest_route=\/wp\/v2\/posts\/89134","targetHints":{"allow":["GET"]}}],"collection":[{"href":"https:\/\/quehacerpolitico.mx\/index.php?rest_route=\/wp\/v2\/posts"}],"about":[{"href":"https:\/\/quehacerpolitico.mx\/index.php?rest_route=\/wp\/v2\/types\/post"}],"author":[{"embeddable":true,"href":"https:\/\/quehacerpolitico.mx\/index.php?rest_route=\/wp\/v2\/users\/2"}],"replies":[{"embeddable":true,"href":"https:\/\/quehacerpolitico.mx\/index.php?rest_route=%2Fwp%2Fv2%2Fcomments&post=89134"}],"version-history":[{"count":1,"href":"https:\/\/quehacerpolitico.mx\/index.php?rest_route=\/wp\/v2\/posts\/89134\/revisions"}],"predecessor-version":[{"id":89138,"href":"https:\/\/quehacerpolitico.mx\/index.php?rest_route=\/wp\/v2\/posts\/89134\/revisions\/89138"}],"wp:featuredmedia":[{"embeddable":true,"href":"https:\/\/quehacerpolitico.mx\/index.php?rest_route=\/wp\/v2\/media\/89135"}],"wp:attachment":[{"href":"https:\/\/quehacerpolitico.mx\/index.php?rest_route=%2Fwp%2Fv2%2Fmedia&parent=89134"}],"wp:term":[{"taxonomy":"category","embeddable":true,"href":"https:\/\/quehacerpolitico.mx\/index.php?rest_route=%2Fwp%2Fv2%2Fcategories&post=89134"},{"taxonomy":"post_tag","embeddable":true,"href":"https:\/\/quehacerpolitico.mx\/index.php?rest_route=%2Fwp%2Fv2%2Ftags&post=89134"}],"curies":[{"name":"wp","href":"https:\/\/api.w.org\/{rel}","templated":true}]}}