{"id":89130,"date":"2022-01-28T19:38:45","date_gmt":"2022-01-28T19:38:45","guid":{"rendered":"https:\/\/quehacerpolitico.mx\/?p=89130"},"modified":"2022-01-28T19:38:47","modified_gmt":"2022-01-28T19:38:47","slug":"la-arquitectura-y-su-presencia-en-instagram","status":"publish","type":"post","link":"https:\/\/quehacerpolitico.mx\/?p=89130","title":{"rendered":"La arquitectura y su presencia en Instagram"},"content":{"rendered":"\n<p>Por Redacci\u00f3n NotiExpress | La Revista del Sector Inmobiliario<\/p>\n\n\n\n<p>Las<strong>&nbsp;p\u00e1ginas de arquitectura en instagram<\/strong>&nbsp;nos muestran un abanico de posibilidades que pueden ser contrastadas gracias a ideas que tengamos. Para aquellos<strong>&nbsp;amantes del dise\u00f1o estructural<\/strong>&nbsp;seguirlas puede servir de inspiraci\u00f3n ante&nbsp;<strong>futuros proyectos.<\/strong><\/p>\n\n\n\n<p>En\u00a0NotiExpress | La Revista del Sector Inmobiliario | nos dispusimos a crear un<strong>\u00a0top 10 de p\u00e1ginas imprescindibles<\/strong>\u00a0que tienes que seguir para maravillarte con<strong>\u00a0dise\u00f1os arquitect\u00f3nicos<\/strong>\u00a0que se encuentran en todo el mundo.<\/p>\n\n\n\n<figure class=\"wp-block-image size-large\"><img loading=\"lazy\" decoding=\"async\" width=\"1024\" height=\"570\" src=\"https:\/\/quehacerpolitico.mx\/wp-content\/uploads\/2022\/01\/image-134-1024x570.jpeg\" alt=\"\" class=\"wp-image-89132\" srcset=\"https:\/\/quehacerpolitico.mx\/wp-content\/uploads\/2022\/01\/image-134-1024x570.jpeg 1024w, https:\/\/quehacerpolitico.mx\/wp-content\/uploads\/2022\/01\/image-134-300x167.jpeg 300w, https:\/\/quehacerpolitico.mx\/wp-content\/uploads\/2022\/01\/image-134-768x428.jpeg 768w, https:\/\/quehacerpolitico.mx\/wp-content\/uploads\/2022\/01\/image-134-260x146.jpeg 260w, https:\/\/quehacerpolitico.mx\/wp-content\/uploads\/2022\/01\/image-134-50x28.jpeg 50w, https:\/\/quehacerpolitico.mx\/wp-content\/uploads\/2022\/01\/image-134-135x75.jpeg 135w, https:\/\/quehacerpolitico.mx\/wp-content\/uploads\/2022\/01\/image-134.jpeg 1284w\" sizes=\"auto, (max-width: 1024px) 100vw, 1024px\" \/><\/figure>\n\n\n\n<p>Acomp\u00e1\u00f1anos a conocer<strong>\u00a0cu\u00e1les son y como podemos inspirarnos<\/strong>\u00a0gracias a las mismas.<\/p>\n\n\n\n<h2 class=\"wp-block-heading\" id=\"top-10-paginas-de-arquitectura-en-instagram\"><strong>Top 10 p\u00e1ginas de arquitectura en Instagram<\/strong><\/h2>\n\n\n\n<p>Las siguientes&nbsp;<strong>p\u00e1ginas de instagram<\/strong>&nbsp;nos muestran&nbsp;<strong>im\u00e1genes arquitect\u00f3nicas<\/strong>&nbsp;singulares que son emblema del talento distinguible en&nbsp;<strong>diversas partes del mundo.<\/strong><\/p>\n\n\n\n<p>Elegimos cuidadosamente cu\u00e1les son aquellos\u00a0<strong>feeds de instagram<\/strong>\u00a0que sobresalen por su belleza, est\u00e9tica, innovaci\u00f3n y rese\u00f1as por parte de sus seguidores.<\/p>\n\n\n\n<h3 class=\"wp-block-heading\" id=\"1-mavix\"><strong>1 . Mavix<\/strong><\/h3>\n\n\n\n<p>Mavix es una<strong>&nbsp;p\u00e1gina de arquitectura en Instagram<\/strong>&nbsp;que se encarga de mostrar&nbsp; la representaci\u00f3n arquitect\u00f3nica por medio de la&nbsp;<strong>fotograf\u00eda y videograf\u00eda profesional<\/strong>&nbsp;de diversos proyectos que se desarrollan en M\u00e9xico.<\/p>\n\n\n\n<p>Su&nbsp;<strong>estilo es sencillo y genera armon\u00eda<\/strong>&nbsp;en todo el feed a trav\u00e9s de la muestra de perspectivas diversas de los espacios que encuadran perfectamente con el contexto que envuelve a cada proyecto. El&nbsp;<strong>factor humano<\/strong>&nbsp;est\u00e1 presente en Mavix llevando as\u00ed al personaje que detalla la fotograf\u00eda a un&nbsp;<strong>sitio completamente distinto.<\/strong><\/p>\n\n\n\n<p>Una<strong>&nbsp;p\u00e1gina de dise\u00f1o arquitect\u00f3nico<\/strong>&nbsp;imprescindible para seguir.<\/p>\n\n\n\n<div class=\"wp-block-image\"><figure class=\"aligncenter\"><a href=\"https:\/\/www.lamudi.com.mx\/journal\/wp-content\/uploads\/2022\/01\/mavix.jpg\" data-src=\"https:\/\/www.lamudi.com.mx\/journal\/wp-content\/uploads\/2022\/01\/mavix.jpg\" data-thumb=\"https:\/\/www.lamudi.com.mx\/journal\/wp-content\/uploads\/2022\/01\/mavix.jpg\" class=\"ml-lightbox-enabled\"><img decoding=\"async\" src=\"https:\/\/www.lamudi.com.mx\/journal\/wp-content\/uploads\/2022\/01\/mavix.jpg\" alt=\"Mavix\" class=\"wp-image-22116\"\/><\/a><\/figure><\/div>\n\n\n\n<h3 class=\"wp-block-heading\" id=\"2-archello-1\"><strong>2. Archello<\/strong><\/h3>\n\n\n\n<p><strong>Archello<\/strong>&nbsp;se ha posicionado como uno de los&nbsp;<strong>proyectos de fotograf\u00eda arquitect\u00f3nica<\/strong>&nbsp;m\u00e1s famosos en todo el mundo durante los \u00faltimos a\u00f1os.<\/p>\n\n\n\n<p>Con poco m\u00e1s de&nbsp;<strong>498 mil seguidores<\/strong>&nbsp;es que esta cuenta le da la vuelta al globo para mostrarnos maravillas de proyectos en<strong>&nbsp;rincones inh\u00f3spitos.<\/strong><\/p>\n\n\n\n<p>Su variedad se fusiona con estructuras grandes e interiores que nos ense\u00f1an que la arquitectura es mucho m\u00e1s diversa de lo que podemos percibir.<\/p>\n\n\n\n<p>Tienen tambi\u00e9n una&nbsp;<strong>web de arquitectos<\/strong>&nbsp;situada en&nbsp;<strong>archello.com<\/strong><\/p>\n\n\n\n<div class=\"wp-block-image\"><figure class=\"aligncenter\"><a href=\"https:\/\/www.lamudi.com.mx\/journal\/wp-content\/uploads\/2022\/01\/archello.jpg\" data-src=\"https:\/\/www.lamudi.com.mx\/journal\/wp-content\/uploads\/2022\/01\/archello.jpg\" data-thumb=\"https:\/\/www.lamudi.com.mx\/journal\/wp-content\/uploads\/2022\/01\/archello.jpg\" class=\"ml-lightbox-enabled\"><img decoding=\"async\" src=\"https:\/\/www.lamudi.com.mx\/journal\/wp-content\/uploads\/2022\/01\/archello.jpg\" alt=\"Archello\" class=\"wp-image-22115\"\/><\/a><\/figure><\/div>\n\n\n\n<h3 class=\"wp-block-heading\" id=\"3-archilovers\"><strong>3. Archilovers<\/strong><\/h3>\n\n\n\n<p><strong>Archilovers<\/strong>&nbsp;es una&nbsp;<strong>plataforma internacional de arquitectos<\/strong>&nbsp;entusiastas que han formado una comunidad que se expande en todo el mundo.<\/p>\n\n\n\n<p>Sus din\u00e1micas de interacci\u00f3n se basan en&nbsp;<strong>seleccionar aquellos proyectos llamativos<\/strong>&nbsp;a trav\u00e9s de su hashtag&nbsp;<strong>#archilovers<\/strong>&nbsp;para que de esta manera tu desarrollo pueda ser&nbsp;<strong>reposteado<\/strong>&nbsp;por ellos.<\/p>\n\n\n\n<p>Su feed no muestra un estilo uniforme, ya que le da espacio a<strong>&nbsp;estructuras que muestran diversidad e innovaci\u00f3n<\/strong>&nbsp;en cada aspecto de su conformaci\u00f3n.<\/p>\n\n\n\n<p>Su&nbsp;<strong>sitio web arquitect\u00f3nico<\/strong>&nbsp;es:&nbsp;<strong>archilovers.com<\/strong><\/p>\n\n\n\n<div class=\"wp-block-image\"><figure class=\"aligncenter\"><a href=\"https:\/\/www.lamudi.com.mx\/journal\/wp-content\/uploads\/2022\/01\/archilovers.jpg\" data-src=\"https:\/\/www.lamudi.com.mx\/journal\/wp-content\/uploads\/2022\/01\/archilovers.jpg\" data-thumb=\"https:\/\/www.lamudi.com.mx\/journal\/wp-content\/uploads\/2022\/01\/archilovers.jpg\" class=\"ml-lightbox-enabled\"><img decoding=\"async\" src=\"https:\/\/www.lamudi.com.mx\/journal\/wp-content\/uploads\/2022\/01\/archilovers.jpg\" alt=\"Archilovers\" class=\"wp-image-22120\"\/><\/a><\/figure><\/div>\n\n\n\n<h3 class=\"wp-block-heading\" id=\"4-architecture-hunter-1\"><strong>4. Architecture_hunter<\/strong><\/h3>\n\n\n\n<p><strong>Architecture_hunter<\/strong>&nbsp;como su nombre lo indica es una<strong>p\u00e1gina de arquitectura<\/strong>&nbsp;en instagram que se dedica a&nbsp;<strong>cazar proyectos<\/strong>&nbsp;para mostrarlos a sus 3 millones de seguidores.<\/p>\n\n\n\n<p>A trav\u00e9s de&nbsp;<strong>films, fotograf\u00edas y reels<\/strong>&nbsp;es como ellos reproducen el sentido de la arquitectura a los usuarios que los siguen.<\/p>\n\n\n\n<p>Se centra en<strong>&nbsp;mostrar estructuras que emulan espacios naturales<\/strong>&nbsp;combin\u00e1ndolos con lo artificial a trav\u00e9s del&nbsp;<strong>minimalismo.<\/strong><\/p>\n\n\n\n<p>Las descripciones de cada fotograf\u00eda nos dejan una&nbsp;<strong>caracterizaci\u00f3n de la misma<\/strong>&nbsp;a detalle que nos ayudan a entender por qu\u00e9 los espacios fueron formulados de esa manera.<\/p>\n\n\n\n<div class=\"wp-block-image\"><figure class=\"aligncenter\"><a href=\"https:\/\/www.lamudi.com.mx\/journal\/wp-content\/uploads\/2022\/01\/architecture-hunter.jpg\" data-src=\"https:\/\/www.lamudi.com.mx\/journal\/wp-content\/uploads\/2022\/01\/architecture-hunter.jpg\" data-thumb=\"https:\/\/www.lamudi.com.mx\/journal\/wp-content\/uploads\/2022\/01\/architecture-hunter.jpg\" class=\"ml-lightbox-enabled\"><img decoding=\"async\" src=\"https:\/\/www.lamudi.com.mx\/journal\/wp-content\/uploads\/2022\/01\/architecture-hunter.jpg\" alt=\"Architecture_hunter\" class=\"wp-image-22121\"\/><\/a><\/figure><\/div>\n\n\n\n<h3 class=\"wp-block-heading\" id=\"5-shahrooz-zomorrodi-1\"><strong>5. Shahrooz zomorrodi<\/strong><\/h3>\n\n\n\n<p><strong>Shahrooz Zomorrodi<\/strong>&nbsp;es un&nbsp;<strong>dise\u00f1ador arquitect\u00f3nico<\/strong>&nbsp;que comparte parte de su proceso<strong>&nbsp;creativo e instrumental<\/strong>para componer estructuras oscuras y llamativas por su sencillez.<\/p>\n\n\n\n<p>Su estilo se basa en mostrar el&nbsp;<strong>lujo de condominios y edificios<\/strong>&nbsp;que con poco pueden crear&nbsp;<strong>atmosferas distintas<\/strong>para sus habitantes.<\/p>\n\n\n\n<p>Muestra a sus 12 mil seguidores<strong>&nbsp;im\u00e1genes de dise\u00f1os arquitect\u00f3nicos<\/strong>&nbsp;a trav\u00e9s de mockups, bocetos y maquetas que pueden ser \u00fatiles de referencia.<\/p>\n\n\n\n<p>El<strong>&nbsp;dise\u00f1o de arquitectura de casas<\/strong>&nbsp;y edificios es su fuerte y a diferencia de otro, rompe con lo establecido para&nbsp;<strong>mostrarnos innovaci\u00f3n y disrupci\u00f3n en su l\u00e1piz.<\/strong><\/p>\n\n\n\n<div class=\"wp-block-image\"><figure class=\"aligncenter\"><a href=\"https:\/\/www.lamudi.com.mx\/journal\/wp-content\/uploads\/2022\/01\/shahrooz-1.jpg\" data-src=\"https:\/\/www.lamudi.com.mx\/journal\/wp-content\/uploads\/2022\/01\/shahrooz-1.jpg\" data-thumb=\"https:\/\/www.lamudi.com.mx\/journal\/wp-content\/uploads\/2022\/01\/shahrooz-1.jpg\" class=\"ml-lightbox-enabled\"><img decoding=\"async\" src=\"https:\/\/www.lamudi.com.mx\/journal\/wp-content\/uploads\/2022\/01\/shahrooz-1.jpg\" alt=\"Shahrooz zomorrodi\" class=\"wp-image-22122\"\/><\/a><\/figure><\/div>\n\n\n\n<h3 class=\"wp-block-heading\" id=\"6-arquitectura-mx-1\"><strong>6. Arquitectura mx<\/strong><\/h3>\n\n\n\n<p>El&nbsp;<strong>estilo mexicano<\/strong>&nbsp;no puede hacer falta en este conteo, por ello es que la cuenta&nbsp;<strong>arquitecturamx<\/strong>&nbsp;nos maravilla gracias a sus encuadres en&nbsp;<strong>contrapicada<\/strong>&nbsp;que nos dejan ver parte de estructuras que guardan toda la&nbsp;<strong>esencia de nuestro pa\u00eds.<\/strong><\/p>\n\n\n\n<p>Estructuras geom\u00e9tricas, curvil\u00edneas y detalles de las mismas son lo que vamos a ver al seguir a esta&nbsp;<strong>p\u00e1gina de instagram para arquitectos<\/strong>&nbsp;y aficionados al dise\u00f1o.<\/p>\n\n\n\n<p>Los detalles son lo que hacen que su&nbsp;<strong>feed se vea unificado<\/strong>&nbsp;y lleno de matices que podr\u00edas ver en cualquier<strong>estado de la rep\u00fablica.<\/strong><\/p>\n\n\n\n<div class=\"wp-block-image\"><figure class=\"aligncenter\"><a href=\"https:\/\/www.lamudi.com.mx\/journal\/wp-content\/uploads\/2022\/01\/arquitectura-mx.jpg\" data-src=\"https:\/\/www.lamudi.com.mx\/journal\/wp-content\/uploads\/2022\/01\/arquitectura-mx.jpg\" data-thumb=\"https:\/\/www.lamudi.com.mx\/journal\/wp-content\/uploads\/2022\/01\/arquitectura-mx.jpg\" class=\"ml-lightbox-enabled\"><img decoding=\"async\" src=\"https:\/\/www.lamudi.com.mx\/journal\/wp-content\/uploads\/2022\/01\/arquitectura-mx.jpg\" alt=\"Arquitectura mx\" class=\"wp-image-22118\"\/><\/a><\/figure><\/div>\n\n\n\n<h3 class=\"wp-block-heading\"><\/h3>\n\n\n\n<h3 class=\"wp-block-heading\" id=\"7-zaha-hadid-architects-1\"><strong>7. Zaha Hadid Architects\u00a0<\/strong><\/h3>\n\n\n\n<p><strong>Zaha Hadid Architects<\/strong>&nbsp;es una de las p\u00e1ginas de instagram m\u00e1s populares con&nbsp;<strong>1.3 millones de seguidores.<\/strong><\/p>\n\n\n\n<p>Su feed es una&nbsp;<strong>oda al color, a las curvas en las estructuras y al dise\u00f1o<\/strong>&nbsp;inmutable que compone a diversos desarrollos.<\/p>\n\n\n\n<p>Es una&nbsp;<strong>p\u00e1gina de arquitectura<\/strong>&nbsp;que sin duda sale del molde y te muestra un mundo de posibilidades en&nbsp;<strong>fotograf\u00eda, dise\u00f1o y planeaci\u00f3n.<\/strong><\/p>\n\n\n\n<div class=\"wp-block-image\"><figure class=\"aligncenter\"><a href=\"https:\/\/www.lamudi.com.mx\/journal\/wp-content\/uploads\/2022\/01\/zahahadid.jpg\" data-src=\"https:\/\/www.lamudi.com.mx\/journal\/wp-content\/uploads\/2022\/01\/zahahadid.jpg\" data-thumb=\"https:\/\/www.lamudi.com.mx\/journal\/wp-content\/uploads\/2022\/01\/zahahadid.jpg\" class=\"ml-lightbox-enabled\"><img decoding=\"async\" src=\"https:\/\/www.lamudi.com.mx\/journal\/wp-content\/uploads\/2022\/01\/zahahadid.jpg\" alt=\"Zaha Hadid Architects\u00a0\" class=\"wp-image-22119\"\/><\/a><\/figure><\/div>\n\n\n\n<h3 class=\"wp-block-heading\" id=\"8-interior-design-architecture\"><strong>8. Interior Design &amp; Architecture<\/strong><\/h3>\n\n\n\n<p><strong>d.signers<\/strong>&nbsp;es una p\u00e1gina imperdible si es que eres&nbsp;<strong>amante del interiorismo<\/strong>&nbsp;y la arquitectura; en ella mezclan lo mejor de ambas partes y lo complementan a trav\u00e9s de&nbsp;<strong>dise\u00f1os sencillos y r\u00fasticos<\/strong>&nbsp;que pueden servir de referencia para tu proyecto.<\/p>\n\n\n\n<p>A trav\u00e9s de&nbsp;<strong>reels de instagram<\/strong>&nbsp;es como esta cuenta ha logrado posicionarse entre la poblaci\u00f3n m\u00e1s joven, mostrando un&nbsp;<strong>contenido audaz<\/strong>&nbsp;y que nos muestra perspectivas de grandes ciudades.<\/p>\n\n\n\n<p>Cuenta con<strong>&nbsp;4.2 millones de seguidores<\/strong>&nbsp;y tambi\u00e9n dispone de una revista especializada en arquitectura y dise\u00f1o de interiores.<\/p>\n\n\n\n<div class=\"wp-block-image\"><figure class=\"aligncenter\"><a href=\"https:\/\/www.lamudi.com.mx\/journal\/wp-content\/uploads\/2022\/01\/d-signers-1.jpg\" data-src=\"https:\/\/www.lamudi.com.mx\/journal\/wp-content\/uploads\/2022\/01\/d-signers-1.jpg\" data-thumb=\"https:\/\/www.lamudi.com.mx\/journal\/wp-content\/uploads\/2022\/01\/d-signers-1.jpg\" class=\"ml-lightbox-enabled\"><img decoding=\"async\" src=\"https:\/\/www.lamudi.com.mx\/journal\/wp-content\/uploads\/2022\/01\/d-signers-1.jpg\" alt=\"Interior Design &amp; Architecture\" class=\"wp-image-22123\"\/><\/a><\/figure><\/div>\n\n\n\n<h3 class=\"wp-block-heading\" id=\"9-el-croquis\"><strong>9. El_croquis<\/strong><\/h3>\n\n\n\n<p><strong>El_croquis<\/strong>&nbsp;es una&nbsp;<strong>revista internacional de arquitectura<\/strong>que se alimenta gracias a la colaboraci\u00f3n de arquitectos de todas partes del mundo.<\/p>\n\n\n\n<p>El<strong>&nbsp;estilo de su arquitectura<\/strong>&nbsp;muestra colores sobrios e interiores detallados en cada rinc\u00f3n. Adem\u00e1s, podemos ver una<strong>&nbsp;variedad de dise\u00f1os<\/strong>&nbsp;en cuanto a contextos como lo son casas de campo, departamentos, espacios m\u00e1s amplio, etc.<\/p>\n\n\n\n<p>Todo el<strong>&nbsp;feed de instagram<\/strong>&nbsp;muestra composici\u00f3n y una estructura uniforme.<\/p>\n\n\n\n<p>Una<strong>&nbsp;p\u00e1gina de arquitectura<\/strong>&nbsp;la cual nos permite ver detalles y luces que crean un ambiente agradable.<\/p>\n\n\n\n<div class=\"wp-block-image\"><figure class=\"aligncenter\"><a href=\"https:\/\/www.lamudi.com.mx\/journal\/wp-content\/uploads\/2022\/01\/el-croquis.jpg\" data-src=\"https:\/\/www.lamudi.com.mx\/journal\/wp-content\/uploads\/2022\/01\/el-croquis.jpg\" data-thumb=\"https:\/\/www.lamudi.com.mx\/journal\/wp-content\/uploads\/2022\/01\/el-croquis.jpg\" class=\"ml-lightbox-enabled\"><img decoding=\"async\" src=\"https:\/\/www.lamudi.com.mx\/journal\/wp-content\/uploads\/2022\/01\/el-croquis.jpg\" alt=\"El_croquis\" class=\"wp-image-22117\"\/><\/a><\/figure><\/div>\n\n\n\n<h3 class=\"wp-block-heading\" id=\"10-admexico\"><strong>10. ADM\u00c9XICO<\/strong><\/h3>\n\n\n\n<p><strong>AD M\u00e9xico<\/strong>&nbsp;es un medio arquitect\u00f3nico que tiene muchos a\u00f1os en el sector, ante ello su&nbsp;<strong>p\u00e1gina de instagram<\/strong>&nbsp;se nutre gracias al contenido especializado que d\u00eda con d\u00eda comparte.<\/p>\n\n\n\n<p>Cada fotograf\u00eda muestra una&nbsp;<strong>descripci\u00f3n extensa y detallada<\/strong>&nbsp;sobre espacios situados en todo&nbsp;<strong>M\u00e9xico<\/strong>&nbsp;que para los lectores puede representar un compendio preciso de aquello que deseamos conocer.<\/p>\n\n\n\n<p>Una<strong>&nbsp;revista visual especializada<\/strong>&nbsp;para arquitectos que ofrece informaci\u00f3n y variedad en toda su composici\u00f3n.<\/p>\n\n\n\n<p>Su&nbsp;<strong>p\u00e1gina web arquitect\u00f3nica<\/strong>&nbsp;es:&nbsp;<strong>admagazine.com<\/strong><\/p>\n\n\n\n<div class=\"wp-block-image\"><figure class=\"aligncenter\"><a href=\"https:\/\/www.lamudi.com.mx\/journal\/wp-content\/uploads\/2022\/01\/admexico-1.jpg\" data-src=\"https:\/\/www.lamudi.com.mx\/journal\/wp-content\/uploads\/2022\/01\/admexico-1.jpg\" data-thumb=\"https:\/\/www.lamudi.com.mx\/journal\/wp-content\/uploads\/2022\/01\/admexico-1.jpg\" class=\"ml-lightbox-enabled\"><img decoding=\"async\" src=\"https:\/\/www.lamudi.com.mx\/journal\/wp-content\/uploads\/2022\/01\/admexico-1.jpg\" alt=\" ADM\u00c9XICO\" class=\"wp-image-22124\"\/><\/a><\/figure><\/div>\n\n\n\n<p>La<strong>\u00a0riqueza de las p\u00e1ginas arquitect\u00f3nicas<\/strong>\u00a0y como estas re\u00fanen fragmentos de m\u00faltiples espacios es lo que m\u00e1s<strong>llama nuestra atenci\u00f3n<\/strong>, por ello es que encontrar nuevos significados y fotograf\u00edas que enriquezcan la inspiraci\u00f3n es una\u00a0<strong>asociaci\u00f3n significativa<\/strong>\u00a0que como creativos estamos obligados a seguir y conocer.<\/p>\n\n\n\n<p>No se te olvide que?<\/p>\n\n\n\n<p>En\u00a0NotiExpress | La Revista del Sector Inmobiliario nos ocupamos en la difusi\u00f3n de la industria inmobiliaria generamos contenidos que te ayudar\u00e1n a mantenerte a la vanguardia en tecnolog\u00eda y en tendencias del sector inmobiliario para que puedas ofrecer el mejor servicio y generar m\u00e1s clientes.<\/p>\n\n\n\n<p>\u00c9chale una miradita a nuestra revista mensual donde encontrar\u00e1s la informaci\u00f3n precisa y oportuna con todo lo relacionado al sector inmobiliario aqu\u00ed\u00a0?https:\/\/issuu.com\/notiexpressmx\/docs\/notiexpress_05 NotiExpress | La Revista del Sector Inmobiliario.<\/p>\n\n\n\n<p><a href=\"https:\/\/www.lamudi.com.mx\/journal\/wp-content\/uploads\/2022\/01\/admexico-1.jpg\"><br><\/a><\/p>\n","protected":false},"excerpt":{"rendered":"<p>Por Redacci\u00f3n NotiExpress | La Revista del Sector Inmobiliario Las&nbsp;p\u00e1ginas de arquitectura en instagram&nbsp;nos muestran&#8230;<\/p>\n","protected":false},"author":2,"featured_media":89131,"comment_status":"open","ping_status":"open","sticky":false,"template":"","format":"standard","meta":{"_monsterinsights_skip_tracking":false,"_monsterinsights_sitenote_active":false,"_monsterinsights_sitenote_note":"","_monsterinsights_sitenote_category":0,"footnotes":""},"categories":[56],"tags":[],"class_list":["post-89130","post","type-post","status-publish","format-standard","has-post-thumbnail","hentry","category-economia"],"yoast_head":"<!-- This site is optimized with the Yoast SEO plugin v27.3 - https:\/\/yoast.com\/product\/yoast-seo-wordpress\/ -->\n<title>La arquitectura y su presencia en Instagram -<\/title>\n<meta name=\"robots\" content=\"index, follow, max-snippet:-1, max-image-preview:large, max-video-preview:-1\" \/>\n<link rel=\"canonical\" href=\"https:\/\/quehacerpolitico.mx\/?p=89130\" \/>\n<meta property=\"og:locale\" content=\"es_MX\" \/>\n<meta property=\"og:type\" content=\"article\" \/>\n<meta property=\"og:title\" content=\"La arquitectura y su presencia en Instagram -\" \/>\n<meta property=\"og:description\" content=\"Por Redacci\u00f3n NotiExpress | La Revista del Sector Inmobiliario Las&nbsp;p\u00e1ginas de arquitectura en instagram&nbsp;nos muestran...\" \/>\n<meta property=\"og:url\" content=\"https:\/\/quehacerpolitico.mx\/?p=89130\" \/>\n<meta property=\"article:published_time\" content=\"2022-01-28T19:38:45+00:00\" \/>\n<meta property=\"article:modified_time\" content=\"2022-01-28T19:38:47+00:00\" \/>\n<meta property=\"og:image\" content=\"https:\/\/quehacerpolitico.mx\/wp-content\/uploads\/2022\/01\/CF84CB0F-AC86-48C7-8BB0-571AA1FDE9E7.jpeg\" \/>\n\t<meta property=\"og:image:width\" content=\"1520\" \/>\n\t<meta property=\"og:image:height\" content=\"1105\" \/>\n\t<meta property=\"og:image:type\" content=\"image\/jpeg\" \/>\n<meta name=\"author\" content=\"Redacci\u00f3n QP\" \/>\n<meta name=\"twitter:card\" content=\"summary_large_image\" \/>\n<meta name=\"twitter:label1\" content=\"Escrito por\" \/>\n\t<meta name=\"twitter:data1\" content=\"Redacci\u00f3n QP\" \/>\n\t<meta name=\"twitter:label2\" content=\"Tiempo de lectura\" \/>\n\t<meta name=\"twitter:data2\" content=\"7 minutos\" \/>\n<script type=\"application\/ld+json\" class=\"yoast-schema-graph\">{\"@context\":\"https:\\\/\\\/schema.org\",\"@graph\":[{\"@type\":\"Article\",\"@id\":\"https:\\\/\\\/quehacerpolitico.mx\\\/?p=89130#article\",\"isPartOf\":{\"@id\":\"https:\\\/\\\/quehacerpolitico.mx\\\/?p=89130\"},\"author\":{\"name\":\"Redacci\u00f3n QP\",\"@id\":\"https:\\\/\\\/quehacerpolitico.mx\\\/#\\\/schema\\\/person\\\/496d8ad2d1d3f8036101dca7ee39e585\"},\"headline\":\"La arquitectura y su presencia en Instagram\",\"datePublished\":\"2022-01-28T19:38:45+00:00\",\"dateModified\":\"2022-01-28T19:38:47+00:00\",\"mainEntityOfPage\":{\"@id\":\"https:\\\/\\\/quehacerpolitico.mx\\\/?p=89130\"},\"wordCount\":1380,\"commentCount\":0,\"image\":{\"@id\":\"https:\\\/\\\/quehacerpolitico.mx\\\/?p=89130#primaryimage\"},\"thumbnailUrl\":\"https:\\\/\\\/quehacerpolitico.mx\\\/wp-content\\\/uploads\\\/2022\\\/01\\\/CF84CB0F-AC86-48C7-8BB0-571AA1FDE9E7.jpeg\",\"articleSection\":[\"Econom\u00eda\"],\"inLanguage\":\"es\",\"potentialAction\":[{\"@type\":\"CommentAction\",\"name\":\"Comment\",\"target\":[\"https:\\\/\\\/quehacerpolitico.mx\\\/?p=89130#respond\"]}]},{\"@type\":\"WebPage\",\"@id\":\"https:\\\/\\\/quehacerpolitico.mx\\\/?p=89130\",\"url\":\"https:\\\/\\\/quehacerpolitico.mx\\\/?p=89130\",\"name\":\"La arquitectura y su presencia en Instagram -\",\"isPartOf\":{\"@id\":\"https:\\\/\\\/quehacerpolitico.mx\\\/#website\"},\"primaryImageOfPage\":{\"@id\":\"https:\\\/\\\/quehacerpolitico.mx\\\/?p=89130#primaryimage\"},\"image\":{\"@id\":\"https:\\\/\\\/quehacerpolitico.mx\\\/?p=89130#primaryimage\"},\"thumbnailUrl\":\"https:\\\/\\\/quehacerpolitico.mx\\\/wp-content\\\/uploads\\\/2022\\\/01\\\/CF84CB0F-AC86-48C7-8BB0-571AA1FDE9E7.jpeg\",\"datePublished\":\"2022-01-28T19:38:45+00:00\",\"dateModified\":\"2022-01-28T19:38:47+00:00\",\"author\":{\"@id\":\"https:\\\/\\\/quehacerpolitico.mx\\\/#\\\/schema\\\/person\\\/496d8ad2d1d3f8036101dca7ee39e585\"},\"breadcrumb\":{\"@id\":\"https:\\\/\\\/quehacerpolitico.mx\\\/?p=89130#breadcrumb\"},\"inLanguage\":\"es\",\"potentialAction\":[{\"@type\":\"ReadAction\",\"target\":[\"https:\\\/\\\/quehacerpolitico.mx\\\/?p=89130\"]}]},{\"@type\":\"ImageObject\",\"inLanguage\":\"es\",\"@id\":\"https:\\\/\\\/quehacerpolitico.mx\\\/?p=89130#primaryimage\",\"url\":\"https:\\\/\\\/quehacerpolitico.mx\\\/wp-content\\\/uploads\\\/2022\\\/01\\\/CF84CB0F-AC86-48C7-8BB0-571AA1FDE9E7.jpeg\",\"contentUrl\":\"https:\\\/\\\/quehacerpolitico.mx\\\/wp-content\\\/uploads\\\/2022\\\/01\\\/CF84CB0F-AC86-48C7-8BB0-571AA1FDE9E7.jpeg\",\"width\":1520,\"height\":1105},{\"@type\":\"BreadcrumbList\",\"@id\":\"https:\\\/\\\/quehacerpolitico.mx\\\/?p=89130#breadcrumb\",\"itemListElement\":[{\"@type\":\"ListItem\",\"position\":1,\"name\":\"Inicio\",\"item\":\"https:\\\/\\\/quehacerpolitico.mx\\\/\"},{\"@type\":\"ListItem\",\"position\":2,\"name\":\"La arquitectura y su presencia en Instagram\"}]},{\"@type\":\"WebSite\",\"@id\":\"https:\\\/\\\/quehacerpolitico.mx\\\/#website\",\"url\":\"https:\\\/\\\/quehacerpolitico.mx\\\/\",\"name\":\"\",\"description\":\"\",\"potentialAction\":[{\"@type\":\"SearchAction\",\"target\":{\"@type\":\"EntryPoint\",\"urlTemplate\":\"https:\\\/\\\/quehacerpolitico.mx\\\/?s={search_term_string}\"},\"query-input\":{\"@type\":\"PropertyValueSpecification\",\"valueRequired\":true,\"valueName\":\"search_term_string\"}}],\"inLanguage\":\"es\"},{\"@type\":\"Person\",\"@id\":\"https:\\\/\\\/quehacerpolitico.mx\\\/#\\\/schema\\\/person\\\/496d8ad2d1d3f8036101dca7ee39e585\",\"name\":\"Redacci\u00f3n QP\",\"image\":{\"@type\":\"ImageObject\",\"inLanguage\":\"es\",\"@id\":\"https:\\\/\\\/secure.gravatar.com\\\/avatar\\\/c7164ed6fdec453195284ad24a5ae5b6e1eed2b848477fa2a4787ba9adf39a41?s=96&d=mm&r=g\",\"url\":\"https:\\\/\\\/secure.gravatar.com\\\/avatar\\\/c7164ed6fdec453195284ad24a5ae5b6e1eed2b848477fa2a4787ba9adf39a41?s=96&d=mm&r=g\",\"contentUrl\":\"https:\\\/\\\/secure.gravatar.com\\\/avatar\\\/c7164ed6fdec453195284ad24a5ae5b6e1eed2b848477fa2a4787ba9adf39a41?s=96&d=mm&r=g\",\"caption\":\"Redacci\u00f3n QP\"},\"url\":\"https:\\\/\\\/quehacerpolitico.mx\\\/?author=2\"}]}<\/script>\n<!-- \/ Yoast SEO plugin. -->","yoast_head_json":{"title":"La arquitectura y su presencia en Instagram -","robots":{"index":"index","follow":"follow","max-snippet":"max-snippet:-1","max-image-preview":"max-image-preview:large","max-video-preview":"max-video-preview:-1"},"canonical":"https:\/\/quehacerpolitico.mx\/?p=89130","og_locale":"es_MX","og_type":"article","og_title":"La arquitectura y su presencia en Instagram -","og_description":"Por Redacci\u00f3n NotiExpress | La Revista del Sector Inmobiliario Las&nbsp;p\u00e1ginas de arquitectura en instagram&nbsp;nos muestran...","og_url":"https:\/\/quehacerpolitico.mx\/?p=89130","article_published_time":"2022-01-28T19:38:45+00:00","article_modified_time":"2022-01-28T19:38:47+00:00","og_image":[{"width":1520,"height":1105,"url":"https:\/\/quehacerpolitico.mx\/wp-content\/uploads\/2022\/01\/CF84CB0F-AC86-48C7-8BB0-571AA1FDE9E7.jpeg","type":"image\/jpeg"}],"author":"Redacci\u00f3n QP","twitter_card":"summary_large_image","twitter_misc":{"Escrito por":"Redacci\u00f3n QP","Tiempo de lectura":"7 minutos"},"schema":{"@context":"https:\/\/schema.org","@graph":[{"@type":"Article","@id":"https:\/\/quehacerpolitico.mx\/?p=89130#article","isPartOf":{"@id":"https:\/\/quehacerpolitico.mx\/?p=89130"},"author":{"name":"Redacci\u00f3n QP","@id":"https:\/\/quehacerpolitico.mx\/#\/schema\/person\/496d8ad2d1d3f8036101dca7ee39e585"},"headline":"La arquitectura y su presencia en Instagram","datePublished":"2022-01-28T19:38:45+00:00","dateModified":"2022-01-28T19:38:47+00:00","mainEntityOfPage":{"@id":"https:\/\/quehacerpolitico.mx\/?p=89130"},"wordCount":1380,"commentCount":0,"image":{"@id":"https:\/\/quehacerpolitico.mx\/?p=89130#primaryimage"},"thumbnailUrl":"https:\/\/quehacerpolitico.mx\/wp-content\/uploads\/2022\/01\/CF84CB0F-AC86-48C7-8BB0-571AA1FDE9E7.jpeg","articleSection":["Econom\u00eda"],"inLanguage":"es","potentialAction":[{"@type":"CommentAction","name":"Comment","target":["https:\/\/quehacerpolitico.mx\/?p=89130#respond"]}]},{"@type":"WebPage","@id":"https:\/\/quehacerpolitico.mx\/?p=89130","url":"https:\/\/quehacerpolitico.mx\/?p=89130","name":"La arquitectura y su presencia en Instagram -","isPartOf":{"@id":"https:\/\/quehacerpolitico.mx\/#website"},"primaryImageOfPage":{"@id":"https:\/\/quehacerpolitico.mx\/?p=89130#primaryimage"},"image":{"@id":"https:\/\/quehacerpolitico.mx\/?p=89130#primaryimage"},"thumbnailUrl":"https:\/\/quehacerpolitico.mx\/wp-content\/uploads\/2022\/01\/CF84CB0F-AC86-48C7-8BB0-571AA1FDE9E7.jpeg","datePublished":"2022-01-28T19:38:45+00:00","dateModified":"2022-01-28T19:38:47+00:00","author":{"@id":"https:\/\/quehacerpolitico.mx\/#\/schema\/person\/496d8ad2d1d3f8036101dca7ee39e585"},"breadcrumb":{"@id":"https:\/\/quehacerpolitico.mx\/?p=89130#breadcrumb"},"inLanguage":"es","potentialAction":[{"@type":"ReadAction","target":["https:\/\/quehacerpolitico.mx\/?p=89130"]}]},{"@type":"ImageObject","inLanguage":"es","@id":"https:\/\/quehacerpolitico.mx\/?p=89130#primaryimage","url":"https:\/\/quehacerpolitico.mx\/wp-content\/uploads\/2022\/01\/CF84CB0F-AC86-48C7-8BB0-571AA1FDE9E7.jpeg","contentUrl":"https:\/\/quehacerpolitico.mx\/wp-content\/uploads\/2022\/01\/CF84CB0F-AC86-48C7-8BB0-571AA1FDE9E7.jpeg","width":1520,"height":1105},{"@type":"BreadcrumbList","@id":"https:\/\/quehacerpolitico.mx\/?p=89130#breadcrumb","itemListElement":[{"@type":"ListItem","position":1,"name":"Inicio","item":"https:\/\/quehacerpolitico.mx\/"},{"@type":"ListItem","position":2,"name":"La arquitectura y su presencia en Instagram"}]},{"@type":"WebSite","@id":"https:\/\/quehacerpolitico.mx\/#website","url":"https:\/\/quehacerpolitico.mx\/","name":"","description":"","potentialAction":[{"@type":"SearchAction","target":{"@type":"EntryPoint","urlTemplate":"https:\/\/quehacerpolitico.mx\/?s={search_term_string}"},"query-input":{"@type":"PropertyValueSpecification","valueRequired":true,"valueName":"search_term_string"}}],"inLanguage":"es"},{"@type":"Person","@id":"https:\/\/quehacerpolitico.mx\/#\/schema\/person\/496d8ad2d1d3f8036101dca7ee39e585","name":"Redacci\u00f3n QP","image":{"@type":"ImageObject","inLanguage":"es","@id":"https:\/\/secure.gravatar.com\/avatar\/c7164ed6fdec453195284ad24a5ae5b6e1eed2b848477fa2a4787ba9adf39a41?s=96&d=mm&r=g","url":"https:\/\/secure.gravatar.com\/avatar\/c7164ed6fdec453195284ad24a5ae5b6e1eed2b848477fa2a4787ba9adf39a41?s=96&d=mm&r=g","contentUrl":"https:\/\/secure.gravatar.com\/avatar\/c7164ed6fdec453195284ad24a5ae5b6e1eed2b848477fa2a4787ba9adf39a41?s=96&d=mm&r=g","caption":"Redacci\u00f3n QP"},"url":"https:\/\/quehacerpolitico.mx\/?author=2"}]}},"featured_image_urls":{"full":["https:\/\/quehacerpolitico.mx\/wp-content\/uploads\/2022\/01\/CF84CB0F-AC86-48C7-8BB0-571AA1FDE9E7.jpeg",1520,1105,false],"thumbnail":["https:\/\/quehacerpolitico.mx\/wp-content\/uploads\/2022\/01\/CF84CB0F-AC86-48C7-8BB0-571AA1FDE9E7-150x150.jpeg",150,150,true],"medium":["https:\/\/quehacerpolitico.mx\/wp-content\/uploads\/2022\/01\/CF84CB0F-AC86-48C7-8BB0-571AA1FDE9E7-300x218.jpeg",300,218,true],"medium_large":["https:\/\/quehacerpolitico.mx\/wp-content\/uploads\/2022\/01\/CF84CB0F-AC86-48C7-8BB0-571AA1FDE9E7-768x558.jpeg",640,465,true],"large":["https:\/\/quehacerpolitico.mx\/wp-content\/uploads\/2022\/01\/CF84CB0F-AC86-48C7-8BB0-571AA1FDE9E7-1024x744.jpeg",640,465,true],"1536x1536":["https:\/\/quehacerpolitico.mx\/wp-content\/uploads\/2022\/01\/CF84CB0F-AC86-48C7-8BB0-571AA1FDE9E7.jpeg",1520,1105,false],"2048x2048":["https:\/\/quehacerpolitico.mx\/wp-content\/uploads\/2022\/01\/CF84CB0F-AC86-48C7-8BB0-571AA1FDE9E7.jpeg",1520,1105,false],"covernews-featured":["https:\/\/quehacerpolitico.mx\/wp-content\/uploads\/2022\/01\/CF84CB0F-AC86-48C7-8BB0-571AA1FDE9E7.jpeg",1024,744,false],"covernews-medium":["https:\/\/quehacerpolitico.mx\/wp-content\/uploads\/2022\/01\/CF84CB0F-AC86-48C7-8BB0-571AA1FDE9E7.jpeg",468,340,false]},"author_info":{"display_name":"Redacci\u00f3n QP","author_link":"https:\/\/quehacerpolitico.mx\/?author=2"},"category_info":"<a href=\"https:\/\/quehacerpolitico.mx\/?cat=56\" rel=\"category\">Econom\u00eda<\/a>","tag_info":"Econom\u00eda","comment_count":"0","_links":{"self":[{"href":"https:\/\/quehacerpolitico.mx\/index.php?rest_route=\/wp\/v2\/posts\/89130","targetHints":{"allow":["GET"]}}],"collection":[{"href":"https:\/\/quehacerpolitico.mx\/index.php?rest_route=\/wp\/v2\/posts"}],"about":[{"href":"https:\/\/quehacerpolitico.mx\/index.php?rest_route=\/wp\/v2\/types\/post"}],"author":[{"embeddable":true,"href":"https:\/\/quehacerpolitico.mx\/index.php?rest_route=\/wp\/v2\/users\/2"}],"replies":[{"embeddable":true,"href":"https:\/\/quehacerpolitico.mx\/index.php?rest_route=%2Fwp%2Fv2%2Fcomments&post=89130"}],"version-history":[{"count":1,"href":"https:\/\/quehacerpolitico.mx\/index.php?rest_route=\/wp\/v2\/posts\/89130\/revisions"}],"predecessor-version":[{"id":89133,"href":"https:\/\/quehacerpolitico.mx\/index.php?rest_route=\/wp\/v2\/posts\/89130\/revisions\/89133"}],"wp:featuredmedia":[{"embeddable":true,"href":"https:\/\/quehacerpolitico.mx\/index.php?rest_route=\/wp\/v2\/media\/89131"}],"wp:attachment":[{"href":"https:\/\/quehacerpolitico.mx\/index.php?rest_route=%2Fwp%2Fv2%2Fmedia&parent=89130"}],"wp:term":[{"taxonomy":"category","embeddable":true,"href":"https:\/\/quehacerpolitico.mx\/index.php?rest_route=%2Fwp%2Fv2%2Fcategories&post=89130"},{"taxonomy":"post_tag","embeddable":true,"href":"https:\/\/quehacerpolitico.mx\/index.php?rest_route=%2Fwp%2Fv2%2Ftags&post=89130"}],"curies":[{"name":"wp","href":"https:\/\/api.w.org\/{rel}","templated":true}]}}