{"id":8911,"date":"2018-11-10T18:13:30","date_gmt":"2018-11-10T18:13:30","guid":{"rendered":"http:\/\/quehacerpolitico.mx\/ana-la-mujer-que-conducia-el-trailer-que-mato-a-10-personas-es-trasladada-al-penal-de-santa-martha-acatitla\/"},"modified":"2018-11-10T18:13:30","modified_gmt":"2018-11-10T18:13:30","slug":"ana-la-mujer-que-conducia-el-trailer-que-mato-a-10-personas-es-trasladada-al-penal-de-santa-martha-acatitla","status":"publish","type":"post","link":"https:\/\/quehacerpolitico.mx\/?p=8911","title":{"rendered":"Ana, la mujer que conduc\u00eda el tr\u00e1iler que mat\u00f3 a 10 personas, es trasladada al penal de Santa Martha Acatitla"},"content":{"rendered":"<h1>Ana, la mujer que conduc\u00eda el tr\u00e1iler que mat\u00f3 a 10 personas, es trasladada al penal de Santa Martha Acatitla<\/h1>\n<p>Por Redacci\u00f3n QP<\/p>\n<p><strong>Ana<\/strong>, la mujer que conduc\u00eda <strong>el tr\u00e1iler que choc\u00f3 contra varios veh\u00edculos<\/strong> y provoc\u00f3 la muerte de 10 personas, fue trasladada al penal femenil de<strong> Santa Martha Acatitla<\/strong>.<\/p>\n<p>A la mujer se le imputar\u00e1n los cargos de homicidio culposo y lesiones contra 17 personas.<\/p>\n<p>El <strong>cami\u00f3n<\/strong> que el mi\u00e9rcoles por la noche arroll\u00f3 a 10 veh\u00edculos y provoc\u00f3<strong> 10 muertos y 17 heridos<\/strong> en la carretera <strong>M\u00e9xico-Toluca<\/strong>, que conecta la capital mexicana con el Estado de M\u00e9xico, viajaba a m\u00e1s de <strong>100 kil\u00f3metros por hora<\/strong>, informaron autoridades.<\/p>\n<p>El Procurador General de Justicia (PGJ) de Ciudad de M\u00e9xico, Edmundo Garrido, precis\u00f3 que las v\u00edctimas fueron una mujer de 30 a\u00f1os y nueve hombres de entre 31 y 60 a\u00f1os, que murieron por el impacto del veh\u00edculo que \u201cera conducido a una <strong>velocidad mayor a 100 kil\u00f3metros por hora<\/strong>\u201c.<\/p>\n<blockquote>\n<p>A pesar de que los videos suger\u00edan que el <strong>cami\u00f3n<\/strong> se hab\u00eda quedado sin frenos, el funcionario sostuvo que seg\u00fan la revisi\u00f3n que han hecho \u201cel veh\u00edculo antes del accidente contaba con su sistema de frenos funcionando, a reserva de que se determine alg\u00fan otro tipo de falla mec\u00e1nica cuando nos entreguen el dictamen\u201d.<\/p>\n<\/blockquote>\n<p>Indic\u00f3 que, de acuerdo con las investigaciones, el veh\u00edculo era tripulado por una mujer 41 a\u00f1os, quien desempe\u00f1aba funciones de operadora de <strong>cami\u00f3n<\/strong> desde septiembre del 2017.<\/p>\n<p>La ruta que cumpl\u00eda era de la ciudad de <strong>Toluca<\/strong>al municipio de Cuautitl\u00e1n, ambos en el Estado de M\u00e9xico y a una distancia de unos 90 kil\u00f3metros, con paso por Ciudad de M\u00e9xico con una carga de 25 toneladas de jab\u00f3n.<\/p>\n<p>El accidente ocurri\u00f3 la noche del mi\u00e9rcoles en el kil\u00f3metro 14,5 de la carretera <strong>M\u00e9xico-Toluca<\/strong>, con direcci\u00f3n a la capital, en la popular zona de Santa Fe.<\/p>\n<section class=\"post-content\">\n<p>Ante dicha situaci\u00f3n, la PGJ capitalina explic\u00f3 que el agente del Ministerio P\u00fablico de la alcald\u00eda de \u00c1lvaro Obreg\u00f3n inici\u00f3 una indagatoria por el delito de homicidio por tr\u00e1nsito vehicular y dio intervenci\u00f3n a personal de servicios periciales, para llevar a cabo las diligencias necesarias y establecer las causas que provocaron el accidente.<\/p>\n<p>La carretera M\u00e9xico-Toluca es uno de los accesos a la capital mexicana que registra mayor tr\u00e1nsito de tractocamiones y veh\u00edculos de carga que descienden pr\u00e1cticamente todos los d\u00edas y a toda hora.<\/p>\n<p><em>Con informaci\u00f3n de EFE.\u00a0<\/em><\/p>\n<\/section>\n","protected":false},"excerpt":{"rendered":"<p>Ana, la mujer que conduc\u00eda el tr\u00e1iler que mat\u00f3 a 10 personas, es trasladada al penal de Santa Martha Acatitla<br \/>\nPor Redacci\u00f3n QP<\/p>\n","protected":false},"author":2,"featured_media":8910,"comment_status":"open","ping_status":"open","sticky":false,"template":"","format":"standard","meta":{"_monsterinsights_skip_tracking":false,"_monsterinsights_sitenote_active":false,"_monsterinsights_sitenote_note":"","_monsterinsights_sitenote_category":0,"footnotes":""},"categories":[55],"tags":[],"class_list":["post-8911","post","type-post","status-publish","format-standard","has-post-thumbnail","hentry","category-cdmx"],"yoast_head":"<!-- This site is optimized with the Yoast SEO plugin v27.3 - https:\/\/yoast.com\/product\/yoast-seo-wordpress\/ -->\n<title>Ana, la mujer que conduc\u00eda el tr\u00e1iler que mat\u00f3 a 10 personas, es trasladada al penal de Santa Martha Acatitla -<\/title>\n<meta name=\"robots\" content=\"index, follow, max-snippet:-1, max-image-preview:large, max-video-preview:-1\" \/>\n<link rel=\"canonical\" href=\"https:\/\/quehacerpolitico.mx\/?p=8911\" \/>\n<meta property=\"og:locale\" content=\"es_MX\" \/>\n<meta property=\"og:type\" content=\"article\" \/>\n<meta property=\"og:title\" content=\"Ana, la mujer que conduc\u00eda el tr\u00e1iler que mat\u00f3 a 10 personas, es trasladada al penal de Santa Martha Acatitla -\" \/>\n<meta property=\"og:description\" content=\"Ana, la mujer que conduc\u00eda el tr\u00e1iler que mat\u00f3 a 10 personas, es trasladada al penal de Santa Martha Acatitla Por Redacci\u00f3n QP\" \/>\n<meta property=\"og:url\" content=\"https:\/\/quehacerpolitico.mx\/?p=8911\" \/>\n<meta property=\"article:published_time\" content=\"2018-11-10T18:13:30+00:00\" \/>\n<meta name=\"author\" content=\"Redacci\u00f3n QP\" \/>\n<meta name=\"twitter:card\" content=\"summary_large_image\" \/>\n<meta name=\"twitter:label1\" content=\"Escrito por\" \/>\n\t<meta name=\"twitter:data1\" content=\"Redacci\u00f3n QP\" \/>\n\t<meta name=\"twitter:label2\" content=\"Tiempo de lectura\" \/>\n\t<meta name=\"twitter:data2\" content=\"2 minutos\" \/>\n<script type=\"application\/ld+json\" class=\"yoast-schema-graph\">{\"@context\":\"https:\\\/\\\/schema.org\",\"@graph\":[{\"@type\":\"Article\",\"@id\":\"https:\\\/\\\/quehacerpolitico.mx\\\/?p=8911#article\",\"isPartOf\":{\"@id\":\"https:\\\/\\\/quehacerpolitico.mx\\\/?p=8911\"},\"author\":{\"name\":\"Redacci\u00f3n QP\",\"@id\":\"https:\\\/\\\/quehacerpolitico.mx\\\/#\\\/schema\\\/person\\\/496d8ad2d1d3f8036101dca7ee39e585\"},\"headline\":\"Ana, la mujer que conduc\u00eda el tr\u00e1iler que mat\u00f3 a 10 personas, es trasladada al penal de Santa Martha Acatitla\",\"datePublished\":\"2018-11-10T18:13:30+00:00\",\"mainEntityOfPage\":{\"@id\":\"https:\\\/\\\/quehacerpolitico.mx\\\/?p=8911\"},\"wordCount\":457,\"commentCount\":0,\"image\":{\"@id\":\"https:\\\/\\\/quehacerpolitico.mx\\\/?p=8911#primaryimage\"},\"thumbnailUrl\":\"\",\"articleSection\":[\"CDMX\"],\"inLanguage\":\"es\",\"potentialAction\":[{\"@type\":\"CommentAction\",\"name\":\"Comment\",\"target\":[\"https:\\\/\\\/quehacerpolitico.mx\\\/?p=8911#respond\"]}]},{\"@type\":\"WebPage\",\"@id\":\"https:\\\/\\\/quehacerpolitico.mx\\\/?p=8911\",\"url\":\"https:\\\/\\\/quehacerpolitico.mx\\\/?p=8911\",\"name\":\"Ana, la mujer que conduc\u00eda el tr\u00e1iler que mat\u00f3 a 10 personas, es trasladada al penal de Santa Martha Acatitla -\",\"isPartOf\":{\"@id\":\"https:\\\/\\\/quehacerpolitico.mx\\\/#website\"},\"primaryImageOfPage\":{\"@id\":\"https:\\\/\\\/quehacerpolitico.mx\\\/?p=8911#primaryimage\"},\"image\":{\"@id\":\"https:\\\/\\\/quehacerpolitico.mx\\\/?p=8911#primaryimage\"},\"thumbnailUrl\":\"\",\"datePublished\":\"2018-11-10T18:13:30+00:00\",\"author\":{\"@id\":\"https:\\\/\\\/quehacerpolitico.mx\\\/#\\\/schema\\\/person\\\/496d8ad2d1d3f8036101dca7ee39e585\"},\"breadcrumb\":{\"@id\":\"https:\\\/\\\/quehacerpolitico.mx\\\/?p=8911#breadcrumb\"},\"inLanguage\":\"es\",\"potentialAction\":[{\"@type\":\"ReadAction\",\"target\":[\"https:\\\/\\\/quehacerpolitico.mx\\\/?p=8911\"]}]},{\"@type\":\"ImageObject\",\"inLanguage\":\"es\",\"@id\":\"https:\\\/\\\/quehacerpolitico.mx\\\/?p=8911#primaryimage\",\"url\":\"\",\"contentUrl\":\"\"},{\"@type\":\"BreadcrumbList\",\"@id\":\"https:\\\/\\\/quehacerpolitico.mx\\\/?p=8911#breadcrumb\",\"itemListElement\":[{\"@type\":\"ListItem\",\"position\":1,\"name\":\"Inicio\",\"item\":\"https:\\\/\\\/quehacerpolitico.mx\\\/\"},{\"@type\":\"ListItem\",\"position\":2,\"name\":\"Ana, la mujer que conduc\u00eda el tr\u00e1iler que mat\u00f3 a 10 personas, es trasladada al penal de Santa Martha Acatitla\"}]},{\"@type\":\"WebSite\",\"@id\":\"https:\\\/\\\/quehacerpolitico.mx\\\/#website\",\"url\":\"https:\\\/\\\/quehacerpolitico.mx\\\/\",\"name\":\"\",\"description\":\"\",\"potentialAction\":[{\"@type\":\"SearchAction\",\"target\":{\"@type\":\"EntryPoint\",\"urlTemplate\":\"https:\\\/\\\/quehacerpolitico.mx\\\/?s={search_term_string}\"},\"query-input\":{\"@type\":\"PropertyValueSpecification\",\"valueRequired\":true,\"valueName\":\"search_term_string\"}}],\"inLanguage\":\"es\"},{\"@type\":\"Person\",\"@id\":\"https:\\\/\\\/quehacerpolitico.mx\\\/#\\\/schema\\\/person\\\/496d8ad2d1d3f8036101dca7ee39e585\",\"name\":\"Redacci\u00f3n QP\",\"image\":{\"@type\":\"ImageObject\",\"inLanguage\":\"es\",\"@id\":\"https:\\\/\\\/secure.gravatar.com\\\/avatar\\\/c7164ed6fdec453195284ad24a5ae5b6e1eed2b848477fa2a4787ba9adf39a41?s=96&d=mm&r=g\",\"url\":\"https:\\\/\\\/secure.gravatar.com\\\/avatar\\\/c7164ed6fdec453195284ad24a5ae5b6e1eed2b848477fa2a4787ba9adf39a41?s=96&d=mm&r=g\",\"contentUrl\":\"https:\\\/\\\/secure.gravatar.com\\\/avatar\\\/c7164ed6fdec453195284ad24a5ae5b6e1eed2b848477fa2a4787ba9adf39a41?s=96&d=mm&r=g\",\"caption\":\"Redacci\u00f3n QP\"},\"url\":\"https:\\\/\\\/quehacerpolitico.mx\\\/?author=2\"}]}<\/script>\n<!-- \/ Yoast SEO plugin. -->","yoast_head_json":{"title":"Ana, la mujer que conduc\u00eda el tr\u00e1iler que mat\u00f3 a 10 personas, es trasladada al penal de Santa Martha Acatitla -","robots":{"index":"index","follow":"follow","max-snippet":"max-snippet:-1","max-image-preview":"max-image-preview:large","max-video-preview":"max-video-preview:-1"},"canonical":"https:\/\/quehacerpolitico.mx\/?p=8911","og_locale":"es_MX","og_type":"article","og_title":"Ana, la mujer que conduc\u00eda el tr\u00e1iler que mat\u00f3 a 10 personas, es trasladada al penal de Santa Martha Acatitla -","og_description":"Ana, la mujer que conduc\u00eda el tr\u00e1iler que mat\u00f3 a 10 personas, es trasladada al penal de Santa Martha Acatitla Por Redacci\u00f3n QP","og_url":"https:\/\/quehacerpolitico.mx\/?p=8911","article_published_time":"2018-11-10T18:13:30+00:00","author":"Redacci\u00f3n QP","twitter_card":"summary_large_image","twitter_misc":{"Escrito por":"Redacci\u00f3n QP","Tiempo de lectura":"2 minutos"},"schema":{"@context":"https:\/\/schema.org","@graph":[{"@type":"Article","@id":"https:\/\/quehacerpolitico.mx\/?p=8911#article","isPartOf":{"@id":"https:\/\/quehacerpolitico.mx\/?p=8911"},"author":{"name":"Redacci\u00f3n QP","@id":"https:\/\/quehacerpolitico.mx\/#\/schema\/person\/496d8ad2d1d3f8036101dca7ee39e585"},"headline":"Ana, la mujer que conduc\u00eda el tr\u00e1iler que mat\u00f3 a 10 personas, es trasladada al penal de Santa Martha Acatitla","datePublished":"2018-11-10T18:13:30+00:00","mainEntityOfPage":{"@id":"https:\/\/quehacerpolitico.mx\/?p=8911"},"wordCount":457,"commentCount":0,"image":{"@id":"https:\/\/quehacerpolitico.mx\/?p=8911#primaryimage"},"thumbnailUrl":"","articleSection":["CDMX"],"inLanguage":"es","potentialAction":[{"@type":"CommentAction","name":"Comment","target":["https:\/\/quehacerpolitico.mx\/?p=8911#respond"]}]},{"@type":"WebPage","@id":"https:\/\/quehacerpolitico.mx\/?p=8911","url":"https:\/\/quehacerpolitico.mx\/?p=8911","name":"Ana, la mujer que conduc\u00eda el tr\u00e1iler que mat\u00f3 a 10 personas, es trasladada al penal de Santa Martha Acatitla -","isPartOf":{"@id":"https:\/\/quehacerpolitico.mx\/#website"},"primaryImageOfPage":{"@id":"https:\/\/quehacerpolitico.mx\/?p=8911#primaryimage"},"image":{"@id":"https:\/\/quehacerpolitico.mx\/?p=8911#primaryimage"},"thumbnailUrl":"","datePublished":"2018-11-10T18:13:30+00:00","author":{"@id":"https:\/\/quehacerpolitico.mx\/#\/schema\/person\/496d8ad2d1d3f8036101dca7ee39e585"},"breadcrumb":{"@id":"https:\/\/quehacerpolitico.mx\/?p=8911#breadcrumb"},"inLanguage":"es","potentialAction":[{"@type":"ReadAction","target":["https:\/\/quehacerpolitico.mx\/?p=8911"]}]},{"@type":"ImageObject","inLanguage":"es","@id":"https:\/\/quehacerpolitico.mx\/?p=8911#primaryimage","url":"","contentUrl":""},{"@type":"BreadcrumbList","@id":"https:\/\/quehacerpolitico.mx\/?p=8911#breadcrumb","itemListElement":[{"@type":"ListItem","position":1,"name":"Inicio","item":"https:\/\/quehacerpolitico.mx\/"},{"@type":"ListItem","position":2,"name":"Ana, la mujer que conduc\u00eda el tr\u00e1iler que mat\u00f3 a 10 personas, es trasladada al penal de Santa Martha Acatitla"}]},{"@type":"WebSite","@id":"https:\/\/quehacerpolitico.mx\/#website","url":"https:\/\/quehacerpolitico.mx\/","name":"","description":"","potentialAction":[{"@type":"SearchAction","target":{"@type":"EntryPoint","urlTemplate":"https:\/\/quehacerpolitico.mx\/?s={search_term_string}"},"query-input":{"@type":"PropertyValueSpecification","valueRequired":true,"valueName":"search_term_string"}}],"inLanguage":"es"},{"@type":"Person","@id":"https:\/\/quehacerpolitico.mx\/#\/schema\/person\/496d8ad2d1d3f8036101dca7ee39e585","name":"Redacci\u00f3n QP","image":{"@type":"ImageObject","inLanguage":"es","@id":"https:\/\/secure.gravatar.com\/avatar\/c7164ed6fdec453195284ad24a5ae5b6e1eed2b848477fa2a4787ba9adf39a41?s=96&d=mm&r=g","url":"https:\/\/secure.gravatar.com\/avatar\/c7164ed6fdec453195284ad24a5ae5b6e1eed2b848477fa2a4787ba9adf39a41?s=96&d=mm&r=g","contentUrl":"https:\/\/secure.gravatar.com\/avatar\/c7164ed6fdec453195284ad24a5ae5b6e1eed2b848477fa2a4787ba9adf39a41?s=96&d=mm&r=g","caption":"Redacci\u00f3n QP"},"url":"https:\/\/quehacerpolitico.mx\/?author=2"}]}},"featured_image_urls":{"full":"","thumbnail":"","medium":"","medium_large":"","large":"","1536x1536":"","2048x2048":"","covernews-featured":"","covernews-medium":""},"author_info":{"display_name":"Redacci\u00f3n QP","author_link":"https:\/\/quehacerpolitico.mx\/?author=2"},"category_info":"<a href=\"https:\/\/quehacerpolitico.mx\/?cat=55\" rel=\"category\">CDMX<\/a>","tag_info":"CDMX","comment_count":"0","_links":{"self":[{"href":"https:\/\/quehacerpolitico.mx\/index.php?rest_route=\/wp\/v2\/posts\/8911","targetHints":{"allow":["GET"]}}],"collection":[{"href":"https:\/\/quehacerpolitico.mx\/index.php?rest_route=\/wp\/v2\/posts"}],"about":[{"href":"https:\/\/quehacerpolitico.mx\/index.php?rest_route=\/wp\/v2\/types\/post"}],"author":[{"embeddable":true,"href":"https:\/\/quehacerpolitico.mx\/index.php?rest_route=\/wp\/v2\/users\/2"}],"replies":[{"embeddable":true,"href":"https:\/\/quehacerpolitico.mx\/index.php?rest_route=%2Fwp%2Fv2%2Fcomments&post=8911"}],"version-history":[{"count":0,"href":"https:\/\/quehacerpolitico.mx\/index.php?rest_route=\/wp\/v2\/posts\/8911\/revisions"}],"wp:featuredmedia":[{"embeddable":true,"href":"https:\/\/quehacerpolitico.mx\/index.php?rest_route=\/"}],"wp:attachment":[{"href":"https:\/\/quehacerpolitico.mx\/index.php?rest_route=%2Fwp%2Fv2%2Fmedia&parent=8911"}],"wp:term":[{"taxonomy":"category","embeddable":true,"href":"https:\/\/quehacerpolitico.mx\/index.php?rest_route=%2Fwp%2Fv2%2Fcategories&post=8911"},{"taxonomy":"post_tag","embeddable":true,"href":"https:\/\/quehacerpolitico.mx\/index.php?rest_route=%2Fwp%2Fv2%2Ftags&post=8911"}],"curies":[{"name":"wp","href":"https:\/\/api.w.org\/{rel}","templated":true}]}}