{"id":89092,"date":"2022-01-28T04:53:10","date_gmt":"2022-01-28T04:53:10","guid":{"rendered":"https:\/\/quehacerpolitico.mx\/?p=89092"},"modified":"2022-01-28T04:53:13","modified_gmt":"2022-01-28T04:53:13","slug":"feministas-de-panama-piden-que-se-rechace-al-embajador-pedro-salmeron-nombrado-por-amlo","status":"publish","type":"post","link":"https:\/\/quehacerpolitico.mx\/?p=89092","title":{"rendered":"Feministas de Panam\u00e1 piden que se rechace al embajador Pedro Salmeron nombrado por AMLO\u00a0"},"content":{"rendered":"\n<p>Por Redacci\u00f3n QP<\/p>\n\n\n\n<p>Las activistas expresaron su inconformidad con el nombramiento de Salmer\u00f3n en una misiva dirigia a la canciller paname\u00f1a\u00a0Erika Mouynes<\/p>\n\n\n\n<p>Once organizaciones feministas pidieron al Gobierno de Panam\u00e1 que<strong>&nbsp;rechace a Pedro Salmer\u00f3n como embajador&nbsp;<\/strong>mexicano, como ha propuesto el Presidente Andr\u00e9s Manuel L\u00f3pez Obrador (AMLO), debido a los &#8220;m\u00faltiples se\u00f1alamientos por acoso y hostigamiento sexual&#8221; que hay en su contra en M\u00e9xico.<\/p>\n\n\n\n<p>La postura de las organizaciones no gubernamentales (ONG) defensoras de los derechos de la mujer fue expresada en una carta dirigida a la canciller paname\u00f1a,\u00a0<strong>Erika Mouynes<\/strong>.<\/p>\n\n\n\n<figure class=\"wp-block-embed is-type-rich is-provider-twitter wp-block-embed-twitter\"><div class=\"wp-block-embed__wrapper\">\n<blockquote class=\"twitter-tweet\" data-width=\"550\" data-dnt=\"true\"><p lang=\"es\" dir=\"ltr\">Carta al Presidente de Panam\u00e1 <a href=\"https:\/\/twitter.com\/NitoCortizo?ref_src=twsrc%5Etfw\">@NitoCortizo<\/a> y a la Ministra de Relaciones Exteriores  <a href=\"https:\/\/twitter.com\/ErikaMouynes?ref_src=twsrc%5Etfw\">@ErikaMouynes<\/a>.<br><br>Solicitamos respetuosamente no otorgar el benepl\u00e1cito a Pedro Salmer\u00f3n como embajador en su pa\u00eds. Panam\u00e1 merece una mejor representaci\u00f3n mexicana.<a href=\"https:\/\/twitter.com\/hashtag\/UnAcosadorNoDebeSerEmbajador?src=hash&amp;ref_src=twsrc%5Etfw\">#UnAcosadorNoDebeSerEmbajador<\/a> <a href=\"https:\/\/t.co\/14m26aj5Zb\">pic.twitter.com\/14m26aj5Zb<\/a><\/p>&mdash; Mar\u00eda Jos\u00e9 Urz\u00faa (@majourzua) <a href=\"https:\/\/twitter.com\/majourzua\/status\/1484321430292480001?ref_src=twsrc%5Etfw\">January 21, 2022<\/a><\/blockquote><script async src=\"https:\/\/platform.twitter.com\/widgets.js\" charset=\"utf-8\"><\/script>\n<\/div><\/figure>\n\n\n\n<p>La Secretar\u00eda de Relaciones Exteriores (SRE) anunci\u00f3<strong>\u00a0el pasado 15 de enero<\/strong>\u00a0las designaciones para representaciones de M\u00e9xico en el exterior, entre ellas la de\u00a0<strong>Salmer\u00f3n<\/strong>, quien en 2019 renunci\u00f3 al Instituto Nacional de Estudios Hist\u00f3ricos de las Revoluciones de M\u00e9xico (Inehrm) del Gobierno tras diversas acusaciones de\u00a0<strong>acoso sexual.<\/strong><\/p>\n\n\n\n<p><strong>Su nombramiento como embajador en Panam\u00e1<\/strong>, que a\u00fan debe cumplir una serie de tr\u00e1mites,&nbsp;<strong>desat\u00f3 protestas&nbsp;<\/strong>de alumnas y exalumnas del&nbsp;<strong>Instituto Tecnol\u00f3gico Aut\u00f3nomo de M\u00e9xico<\/strong>, quienes aseguraron que fueron v\u00edctimas de acoso sexual durante su periodo como profesor.<\/p>\n\n\n\n<p>&#8220;En vista de que han salido a la luz p\u00fablica, por distintos medios, denuncias en contra de este ciudadano por sus actuaciones,\u00a0<strong>consideramos que dicho Embajador no debe recibir el pl\u00e1cet<\/strong>(benepl\u00e1cito) de parte de nuestro pa\u00eds para ejercer dicho cargo&#8221;, indic\u00f3 la misiva de la Fundaci\u00f3n para la Equidad de G\u00e9nero<strong>\u00a0(Fundag\u00e9nero)<\/strong>\u00a0y respaldada por diez organizaciones paname\u00f1as.<\/p>\n\n\n\n<p>Las activistas paname\u00f1as citaron &#8220;investigaciones de colectivos feministas y varias organizaciones mexicanas&#8221;, seg\u00fan las cuales Salmer\u00f3n &#8220;ha recibido m\u00faltiples se\u00f1alamientos por acoso y hostigamiento sexual en espacios que ha ocupado, en los que ha existido la<strong>&nbsp;asimetr\u00eda de poder<\/strong>, tanto en el Instituto Tecnol\u00f3gico Aut\u00f3nomo de M\u00e9xico como profesor, como&nbsp;<strong>en el partido Morena<\/strong>&nbsp;al que pertenece&#8221;.<\/p>\n\n\n\n<p>Dichos abusos, dijeron las feministas en su misiva, &#8220;han sido documentados en\u00a0<strong>@MeTooITAM<\/strong>\u00a0y\u00a0<strong>@MeTooAcad\u00e9micosMx<\/strong>&#8220;.<\/p>\n\n\n\n<p>En ese contexto, las activistas paname\u00f1as argumentaron &#8220;que no se puede considerar a personajes como Salmer\u00f3n Sangin\u00e9s como Embajador y al mismo tiempo expresar que somos un Estado que favorece la equidad de g\u00e9nero&#8221;.<\/p>\n\n\n\n<p>La ministra de Exteriores de Panam\u00e1 dijo el lunes pasado a los periodistas que la&nbsp;<strong>&#8220;Canciller\u00eda mexicana est\u00e1 al tanto de la posici\u00f3n de la Canciller\u00eda paname\u00f1a&#8221;<\/strong>&nbsp;sobre la designaci\u00f3n de Salmer\u00f3n &#8220;desde el momento en que fue notificada&#8221; de la misma, sin dar ninguna otra informaci\u00f3n ni detalles al respecto.<\/p>\n\n\n\n<p><strong>AMLO\u00a0<\/strong>ratific\u00f3 el mi\u00e9rcoles que\u00a0<strong>mantendr\u00e1 el nombramiento<\/strong>\u00a0de Salmer\u00f3n porque es &#8220;una persona capaz&#8221;, e insisti\u00f3 que en contra de este historiador no existen denuncias formales ante las instancias competentes sobre los supuestos abusos, solo se\u00f1alamientos.<\/p>\n\n\n\n<p>Con informaci\u00f3n de EFE<\/p>\n","protected":false},"excerpt":{"rendered":"<p>Por Redacci\u00f3n QP Las activistas expresaron su inconformidad con el nombramiento de Salmer\u00f3n en una&#8230;<\/p>\n","protected":false},"author":2,"featured_media":89093,"comment_status":"open","ping_status":"open","sticky":false,"template":"","format":"standard","meta":{"_monsterinsights_skip_tracking":false,"_monsterinsights_sitenote_active":false,"_monsterinsights_sitenote_note":"","_monsterinsights_sitenote_category":0,"footnotes":""},"categories":[2],"tags":[],"class_list":["post-89092","post","type-post","status-publish","format-standard","has-post-thumbnail","hentry","category-noticias"],"yoast_head":"<!-- This site is optimized with the Yoast SEO plugin v27.3 - https:\/\/yoast.com\/product\/yoast-seo-wordpress\/ -->\n<title>Feministas de Panam\u00e1 piden que se rechace al embajador Pedro Salmeron nombrado por AMLO\u00a0 -<\/title>\n<meta name=\"robots\" content=\"index, follow, max-snippet:-1, max-image-preview:large, max-video-preview:-1\" \/>\n<link rel=\"canonical\" href=\"https:\/\/quehacerpolitico.mx\/?p=89092\" \/>\n<meta property=\"og:locale\" content=\"es_MX\" \/>\n<meta property=\"og:type\" content=\"article\" \/>\n<meta property=\"og:title\" content=\"Feministas de Panam\u00e1 piden que se rechace al embajador Pedro Salmeron nombrado por AMLO\u00a0 -\" \/>\n<meta property=\"og:description\" content=\"Por Redacci\u00f3n QP Las activistas expresaron su inconformidad con el nombramiento de Salmer\u00f3n en una...\" \/>\n<meta property=\"og:url\" content=\"https:\/\/quehacerpolitico.mx\/?p=89092\" \/>\n<meta property=\"article:published_time\" content=\"2022-01-28T04:53:10+00:00\" \/>\n<meta property=\"article:modified_time\" content=\"2022-01-28T04:53:13+00:00\" \/>\n<meta property=\"og:image\" content=\"https:\/\/quehacerpolitico.mx\/wp-content\/uploads\/2022\/01\/4B4DF123-C4BF-4072-86EE-AADD955048FB.jpeg\" \/>\n\t<meta property=\"og:image:width\" content=\"748\" \/>\n\t<meta property=\"og:image:height\" content=\"410\" \/>\n\t<meta property=\"og:image:type\" content=\"image\/jpeg\" \/>\n<meta name=\"author\" content=\"Redacci\u00f3n QP\" \/>\n<meta name=\"twitter:card\" content=\"summary_large_image\" \/>\n<meta name=\"twitter:label1\" content=\"Escrito por\" \/>\n\t<meta name=\"twitter:data1\" content=\"Redacci\u00f3n QP\" \/>\n\t<meta name=\"twitter:label2\" content=\"Tiempo de lectura\" \/>\n\t<meta name=\"twitter:data2\" content=\"3 minutos\" \/>\n<script type=\"application\/ld+json\" class=\"yoast-schema-graph\">{\"@context\":\"https:\\\/\\\/schema.org\",\"@graph\":[{\"@type\":\"Article\",\"@id\":\"https:\\\/\\\/quehacerpolitico.mx\\\/?p=89092#article\",\"isPartOf\":{\"@id\":\"https:\\\/\\\/quehacerpolitico.mx\\\/?p=89092\"},\"author\":{\"name\":\"Redacci\u00f3n QP\",\"@id\":\"https:\\\/\\\/quehacerpolitico.mx\\\/#\\\/schema\\\/person\\\/496d8ad2d1d3f8036101dca7ee39e585\"},\"headline\":\"Feministas de Panam\u00e1 piden que se rechace al embajador Pedro Salmeron nombrado por AMLO\u00a0\",\"datePublished\":\"2022-01-28T04:53:10+00:00\",\"dateModified\":\"2022-01-28T04:53:13+00:00\",\"mainEntityOfPage\":{\"@id\":\"https:\\\/\\\/quehacerpolitico.mx\\\/?p=89092\"},\"wordCount\":521,\"commentCount\":0,\"image\":{\"@id\":\"https:\\\/\\\/quehacerpolitico.mx\\\/?p=89092#primaryimage\"},\"thumbnailUrl\":\"https:\\\/\\\/quehacerpolitico.mx\\\/wp-content\\\/uploads\\\/2022\\\/01\\\/4B4DF123-C4BF-4072-86EE-AADD955048FB.jpeg\",\"articleSection\":[\"Noticias\"],\"inLanguage\":\"es\",\"potentialAction\":[{\"@type\":\"CommentAction\",\"name\":\"Comment\",\"target\":[\"https:\\\/\\\/quehacerpolitico.mx\\\/?p=89092#respond\"]}]},{\"@type\":\"WebPage\",\"@id\":\"https:\\\/\\\/quehacerpolitico.mx\\\/?p=89092\",\"url\":\"https:\\\/\\\/quehacerpolitico.mx\\\/?p=89092\",\"name\":\"Feministas de Panam\u00e1 piden que se rechace al embajador Pedro Salmeron nombrado por AMLO\u00a0 -\",\"isPartOf\":{\"@id\":\"https:\\\/\\\/quehacerpolitico.mx\\\/#website\"},\"primaryImageOfPage\":{\"@id\":\"https:\\\/\\\/quehacerpolitico.mx\\\/?p=89092#primaryimage\"},\"image\":{\"@id\":\"https:\\\/\\\/quehacerpolitico.mx\\\/?p=89092#primaryimage\"},\"thumbnailUrl\":\"https:\\\/\\\/quehacerpolitico.mx\\\/wp-content\\\/uploads\\\/2022\\\/01\\\/4B4DF123-C4BF-4072-86EE-AADD955048FB.jpeg\",\"datePublished\":\"2022-01-28T04:53:10+00:00\",\"dateModified\":\"2022-01-28T04:53:13+00:00\",\"author\":{\"@id\":\"https:\\\/\\\/quehacerpolitico.mx\\\/#\\\/schema\\\/person\\\/496d8ad2d1d3f8036101dca7ee39e585\"},\"breadcrumb\":{\"@id\":\"https:\\\/\\\/quehacerpolitico.mx\\\/?p=89092#breadcrumb\"},\"inLanguage\":\"es\",\"potentialAction\":[{\"@type\":\"ReadAction\",\"target\":[\"https:\\\/\\\/quehacerpolitico.mx\\\/?p=89092\"]}]},{\"@type\":\"ImageObject\",\"inLanguage\":\"es\",\"@id\":\"https:\\\/\\\/quehacerpolitico.mx\\\/?p=89092#primaryimage\",\"url\":\"https:\\\/\\\/quehacerpolitico.mx\\\/wp-content\\\/uploads\\\/2022\\\/01\\\/4B4DF123-C4BF-4072-86EE-AADD955048FB.jpeg\",\"contentUrl\":\"https:\\\/\\\/quehacerpolitico.mx\\\/wp-content\\\/uploads\\\/2022\\\/01\\\/4B4DF123-C4BF-4072-86EE-AADD955048FB.jpeg\",\"width\":748,\"height\":410},{\"@type\":\"BreadcrumbList\",\"@id\":\"https:\\\/\\\/quehacerpolitico.mx\\\/?p=89092#breadcrumb\",\"itemListElement\":[{\"@type\":\"ListItem\",\"position\":1,\"name\":\"Inicio\",\"item\":\"https:\\\/\\\/quehacerpolitico.mx\\\/\"},{\"@type\":\"ListItem\",\"position\":2,\"name\":\"Feministas de Panam\u00e1 piden que se rechace al embajador Pedro Salmeron nombrado por AMLO\u00a0\"}]},{\"@type\":\"WebSite\",\"@id\":\"https:\\\/\\\/quehacerpolitico.mx\\\/#website\",\"url\":\"https:\\\/\\\/quehacerpolitico.mx\\\/\",\"name\":\"\",\"description\":\"\",\"potentialAction\":[{\"@type\":\"SearchAction\",\"target\":{\"@type\":\"EntryPoint\",\"urlTemplate\":\"https:\\\/\\\/quehacerpolitico.mx\\\/?s={search_term_string}\"},\"query-input\":{\"@type\":\"PropertyValueSpecification\",\"valueRequired\":true,\"valueName\":\"search_term_string\"}}],\"inLanguage\":\"es\"},{\"@type\":\"Person\",\"@id\":\"https:\\\/\\\/quehacerpolitico.mx\\\/#\\\/schema\\\/person\\\/496d8ad2d1d3f8036101dca7ee39e585\",\"name\":\"Redacci\u00f3n QP\",\"image\":{\"@type\":\"ImageObject\",\"inLanguage\":\"es\",\"@id\":\"https:\\\/\\\/secure.gravatar.com\\\/avatar\\\/c7164ed6fdec453195284ad24a5ae5b6e1eed2b848477fa2a4787ba9adf39a41?s=96&d=mm&r=g\",\"url\":\"https:\\\/\\\/secure.gravatar.com\\\/avatar\\\/c7164ed6fdec453195284ad24a5ae5b6e1eed2b848477fa2a4787ba9adf39a41?s=96&d=mm&r=g\",\"contentUrl\":\"https:\\\/\\\/secure.gravatar.com\\\/avatar\\\/c7164ed6fdec453195284ad24a5ae5b6e1eed2b848477fa2a4787ba9adf39a41?s=96&d=mm&r=g\",\"caption\":\"Redacci\u00f3n QP\"},\"url\":\"https:\\\/\\\/quehacerpolitico.mx\\\/?author=2\"}]}<\/script>\n<!-- \/ Yoast SEO plugin. -->","yoast_head_json":{"title":"Feministas de Panam\u00e1 piden que se rechace al embajador Pedro Salmeron nombrado por AMLO\u00a0 -","robots":{"index":"index","follow":"follow","max-snippet":"max-snippet:-1","max-image-preview":"max-image-preview:large","max-video-preview":"max-video-preview:-1"},"canonical":"https:\/\/quehacerpolitico.mx\/?p=89092","og_locale":"es_MX","og_type":"article","og_title":"Feministas de Panam\u00e1 piden que se rechace al embajador Pedro Salmeron nombrado por AMLO\u00a0 -","og_description":"Por Redacci\u00f3n QP Las activistas expresaron su inconformidad con el nombramiento de Salmer\u00f3n en una...","og_url":"https:\/\/quehacerpolitico.mx\/?p=89092","article_published_time":"2022-01-28T04:53:10+00:00","article_modified_time":"2022-01-28T04:53:13+00:00","og_image":[{"width":748,"height":410,"url":"https:\/\/quehacerpolitico.mx\/wp-content\/uploads\/2022\/01\/4B4DF123-C4BF-4072-86EE-AADD955048FB.jpeg","type":"image\/jpeg"}],"author":"Redacci\u00f3n QP","twitter_card":"summary_large_image","twitter_misc":{"Escrito por":"Redacci\u00f3n QP","Tiempo de lectura":"3 minutos"},"schema":{"@context":"https:\/\/schema.org","@graph":[{"@type":"Article","@id":"https:\/\/quehacerpolitico.mx\/?p=89092#article","isPartOf":{"@id":"https:\/\/quehacerpolitico.mx\/?p=89092"},"author":{"name":"Redacci\u00f3n QP","@id":"https:\/\/quehacerpolitico.mx\/#\/schema\/person\/496d8ad2d1d3f8036101dca7ee39e585"},"headline":"Feministas de Panam\u00e1 piden que se rechace al embajador Pedro Salmeron nombrado por AMLO\u00a0","datePublished":"2022-01-28T04:53:10+00:00","dateModified":"2022-01-28T04:53:13+00:00","mainEntityOfPage":{"@id":"https:\/\/quehacerpolitico.mx\/?p=89092"},"wordCount":521,"commentCount":0,"image":{"@id":"https:\/\/quehacerpolitico.mx\/?p=89092#primaryimage"},"thumbnailUrl":"https:\/\/quehacerpolitico.mx\/wp-content\/uploads\/2022\/01\/4B4DF123-C4BF-4072-86EE-AADD955048FB.jpeg","articleSection":["Noticias"],"inLanguage":"es","potentialAction":[{"@type":"CommentAction","name":"Comment","target":["https:\/\/quehacerpolitico.mx\/?p=89092#respond"]}]},{"@type":"WebPage","@id":"https:\/\/quehacerpolitico.mx\/?p=89092","url":"https:\/\/quehacerpolitico.mx\/?p=89092","name":"Feministas de Panam\u00e1 piden que se rechace al embajador Pedro Salmeron nombrado por AMLO\u00a0 -","isPartOf":{"@id":"https:\/\/quehacerpolitico.mx\/#website"},"primaryImageOfPage":{"@id":"https:\/\/quehacerpolitico.mx\/?p=89092#primaryimage"},"image":{"@id":"https:\/\/quehacerpolitico.mx\/?p=89092#primaryimage"},"thumbnailUrl":"https:\/\/quehacerpolitico.mx\/wp-content\/uploads\/2022\/01\/4B4DF123-C4BF-4072-86EE-AADD955048FB.jpeg","datePublished":"2022-01-28T04:53:10+00:00","dateModified":"2022-01-28T04:53:13+00:00","author":{"@id":"https:\/\/quehacerpolitico.mx\/#\/schema\/person\/496d8ad2d1d3f8036101dca7ee39e585"},"breadcrumb":{"@id":"https:\/\/quehacerpolitico.mx\/?p=89092#breadcrumb"},"inLanguage":"es","potentialAction":[{"@type":"ReadAction","target":["https:\/\/quehacerpolitico.mx\/?p=89092"]}]},{"@type":"ImageObject","inLanguage":"es","@id":"https:\/\/quehacerpolitico.mx\/?p=89092#primaryimage","url":"https:\/\/quehacerpolitico.mx\/wp-content\/uploads\/2022\/01\/4B4DF123-C4BF-4072-86EE-AADD955048FB.jpeg","contentUrl":"https:\/\/quehacerpolitico.mx\/wp-content\/uploads\/2022\/01\/4B4DF123-C4BF-4072-86EE-AADD955048FB.jpeg","width":748,"height":410},{"@type":"BreadcrumbList","@id":"https:\/\/quehacerpolitico.mx\/?p=89092#breadcrumb","itemListElement":[{"@type":"ListItem","position":1,"name":"Inicio","item":"https:\/\/quehacerpolitico.mx\/"},{"@type":"ListItem","position":2,"name":"Feministas de Panam\u00e1 piden que se rechace al embajador Pedro Salmeron nombrado por AMLO\u00a0"}]},{"@type":"WebSite","@id":"https:\/\/quehacerpolitico.mx\/#website","url":"https:\/\/quehacerpolitico.mx\/","name":"","description":"","potentialAction":[{"@type":"SearchAction","target":{"@type":"EntryPoint","urlTemplate":"https:\/\/quehacerpolitico.mx\/?s={search_term_string}"},"query-input":{"@type":"PropertyValueSpecification","valueRequired":true,"valueName":"search_term_string"}}],"inLanguage":"es"},{"@type":"Person","@id":"https:\/\/quehacerpolitico.mx\/#\/schema\/person\/496d8ad2d1d3f8036101dca7ee39e585","name":"Redacci\u00f3n QP","image":{"@type":"ImageObject","inLanguage":"es","@id":"https:\/\/secure.gravatar.com\/avatar\/c7164ed6fdec453195284ad24a5ae5b6e1eed2b848477fa2a4787ba9adf39a41?s=96&d=mm&r=g","url":"https:\/\/secure.gravatar.com\/avatar\/c7164ed6fdec453195284ad24a5ae5b6e1eed2b848477fa2a4787ba9adf39a41?s=96&d=mm&r=g","contentUrl":"https:\/\/secure.gravatar.com\/avatar\/c7164ed6fdec453195284ad24a5ae5b6e1eed2b848477fa2a4787ba9adf39a41?s=96&d=mm&r=g","caption":"Redacci\u00f3n QP"},"url":"https:\/\/quehacerpolitico.mx\/?author=2"}]}},"featured_image_urls":{"full":["https:\/\/quehacerpolitico.mx\/wp-content\/uploads\/2022\/01\/4B4DF123-C4BF-4072-86EE-AADD955048FB.jpeg",748,410,false],"thumbnail":["https:\/\/quehacerpolitico.mx\/wp-content\/uploads\/2022\/01\/4B4DF123-C4BF-4072-86EE-AADD955048FB-150x150.jpeg",150,150,true],"medium":["https:\/\/quehacerpolitico.mx\/wp-content\/uploads\/2022\/01\/4B4DF123-C4BF-4072-86EE-AADD955048FB-300x164.jpeg",300,164,true],"medium_large":["https:\/\/quehacerpolitico.mx\/wp-content\/uploads\/2022\/01\/4B4DF123-C4BF-4072-86EE-AADD955048FB.jpeg",640,351,false],"large":["https:\/\/quehacerpolitico.mx\/wp-content\/uploads\/2022\/01\/4B4DF123-C4BF-4072-86EE-AADD955048FB.jpeg",640,351,false],"1536x1536":["https:\/\/quehacerpolitico.mx\/wp-content\/uploads\/2022\/01\/4B4DF123-C4BF-4072-86EE-AADD955048FB.jpeg",748,410,false],"2048x2048":["https:\/\/quehacerpolitico.mx\/wp-content\/uploads\/2022\/01\/4B4DF123-C4BF-4072-86EE-AADD955048FB.jpeg",748,410,false],"covernews-featured":["https:\/\/quehacerpolitico.mx\/wp-content\/uploads\/2022\/01\/4B4DF123-C4BF-4072-86EE-AADD955048FB.jpeg",748,410,false],"covernews-medium":["https:\/\/quehacerpolitico.mx\/wp-content\/uploads\/2022\/01\/4B4DF123-C4BF-4072-86EE-AADD955048FB.jpeg",540,296,false]},"author_info":{"display_name":"Redacci\u00f3n QP","author_link":"https:\/\/quehacerpolitico.mx\/?author=2"},"category_info":"<a href=\"https:\/\/quehacerpolitico.mx\/?cat=2\" rel=\"category\">Noticias<\/a>","tag_info":"Noticias","comment_count":"0","_links":{"self":[{"href":"https:\/\/quehacerpolitico.mx\/index.php?rest_route=\/wp\/v2\/posts\/89092","targetHints":{"allow":["GET"]}}],"collection":[{"href":"https:\/\/quehacerpolitico.mx\/index.php?rest_route=\/wp\/v2\/posts"}],"about":[{"href":"https:\/\/quehacerpolitico.mx\/index.php?rest_route=\/wp\/v2\/types\/post"}],"author":[{"embeddable":true,"href":"https:\/\/quehacerpolitico.mx\/index.php?rest_route=\/wp\/v2\/users\/2"}],"replies":[{"embeddable":true,"href":"https:\/\/quehacerpolitico.mx\/index.php?rest_route=%2Fwp%2Fv2%2Fcomments&post=89092"}],"version-history":[{"count":1,"href":"https:\/\/quehacerpolitico.mx\/index.php?rest_route=\/wp\/v2\/posts\/89092\/revisions"}],"predecessor-version":[{"id":89094,"href":"https:\/\/quehacerpolitico.mx\/index.php?rest_route=\/wp\/v2\/posts\/89092\/revisions\/89094"}],"wp:featuredmedia":[{"embeddable":true,"href":"https:\/\/quehacerpolitico.mx\/index.php?rest_route=\/wp\/v2\/media\/89093"}],"wp:attachment":[{"href":"https:\/\/quehacerpolitico.mx\/index.php?rest_route=%2Fwp%2Fv2%2Fmedia&parent=89092"}],"wp:term":[{"taxonomy":"category","embeddable":true,"href":"https:\/\/quehacerpolitico.mx\/index.php?rest_route=%2Fwp%2Fv2%2Fcategories&post=89092"},{"taxonomy":"post_tag","embeddable":true,"href":"https:\/\/quehacerpolitico.mx\/index.php?rest_route=%2Fwp%2Fv2%2Ftags&post=89092"}],"curies":[{"name":"wp","href":"https:\/\/api.w.org\/{rel}","templated":true}]}}