{"id":89089,"date":"2022-01-28T04:28:40","date_gmt":"2022-01-28T04:28:40","guid":{"rendered":"https:\/\/quehacerpolitico.mx\/?p=89089"},"modified":"2022-01-28T04:28:42","modified_gmt":"2022-01-28T04:28:42","slug":"acusa-cnte-a-sep-de-mantener-escuelas-abiertas-pese-a-contagios","status":"publish","type":"post","link":"https:\/\/quehacerpolitico.mx\/?p=89089","title":{"rendered":"Acusa CNTE a SEP de mantener escuelas abiertas pese a contagios\u00a0"},"content":{"rendered":"\n<p>Por Redacci\u00f3n QP<\/p>\n\n\n\n<p>Los dirigentes de la CNTE acusan a la SEP de no contar con una plan integral para el manejo de la pandemia<\/p>\n\n\n\n<p>Dirigentes de la Coordinadora Nacional de Trabajadores de la Educaci\u00f3n (CNTE) acusaron que la Secretar\u00eda de Educaci\u00f3n P\u00fablica (SEP) insiste en mantener las escuelas abiertas pero sin alumnos, ya que se ha registrado un alto ausentismo tanto de maestros como de alumnos por el aumento de contagios de COVID-19.<\/p>\n\n\n\n<p>&#8220;Esta cuarta ola ha tenido un gran impacto muy grande en las escuelas, hay planteles cerrados y otros en los que se ha decidido trabajar a distancia. Se insiste en una estrategia de mantener abiertas las escuelas pero sin alumnos.<\/p>\n\n\n\n<p>Ha habido casos de contagios entre padres de familia, docentes y estudiantes, por lo que la asistencia ha disminuido brutalmente&#8221;, dijo\u00a0<strong>Pedro Hern\u00e1ndez<\/strong>, secretario general de la secci\u00f3n 9 de la CNTE, en la\u00a0<strong>Ciudad de M\u00e9xico.<\/strong><\/p>\n\n\n\n<p>A trav\u00e9s de una videoconferencia en la que participaron los l\u00edderes de la Coordinadora de&nbsp;<strong>Chiapas, Oaxaca, Michoac\u00e1n y Guerrero<\/strong>, Hern\u00e1ndez sostuvo que en la capital del pa\u00eds de las cuatro&nbsp;mil escuelas de educaci\u00f3n b\u00e1sica p\u00fablicas que existen, al menos&nbsp;<strong>140 escuelas no est\u00e1n operando<\/strong>, debido a los contagios por \u00f3micron.<\/p>\n\n\n\n<p>&#8220;La Secretar\u00eda de Educaci\u00f3n P\u00fablica\u00a0<strong>(SEP) ha carecido de una estrategia integral<\/strong>\u00a0para atender la pandemia. Nosotros decimos que cerraron las escuelas, pero la educaci\u00f3n no se detuvo.<\/p>\n\n\n\n<p>Los docentes comprometidos, seguimos trabajando con nuestros ni\u00f1os y ni\u00f1as a distancia o en situaciones muy precarias porque el Estado no proporciona las herramientas para que los maestros contin\u00faen con su labor educativa&#8221;, agreg\u00f3.<\/p>\n\n\n\n<p>El docente dijo tambi\u00e9n que\u00a0<strong>es necesario extender la vacunaci\u00f3n de menores de edad.<\/strong><\/p>\n\n\n\n<p>&#8220;No deber\u00eda estar a debate el asunto de la vacunaci\u00f3n a los ni\u00f1os. Esta es una exigencia que hace la Coordinadora&#8221;.<\/p>\n\n\n\n<p>Por su parte, el l\u00edder de la secci\u00f3n 18, en Michoac\u00e1n,&nbsp;<strong>Gamaliel Guzm\u00e1n Cruz<\/strong>, asegur\u00f3 que en el estudio que realizaron en esa entidad, nueve de cada diez maestros asegura que hay trabajadores de la educaci\u00f3n y alumnos contagiados en sus escuelas, adem\u00e1s que alrededor de<strong>&nbsp;60% de profesores&nbsp;<\/strong>trabaja de manera virtual.<\/p>\n\n\n\n<p>Dijo tambi\u00e9n que&nbsp;<strong>existen planteles que est\u00e1n cerrados por la violencia<\/strong>&nbsp;generada por el crimen organizado en esa entidad.<\/p>\n\n\n\n<p>&#8220;Tenemos muchas escuelas cerradas y a compa\u00f1eros amenazados por esta inseguridad que se tiene&#8221;, dijo.<\/p>\n\n\n\n<p>En tanto, el dirigente de la secci\u00f3n 22, en Oaxaca,&nbsp;<strong>Eloy L\u00f3pez Hern\u00e1ndez<\/strong>, insisti\u00f3 en la reanudaci\u00f3n de la mesa de di\u00e1logo con el Ejecutivo federal.<\/p>\n\n\n\n<p>&#8220;Seguimos en pie de lucha porque es necesario que en lo inmediato, el Ejecutivo del pa\u00eds nos atienda porque \u00e9l se comprometi\u00f3 con la Coordinadora de atender los temas que la a\u00fan mal llamada reforma educativa sigue provocando.<\/p>\n\n\n\n<p>No vamos a cesar en nuestra lucha porque ha sido justa. Y no podemos esperar m\u00e1s&#8221;, expuso.<\/p>\n\n\n\n<p>Advirti\u00f3 que aun cuando la CNTE est\u00e1 dispuesta al di\u00e1logo, &#8220;tambi\u00e9n tenemos el derecho a accionar nuestras\u00a0<strong>actividades de presi\u00f3n<\/strong>&#8220;.<\/p>\n\n\n\n<p>Con informaci\u00f3n de SUN<\/p>\n","protected":false},"excerpt":{"rendered":"<p>Por Redacci\u00f3n QP Los dirigentes de la CNTE acusan a la SEP de no contar&#8230;<\/p>\n","protected":false},"author":2,"featured_media":89090,"comment_status":"open","ping_status":"open","sticky":false,"template":"","format":"standard","meta":{"_monsterinsights_skip_tracking":false,"_monsterinsights_sitenote_active":false,"_monsterinsights_sitenote_note":"","_monsterinsights_sitenote_category":0,"footnotes":""},"categories":[2],"tags":[],"class_list":["post-89089","post","type-post","status-publish","format-standard","has-post-thumbnail","hentry","category-noticias"],"yoast_head":"<!-- This site is optimized with the Yoast SEO plugin v27.3 - https:\/\/yoast.com\/product\/yoast-seo-wordpress\/ -->\n<title>Acusa CNTE a SEP de mantener escuelas abiertas pese a contagios\u00a0 -<\/title>\n<meta name=\"robots\" content=\"index, follow, max-snippet:-1, max-image-preview:large, max-video-preview:-1\" \/>\n<link rel=\"canonical\" href=\"https:\/\/quehacerpolitico.mx\/?p=89089\" \/>\n<meta property=\"og:locale\" content=\"es_MX\" \/>\n<meta property=\"og:type\" content=\"article\" \/>\n<meta property=\"og:title\" content=\"Acusa CNTE a SEP de mantener escuelas abiertas pese a contagios\u00a0 -\" \/>\n<meta property=\"og:description\" content=\"Por Redacci\u00f3n QP Los dirigentes de la CNTE acusan a la SEP de no contar...\" \/>\n<meta property=\"og:url\" content=\"https:\/\/quehacerpolitico.mx\/?p=89089\" \/>\n<meta property=\"article:published_time\" content=\"2022-01-28T04:28:40+00:00\" \/>\n<meta property=\"article:modified_time\" content=\"2022-01-28T04:28:42+00:00\" \/>\n<meta property=\"og:image\" content=\"https:\/\/quehacerpolitico.mx\/wp-content\/uploads\/2022\/01\/2BEA2D43-EF79-4C53-A456-18554715654B.jpeg\" \/>\n\t<meta property=\"og:image:width\" content=\"701\" \/>\n\t<meta property=\"og:image:height\" content=\"438\" \/>\n\t<meta property=\"og:image:type\" content=\"image\/jpeg\" \/>\n<meta name=\"author\" content=\"Redacci\u00f3n QP\" \/>\n<meta name=\"twitter:card\" content=\"summary_large_image\" \/>\n<meta name=\"twitter:label1\" content=\"Escrito por\" \/>\n\t<meta name=\"twitter:data1\" content=\"Redacci\u00f3n QP\" \/>\n\t<meta name=\"twitter:label2\" content=\"Tiempo de lectura\" \/>\n\t<meta name=\"twitter:data2\" content=\"3 minutos\" \/>\n<script type=\"application\/ld+json\" class=\"yoast-schema-graph\">{\"@context\":\"https:\\\/\\\/schema.org\",\"@graph\":[{\"@type\":\"Article\",\"@id\":\"https:\\\/\\\/quehacerpolitico.mx\\\/?p=89089#article\",\"isPartOf\":{\"@id\":\"https:\\\/\\\/quehacerpolitico.mx\\\/?p=89089\"},\"author\":{\"name\":\"Redacci\u00f3n QP\",\"@id\":\"https:\\\/\\\/quehacerpolitico.mx\\\/#\\\/schema\\\/person\\\/496d8ad2d1d3f8036101dca7ee39e585\"},\"headline\":\"Acusa CNTE a SEP de mantener escuelas abiertas pese a contagios\u00a0\",\"datePublished\":\"2022-01-28T04:28:40+00:00\",\"dateModified\":\"2022-01-28T04:28:42+00:00\",\"mainEntityOfPage\":{\"@id\":\"https:\\\/\\\/quehacerpolitico.mx\\\/?p=89089\"},\"wordCount\":557,\"commentCount\":0,\"image\":{\"@id\":\"https:\\\/\\\/quehacerpolitico.mx\\\/?p=89089#primaryimage\"},\"thumbnailUrl\":\"https:\\\/\\\/quehacerpolitico.mx\\\/wp-content\\\/uploads\\\/2022\\\/01\\\/2BEA2D43-EF79-4C53-A456-18554715654B.jpeg\",\"articleSection\":[\"Noticias\"],\"inLanguage\":\"es\",\"potentialAction\":[{\"@type\":\"CommentAction\",\"name\":\"Comment\",\"target\":[\"https:\\\/\\\/quehacerpolitico.mx\\\/?p=89089#respond\"]}]},{\"@type\":\"WebPage\",\"@id\":\"https:\\\/\\\/quehacerpolitico.mx\\\/?p=89089\",\"url\":\"https:\\\/\\\/quehacerpolitico.mx\\\/?p=89089\",\"name\":\"Acusa CNTE a SEP de mantener escuelas abiertas pese a contagios\u00a0 -\",\"isPartOf\":{\"@id\":\"https:\\\/\\\/quehacerpolitico.mx\\\/#website\"},\"primaryImageOfPage\":{\"@id\":\"https:\\\/\\\/quehacerpolitico.mx\\\/?p=89089#primaryimage\"},\"image\":{\"@id\":\"https:\\\/\\\/quehacerpolitico.mx\\\/?p=89089#primaryimage\"},\"thumbnailUrl\":\"https:\\\/\\\/quehacerpolitico.mx\\\/wp-content\\\/uploads\\\/2022\\\/01\\\/2BEA2D43-EF79-4C53-A456-18554715654B.jpeg\",\"datePublished\":\"2022-01-28T04:28:40+00:00\",\"dateModified\":\"2022-01-28T04:28:42+00:00\",\"author\":{\"@id\":\"https:\\\/\\\/quehacerpolitico.mx\\\/#\\\/schema\\\/person\\\/496d8ad2d1d3f8036101dca7ee39e585\"},\"breadcrumb\":{\"@id\":\"https:\\\/\\\/quehacerpolitico.mx\\\/?p=89089#breadcrumb\"},\"inLanguage\":\"es\",\"potentialAction\":[{\"@type\":\"ReadAction\",\"target\":[\"https:\\\/\\\/quehacerpolitico.mx\\\/?p=89089\"]}]},{\"@type\":\"ImageObject\",\"inLanguage\":\"es\",\"@id\":\"https:\\\/\\\/quehacerpolitico.mx\\\/?p=89089#primaryimage\",\"url\":\"https:\\\/\\\/quehacerpolitico.mx\\\/wp-content\\\/uploads\\\/2022\\\/01\\\/2BEA2D43-EF79-4C53-A456-18554715654B.jpeg\",\"contentUrl\":\"https:\\\/\\\/quehacerpolitico.mx\\\/wp-content\\\/uploads\\\/2022\\\/01\\\/2BEA2D43-EF79-4C53-A456-18554715654B.jpeg\",\"width\":701,\"height\":438},{\"@type\":\"BreadcrumbList\",\"@id\":\"https:\\\/\\\/quehacerpolitico.mx\\\/?p=89089#breadcrumb\",\"itemListElement\":[{\"@type\":\"ListItem\",\"position\":1,\"name\":\"Inicio\",\"item\":\"https:\\\/\\\/quehacerpolitico.mx\\\/\"},{\"@type\":\"ListItem\",\"position\":2,\"name\":\"Acusa CNTE a SEP de mantener escuelas abiertas pese a contagios\u00a0\"}]},{\"@type\":\"WebSite\",\"@id\":\"https:\\\/\\\/quehacerpolitico.mx\\\/#website\",\"url\":\"https:\\\/\\\/quehacerpolitico.mx\\\/\",\"name\":\"\",\"description\":\"\",\"potentialAction\":[{\"@type\":\"SearchAction\",\"target\":{\"@type\":\"EntryPoint\",\"urlTemplate\":\"https:\\\/\\\/quehacerpolitico.mx\\\/?s={search_term_string}\"},\"query-input\":{\"@type\":\"PropertyValueSpecification\",\"valueRequired\":true,\"valueName\":\"search_term_string\"}}],\"inLanguage\":\"es\"},{\"@type\":\"Person\",\"@id\":\"https:\\\/\\\/quehacerpolitico.mx\\\/#\\\/schema\\\/person\\\/496d8ad2d1d3f8036101dca7ee39e585\",\"name\":\"Redacci\u00f3n QP\",\"image\":{\"@type\":\"ImageObject\",\"inLanguage\":\"es\",\"@id\":\"https:\\\/\\\/secure.gravatar.com\\\/avatar\\\/c7164ed6fdec453195284ad24a5ae5b6e1eed2b848477fa2a4787ba9adf39a41?s=96&d=mm&r=g\",\"url\":\"https:\\\/\\\/secure.gravatar.com\\\/avatar\\\/c7164ed6fdec453195284ad24a5ae5b6e1eed2b848477fa2a4787ba9adf39a41?s=96&d=mm&r=g\",\"contentUrl\":\"https:\\\/\\\/secure.gravatar.com\\\/avatar\\\/c7164ed6fdec453195284ad24a5ae5b6e1eed2b848477fa2a4787ba9adf39a41?s=96&d=mm&r=g\",\"caption\":\"Redacci\u00f3n QP\"},\"url\":\"https:\\\/\\\/quehacerpolitico.mx\\\/?author=2\"}]}<\/script>\n<!-- \/ Yoast SEO plugin. -->","yoast_head_json":{"title":"Acusa CNTE a SEP de mantener escuelas abiertas pese a contagios\u00a0 -","robots":{"index":"index","follow":"follow","max-snippet":"max-snippet:-1","max-image-preview":"max-image-preview:large","max-video-preview":"max-video-preview:-1"},"canonical":"https:\/\/quehacerpolitico.mx\/?p=89089","og_locale":"es_MX","og_type":"article","og_title":"Acusa CNTE a SEP de mantener escuelas abiertas pese a contagios\u00a0 -","og_description":"Por Redacci\u00f3n QP Los dirigentes de la CNTE acusan a la SEP de no contar...","og_url":"https:\/\/quehacerpolitico.mx\/?p=89089","article_published_time":"2022-01-28T04:28:40+00:00","article_modified_time":"2022-01-28T04:28:42+00:00","og_image":[{"width":701,"height":438,"url":"https:\/\/quehacerpolitico.mx\/wp-content\/uploads\/2022\/01\/2BEA2D43-EF79-4C53-A456-18554715654B.jpeg","type":"image\/jpeg"}],"author":"Redacci\u00f3n QP","twitter_card":"summary_large_image","twitter_misc":{"Escrito por":"Redacci\u00f3n QP","Tiempo de lectura":"3 minutos"},"schema":{"@context":"https:\/\/schema.org","@graph":[{"@type":"Article","@id":"https:\/\/quehacerpolitico.mx\/?p=89089#article","isPartOf":{"@id":"https:\/\/quehacerpolitico.mx\/?p=89089"},"author":{"name":"Redacci\u00f3n QP","@id":"https:\/\/quehacerpolitico.mx\/#\/schema\/person\/496d8ad2d1d3f8036101dca7ee39e585"},"headline":"Acusa CNTE a SEP de mantener escuelas abiertas pese a contagios\u00a0","datePublished":"2022-01-28T04:28:40+00:00","dateModified":"2022-01-28T04:28:42+00:00","mainEntityOfPage":{"@id":"https:\/\/quehacerpolitico.mx\/?p=89089"},"wordCount":557,"commentCount":0,"image":{"@id":"https:\/\/quehacerpolitico.mx\/?p=89089#primaryimage"},"thumbnailUrl":"https:\/\/quehacerpolitico.mx\/wp-content\/uploads\/2022\/01\/2BEA2D43-EF79-4C53-A456-18554715654B.jpeg","articleSection":["Noticias"],"inLanguage":"es","potentialAction":[{"@type":"CommentAction","name":"Comment","target":["https:\/\/quehacerpolitico.mx\/?p=89089#respond"]}]},{"@type":"WebPage","@id":"https:\/\/quehacerpolitico.mx\/?p=89089","url":"https:\/\/quehacerpolitico.mx\/?p=89089","name":"Acusa CNTE a SEP de mantener escuelas abiertas pese a contagios\u00a0 -","isPartOf":{"@id":"https:\/\/quehacerpolitico.mx\/#website"},"primaryImageOfPage":{"@id":"https:\/\/quehacerpolitico.mx\/?p=89089#primaryimage"},"image":{"@id":"https:\/\/quehacerpolitico.mx\/?p=89089#primaryimage"},"thumbnailUrl":"https:\/\/quehacerpolitico.mx\/wp-content\/uploads\/2022\/01\/2BEA2D43-EF79-4C53-A456-18554715654B.jpeg","datePublished":"2022-01-28T04:28:40+00:00","dateModified":"2022-01-28T04:28:42+00:00","author":{"@id":"https:\/\/quehacerpolitico.mx\/#\/schema\/person\/496d8ad2d1d3f8036101dca7ee39e585"},"breadcrumb":{"@id":"https:\/\/quehacerpolitico.mx\/?p=89089#breadcrumb"},"inLanguage":"es","potentialAction":[{"@type":"ReadAction","target":["https:\/\/quehacerpolitico.mx\/?p=89089"]}]},{"@type":"ImageObject","inLanguage":"es","@id":"https:\/\/quehacerpolitico.mx\/?p=89089#primaryimage","url":"https:\/\/quehacerpolitico.mx\/wp-content\/uploads\/2022\/01\/2BEA2D43-EF79-4C53-A456-18554715654B.jpeg","contentUrl":"https:\/\/quehacerpolitico.mx\/wp-content\/uploads\/2022\/01\/2BEA2D43-EF79-4C53-A456-18554715654B.jpeg","width":701,"height":438},{"@type":"BreadcrumbList","@id":"https:\/\/quehacerpolitico.mx\/?p=89089#breadcrumb","itemListElement":[{"@type":"ListItem","position":1,"name":"Inicio","item":"https:\/\/quehacerpolitico.mx\/"},{"@type":"ListItem","position":2,"name":"Acusa CNTE a SEP de mantener escuelas abiertas pese a contagios\u00a0"}]},{"@type":"WebSite","@id":"https:\/\/quehacerpolitico.mx\/#website","url":"https:\/\/quehacerpolitico.mx\/","name":"","description":"","potentialAction":[{"@type":"SearchAction","target":{"@type":"EntryPoint","urlTemplate":"https:\/\/quehacerpolitico.mx\/?s={search_term_string}"},"query-input":{"@type":"PropertyValueSpecification","valueRequired":true,"valueName":"search_term_string"}}],"inLanguage":"es"},{"@type":"Person","@id":"https:\/\/quehacerpolitico.mx\/#\/schema\/person\/496d8ad2d1d3f8036101dca7ee39e585","name":"Redacci\u00f3n QP","image":{"@type":"ImageObject","inLanguage":"es","@id":"https:\/\/secure.gravatar.com\/avatar\/c7164ed6fdec453195284ad24a5ae5b6e1eed2b848477fa2a4787ba9adf39a41?s=96&d=mm&r=g","url":"https:\/\/secure.gravatar.com\/avatar\/c7164ed6fdec453195284ad24a5ae5b6e1eed2b848477fa2a4787ba9adf39a41?s=96&d=mm&r=g","contentUrl":"https:\/\/secure.gravatar.com\/avatar\/c7164ed6fdec453195284ad24a5ae5b6e1eed2b848477fa2a4787ba9adf39a41?s=96&d=mm&r=g","caption":"Redacci\u00f3n QP"},"url":"https:\/\/quehacerpolitico.mx\/?author=2"}]}},"featured_image_urls":{"full":["https:\/\/quehacerpolitico.mx\/wp-content\/uploads\/2022\/01\/2BEA2D43-EF79-4C53-A456-18554715654B.jpeg",701,438,false],"thumbnail":["https:\/\/quehacerpolitico.mx\/wp-content\/uploads\/2022\/01\/2BEA2D43-EF79-4C53-A456-18554715654B-150x150.jpeg",150,150,true],"medium":["https:\/\/quehacerpolitico.mx\/wp-content\/uploads\/2022\/01\/2BEA2D43-EF79-4C53-A456-18554715654B-300x187.jpeg",300,187,true],"medium_large":["https:\/\/quehacerpolitico.mx\/wp-content\/uploads\/2022\/01\/2BEA2D43-EF79-4C53-A456-18554715654B.jpeg",640,400,false],"large":["https:\/\/quehacerpolitico.mx\/wp-content\/uploads\/2022\/01\/2BEA2D43-EF79-4C53-A456-18554715654B.jpeg",640,400,false],"1536x1536":["https:\/\/quehacerpolitico.mx\/wp-content\/uploads\/2022\/01\/2BEA2D43-EF79-4C53-A456-18554715654B.jpeg",701,438,false],"2048x2048":["https:\/\/quehacerpolitico.mx\/wp-content\/uploads\/2022\/01\/2BEA2D43-EF79-4C53-A456-18554715654B.jpeg",701,438,false],"covernews-featured":["https:\/\/quehacerpolitico.mx\/wp-content\/uploads\/2022\/01\/2BEA2D43-EF79-4C53-A456-18554715654B.jpeg",701,438,false],"covernews-medium":["https:\/\/quehacerpolitico.mx\/wp-content\/uploads\/2022\/01\/2BEA2D43-EF79-4C53-A456-18554715654B.jpeg",540,337,false]},"author_info":{"display_name":"Redacci\u00f3n QP","author_link":"https:\/\/quehacerpolitico.mx\/?author=2"},"category_info":"<a href=\"https:\/\/quehacerpolitico.mx\/?cat=2\" rel=\"category\">Noticias<\/a>","tag_info":"Noticias","comment_count":"0","_links":{"self":[{"href":"https:\/\/quehacerpolitico.mx\/index.php?rest_route=\/wp\/v2\/posts\/89089","targetHints":{"allow":["GET"]}}],"collection":[{"href":"https:\/\/quehacerpolitico.mx\/index.php?rest_route=\/wp\/v2\/posts"}],"about":[{"href":"https:\/\/quehacerpolitico.mx\/index.php?rest_route=\/wp\/v2\/types\/post"}],"author":[{"embeddable":true,"href":"https:\/\/quehacerpolitico.mx\/index.php?rest_route=\/wp\/v2\/users\/2"}],"replies":[{"embeddable":true,"href":"https:\/\/quehacerpolitico.mx\/index.php?rest_route=%2Fwp%2Fv2%2Fcomments&post=89089"}],"version-history":[{"count":1,"href":"https:\/\/quehacerpolitico.mx\/index.php?rest_route=\/wp\/v2\/posts\/89089\/revisions"}],"predecessor-version":[{"id":89091,"href":"https:\/\/quehacerpolitico.mx\/index.php?rest_route=\/wp\/v2\/posts\/89089\/revisions\/89091"}],"wp:featuredmedia":[{"embeddable":true,"href":"https:\/\/quehacerpolitico.mx\/index.php?rest_route=\/wp\/v2\/media\/89090"}],"wp:attachment":[{"href":"https:\/\/quehacerpolitico.mx\/index.php?rest_route=%2Fwp%2Fv2%2Fmedia&parent=89089"}],"wp:term":[{"taxonomy":"category","embeddable":true,"href":"https:\/\/quehacerpolitico.mx\/index.php?rest_route=%2Fwp%2Fv2%2Fcategories&post=89089"},{"taxonomy":"post_tag","embeddable":true,"href":"https:\/\/quehacerpolitico.mx\/index.php?rest_route=%2Fwp%2Fv2%2Ftags&post=89089"}],"curies":[{"name":"wp","href":"https:\/\/api.w.org\/{rel}","templated":true}]}}