{"id":89086,"date":"2022-01-28T04:14:34","date_gmt":"2022-01-28T04:14:34","guid":{"rendered":"https:\/\/quehacerpolitico.mx\/?p=89086"},"modified":"2022-01-28T04:14:36","modified_gmt":"2022-01-28T04:14:36","slug":"el-senado-desaparece-la-comision-especial-sobre-veracruz","status":"publish","type":"post","link":"https:\/\/quehacerpolitico.mx\/?p=89086","title":{"rendered":"El Senado desaparece la Comisi\u00f3n Especial sobre Veracruz\u00a0"},"content":{"rendered":"\n<p>Por Redacci\u00f3n QP<\/p>\n\n\n\n<p>Los casos de posibles violaciones a los derechos humanos ser\u00e1n turnados a la CNDH y a la Comisi\u00f3n de Gobernaci\u00f3n del Senado<\/p>\n\n\n\n<p>La Junta de Coordinaci\u00f3n Pol\u00edtica (Jucopo) del Senado de M\u00e9xico acord\u00f3&nbsp;<strong>la conclusi\u00f3n de los trabajos de la Comisi\u00f3n Especial para determinar la existencia de abusos de autoridad y violaciones al Estado de Derecho en Veracruz y su desaparici\u00f3n<\/strong>, con el fin de desactivar el conflicto al interior del Grupo Parlamentario de Morena luego de que la mitad de sus integrantes la calificaran de ilegal.<\/p>\n\n\n\n<p>El presidente de la Jucopo, Ricardo Monreal \u00c1vila,\u00a0<strong>rechaz\u00f3 que esto represente una derrota personal, pues asegur\u00f3 que en lo individual seguir\u00e1 luchando por los derechos de las v\u00edctimas<\/strong>, pero reconoci\u00f3 que era necesario atender los reclamos de sus compa\u00f1eros de bancada, a quienes respeta.<\/p>\n\n\n\n<p>&#8220;Como coordinador no debo de involucrar a todo el grupo, porque debo de reconocer que dentro del grupo hay diferencias&#8221;, se\u00f1al\u00f3 al salir de la reuni\u00f3n privada con el resto de los coordinadores parlamentarios.<\/p>\n\n\n\n<figure class=\"wp-block-embed is-type-rich is-provider-twitter wp-block-embed-twitter\"><div class=\"wp-block-embed__wrapper\">\n<blockquote class=\"twitter-tweet\" data-width=\"550\" data-dnt=\"true\"><p lang=\"es\" dir=\"ltr\">Converso con los medios de comunicaci\u00f3n sobre los asuntos abordados en la reuni\u00f3n de la Jucopo del d\u00eda de hoy. La comisi\u00f3n para investigar actos de ilegalidad en Veracruz podr\u00e1 desaparecer, pero la necesidad de justicia no se detendr\u00e1. <a href=\"https:\/\/t.co\/P2d0zrWtoM\">https:\/\/t.co\/P2d0zrWtoM<\/a><\/p>&mdash; Ricardo Monreal A. (@RicardoMonrealA) <a href=\"https:\/\/twitter.com\/RicardoMonrealA\/status\/1486819007516794881?ref_src=twsrc%5Etfw\">January 27, 2022<\/a><\/blockquote><script async src=\"https:\/\/platform.twitter.com\/widgets.js\" charset=\"utf-8\"><\/script>\n<\/div><\/figure>\n\n\n\n<p>Monreal \u00c1vila inform\u00f3 que los m\u00e1s de 80 casos de violaciones graves en Veracruz que hab\u00edan sido documentados por la Comisi\u00f3n Especial,&nbsp;<strong>ser\u00e1n turnados a la Comisi\u00f3n Nacional de los Derechos Humanos y a la Comisi\u00f3n de Gobernaci\u00f3n del Senado.<\/strong><\/p>\n\n\n\n<h2 class=\"wp-block-heading\" id=\"dante-delgado-renuncia-a-presidencia-de-comision\">Dante Delgado renuncia a presidencia de comisi\u00f3n<\/h2>\n\n\n\n<p>Un d\u00eda antes, el senador Dante Delgado Rannauro present\u00f3 su renuncia a la presidencia de la Comisi\u00f3n Especial para Investigar Abusos de Autoridad en Veracruz, al acusar que un grupo de legisladores de Morena la han obstaculizado al haberse pronunciado contra los trabajos que desarrolla dicha comisi\u00f3n legislativa, y se han puesto de lado de un gobernador &#8220;criminal&#8221;, como Cuitl\u00e1huac Garc\u00eda.<\/p>\n\n\n\n<figure class=\"wp-block-embed is-type-rich is-provider-twitter wp-block-embed-twitter\"><div class=\"wp-block-embed__wrapper\">\n<blockquote class=\"twitter-tweet\" data-width=\"550\" data-dnt=\"true\"><p lang=\"es\" dir=\"ltr\">En reuni\u00f3n de la Jucopo deliberamos sobre asuntos diversos, antes del inicio del periodo de sesiones. Tambi\u00e9n se entreg\u00f3 el informe del grupo que analiz\u00f3 abusos y violaciones al Estado de derecho en Veracruz. <br>El encuentro se llev\u00f3 a cabo con respeto a la pluralidad pol\u00edtica. <a href=\"https:\/\/t.co\/kjKdfySxOv\">pic.twitter.com\/kjKdfySxOv<\/a><\/p>&mdash; Ricardo Monreal A. (@RicardoMonrealA) <a href=\"https:\/\/twitter.com\/RicardoMonrealA\/status\/1486802751401172992?ref_src=twsrc%5Etfw\">January 27, 2022<\/a><\/blockquote><script async src=\"https:\/\/platform.twitter.com\/widgets.js\" charset=\"utf-8\"><\/script>\n<\/div><\/figure>\n\n\n\n<p>&#8220;Si Morena utiliza su mayor\u00eda para acallar las voces disidentes, para impedir que la justicia se haga valer, y proteger\u00e1 a un gobernador criminal, nosotros vamos a convocar a las ciudadanas y ciudadanos para impedir que en Veracruz siga prevaleciendo el abuso de poder y la impunidad&#8221;, declar\u00f3.<\/p>\n\n\n\n<p>Con informaci\u00f3n de SUN<\/p>\n","protected":false},"excerpt":{"rendered":"<p>Por Redacci\u00f3n QP Los casos de posibles violaciones a los derechos humanos ser\u00e1n turnados a&#8230;<\/p>\n","protected":false},"author":2,"featured_media":89087,"comment_status":"open","ping_status":"open","sticky":false,"template":"","format":"standard","meta":{"_monsterinsights_skip_tracking":false,"_monsterinsights_sitenote_active":false,"_monsterinsights_sitenote_note":"","_monsterinsights_sitenote_category":0,"footnotes":""},"categories":[2],"tags":[],"class_list":["post-89086","post","type-post","status-publish","format-standard","has-post-thumbnail","hentry","category-noticias"],"yoast_head":"<!-- This site is optimized with the Yoast SEO plugin v27.3 - https:\/\/yoast.com\/product\/yoast-seo-wordpress\/ -->\n<title>El Senado desaparece la Comisi\u00f3n Especial sobre Veracruz\u00a0 -<\/title>\n<meta name=\"robots\" content=\"index, follow, max-snippet:-1, max-image-preview:large, max-video-preview:-1\" \/>\n<link rel=\"canonical\" href=\"https:\/\/quehacerpolitico.mx\/?p=89086\" \/>\n<meta property=\"og:locale\" content=\"es_MX\" \/>\n<meta property=\"og:type\" content=\"article\" \/>\n<meta property=\"og:title\" content=\"El Senado desaparece la Comisi\u00f3n Especial sobre Veracruz\u00a0 -\" \/>\n<meta property=\"og:description\" content=\"Por Redacci\u00f3n QP Los casos de posibles violaciones a los derechos humanos ser\u00e1n turnados a...\" \/>\n<meta property=\"og:url\" content=\"https:\/\/quehacerpolitico.mx\/?p=89086\" \/>\n<meta property=\"article:published_time\" content=\"2022-01-28T04:14:34+00:00\" \/>\n<meta property=\"article:modified_time\" content=\"2022-01-28T04:14:36+00:00\" \/>\n<meta property=\"og:image\" content=\"https:\/\/quehacerpolitico.mx\/wp-content\/uploads\/2022\/01\/FED4F1BC-FC3B-4CF9-A729-7EC30744F51B.jpeg\" \/>\n\t<meta property=\"og:image:width\" content=\"1280\" \/>\n\t<meta property=\"og:image:height\" content=\"853\" \/>\n\t<meta property=\"og:image:type\" content=\"image\/jpeg\" \/>\n<meta name=\"author\" content=\"Redacci\u00f3n QP\" \/>\n<meta name=\"twitter:card\" content=\"summary_large_image\" \/>\n<meta name=\"twitter:label1\" content=\"Escrito por\" \/>\n\t<meta name=\"twitter:data1\" content=\"Redacci\u00f3n QP\" \/>\n\t<meta name=\"twitter:label2\" content=\"Tiempo de lectura\" \/>\n\t<meta name=\"twitter:data2\" content=\"2 minutos\" \/>\n<script type=\"application\/ld+json\" class=\"yoast-schema-graph\">{\"@context\":\"https:\\\/\\\/schema.org\",\"@graph\":[{\"@type\":\"Article\",\"@id\":\"https:\\\/\\\/quehacerpolitico.mx\\\/?p=89086#article\",\"isPartOf\":{\"@id\":\"https:\\\/\\\/quehacerpolitico.mx\\\/?p=89086\"},\"author\":{\"name\":\"Redacci\u00f3n QP\",\"@id\":\"https:\\\/\\\/quehacerpolitico.mx\\\/#\\\/schema\\\/person\\\/496d8ad2d1d3f8036101dca7ee39e585\"},\"headline\":\"El Senado desaparece la Comisi\u00f3n Especial sobre Veracruz\u00a0\",\"datePublished\":\"2022-01-28T04:14:34+00:00\",\"dateModified\":\"2022-01-28T04:14:36+00:00\",\"mainEntityOfPage\":{\"@id\":\"https:\\\/\\\/quehacerpolitico.mx\\\/?p=89086\"},\"wordCount\":380,\"commentCount\":0,\"image\":{\"@id\":\"https:\\\/\\\/quehacerpolitico.mx\\\/?p=89086#primaryimage\"},\"thumbnailUrl\":\"https:\\\/\\\/quehacerpolitico.mx\\\/wp-content\\\/uploads\\\/2022\\\/01\\\/FED4F1BC-FC3B-4CF9-A729-7EC30744F51B.jpeg\",\"articleSection\":[\"Noticias\"],\"inLanguage\":\"es\",\"potentialAction\":[{\"@type\":\"CommentAction\",\"name\":\"Comment\",\"target\":[\"https:\\\/\\\/quehacerpolitico.mx\\\/?p=89086#respond\"]}]},{\"@type\":\"WebPage\",\"@id\":\"https:\\\/\\\/quehacerpolitico.mx\\\/?p=89086\",\"url\":\"https:\\\/\\\/quehacerpolitico.mx\\\/?p=89086\",\"name\":\"El Senado desaparece la Comisi\u00f3n Especial sobre Veracruz\u00a0 -\",\"isPartOf\":{\"@id\":\"https:\\\/\\\/quehacerpolitico.mx\\\/#website\"},\"primaryImageOfPage\":{\"@id\":\"https:\\\/\\\/quehacerpolitico.mx\\\/?p=89086#primaryimage\"},\"image\":{\"@id\":\"https:\\\/\\\/quehacerpolitico.mx\\\/?p=89086#primaryimage\"},\"thumbnailUrl\":\"https:\\\/\\\/quehacerpolitico.mx\\\/wp-content\\\/uploads\\\/2022\\\/01\\\/FED4F1BC-FC3B-4CF9-A729-7EC30744F51B.jpeg\",\"datePublished\":\"2022-01-28T04:14:34+00:00\",\"dateModified\":\"2022-01-28T04:14:36+00:00\",\"author\":{\"@id\":\"https:\\\/\\\/quehacerpolitico.mx\\\/#\\\/schema\\\/person\\\/496d8ad2d1d3f8036101dca7ee39e585\"},\"breadcrumb\":{\"@id\":\"https:\\\/\\\/quehacerpolitico.mx\\\/?p=89086#breadcrumb\"},\"inLanguage\":\"es\",\"potentialAction\":[{\"@type\":\"ReadAction\",\"target\":[\"https:\\\/\\\/quehacerpolitico.mx\\\/?p=89086\"]}]},{\"@type\":\"ImageObject\",\"inLanguage\":\"es\",\"@id\":\"https:\\\/\\\/quehacerpolitico.mx\\\/?p=89086#primaryimage\",\"url\":\"https:\\\/\\\/quehacerpolitico.mx\\\/wp-content\\\/uploads\\\/2022\\\/01\\\/FED4F1BC-FC3B-4CF9-A729-7EC30744F51B.jpeg\",\"contentUrl\":\"https:\\\/\\\/quehacerpolitico.mx\\\/wp-content\\\/uploads\\\/2022\\\/01\\\/FED4F1BC-FC3B-4CF9-A729-7EC30744F51B.jpeg\",\"width\":1280,\"height\":853},{\"@type\":\"BreadcrumbList\",\"@id\":\"https:\\\/\\\/quehacerpolitico.mx\\\/?p=89086#breadcrumb\",\"itemListElement\":[{\"@type\":\"ListItem\",\"position\":1,\"name\":\"Inicio\",\"item\":\"https:\\\/\\\/quehacerpolitico.mx\\\/\"},{\"@type\":\"ListItem\",\"position\":2,\"name\":\"El Senado desaparece la Comisi\u00f3n Especial sobre Veracruz\u00a0\"}]},{\"@type\":\"WebSite\",\"@id\":\"https:\\\/\\\/quehacerpolitico.mx\\\/#website\",\"url\":\"https:\\\/\\\/quehacerpolitico.mx\\\/\",\"name\":\"\",\"description\":\"\",\"potentialAction\":[{\"@type\":\"SearchAction\",\"target\":{\"@type\":\"EntryPoint\",\"urlTemplate\":\"https:\\\/\\\/quehacerpolitico.mx\\\/?s={search_term_string}\"},\"query-input\":{\"@type\":\"PropertyValueSpecification\",\"valueRequired\":true,\"valueName\":\"search_term_string\"}}],\"inLanguage\":\"es\"},{\"@type\":\"Person\",\"@id\":\"https:\\\/\\\/quehacerpolitico.mx\\\/#\\\/schema\\\/person\\\/496d8ad2d1d3f8036101dca7ee39e585\",\"name\":\"Redacci\u00f3n QP\",\"image\":{\"@type\":\"ImageObject\",\"inLanguage\":\"es\",\"@id\":\"https:\\\/\\\/secure.gravatar.com\\\/avatar\\\/c7164ed6fdec453195284ad24a5ae5b6e1eed2b848477fa2a4787ba9adf39a41?s=96&d=mm&r=g\",\"url\":\"https:\\\/\\\/secure.gravatar.com\\\/avatar\\\/c7164ed6fdec453195284ad24a5ae5b6e1eed2b848477fa2a4787ba9adf39a41?s=96&d=mm&r=g\",\"contentUrl\":\"https:\\\/\\\/secure.gravatar.com\\\/avatar\\\/c7164ed6fdec453195284ad24a5ae5b6e1eed2b848477fa2a4787ba9adf39a41?s=96&d=mm&r=g\",\"caption\":\"Redacci\u00f3n QP\"},\"url\":\"https:\\\/\\\/quehacerpolitico.mx\\\/?author=2\"}]}<\/script>\n<!-- \/ Yoast SEO plugin. -->","yoast_head_json":{"title":"El Senado desaparece la Comisi\u00f3n Especial sobre Veracruz\u00a0 -","robots":{"index":"index","follow":"follow","max-snippet":"max-snippet:-1","max-image-preview":"max-image-preview:large","max-video-preview":"max-video-preview:-1"},"canonical":"https:\/\/quehacerpolitico.mx\/?p=89086","og_locale":"es_MX","og_type":"article","og_title":"El Senado desaparece la Comisi\u00f3n Especial sobre Veracruz\u00a0 -","og_description":"Por Redacci\u00f3n QP Los casos de posibles violaciones a los derechos humanos ser\u00e1n turnados a...","og_url":"https:\/\/quehacerpolitico.mx\/?p=89086","article_published_time":"2022-01-28T04:14:34+00:00","article_modified_time":"2022-01-28T04:14:36+00:00","og_image":[{"width":1280,"height":853,"url":"https:\/\/quehacerpolitico.mx\/wp-content\/uploads\/2022\/01\/FED4F1BC-FC3B-4CF9-A729-7EC30744F51B.jpeg","type":"image\/jpeg"}],"author":"Redacci\u00f3n QP","twitter_card":"summary_large_image","twitter_misc":{"Escrito por":"Redacci\u00f3n QP","Tiempo de lectura":"2 minutos"},"schema":{"@context":"https:\/\/schema.org","@graph":[{"@type":"Article","@id":"https:\/\/quehacerpolitico.mx\/?p=89086#article","isPartOf":{"@id":"https:\/\/quehacerpolitico.mx\/?p=89086"},"author":{"name":"Redacci\u00f3n QP","@id":"https:\/\/quehacerpolitico.mx\/#\/schema\/person\/496d8ad2d1d3f8036101dca7ee39e585"},"headline":"El Senado desaparece la Comisi\u00f3n Especial sobre Veracruz\u00a0","datePublished":"2022-01-28T04:14:34+00:00","dateModified":"2022-01-28T04:14:36+00:00","mainEntityOfPage":{"@id":"https:\/\/quehacerpolitico.mx\/?p=89086"},"wordCount":380,"commentCount":0,"image":{"@id":"https:\/\/quehacerpolitico.mx\/?p=89086#primaryimage"},"thumbnailUrl":"https:\/\/quehacerpolitico.mx\/wp-content\/uploads\/2022\/01\/FED4F1BC-FC3B-4CF9-A729-7EC30744F51B.jpeg","articleSection":["Noticias"],"inLanguage":"es","potentialAction":[{"@type":"CommentAction","name":"Comment","target":["https:\/\/quehacerpolitico.mx\/?p=89086#respond"]}]},{"@type":"WebPage","@id":"https:\/\/quehacerpolitico.mx\/?p=89086","url":"https:\/\/quehacerpolitico.mx\/?p=89086","name":"El Senado desaparece la Comisi\u00f3n Especial sobre Veracruz\u00a0 -","isPartOf":{"@id":"https:\/\/quehacerpolitico.mx\/#website"},"primaryImageOfPage":{"@id":"https:\/\/quehacerpolitico.mx\/?p=89086#primaryimage"},"image":{"@id":"https:\/\/quehacerpolitico.mx\/?p=89086#primaryimage"},"thumbnailUrl":"https:\/\/quehacerpolitico.mx\/wp-content\/uploads\/2022\/01\/FED4F1BC-FC3B-4CF9-A729-7EC30744F51B.jpeg","datePublished":"2022-01-28T04:14:34+00:00","dateModified":"2022-01-28T04:14:36+00:00","author":{"@id":"https:\/\/quehacerpolitico.mx\/#\/schema\/person\/496d8ad2d1d3f8036101dca7ee39e585"},"breadcrumb":{"@id":"https:\/\/quehacerpolitico.mx\/?p=89086#breadcrumb"},"inLanguage":"es","potentialAction":[{"@type":"ReadAction","target":["https:\/\/quehacerpolitico.mx\/?p=89086"]}]},{"@type":"ImageObject","inLanguage":"es","@id":"https:\/\/quehacerpolitico.mx\/?p=89086#primaryimage","url":"https:\/\/quehacerpolitico.mx\/wp-content\/uploads\/2022\/01\/FED4F1BC-FC3B-4CF9-A729-7EC30744F51B.jpeg","contentUrl":"https:\/\/quehacerpolitico.mx\/wp-content\/uploads\/2022\/01\/FED4F1BC-FC3B-4CF9-A729-7EC30744F51B.jpeg","width":1280,"height":853},{"@type":"BreadcrumbList","@id":"https:\/\/quehacerpolitico.mx\/?p=89086#breadcrumb","itemListElement":[{"@type":"ListItem","position":1,"name":"Inicio","item":"https:\/\/quehacerpolitico.mx\/"},{"@type":"ListItem","position":2,"name":"El Senado desaparece la Comisi\u00f3n Especial sobre Veracruz\u00a0"}]},{"@type":"WebSite","@id":"https:\/\/quehacerpolitico.mx\/#website","url":"https:\/\/quehacerpolitico.mx\/","name":"","description":"","potentialAction":[{"@type":"SearchAction","target":{"@type":"EntryPoint","urlTemplate":"https:\/\/quehacerpolitico.mx\/?s={search_term_string}"},"query-input":{"@type":"PropertyValueSpecification","valueRequired":true,"valueName":"search_term_string"}}],"inLanguage":"es"},{"@type":"Person","@id":"https:\/\/quehacerpolitico.mx\/#\/schema\/person\/496d8ad2d1d3f8036101dca7ee39e585","name":"Redacci\u00f3n QP","image":{"@type":"ImageObject","inLanguage":"es","@id":"https:\/\/secure.gravatar.com\/avatar\/c7164ed6fdec453195284ad24a5ae5b6e1eed2b848477fa2a4787ba9adf39a41?s=96&d=mm&r=g","url":"https:\/\/secure.gravatar.com\/avatar\/c7164ed6fdec453195284ad24a5ae5b6e1eed2b848477fa2a4787ba9adf39a41?s=96&d=mm&r=g","contentUrl":"https:\/\/secure.gravatar.com\/avatar\/c7164ed6fdec453195284ad24a5ae5b6e1eed2b848477fa2a4787ba9adf39a41?s=96&d=mm&r=g","caption":"Redacci\u00f3n QP"},"url":"https:\/\/quehacerpolitico.mx\/?author=2"}]}},"featured_image_urls":{"full":["https:\/\/quehacerpolitico.mx\/wp-content\/uploads\/2022\/01\/FED4F1BC-FC3B-4CF9-A729-7EC30744F51B.jpeg",1280,853,false],"thumbnail":["https:\/\/quehacerpolitico.mx\/wp-content\/uploads\/2022\/01\/FED4F1BC-FC3B-4CF9-A729-7EC30744F51B-150x150.jpeg",150,150,true],"medium":["https:\/\/quehacerpolitico.mx\/wp-content\/uploads\/2022\/01\/FED4F1BC-FC3B-4CF9-A729-7EC30744F51B-300x200.jpeg",300,200,true],"medium_large":["https:\/\/quehacerpolitico.mx\/wp-content\/uploads\/2022\/01\/FED4F1BC-FC3B-4CF9-A729-7EC30744F51B-768x512.jpeg",640,427,true],"large":["https:\/\/quehacerpolitico.mx\/wp-content\/uploads\/2022\/01\/FED4F1BC-FC3B-4CF9-A729-7EC30744F51B-1024x682.jpeg",640,426,true],"1536x1536":["https:\/\/quehacerpolitico.mx\/wp-content\/uploads\/2022\/01\/FED4F1BC-FC3B-4CF9-A729-7EC30744F51B.jpeg",1280,853,false],"2048x2048":["https:\/\/quehacerpolitico.mx\/wp-content\/uploads\/2022\/01\/FED4F1BC-FC3B-4CF9-A729-7EC30744F51B.jpeg",1280,853,false],"covernews-featured":["https:\/\/quehacerpolitico.mx\/wp-content\/uploads\/2022\/01\/FED4F1BC-FC3B-4CF9-A729-7EC30744F51B.jpeg",1024,682,false],"covernews-medium":["https:\/\/quehacerpolitico.mx\/wp-content\/uploads\/2022\/01\/FED4F1BC-FC3B-4CF9-A729-7EC30744F51B.jpeg",510,340,false]},"author_info":{"display_name":"Redacci\u00f3n QP","author_link":"https:\/\/quehacerpolitico.mx\/?author=2"},"category_info":"<a href=\"https:\/\/quehacerpolitico.mx\/?cat=2\" rel=\"category\">Noticias<\/a>","tag_info":"Noticias","comment_count":"0","_links":{"self":[{"href":"https:\/\/quehacerpolitico.mx\/index.php?rest_route=\/wp\/v2\/posts\/89086","targetHints":{"allow":["GET"]}}],"collection":[{"href":"https:\/\/quehacerpolitico.mx\/index.php?rest_route=\/wp\/v2\/posts"}],"about":[{"href":"https:\/\/quehacerpolitico.mx\/index.php?rest_route=\/wp\/v2\/types\/post"}],"author":[{"embeddable":true,"href":"https:\/\/quehacerpolitico.mx\/index.php?rest_route=\/wp\/v2\/users\/2"}],"replies":[{"embeddable":true,"href":"https:\/\/quehacerpolitico.mx\/index.php?rest_route=%2Fwp%2Fv2%2Fcomments&post=89086"}],"version-history":[{"count":1,"href":"https:\/\/quehacerpolitico.mx\/index.php?rest_route=\/wp\/v2\/posts\/89086\/revisions"}],"predecessor-version":[{"id":89088,"href":"https:\/\/quehacerpolitico.mx\/index.php?rest_route=\/wp\/v2\/posts\/89086\/revisions\/89088"}],"wp:featuredmedia":[{"embeddable":true,"href":"https:\/\/quehacerpolitico.mx\/index.php?rest_route=\/wp\/v2\/media\/89087"}],"wp:attachment":[{"href":"https:\/\/quehacerpolitico.mx\/index.php?rest_route=%2Fwp%2Fv2%2Fmedia&parent=89086"}],"wp:term":[{"taxonomy":"category","embeddable":true,"href":"https:\/\/quehacerpolitico.mx\/index.php?rest_route=%2Fwp%2Fv2%2Fcategories&post=89086"},{"taxonomy":"post_tag","embeddable":true,"href":"https:\/\/quehacerpolitico.mx\/index.php?rest_route=%2Fwp%2Fv2%2Ftags&post=89086"}],"curies":[{"name":"wp","href":"https:\/\/api.w.org\/{rel}","templated":true}]}}