{"id":89073,"date":"2022-01-27T20:01:57","date_gmt":"2022-01-27T20:01:57","guid":{"rendered":"https:\/\/quehacerpolitico.mx\/?p=89073"},"modified":"2022-01-27T20:02:02","modified_gmt":"2022-01-27T20:02:02","slug":"amlo-anuncia-a-nuria-fernandez-como-la-proxima-directora-del-dif","status":"publish","type":"post","link":"https:\/\/quehacerpolitico.mx\/?p=89073","title":{"rendered":"AMLO anuncia a Nuria Fern\u00e1ndez como la pr\u00f3xima directora del DIF\u00a0"},"content":{"rendered":"\n<p>Por Redacci\u00f3n QP<\/p>\n\n\n\n<p>L\u00f3pez Obrador instruye\u00a0a Fern\u00e1ndez que, una vez que tome posesi\u00f3n de cargo, haga una revisi\u00f3n de c\u00f3mo est\u00e1n los albergues de ni\u00f1as y ni\u00f1os en el pa\u00eds<\/p>\n\n\n\n<p>El Presidente\u00a0Andres Manuel Lopez Obrador (AMLO) inform\u00f3 que la activista social\u00a0<strong>Nuria Fern\u00e1ndez ser\u00e1 la nueva directora del Sistema Nacional para el Desarrollo Integral de la Familia (DIF)<\/strong>.<\/p>\n\n\n\n<figure class=\"wp-block-embed is-type-video is-provider-youtube wp-block-embed-youtube wp-embed-aspect-16-9 wp-has-aspect-ratio\"><div class=\"wp-block-embed__wrapper\">\n<iframe loading=\"lazy\" title=\"Nuria Fern\u00e1ndez ser\u00e1 la pr\u00f3xima directora del DIF Nacional, anuncia AMLO\" width=\"640\" height=\"360\" src=\"https:\/\/www.youtube.com\/embed\/28jt6NK7wcY?feature=oembed\" frameborder=\"0\" allow=\"accelerometer; autoplay; clipboard-write; encrypted-media; gyroscope; picture-in-picture; web-share\" referrerpolicy=\"strict-origin-when-cross-origin\" allowfullscreen><\/iframe>\n<\/div><\/figure>\n\n\n\n<p>En su\u00a0conferencia de prensa \u201dma\u00f1anera\u201d en Palacio Nacional, AMLO record\u00f3 que Fern\u00e1ndez acude a las conferencias de prensa matutinas -como integrante del colectivo &#8220;La karakola&#8221;- y es una compa\u00f1era con mucha sensibilidad social y puro coraz\u00f3n.<\/p>\n\n\n\n<p>\u201cHa venido aqu\u00ed tambi\u00e9n, ha actuado como periodista, ella va a ser la pr\u00f3xima directora del DIF, Nuria Fern\u00e1ndez,\u00a0<strong>la estamos promoviendo porque es puro coraz\u00f3n, buena, de buenos sentimientos y honesta y de convicciones\u201d<\/strong>.<\/p>\n\n\n\n<p>El Presidente&nbsp;<strong>L\u00f3pez Obrador instruy\u00f3 a Fern\u00e1ndez que, una vez que tome posesi\u00f3n de cargo, haga una revisi\u00f3n de c\u00f3mo est\u00e1n los albergues de ni\u00f1as y ni\u00f1os en el pa\u00eds<\/strong>.<\/p>\n\n\n\n<p>Se\u00f1al\u00f3 que est\u00e1 pendiente de darse a conocer un plan de atenci\u00f3n para ni\u00f1as y ni\u00f1os en situaci\u00f3n de calle y que sigan las adopciones de ni\u00f1os y ni\u00f1as procurando que se garantice que tengan un hogar donde los quieran mucho.<\/p>\n\n\n\n<p>Con informaci\u00f3n de SUN<\/p>\n","protected":false},"excerpt":{"rendered":"<p>Por Redacci\u00f3n QP L\u00f3pez Obrador instruye\u00a0a Fern\u00e1ndez que, una vez que tome posesi\u00f3n de cargo,&#8230;<\/p>\n","protected":false},"author":2,"featured_media":89074,"comment_status":"open","ping_status":"open","sticky":false,"template":"","format":"standard","meta":{"_monsterinsights_skip_tracking":false,"_monsterinsights_sitenote_active":false,"_monsterinsights_sitenote_note":"","_monsterinsights_sitenote_category":0,"footnotes":""},"categories":[2],"tags":[],"class_list":["post-89073","post","type-post","status-publish","format-standard","has-post-thumbnail","hentry","category-noticias"],"yoast_head":"<!-- This site is optimized with the Yoast SEO plugin v27.3 - https:\/\/yoast.com\/product\/yoast-seo-wordpress\/ -->\n<title>AMLO anuncia a Nuria Fern\u00e1ndez como la pr\u00f3xima directora del DIF\u00a0 -<\/title>\n<meta name=\"robots\" content=\"index, follow, max-snippet:-1, max-image-preview:large, max-video-preview:-1\" \/>\n<link rel=\"canonical\" href=\"https:\/\/quehacerpolitico.mx\/?p=89073\" \/>\n<meta property=\"og:locale\" content=\"es_MX\" \/>\n<meta property=\"og:type\" content=\"article\" \/>\n<meta property=\"og:title\" content=\"AMLO anuncia a Nuria Fern\u00e1ndez como la pr\u00f3xima directora del DIF\u00a0 -\" \/>\n<meta property=\"og:description\" content=\"Por Redacci\u00f3n QP L\u00f3pez Obrador instruye\u00a0a Fern\u00e1ndez que, una vez que tome posesi\u00f3n de cargo,...\" \/>\n<meta property=\"og:url\" content=\"https:\/\/quehacerpolitico.mx\/?p=89073\" \/>\n<meta property=\"article:published_time\" content=\"2022-01-27T20:01:57+00:00\" \/>\n<meta property=\"article:modified_time\" content=\"2022-01-27T20:02:02+00:00\" \/>\n<meta property=\"og:image\" content=\"https:\/\/quehacerpolitico.mx\/wp-content\/uploads\/2022\/01\/BEFD010A-76DC-4D97-92C0-3961428EC338.jpeg\" \/>\n\t<meta property=\"og:image:width\" content=\"501\" \/>\n\t<meta property=\"og:image:height\" content=\"415\" \/>\n\t<meta property=\"og:image:type\" content=\"image\/jpeg\" \/>\n<meta name=\"author\" content=\"Redacci\u00f3n QP\" \/>\n<meta name=\"twitter:card\" content=\"summary_large_image\" \/>\n<meta name=\"twitter:label1\" content=\"Escrito por\" \/>\n\t<meta name=\"twitter:data1\" content=\"Redacci\u00f3n QP\" \/>\n\t<meta name=\"twitter:label2\" content=\"Tiempo de lectura\" \/>\n\t<meta name=\"twitter:data2\" content=\"1 minuto\" \/>\n<script type=\"application\/ld+json\" class=\"yoast-schema-graph\">{\"@context\":\"https:\\\/\\\/schema.org\",\"@graph\":[{\"@type\":\"Article\",\"@id\":\"https:\\\/\\\/quehacerpolitico.mx\\\/?p=89073#article\",\"isPartOf\":{\"@id\":\"https:\\\/\\\/quehacerpolitico.mx\\\/?p=89073\"},\"author\":{\"name\":\"Redacci\u00f3n QP\",\"@id\":\"https:\\\/\\\/quehacerpolitico.mx\\\/#\\\/schema\\\/person\\\/496d8ad2d1d3f8036101dca7ee39e585\"},\"headline\":\"AMLO anuncia a Nuria Fern\u00e1ndez como la pr\u00f3xima directora del DIF\u00a0\",\"datePublished\":\"2022-01-27T20:01:57+00:00\",\"dateModified\":\"2022-01-27T20:02:02+00:00\",\"mainEntityOfPage\":{\"@id\":\"https:\\\/\\\/quehacerpolitico.mx\\\/?p=89073\"},\"wordCount\":264,\"commentCount\":0,\"image\":{\"@id\":\"https:\\\/\\\/quehacerpolitico.mx\\\/?p=89073#primaryimage\"},\"thumbnailUrl\":\"https:\\\/\\\/quehacerpolitico.mx\\\/wp-content\\\/uploads\\\/2022\\\/01\\\/BEFD010A-76DC-4D97-92C0-3961428EC338.jpeg\",\"articleSection\":[\"Noticias\"],\"inLanguage\":\"es\",\"potentialAction\":[{\"@type\":\"CommentAction\",\"name\":\"Comment\",\"target\":[\"https:\\\/\\\/quehacerpolitico.mx\\\/?p=89073#respond\"]}]},{\"@type\":\"WebPage\",\"@id\":\"https:\\\/\\\/quehacerpolitico.mx\\\/?p=89073\",\"url\":\"https:\\\/\\\/quehacerpolitico.mx\\\/?p=89073\",\"name\":\"AMLO anuncia a Nuria Fern\u00e1ndez como la pr\u00f3xima directora del DIF\u00a0 -\",\"isPartOf\":{\"@id\":\"https:\\\/\\\/quehacerpolitico.mx\\\/#website\"},\"primaryImageOfPage\":{\"@id\":\"https:\\\/\\\/quehacerpolitico.mx\\\/?p=89073#primaryimage\"},\"image\":{\"@id\":\"https:\\\/\\\/quehacerpolitico.mx\\\/?p=89073#primaryimage\"},\"thumbnailUrl\":\"https:\\\/\\\/quehacerpolitico.mx\\\/wp-content\\\/uploads\\\/2022\\\/01\\\/BEFD010A-76DC-4D97-92C0-3961428EC338.jpeg\",\"datePublished\":\"2022-01-27T20:01:57+00:00\",\"dateModified\":\"2022-01-27T20:02:02+00:00\",\"author\":{\"@id\":\"https:\\\/\\\/quehacerpolitico.mx\\\/#\\\/schema\\\/person\\\/496d8ad2d1d3f8036101dca7ee39e585\"},\"breadcrumb\":{\"@id\":\"https:\\\/\\\/quehacerpolitico.mx\\\/?p=89073#breadcrumb\"},\"inLanguage\":\"es\",\"potentialAction\":[{\"@type\":\"ReadAction\",\"target\":[\"https:\\\/\\\/quehacerpolitico.mx\\\/?p=89073\"]}]},{\"@type\":\"ImageObject\",\"inLanguage\":\"es\",\"@id\":\"https:\\\/\\\/quehacerpolitico.mx\\\/?p=89073#primaryimage\",\"url\":\"https:\\\/\\\/quehacerpolitico.mx\\\/wp-content\\\/uploads\\\/2022\\\/01\\\/BEFD010A-76DC-4D97-92C0-3961428EC338.jpeg\",\"contentUrl\":\"https:\\\/\\\/quehacerpolitico.mx\\\/wp-content\\\/uploads\\\/2022\\\/01\\\/BEFD010A-76DC-4D97-92C0-3961428EC338.jpeg\",\"width\":501,\"height\":415},{\"@type\":\"BreadcrumbList\",\"@id\":\"https:\\\/\\\/quehacerpolitico.mx\\\/?p=89073#breadcrumb\",\"itemListElement\":[{\"@type\":\"ListItem\",\"position\":1,\"name\":\"Inicio\",\"item\":\"https:\\\/\\\/quehacerpolitico.mx\\\/\"},{\"@type\":\"ListItem\",\"position\":2,\"name\":\"AMLO anuncia a Nuria Fern\u00e1ndez como la pr\u00f3xima directora del DIF\u00a0\"}]},{\"@type\":\"WebSite\",\"@id\":\"https:\\\/\\\/quehacerpolitico.mx\\\/#website\",\"url\":\"https:\\\/\\\/quehacerpolitico.mx\\\/\",\"name\":\"\",\"description\":\"\",\"potentialAction\":[{\"@type\":\"SearchAction\",\"target\":{\"@type\":\"EntryPoint\",\"urlTemplate\":\"https:\\\/\\\/quehacerpolitico.mx\\\/?s={search_term_string}\"},\"query-input\":{\"@type\":\"PropertyValueSpecification\",\"valueRequired\":true,\"valueName\":\"search_term_string\"}}],\"inLanguage\":\"es\"},{\"@type\":\"Person\",\"@id\":\"https:\\\/\\\/quehacerpolitico.mx\\\/#\\\/schema\\\/person\\\/496d8ad2d1d3f8036101dca7ee39e585\",\"name\":\"Redacci\u00f3n QP\",\"image\":{\"@type\":\"ImageObject\",\"inLanguage\":\"es\",\"@id\":\"https:\\\/\\\/secure.gravatar.com\\\/avatar\\\/c7164ed6fdec453195284ad24a5ae5b6e1eed2b848477fa2a4787ba9adf39a41?s=96&d=mm&r=g\",\"url\":\"https:\\\/\\\/secure.gravatar.com\\\/avatar\\\/c7164ed6fdec453195284ad24a5ae5b6e1eed2b848477fa2a4787ba9adf39a41?s=96&d=mm&r=g\",\"contentUrl\":\"https:\\\/\\\/secure.gravatar.com\\\/avatar\\\/c7164ed6fdec453195284ad24a5ae5b6e1eed2b848477fa2a4787ba9adf39a41?s=96&d=mm&r=g\",\"caption\":\"Redacci\u00f3n QP\"},\"url\":\"https:\\\/\\\/quehacerpolitico.mx\\\/?author=2\"}]}<\/script>\n<!-- \/ Yoast SEO plugin. -->","yoast_head_json":{"title":"AMLO anuncia a Nuria Fern\u00e1ndez como la pr\u00f3xima directora del DIF\u00a0 -","robots":{"index":"index","follow":"follow","max-snippet":"max-snippet:-1","max-image-preview":"max-image-preview:large","max-video-preview":"max-video-preview:-1"},"canonical":"https:\/\/quehacerpolitico.mx\/?p=89073","og_locale":"es_MX","og_type":"article","og_title":"AMLO anuncia a Nuria Fern\u00e1ndez como la pr\u00f3xima directora del DIF\u00a0 -","og_description":"Por Redacci\u00f3n QP L\u00f3pez Obrador instruye\u00a0a Fern\u00e1ndez que, una vez que tome posesi\u00f3n de cargo,...","og_url":"https:\/\/quehacerpolitico.mx\/?p=89073","article_published_time":"2022-01-27T20:01:57+00:00","article_modified_time":"2022-01-27T20:02:02+00:00","og_image":[{"width":501,"height":415,"url":"https:\/\/quehacerpolitico.mx\/wp-content\/uploads\/2022\/01\/BEFD010A-76DC-4D97-92C0-3961428EC338.jpeg","type":"image\/jpeg"}],"author":"Redacci\u00f3n QP","twitter_card":"summary_large_image","twitter_misc":{"Escrito por":"Redacci\u00f3n QP","Tiempo de lectura":"1 minuto"},"schema":{"@context":"https:\/\/schema.org","@graph":[{"@type":"Article","@id":"https:\/\/quehacerpolitico.mx\/?p=89073#article","isPartOf":{"@id":"https:\/\/quehacerpolitico.mx\/?p=89073"},"author":{"name":"Redacci\u00f3n QP","@id":"https:\/\/quehacerpolitico.mx\/#\/schema\/person\/496d8ad2d1d3f8036101dca7ee39e585"},"headline":"AMLO anuncia a Nuria Fern\u00e1ndez como la pr\u00f3xima directora del DIF\u00a0","datePublished":"2022-01-27T20:01:57+00:00","dateModified":"2022-01-27T20:02:02+00:00","mainEntityOfPage":{"@id":"https:\/\/quehacerpolitico.mx\/?p=89073"},"wordCount":264,"commentCount":0,"image":{"@id":"https:\/\/quehacerpolitico.mx\/?p=89073#primaryimage"},"thumbnailUrl":"https:\/\/quehacerpolitico.mx\/wp-content\/uploads\/2022\/01\/BEFD010A-76DC-4D97-92C0-3961428EC338.jpeg","articleSection":["Noticias"],"inLanguage":"es","potentialAction":[{"@type":"CommentAction","name":"Comment","target":["https:\/\/quehacerpolitico.mx\/?p=89073#respond"]}]},{"@type":"WebPage","@id":"https:\/\/quehacerpolitico.mx\/?p=89073","url":"https:\/\/quehacerpolitico.mx\/?p=89073","name":"AMLO anuncia a Nuria Fern\u00e1ndez como la pr\u00f3xima directora del DIF\u00a0 -","isPartOf":{"@id":"https:\/\/quehacerpolitico.mx\/#website"},"primaryImageOfPage":{"@id":"https:\/\/quehacerpolitico.mx\/?p=89073#primaryimage"},"image":{"@id":"https:\/\/quehacerpolitico.mx\/?p=89073#primaryimage"},"thumbnailUrl":"https:\/\/quehacerpolitico.mx\/wp-content\/uploads\/2022\/01\/BEFD010A-76DC-4D97-92C0-3961428EC338.jpeg","datePublished":"2022-01-27T20:01:57+00:00","dateModified":"2022-01-27T20:02:02+00:00","author":{"@id":"https:\/\/quehacerpolitico.mx\/#\/schema\/person\/496d8ad2d1d3f8036101dca7ee39e585"},"breadcrumb":{"@id":"https:\/\/quehacerpolitico.mx\/?p=89073#breadcrumb"},"inLanguage":"es","potentialAction":[{"@type":"ReadAction","target":["https:\/\/quehacerpolitico.mx\/?p=89073"]}]},{"@type":"ImageObject","inLanguage":"es","@id":"https:\/\/quehacerpolitico.mx\/?p=89073#primaryimage","url":"https:\/\/quehacerpolitico.mx\/wp-content\/uploads\/2022\/01\/BEFD010A-76DC-4D97-92C0-3961428EC338.jpeg","contentUrl":"https:\/\/quehacerpolitico.mx\/wp-content\/uploads\/2022\/01\/BEFD010A-76DC-4D97-92C0-3961428EC338.jpeg","width":501,"height":415},{"@type":"BreadcrumbList","@id":"https:\/\/quehacerpolitico.mx\/?p=89073#breadcrumb","itemListElement":[{"@type":"ListItem","position":1,"name":"Inicio","item":"https:\/\/quehacerpolitico.mx\/"},{"@type":"ListItem","position":2,"name":"AMLO anuncia a Nuria Fern\u00e1ndez como la pr\u00f3xima directora del DIF\u00a0"}]},{"@type":"WebSite","@id":"https:\/\/quehacerpolitico.mx\/#website","url":"https:\/\/quehacerpolitico.mx\/","name":"","description":"","potentialAction":[{"@type":"SearchAction","target":{"@type":"EntryPoint","urlTemplate":"https:\/\/quehacerpolitico.mx\/?s={search_term_string}"},"query-input":{"@type":"PropertyValueSpecification","valueRequired":true,"valueName":"search_term_string"}}],"inLanguage":"es"},{"@type":"Person","@id":"https:\/\/quehacerpolitico.mx\/#\/schema\/person\/496d8ad2d1d3f8036101dca7ee39e585","name":"Redacci\u00f3n QP","image":{"@type":"ImageObject","inLanguage":"es","@id":"https:\/\/secure.gravatar.com\/avatar\/c7164ed6fdec453195284ad24a5ae5b6e1eed2b848477fa2a4787ba9adf39a41?s=96&d=mm&r=g","url":"https:\/\/secure.gravatar.com\/avatar\/c7164ed6fdec453195284ad24a5ae5b6e1eed2b848477fa2a4787ba9adf39a41?s=96&d=mm&r=g","contentUrl":"https:\/\/secure.gravatar.com\/avatar\/c7164ed6fdec453195284ad24a5ae5b6e1eed2b848477fa2a4787ba9adf39a41?s=96&d=mm&r=g","caption":"Redacci\u00f3n QP"},"url":"https:\/\/quehacerpolitico.mx\/?author=2"}]}},"featured_image_urls":{"full":["https:\/\/quehacerpolitico.mx\/wp-content\/uploads\/2022\/01\/BEFD010A-76DC-4D97-92C0-3961428EC338.jpeg",501,415,false],"thumbnail":["https:\/\/quehacerpolitico.mx\/wp-content\/uploads\/2022\/01\/BEFD010A-76DC-4D97-92C0-3961428EC338-150x150.jpeg",150,150,true],"medium":["https:\/\/quehacerpolitico.mx\/wp-content\/uploads\/2022\/01\/BEFD010A-76DC-4D97-92C0-3961428EC338-300x249.jpeg",300,249,true],"medium_large":["https:\/\/quehacerpolitico.mx\/wp-content\/uploads\/2022\/01\/BEFD010A-76DC-4D97-92C0-3961428EC338.jpeg",501,415,false],"large":["https:\/\/quehacerpolitico.mx\/wp-content\/uploads\/2022\/01\/BEFD010A-76DC-4D97-92C0-3961428EC338.jpeg",501,415,false],"1536x1536":["https:\/\/quehacerpolitico.mx\/wp-content\/uploads\/2022\/01\/BEFD010A-76DC-4D97-92C0-3961428EC338.jpeg",501,415,false],"2048x2048":["https:\/\/quehacerpolitico.mx\/wp-content\/uploads\/2022\/01\/BEFD010A-76DC-4D97-92C0-3961428EC338.jpeg",501,415,false],"covernews-featured":["https:\/\/quehacerpolitico.mx\/wp-content\/uploads\/2022\/01\/BEFD010A-76DC-4D97-92C0-3961428EC338.jpeg",501,415,false],"covernews-medium":["https:\/\/quehacerpolitico.mx\/wp-content\/uploads\/2022\/01\/BEFD010A-76DC-4D97-92C0-3961428EC338.jpeg",410,340,false]},"author_info":{"display_name":"Redacci\u00f3n QP","author_link":"https:\/\/quehacerpolitico.mx\/?author=2"},"category_info":"<a href=\"https:\/\/quehacerpolitico.mx\/?cat=2\" rel=\"category\">Noticias<\/a>","tag_info":"Noticias","comment_count":"0","_links":{"self":[{"href":"https:\/\/quehacerpolitico.mx\/index.php?rest_route=\/wp\/v2\/posts\/89073","targetHints":{"allow":["GET"]}}],"collection":[{"href":"https:\/\/quehacerpolitico.mx\/index.php?rest_route=\/wp\/v2\/posts"}],"about":[{"href":"https:\/\/quehacerpolitico.mx\/index.php?rest_route=\/wp\/v2\/types\/post"}],"author":[{"embeddable":true,"href":"https:\/\/quehacerpolitico.mx\/index.php?rest_route=\/wp\/v2\/users\/2"}],"replies":[{"embeddable":true,"href":"https:\/\/quehacerpolitico.mx\/index.php?rest_route=%2Fwp%2Fv2%2Fcomments&post=89073"}],"version-history":[{"count":1,"href":"https:\/\/quehacerpolitico.mx\/index.php?rest_route=\/wp\/v2\/posts\/89073\/revisions"}],"predecessor-version":[{"id":89075,"href":"https:\/\/quehacerpolitico.mx\/index.php?rest_route=\/wp\/v2\/posts\/89073\/revisions\/89075"}],"wp:featuredmedia":[{"embeddable":true,"href":"https:\/\/quehacerpolitico.mx\/index.php?rest_route=\/wp\/v2\/media\/89074"}],"wp:attachment":[{"href":"https:\/\/quehacerpolitico.mx\/index.php?rest_route=%2Fwp%2Fv2%2Fmedia&parent=89073"}],"wp:term":[{"taxonomy":"category","embeddable":true,"href":"https:\/\/quehacerpolitico.mx\/index.php?rest_route=%2Fwp%2Fv2%2Fcategories&post=89073"},{"taxonomy":"post_tag","embeddable":true,"href":"https:\/\/quehacerpolitico.mx\/index.php?rest_route=%2Fwp%2Fv2%2Ftags&post=89073"}],"curies":[{"name":"wp","href":"https:\/\/api.w.org\/{rel}","templated":true}]}}