{"id":89070,"date":"2022-01-27T19:46:52","date_gmt":"2022-01-27T19:46:52","guid":{"rendered":"https:\/\/quehacerpolitico.mx\/?p=89070"},"modified":"2022-01-27T19:46:55","modified_gmt":"2022-01-27T19:46:55","slug":"amlo-anuncia-revision-a-mecanismos-de-proteccion-a-periodistas","status":"publish","type":"post","link":"https:\/\/quehacerpolitico.mx\/?p=89070","title":{"rendered":"AMLO anuncia revisi\u00f3n a mecanismos de protecci\u00f3n a periodistas\u00a0"},"content":{"rendered":"\n<p>Por Redacci\u00f3n QP<\/p>\n\n\n\n<p>L\u00f3pez Obrador agreg\u00f3 que buscar\u00e1 un acuerdo con los gobiernos estatales para profundizar en &#8220;este tema tan importante&#8221;<\/p>\n\n\n\n<p>A casi una semana de que asesinaran a la periodista, Lourdes Maldonado L\u00f3pez en Tijuana, el Presidente de M\u00e9xico, Andr\u00e9s Manuel L\u00f3pez Obrador (AMLO) anunci\u00f3 que iniciar\u00e1n con un proceso de revisi\u00f3n de los mecanismos para la protecci\u00f3n de periodistas y activistas.&nbsp;<\/p>\n\n\n\n<p><strong>&#8220;Hay un proceso de revisi\u00f3n de estos mecanismos para la protecci\u00f3n de periodistas y luchadores sociales&#8221;,<\/strong>\u00a0afirm\u00f3 AMLO durante su \u201cma\u00f1anera\u201d desde Palacio Nacional.<\/p>\n\n\n\n<figure class=\"wp-block-embed is-type-rich is-provider-twitter wp-block-embed-twitter\"><div class=\"wp-block-embed__wrapper\">\n<blockquote class=\"twitter-tweet\" data-width=\"550\" data-dnt=\"true\"><p lang=\"es\" dir=\"ltr\">Los MECANISMOS DE PROTECCI\u00d3N a periodistas en los estados ser\u00e1n revisados.<br><br>Luego del asesinato s\u00f3lo en este mes de tres periodistas y el intento de homicidio de otro colega ayer en Oaxaca, <a href=\"https:\/\/twitter.com\/lopezobrador_?ref_src=twsrc%5Etfw\">@lopezobrador_<\/a> respondi\u00f3 que se est\u00e1 trabajando en ajustes a esas medidas de protecci\u00f3n. <a href=\"https:\/\/t.co\/5B0rWgrCB9\">pic.twitter.com\/5B0rWgrCB9<\/a><\/p>&mdash; Ruido en la Red (@RuidoEnLaRed) <a href=\"https:\/\/twitter.com\/RuidoEnLaRed\/status\/1486748155379073024?ref_src=twsrc%5Etfw\">January 27, 2022<\/a><\/blockquote><script async src=\"https:\/\/platform.twitter.com\/widgets.js\" charset=\"utf-8\"><\/script>\n<\/div><\/figure>\n\n\n\n<p>Adem\u00e1s, AMLO agreg\u00f3 que buscar\u00e1 un acuerdo con los gobiernos estatales para profundizar en &#8220;este tema tan importante&#8221;; resalt\u00f3 que gracias a este mecanismo el mi\u00e9rcoles &#8220;se evit\u00f3 el asesinato de un periodista en Oaxaca y estamos trabajando en eso&#8221;.<\/p>\n\n\n\n<p>El Presidente de M\u00e9xico se refiri\u00f3 al caso del periodista y director del portal de noticias &#8220;Pluma Digital&#8221;, Jos\u00e9 Ignacio Santiago Mart\u00ednez, quien sufri\u00f3 el mi\u00e9rcoles un atentado del que sali\u00f3 ileso.&nbsp;<\/p>\n\n\n\n<p>AMLO asegur\u00f3 que se mejorar\u00e1 &#8220;todo lo que es la protecci\u00f3n a periodistas&#8221; y<strong>\u00a0que el encargado del tema es el subsecretario de derechos humanos, Alejandro Encinas<\/strong>.<\/p>\n\n\n\n<p>La Secretar\u00eda de Gobernaci\u00f3n de M\u00e9xico inform\u00f3 el mi\u00e9rcoles que al menos 495 periodistas (155 mujeres y 360 hombres) est\u00e1n actualmente bajo el Mecanismo de Protecci\u00f3n para Personas Defensoras de Derechos Humanos y Periodistas.&nbsp;&nbsp;<\/p>\n\n\n\n<p>Seg\u00fan la organizaci\u00f3n Reporteros Sin Fronteras (RSF), al menos siete periodistas fueron asesinados en M\u00e9xico en 2021, lo que le convierte &#8220;en el m\u00e1s mort\u00edfero del mundo para la prensa&#8221;.&nbsp;<\/p>\n\n\n\n<p>M\u00e9xico ocupa el puesto 143 de 180 pa\u00edses en la Clasificaci\u00f3n Mundial de la Libertad de Prensa 2021 de RSF.<\/p>\n\n\n\n<p>Con informaci\u00f3n de EFE<\/p>\n","protected":false},"excerpt":{"rendered":"<p>Por Redacci\u00f3n QP L\u00f3pez Obrador agreg\u00f3 que buscar\u00e1 un acuerdo con los gobiernos estatales para&#8230;<\/p>\n","protected":false},"author":2,"featured_media":89071,"comment_status":"open","ping_status":"open","sticky":false,"template":"","format":"standard","meta":{"_monsterinsights_skip_tracking":false,"_monsterinsights_sitenote_active":false,"_monsterinsights_sitenote_note":"","_monsterinsights_sitenote_category":0,"footnotes":""},"categories":[2],"tags":[],"class_list":["post-89070","post","type-post","status-publish","format-standard","has-post-thumbnail","hentry","category-noticias"],"yoast_head":"<!-- This site is optimized with the Yoast SEO plugin v27.3 - https:\/\/yoast.com\/product\/yoast-seo-wordpress\/ -->\n<title>AMLO anuncia revisi\u00f3n a mecanismos de protecci\u00f3n a periodistas\u00a0 -<\/title>\n<meta name=\"robots\" content=\"index, follow, max-snippet:-1, max-image-preview:large, max-video-preview:-1\" \/>\n<link rel=\"canonical\" href=\"https:\/\/quehacerpolitico.mx\/?p=89070\" \/>\n<meta property=\"og:locale\" content=\"es_MX\" \/>\n<meta property=\"og:type\" content=\"article\" \/>\n<meta property=\"og:title\" content=\"AMLO anuncia revisi\u00f3n a mecanismos de protecci\u00f3n a periodistas\u00a0 -\" \/>\n<meta property=\"og:description\" content=\"Por Redacci\u00f3n QP L\u00f3pez Obrador agreg\u00f3 que buscar\u00e1 un acuerdo con los gobiernos estatales para...\" \/>\n<meta property=\"og:url\" content=\"https:\/\/quehacerpolitico.mx\/?p=89070\" \/>\n<meta property=\"article:published_time\" content=\"2022-01-27T19:46:52+00:00\" \/>\n<meta property=\"article:modified_time\" content=\"2022-01-27T19:46:55+00:00\" \/>\n<meta property=\"og:image\" content=\"https:\/\/quehacerpolitico.mx\/wp-content\/uploads\/2022\/01\/5A7EE14E-FB3A-45AD-BBF4-9603A594CB94.jpeg\" \/>\n\t<meta property=\"og:image:width\" content=\"1284\" \/>\n\t<meta property=\"og:image:height\" content=\"698\" \/>\n\t<meta property=\"og:image:type\" content=\"image\/jpeg\" \/>\n<meta name=\"author\" content=\"Redacci\u00f3n QP\" \/>\n<meta name=\"twitter:card\" content=\"summary_large_image\" \/>\n<meta name=\"twitter:label1\" content=\"Escrito por\" \/>\n\t<meta name=\"twitter:data1\" content=\"Redacci\u00f3n QP\" \/>\n\t<meta name=\"twitter:label2\" content=\"Tiempo de lectura\" \/>\n\t<meta name=\"twitter:data2\" content=\"2 minutos\" \/>\n<script type=\"application\/ld+json\" class=\"yoast-schema-graph\">{\"@context\":\"https:\\\/\\\/schema.org\",\"@graph\":[{\"@type\":\"Article\",\"@id\":\"https:\\\/\\\/quehacerpolitico.mx\\\/?p=89070#article\",\"isPartOf\":{\"@id\":\"https:\\\/\\\/quehacerpolitico.mx\\\/?p=89070\"},\"author\":{\"name\":\"Redacci\u00f3n QP\",\"@id\":\"https:\\\/\\\/quehacerpolitico.mx\\\/#\\\/schema\\\/person\\\/496d8ad2d1d3f8036101dca7ee39e585\"},\"headline\":\"AMLO anuncia revisi\u00f3n a mecanismos de protecci\u00f3n a periodistas\u00a0\",\"datePublished\":\"2022-01-27T19:46:52+00:00\",\"dateModified\":\"2022-01-27T19:46:55+00:00\",\"mainEntityOfPage\":{\"@id\":\"https:\\\/\\\/quehacerpolitico.mx\\\/?p=89070\"},\"wordCount\":322,\"commentCount\":0,\"image\":{\"@id\":\"https:\\\/\\\/quehacerpolitico.mx\\\/?p=89070#primaryimage\"},\"thumbnailUrl\":\"https:\\\/\\\/quehacerpolitico.mx\\\/wp-content\\\/uploads\\\/2022\\\/01\\\/5A7EE14E-FB3A-45AD-BBF4-9603A594CB94.jpeg\",\"articleSection\":[\"Noticias\"],\"inLanguage\":\"es\",\"potentialAction\":[{\"@type\":\"CommentAction\",\"name\":\"Comment\",\"target\":[\"https:\\\/\\\/quehacerpolitico.mx\\\/?p=89070#respond\"]}]},{\"@type\":\"WebPage\",\"@id\":\"https:\\\/\\\/quehacerpolitico.mx\\\/?p=89070\",\"url\":\"https:\\\/\\\/quehacerpolitico.mx\\\/?p=89070\",\"name\":\"AMLO anuncia revisi\u00f3n a mecanismos de protecci\u00f3n a periodistas\u00a0 -\",\"isPartOf\":{\"@id\":\"https:\\\/\\\/quehacerpolitico.mx\\\/#website\"},\"primaryImageOfPage\":{\"@id\":\"https:\\\/\\\/quehacerpolitico.mx\\\/?p=89070#primaryimage\"},\"image\":{\"@id\":\"https:\\\/\\\/quehacerpolitico.mx\\\/?p=89070#primaryimage\"},\"thumbnailUrl\":\"https:\\\/\\\/quehacerpolitico.mx\\\/wp-content\\\/uploads\\\/2022\\\/01\\\/5A7EE14E-FB3A-45AD-BBF4-9603A594CB94.jpeg\",\"datePublished\":\"2022-01-27T19:46:52+00:00\",\"dateModified\":\"2022-01-27T19:46:55+00:00\",\"author\":{\"@id\":\"https:\\\/\\\/quehacerpolitico.mx\\\/#\\\/schema\\\/person\\\/496d8ad2d1d3f8036101dca7ee39e585\"},\"breadcrumb\":{\"@id\":\"https:\\\/\\\/quehacerpolitico.mx\\\/?p=89070#breadcrumb\"},\"inLanguage\":\"es\",\"potentialAction\":[{\"@type\":\"ReadAction\",\"target\":[\"https:\\\/\\\/quehacerpolitico.mx\\\/?p=89070\"]}]},{\"@type\":\"ImageObject\",\"inLanguage\":\"es\",\"@id\":\"https:\\\/\\\/quehacerpolitico.mx\\\/?p=89070#primaryimage\",\"url\":\"https:\\\/\\\/quehacerpolitico.mx\\\/wp-content\\\/uploads\\\/2022\\\/01\\\/5A7EE14E-FB3A-45AD-BBF4-9603A594CB94.jpeg\",\"contentUrl\":\"https:\\\/\\\/quehacerpolitico.mx\\\/wp-content\\\/uploads\\\/2022\\\/01\\\/5A7EE14E-FB3A-45AD-BBF4-9603A594CB94.jpeg\",\"width\":1284,\"height\":698},{\"@type\":\"BreadcrumbList\",\"@id\":\"https:\\\/\\\/quehacerpolitico.mx\\\/?p=89070#breadcrumb\",\"itemListElement\":[{\"@type\":\"ListItem\",\"position\":1,\"name\":\"Inicio\",\"item\":\"https:\\\/\\\/quehacerpolitico.mx\\\/\"},{\"@type\":\"ListItem\",\"position\":2,\"name\":\"AMLO anuncia revisi\u00f3n a mecanismos de protecci\u00f3n a periodistas\u00a0\"}]},{\"@type\":\"WebSite\",\"@id\":\"https:\\\/\\\/quehacerpolitico.mx\\\/#website\",\"url\":\"https:\\\/\\\/quehacerpolitico.mx\\\/\",\"name\":\"\",\"description\":\"\",\"potentialAction\":[{\"@type\":\"SearchAction\",\"target\":{\"@type\":\"EntryPoint\",\"urlTemplate\":\"https:\\\/\\\/quehacerpolitico.mx\\\/?s={search_term_string}\"},\"query-input\":{\"@type\":\"PropertyValueSpecification\",\"valueRequired\":true,\"valueName\":\"search_term_string\"}}],\"inLanguage\":\"es\"},{\"@type\":\"Person\",\"@id\":\"https:\\\/\\\/quehacerpolitico.mx\\\/#\\\/schema\\\/person\\\/496d8ad2d1d3f8036101dca7ee39e585\",\"name\":\"Redacci\u00f3n QP\",\"image\":{\"@type\":\"ImageObject\",\"inLanguage\":\"es\",\"@id\":\"https:\\\/\\\/secure.gravatar.com\\\/avatar\\\/c7164ed6fdec453195284ad24a5ae5b6e1eed2b848477fa2a4787ba9adf39a41?s=96&d=mm&r=g\",\"url\":\"https:\\\/\\\/secure.gravatar.com\\\/avatar\\\/c7164ed6fdec453195284ad24a5ae5b6e1eed2b848477fa2a4787ba9adf39a41?s=96&d=mm&r=g\",\"contentUrl\":\"https:\\\/\\\/secure.gravatar.com\\\/avatar\\\/c7164ed6fdec453195284ad24a5ae5b6e1eed2b848477fa2a4787ba9adf39a41?s=96&d=mm&r=g\",\"caption\":\"Redacci\u00f3n QP\"},\"url\":\"https:\\\/\\\/quehacerpolitico.mx\\\/?author=2\"}]}<\/script>\n<!-- \/ Yoast SEO plugin. -->","yoast_head_json":{"title":"AMLO anuncia revisi\u00f3n a mecanismos de protecci\u00f3n a periodistas\u00a0 -","robots":{"index":"index","follow":"follow","max-snippet":"max-snippet:-1","max-image-preview":"max-image-preview:large","max-video-preview":"max-video-preview:-1"},"canonical":"https:\/\/quehacerpolitico.mx\/?p=89070","og_locale":"es_MX","og_type":"article","og_title":"AMLO anuncia revisi\u00f3n a mecanismos de protecci\u00f3n a periodistas\u00a0 -","og_description":"Por Redacci\u00f3n QP L\u00f3pez Obrador agreg\u00f3 que buscar\u00e1 un acuerdo con los gobiernos estatales para...","og_url":"https:\/\/quehacerpolitico.mx\/?p=89070","article_published_time":"2022-01-27T19:46:52+00:00","article_modified_time":"2022-01-27T19:46:55+00:00","og_image":[{"width":1284,"height":698,"url":"https:\/\/quehacerpolitico.mx\/wp-content\/uploads\/2022\/01\/5A7EE14E-FB3A-45AD-BBF4-9603A594CB94.jpeg","type":"image\/jpeg"}],"author":"Redacci\u00f3n QP","twitter_card":"summary_large_image","twitter_misc":{"Escrito por":"Redacci\u00f3n QP","Tiempo de lectura":"2 minutos"},"schema":{"@context":"https:\/\/schema.org","@graph":[{"@type":"Article","@id":"https:\/\/quehacerpolitico.mx\/?p=89070#article","isPartOf":{"@id":"https:\/\/quehacerpolitico.mx\/?p=89070"},"author":{"name":"Redacci\u00f3n QP","@id":"https:\/\/quehacerpolitico.mx\/#\/schema\/person\/496d8ad2d1d3f8036101dca7ee39e585"},"headline":"AMLO anuncia revisi\u00f3n a mecanismos de protecci\u00f3n a periodistas\u00a0","datePublished":"2022-01-27T19:46:52+00:00","dateModified":"2022-01-27T19:46:55+00:00","mainEntityOfPage":{"@id":"https:\/\/quehacerpolitico.mx\/?p=89070"},"wordCount":322,"commentCount":0,"image":{"@id":"https:\/\/quehacerpolitico.mx\/?p=89070#primaryimage"},"thumbnailUrl":"https:\/\/quehacerpolitico.mx\/wp-content\/uploads\/2022\/01\/5A7EE14E-FB3A-45AD-BBF4-9603A594CB94.jpeg","articleSection":["Noticias"],"inLanguage":"es","potentialAction":[{"@type":"CommentAction","name":"Comment","target":["https:\/\/quehacerpolitico.mx\/?p=89070#respond"]}]},{"@type":"WebPage","@id":"https:\/\/quehacerpolitico.mx\/?p=89070","url":"https:\/\/quehacerpolitico.mx\/?p=89070","name":"AMLO anuncia revisi\u00f3n a mecanismos de protecci\u00f3n a periodistas\u00a0 -","isPartOf":{"@id":"https:\/\/quehacerpolitico.mx\/#website"},"primaryImageOfPage":{"@id":"https:\/\/quehacerpolitico.mx\/?p=89070#primaryimage"},"image":{"@id":"https:\/\/quehacerpolitico.mx\/?p=89070#primaryimage"},"thumbnailUrl":"https:\/\/quehacerpolitico.mx\/wp-content\/uploads\/2022\/01\/5A7EE14E-FB3A-45AD-BBF4-9603A594CB94.jpeg","datePublished":"2022-01-27T19:46:52+00:00","dateModified":"2022-01-27T19:46:55+00:00","author":{"@id":"https:\/\/quehacerpolitico.mx\/#\/schema\/person\/496d8ad2d1d3f8036101dca7ee39e585"},"breadcrumb":{"@id":"https:\/\/quehacerpolitico.mx\/?p=89070#breadcrumb"},"inLanguage":"es","potentialAction":[{"@type":"ReadAction","target":["https:\/\/quehacerpolitico.mx\/?p=89070"]}]},{"@type":"ImageObject","inLanguage":"es","@id":"https:\/\/quehacerpolitico.mx\/?p=89070#primaryimage","url":"https:\/\/quehacerpolitico.mx\/wp-content\/uploads\/2022\/01\/5A7EE14E-FB3A-45AD-BBF4-9603A594CB94.jpeg","contentUrl":"https:\/\/quehacerpolitico.mx\/wp-content\/uploads\/2022\/01\/5A7EE14E-FB3A-45AD-BBF4-9603A594CB94.jpeg","width":1284,"height":698},{"@type":"BreadcrumbList","@id":"https:\/\/quehacerpolitico.mx\/?p=89070#breadcrumb","itemListElement":[{"@type":"ListItem","position":1,"name":"Inicio","item":"https:\/\/quehacerpolitico.mx\/"},{"@type":"ListItem","position":2,"name":"AMLO anuncia revisi\u00f3n a mecanismos de protecci\u00f3n a periodistas\u00a0"}]},{"@type":"WebSite","@id":"https:\/\/quehacerpolitico.mx\/#website","url":"https:\/\/quehacerpolitico.mx\/","name":"","description":"","potentialAction":[{"@type":"SearchAction","target":{"@type":"EntryPoint","urlTemplate":"https:\/\/quehacerpolitico.mx\/?s={search_term_string}"},"query-input":{"@type":"PropertyValueSpecification","valueRequired":true,"valueName":"search_term_string"}}],"inLanguage":"es"},{"@type":"Person","@id":"https:\/\/quehacerpolitico.mx\/#\/schema\/person\/496d8ad2d1d3f8036101dca7ee39e585","name":"Redacci\u00f3n QP","image":{"@type":"ImageObject","inLanguage":"es","@id":"https:\/\/secure.gravatar.com\/avatar\/c7164ed6fdec453195284ad24a5ae5b6e1eed2b848477fa2a4787ba9adf39a41?s=96&d=mm&r=g","url":"https:\/\/secure.gravatar.com\/avatar\/c7164ed6fdec453195284ad24a5ae5b6e1eed2b848477fa2a4787ba9adf39a41?s=96&d=mm&r=g","contentUrl":"https:\/\/secure.gravatar.com\/avatar\/c7164ed6fdec453195284ad24a5ae5b6e1eed2b848477fa2a4787ba9adf39a41?s=96&d=mm&r=g","caption":"Redacci\u00f3n QP"},"url":"https:\/\/quehacerpolitico.mx\/?author=2"}]}},"featured_image_urls":{"full":["https:\/\/quehacerpolitico.mx\/wp-content\/uploads\/2022\/01\/5A7EE14E-FB3A-45AD-BBF4-9603A594CB94.jpeg",1284,698,false],"thumbnail":["https:\/\/quehacerpolitico.mx\/wp-content\/uploads\/2022\/01\/5A7EE14E-FB3A-45AD-BBF4-9603A594CB94-150x150.jpeg",150,150,true],"medium":["https:\/\/quehacerpolitico.mx\/wp-content\/uploads\/2022\/01\/5A7EE14E-FB3A-45AD-BBF4-9603A594CB94-300x163.jpeg",300,163,true],"medium_large":["https:\/\/quehacerpolitico.mx\/wp-content\/uploads\/2022\/01\/5A7EE14E-FB3A-45AD-BBF4-9603A594CB94-768x417.jpeg",640,348,true],"large":["https:\/\/quehacerpolitico.mx\/wp-content\/uploads\/2022\/01\/5A7EE14E-FB3A-45AD-BBF4-9603A594CB94-1024x557.jpeg",640,348,true],"1536x1536":["https:\/\/quehacerpolitico.mx\/wp-content\/uploads\/2022\/01\/5A7EE14E-FB3A-45AD-BBF4-9603A594CB94.jpeg",1284,698,false],"2048x2048":["https:\/\/quehacerpolitico.mx\/wp-content\/uploads\/2022\/01\/5A7EE14E-FB3A-45AD-BBF4-9603A594CB94.jpeg",1284,698,false],"covernews-featured":["https:\/\/quehacerpolitico.mx\/wp-content\/uploads\/2022\/01\/5A7EE14E-FB3A-45AD-BBF4-9603A594CB94.jpeg",1024,557,false],"covernews-medium":["https:\/\/quehacerpolitico.mx\/wp-content\/uploads\/2022\/01\/5A7EE14E-FB3A-45AD-BBF4-9603A594CB94.jpeg",540,294,false]},"author_info":{"display_name":"Redacci\u00f3n QP","author_link":"https:\/\/quehacerpolitico.mx\/?author=2"},"category_info":"<a href=\"https:\/\/quehacerpolitico.mx\/?cat=2\" rel=\"category\">Noticias<\/a>","tag_info":"Noticias","comment_count":"0","_links":{"self":[{"href":"https:\/\/quehacerpolitico.mx\/index.php?rest_route=\/wp\/v2\/posts\/89070","targetHints":{"allow":["GET"]}}],"collection":[{"href":"https:\/\/quehacerpolitico.mx\/index.php?rest_route=\/wp\/v2\/posts"}],"about":[{"href":"https:\/\/quehacerpolitico.mx\/index.php?rest_route=\/wp\/v2\/types\/post"}],"author":[{"embeddable":true,"href":"https:\/\/quehacerpolitico.mx\/index.php?rest_route=\/wp\/v2\/users\/2"}],"replies":[{"embeddable":true,"href":"https:\/\/quehacerpolitico.mx\/index.php?rest_route=%2Fwp%2Fv2%2Fcomments&post=89070"}],"version-history":[{"count":1,"href":"https:\/\/quehacerpolitico.mx\/index.php?rest_route=\/wp\/v2\/posts\/89070\/revisions"}],"predecessor-version":[{"id":89072,"href":"https:\/\/quehacerpolitico.mx\/index.php?rest_route=\/wp\/v2\/posts\/89070\/revisions\/89072"}],"wp:featuredmedia":[{"embeddable":true,"href":"https:\/\/quehacerpolitico.mx\/index.php?rest_route=\/wp\/v2\/media\/89071"}],"wp:attachment":[{"href":"https:\/\/quehacerpolitico.mx\/index.php?rest_route=%2Fwp%2Fv2%2Fmedia&parent=89070"}],"wp:term":[{"taxonomy":"category","embeddable":true,"href":"https:\/\/quehacerpolitico.mx\/index.php?rest_route=%2Fwp%2Fv2%2Fcategories&post=89070"},{"taxonomy":"post_tag","embeddable":true,"href":"https:\/\/quehacerpolitico.mx\/index.php?rest_route=%2Fwp%2Fv2%2Ftags&post=89070"}],"curies":[{"name":"wp","href":"https:\/\/api.w.org\/{rel}","templated":true}]}}